{"id":57578,"date":"2023-10-17T08:53:14","date_gmt":"2023-10-17T11:53:14","guid":{"rendered":"https:\/\/www.tvnovelas.com.br\/tvnews\/?p=57578"},"modified":"2023-10-17T08:53:14","modified_gmt":"2023-10-17T11:53:14","slug":"fuzue-maria-navalha-pede-para-lampiao-dizer-que-e-o-pai-de-luna","status":"publish","type":"post","link":"https:\/\/www.tvnovelas.com.br\/tvnews\/fuzue-maria-navalha-pede-para-lampiao-dizer-que-e-o-pai-de-luna\/","title":{"rendered":"Fuzu\u00ea: Maria Navalha pede para Lampi\u00e3o dizer que \u00e9 o pai de Luna"},"content":{"rendered":"<p><em>Em Fuzu\u00ea: Maria Navalha pede&#8230;<\/em><br \/>\n<img data-recalc-dims=\"1\" decoding=\"async\" class=\"alignnone wp-image-57579 size-full\" title=\"(Foto: TV Globo\/Fuzu\u00ea)\" src=\"https:\/\/i0.wp.com\/www.tvnovelas.com.br\/tvnews\/wp-content\/uploads\/2023\/10\/38941.jpg?resize=728%2C410&#038;ssl=1\" alt=\"Foto em Fuzu\u00ea: Maria Navalha pede....\" width=\"728\" height=\"410\" srcset=\"https:\/\/i0.wp.com\/www.tvnovelas.com.br\/tvnews\/wp-content\/uploads\/2023\/10\/38941.jpg?w=728&amp;ssl=1 728w, https:\/\/i0.wp.com\/www.tvnovelas.com.br\/tvnews\/wp-content\/uploads\/2023\/10\/38941.jpg?resize=678%2C381&amp;ssl=1 678w\" sizes=\"(max-width: 728px) 100vw, 728px\" \/><br \/>\nEm fuzu\u00ea, Maria Navalha (Ol\u00edvia Ara\u00fajo) n\u00e3o quer que Luna (Giovana Cordeiro) descubra que \u00e9 filha de C\u00e9sar Montebello (Leopoldo Pacheco) em Fuzu\u00ea. E, no desespero, vai pedir uma ajuda inusitada para Lampi\u00e3o (Ary Fontoura). A artista ent\u00e3o vai implorar para o amigo dizer que \u00e9 o pai de Luna. Vem saber mais!<\/p>\n<p>\u201cMinha filha n\u00e3o merece saber que o pai \u00e9 um criminoso. E como ela sempre teve em voc\u00ea uma refer\u00eancia paterna&#8230;\u201d, diz ela.<\/p>\n<p>\u201cMaria, apesar da nossa vontade, n\u00e3o podemos mudar a realidade!\u201d, afirma ele.<\/p>\n<p>\u201cMinha filha n\u00e3o merece passar por tanta decep\u00e7\u00e3o. Primeiro um pai que nunca existiu e que agora resolve surgir como um fantasma pra trazer sofrimento, vergonha, m\u00e1goa! Eu sei que essa revela\u00e7\u00e3o s\u00f3 vai trazer problema\u201d, insiste ela.<\/p>\n<p>Apesar da emo\u00e7\u00e3o de Maria Navalha, Lampi\u00e3o vai se negar a mentir para Luna.<\/p>\n<p>\u201cVoc\u00ea sabe que sempre pode contar comigo, mas eu jamais me sentiria no direito de enganar a Luna desse jeito. Antes fosse verdade, antes eu fosse o verdadeiro pai da sua filha.\u201d<\/p>\n<p>Maria Navalha vai ficar chateada com o amigo que sempre a ajudou.<\/p>\n<p>\u201cVoc\u00ea diz que continua meu amigo, mas desde que eu voltei, est\u00e1 dif\u00edcil contar com voc\u00ea\u201d, lamenta ela.<\/p>\n<p>\u201cSer amigo n\u00e3o significa compactuar com tudo, principalmente com as coisas erradas\u201d, reage ele.<br \/>\n<a href=\"https:\/\/www.tvnovelas.com.br\/novelas\/resumos-de-fuzue\/\" target=\"_blank\" rel=\"noopener\">Confira os resumos da semana de &#8216;Fuzu\u00ea&#8217;<\/a><br \/>\n<strong style=\"font-size: 120%;\">\u00daltimas not\u00edcias de Fuzu\u00ea:<\/strong><br \/>\n<div class=\"pt-cv-wrapper\"><div class=\"pt-cv-view pt-cv-grid pt-cv-colsys\" id=\"pt-cv-view-f2001fcqsk\"><div data-id=\"pt-cv-page-1\" class=\"pt-cv-page\" data-cvc=\"1\"><div class=\"col-md-12 col-sm-12 col-xs-12 pt-cv-content-item pt-cv-1-col\" ><div class='pt-cv-ifield'><h4 class=\"pt-cv-title\"><a href=\"https:\/\/www.tvnovelas.com.br\/tvnews\/fuzue-cesar-e-preciosa-planejam-novo-roubo-do-tesouro-da-dama-de-ouro\/\" class=\"_blank\" target=\"_blank\" >Fuzu\u00ea: C\u00e9sar e Preciosa planejam novo roubo do tesouro da Dama de Ouro<\/a><\/h4><\/div><\/div>\n<div class=\"col-md-12 col-sm-12 col-xs-12 pt-cv-content-item pt-cv-1-col\" ><div class='pt-cv-ifield'><h4 class=\"pt-cv-title\"><a href=\"https:\/\/www.tvnovelas.com.br\/tvnews\/fuzue-julgado-merreca-pega-6-anos-no-art-121\/\" class=\"_blank\" target=\"_blank\" >Fuzu\u00ea: julgado, Merreca pega 6 anos no art. 121<\/a><\/h4><\/div><\/div>\n<div class=\"col-md-12 col-sm-12 col-xs-12 pt-cv-content-item pt-cv-1-col\" ><div class='pt-cv-ifield'><h4 class=\"pt-cv-title\"><a href=\"https:\/\/www.tvnovelas.com.br\/tvnews\/fuzue-luna-compra-a-conde-de-montebello-e-planeja-torna-la-filial-da-fuzue\/\" class=\"_blank\" target=\"_blank\" >Fuzu\u00ea: Luna compra a Conde de Montebello e planeja torn\u00e1-la filial da Fuzu\u00ea<\/a><\/h4><\/div><\/div>\n<div class=\"col-md-12 col-sm-12 col-xs-12 pt-cv-content-item pt-cv-1-col\" ><div class='pt-cv-ifield'><h4 class=\"pt-cv-title\"><a href=\"https:\/\/www.tvnovelas.com.br\/tvnews\/fuzue-heitor-manda-preciosa-escolher-entre-ele-e-cesar-montebello\/\" class=\"_blank\" target=\"_blank\" >Fuzu\u00ea: Heitor manda Preciosa escolher entre ele e C\u00e9sar Montebello<\/a><\/h4><\/div><\/div>\n<div class=\"col-md-12 col-sm-12 col-xs-12 pt-cv-content-item pt-cv-1-col\" ><div class='pt-cv-ifield'><h4 class=\"pt-cv-title\"><a href=\"https:\/\/www.tvnovelas.com.br\/tvnews\/fuzue-luna-compra-o-apartamento-de-bebel\/\" class=\"_blank\" target=\"_blank\" >Fuzu\u00ea: Luna compra o apartamento de Bebel<\/a><\/h4><\/div><\/div>\n<div class=\"col-md-12 col-sm-12 col-xs-12 pt-cv-content-item pt-cv-1-col\" ><div class='pt-cv-ifield'><h4 class=\"pt-cv-title\"><a href=\"https:\/\/www.tvnovelas.com.br\/tvnews\/fuzue-cesar-arma-e-nero-e-acusado-de-sonegar-impostos\/\" class=\"_blank\" target=\"_blank\" >Fuzu\u00ea: C\u00e9sar arma, e Nero \u00e9 acusado de sonegar impostos<\/a><\/h4><\/div><\/div><\/div><\/div><\/div><br \/>\n<strong style=\"font-size: 120%;\">\u00daltimas not\u00edcias deste site:<\/strong><br \/>\n<div class=\"pt-cv-wrapper\"><div class=\"pt-cv-view pt-cv-grid pt-cv-colsys\" id=\"pt-cv-view-90991035b3\"><div data-id=\"pt-cv-page-1\" class=\"pt-cv-page\" data-cvc=\"1\"><div class=\"col-md-12 col-sm-12 col-xs-12 pt-cv-content-item pt-cv-1-col\" ><div class='pt-cv-ifield'><h4 class=\"pt-cv-title\"><a href=\"https:\/\/www.tvnovelas.com.br\/tvnews\/guerra-das-rosas-cihan-vibra-com-desistencia-de-gulru-de-casar-com-mert\/\" class=\"_self\" target=\"_self\" >Guerra das Rosas: Cihan vibra com desist\u00eancia de Gulru de casar com Mert<\/a><\/h4><\/div><\/div>\n<div class=\"col-md-12 col-sm-12 col-xs-12 pt-cv-content-item pt-cv-1-col\" ><div class='pt-cv-ifield'><h4 class=\"pt-cv-title\"><a href=\"https:\/\/www.tvnovelas.com.br\/tvnews\/coracao-de-mae-irmak-denuncia-adnan\/\" class=\"_self\" target=\"_self\" >Cora\u00e7\u00e3o de M\u00e3e: Irmak denuncia Adnan<\/a><\/h4><\/div><\/div>\n<div class=\"col-md-12 col-sm-12 col-xs-12 pt-cv-content-item pt-cv-1-col\" ><div class='pt-cv-ifield'><h4 class=\"pt-cv-title\"><a href=\"https:\/\/www.tvnovelas.com.br\/tvnews\/a-nobreza-do-amor-mirinho-e-obrigado-a-resgatar-tonho\/\" class=\"_self\" target=\"_self\" >A Nobreza do Amor: Mirinho \u00e9 obrigado a resgatar Tonho<\/a><\/h4><\/div><\/div>\n<div class=\"col-md-12 col-sm-12 col-xs-12 pt-cv-content-item pt-cv-1-col\" ><div class='pt-cv-ifield'><h4 class=\"pt-cv-title\"><a href=\"https:\/\/www.tvnovelas.com.br\/tvnews\/tres-gracas-paulinho-e-afastado-da-policia-por-causa-de-gerluce\/\" class=\"_self\" target=\"_self\" >Tr\u00eas Gra\u00e7as: Paulinho \u00e9 afastado da pol\u00edcia por causa de Gerluce<\/a><\/h4><\/div><\/div>\n<div class=\"col-md-12 col-sm-12 col-xs-12 pt-cv-content-item pt-cv-1-col\" ><div class='pt-cv-ifield'><h4 class=\"pt-cv-title\"><a href=\"https:\/\/www.tvnovelas.com.br\/tvnews\/coracao-de-mae-irmak-inicia-jogo-arriscado-contra-adnan\/\" class=\"_self\" target=\"_self\" >Cora\u00e7\u00e3o de M\u00e3e: Irmak inicia jogo arriscado contra Adnan<\/a><\/h4><\/div><\/div>\n<div class=\"col-md-12 col-sm-12 col-xs-12 pt-cv-content-item pt-cv-1-col\" ><div class='pt-cv-ifield'><h4 class=\"pt-cv-title\"><a href=\"https:\/\/www.tvnovelas.com.br\/tvnews\/guerra-das-rosas-omer-chama-gulru-vestida-de-noiva-para-fugir\/\" class=\"_self\" target=\"_self\" >Guerra das Rosas: Omer chama Gulru vestida de noiva para fugir<\/a><\/h4><\/div><\/div>\n<div class=\"col-md-12 col-sm-12 col-xs-12 pt-cv-content-item pt-cv-1-col\" ><div class='pt-cv-ifield'><h4 class=\"pt-cv-title\"><a href=\"https:\/\/www.tvnovelas.com.br\/tvnews\/coracao-de-mae-reha-sai-para-jantar-com-selvi\/\" class=\"_self\" target=\"_self\" >Cora\u00e7\u00e3o de M\u00e3e: Reha sai para jantar com Selvi<\/a><\/h4><\/div><\/div>\n<div class=\"col-md-12 col-sm-12 col-xs-12 pt-cv-content-item pt-cv-1-col\" ><div class='pt-cv-ifield'><h4 class=\"pt-cv-title\"><a href=\"https:\/\/www.tvnovelas.com.br\/tvnews\/coracao-acelerado-zila-se-preocupa-com-sua-situacao-apos-separacao\/\" class=\"_self\" target=\"_self\" >Cora\u00e7\u00e3o Acelerado: Zil\u00e1 se preocupa com sua situa\u00e7\u00e3o ap\u00f3s separa\u00e7\u00e3o<\/a><\/h4><\/div><\/div>\n<div class=\"col-md-12 col-sm-12 col-xs-12 pt-cv-content-item pt-cv-1-col\" ><div class='pt-cv-ifield'><h4 class=\"pt-cv-title\"><a href=\"https:\/\/www.tvnovelas.com.br\/tvnews\/a-nobreza-do-amor-tonho-nao-se-curva-diante-de-mirinho\/\" class=\"_self\" target=\"_self\" >A Nobreza do Amor: Tonho n\u00e3o se curva diante de Mirinho<\/a><\/h4><\/div><\/div>\n<div class=\"col-md-12 col-sm-12 col-xs-12 pt-cv-content-item pt-cv-1-col\" ><div class='pt-cv-ifield'><h4 class=\"pt-cv-title\"><a href=\"https:\/\/www.tvnovelas.com.br\/tvnews\/tres-gracas-arminda-surta-ao-confirmar-que-ferette-e-pai-de-raul\/\" class=\"_self\" target=\"_self\" >Tr\u00eas Gra\u00e7as:  Arminda surta ao confirmar que Ferette \u00e9 pai de Raul<\/a><\/h4><\/div><\/div><\/div><\/div><\/div><br \/>\n<a href=\"https:\/\/www.tvnovelas.com.br\/novelas\/\"><strong>Confira os resumos da semana de todas novelas<\/strong><\/a><\/p>\n<h3>Confira tamb\u00e9m<\/h3>\n<p><a href=\"https:\/\/www.tvnovelas.com.br\/filmes\/\" target=\"_blank\" rel=\"noopener noreferrer\"><strong>Programa\u00e7\u00e3o de filmes na TV aberta<\/strong><\/a><br \/>\n<a href=\"https:\/\/caetenews.com.br\/semana\/filmes-da-globo-na-sessao-da-tarde-desta-semana\/\" target=\"_blank\" rel=\"noopener\"><strong>Confira os filmes da semana na Sess\u00e3o da Tarde<\/strong><\/a><br \/>\n<a href=\"https:\/\/www.tvnovelas.com.br\/novelas\/\" target=\"_blank\" rel=\"noopener noreferrer\"><strong>Resumos de novelas<\/strong><\/a><\/p>\n","protected":false},"excerpt":{"rendered":"<p>Em fuzu\u00ea, Maria Navalha (Ol\u00edvia Ara\u00fajo) n\u00e3o quer que Luna (Giovana Cordeiro) descubra que \u00e9 filha de C\u00e9sar Montebello (Leopoldo Pacheco) em Fuzu\u00ea&#8230;<\/p>\n","protected":false},"author":1,"featured_media":57579,"comment_status":"closed","ping_status":"closed","sticky":false,"template":"","format":"standard","meta":{"_uf_show_specific_survey":0,"_uf_disable_surveys":false,"_jetpack_memberships_contains_paid_content":false,"footnotes":"","_wp_rev_ctl_limit":""},"categories":[396],"tags":[399,5,64],"class_list":["post-57578","post","type-post","status-publish","format-standard","has-post-thumbnail","hentry","category-fuzue","tag-fuzue","tag-globo","tag-novelas","wpcat-396-id"],"aioseo_notices":[],"jetpack_featured_media_url":"https:\/\/i0.wp.com\/www.tvnovelas.com.br\/tvnews\/wp-content\/uploads\/2023\/10\/38941.jpg?fit=728%2C410&ssl=1","jetpack_shortlink":"https:\/\/wp.me\/pdP2BO-eYG","jetpack_sharing_enabled":true,"_links":{"self":[{"href":"https:\/\/www.tvnovelas.com.br\/tvnews\/wp-json\/wp\/v2\/posts\/57578","targetHints":{"allow":["GET"]}}],"collection":[{"href":"https:\/\/www.tvnovelas.com.br\/tvnews\/wp-json\/wp\/v2\/posts"}],"about":[{"href":"https:\/\/www.tvnovelas.com.br\/tvnews\/wp-json\/wp\/v2\/types\/post"}],"author":[{"embeddable":true,"href":"https:\/\/www.tvnovelas.com.br\/tvnews\/wp-json\/wp\/v2\/users\/1"}],"replies":[{"embeddable":true,"href":"https:\/\/www.tvnovelas.com.br\/tvnews\/wp-json\/wp\/v2\/comments?post=57578"}],"version-history":[{"count":1,"href":"https:\/\/www.tvnovelas.com.br\/tvnews\/wp-json\/wp\/v2\/posts\/57578\/revisions"}],"predecessor-version":[{"id":57580,"href":"https:\/\/www.tvnovelas.com.br\/tvnews\/wp-json\/wp\/v2\/posts\/57578\/revisions\/57580"}],"wp:featuredmedia":[{"embeddable":true,"href":"https:\/\/www.tvnovelas.com.br\/tvnews\/wp-json\/wp\/v2\/media\/57579"}],"wp:attachment":[{"href":"https:\/\/www.tvnovelas.com.br\/tvnews\/wp-json\/wp\/v2\/media?parent=57578"}],"wp:term":[{"taxonomy":"category","embeddable":true,"href":"https:\/\/www.tvnovelas.com.br\/tvnews\/wp-json\/wp\/v2\/categories?post=57578"},{"taxonomy":"post_tag","embeddable":true,"href":"https:\/\/www.tvnovelas.com.br\/tvnews\/wp-json\/wp\/v2\/tags?post=57578"}],"curies":[{"name":"wp","href":"https:\/\/api.w.org\/{rel}","templated":true}]}}