{"id":57588,"date":"2023-10-17T09:41:20","date_gmt":"2023-10-17T12:41:20","guid":{"rendered":"https:\/\/www.tvnovelas.com.br\/tvnews\/?p=57588"},"modified":"2023-10-17T09:41:20","modified_gmt":"2023-10-17T12:41:20","slug":"todas-as-flores-rafael-descobre-segredo-de-vanessa","status":"publish","type":"post","link":"https:\/\/www.tvnovelas.com.br\/tvnews\/todas-as-flores-rafael-descobre-segredo-de-vanessa\/","title":{"rendered":"Todas as Flores: Rafael descobre segredo de Vanessa"},"content":{"rendered":"<p><em>Em Todas as Flores: Rafael descobre&#8230;<\/em><br \/>\n<img data-recalc-dims=\"1\" decoding=\"async\" class=\"alignnone wp-image-57589 size-full\" title=\"(Foto: TV Globo\/Todas as Flores)\" src=\"https:\/\/i0.wp.com\/www.tvnovelas.com.br\/tvnews\/wp-content\/uploads\/2023\/10\/38943.jpg?resize=728%2C410&#038;ssl=1\" alt=\"Foto em Todas as Flores: Rafael descobre...\" width=\"728\" height=\"410\" srcset=\"https:\/\/i0.wp.com\/www.tvnovelas.com.br\/tvnews\/wp-content\/uploads\/2023\/10\/38943.jpg?w=728&amp;ssl=1 728w, https:\/\/i0.wp.com\/www.tvnovelas.com.br\/tvnews\/wp-content\/uploads\/2023\/10\/38943.jpg?resize=678%2C381&amp;ssl=1 678w\" sizes=\"(max-width: 728px) 100vw, 728px\" \/><br \/>\nEm Todas as Flores, Rafael (Humberto Carr\u00e3o) est\u00e1 empenhado em descobrir os podres de Zo\u00e9 (Regina Cas\u00e9) e Vanessa (Let\u00edcia Colin). Desta vez, o presidente da Rhodes decide colocar uma c\u00e2mera escondida na sala da estilista para investigar todos os passos dela. Em uma das ocasi\u00f5es acaba descobrindo os dados banc\u00e1rios da jovem, e o filho de Humberto (Fabio Assun\u00e7\u00e3o) consegue acessar o banco da vil\u00e3. \u00c9 claro que Rafael n\u00e3o perde tempo e a confronta ap\u00f3s descobrir uma informa\u00e7\u00e3o secreta.<\/p>\n<p>O presidente da Rhodes descobre que Vanessa transferiu nada mais nada menos que R$ 500 mil para a m\u00e3e. Ele n\u00e3o perde tempo e logo quer saber o motivo daquele dinheiro todo ir parar nas m\u00e3os da loira da fac\u00e7\u00e3o.<\/p>\n<p>&#8220;Vanessa, eu quero saber porque voc\u00ea mentiu para mim&#8221;, diz ele, que continua: &#8220;Voc\u00ea sempre me disse que dava uns trocadinhos para a sua m\u00e3e, mas n\u00e3o \u00e9 verdade&#8221;. &#8220;Do que voc\u00ea est\u00e1 falando?&#8221;, questiona ela.<\/p>\n<p>&#8220;Voc\u00ea transferiu R$ 500 mil para a conta dela. Como \u00e9 que voc\u00ea me explica isso?&#8221;, pergunta Rafael.<\/p>\n<p>A estilista fica surpresa ao saber que Rafael est\u00e1 por dentro da transfer\u00eancia banc\u00e1ria que fez para a m\u00e3e. &#8220;Eu n\u00e3o estou entendendo. Voc\u00ea est\u00e1 me espionando?&#8221;, pergunta ela. &#8220;Vanessa, responda o que te perguntei. Voc\u00ea transferiu quase todo o dinheiro que tinha na sua conta. R$ 500 mil na sua conta. Por qu\u00ea?&#8221;, questiona o empres\u00e1rio.<\/p>\n<p>Ent\u00e3o, Vanessa decide criar uma mentira para se livrar do questionamento de Rafael. Ela afirma que Zo\u00e9 estava devendo dinheiro a um agiota e por isso foi amea\u00e7ada. &#8220;Voc\u00ea quer mesmo saber a verdade? Porque ela estava devendo a um agiota. Estava super preocupada, porque o cara estava em cima, cobrando, cobrando&#8221;, inventa ela.<\/p>\n<p>&#8220;At\u00e9 que um dia sabe o que ele fez? Mandou darem uma surra nela. Eu fiquei desesperada. Achei mesmo que ela ia matar a minha m\u00e3e se n\u00e3o saldasse a d\u00edvida. A gente briga muito, mas ela \u00e9 minha m\u00e3e. Como ia conseguir dormir pensando que eu n\u00e3o fiz nada para poder ajudar a salvar a vida dela?&#8221;, continua a estilista.<\/p>\n<p>Depois de escutar a hist\u00f3ria de Vanessa, o presidente da Rhodes questiona o motivo da estilista n\u00e3o ter contado antes para ele. &#8220;Porque n\u00e3o queria me expor. Voc\u00ea sabe o quanto eu tenho vergonha de ter uma m\u00e3e como a Zo\u00e9. Mas agora que voc\u00ea sabe a verdade eu quero entender o porqu\u00ea esse interrogat\u00f3rio. Voc\u00ea quer seu dinheiro de volta?&#8221;, questiona ela, que parte para defensiva. &#8220;Eu n\u00e3o tenho ele agora, mas vou conseguir juntar e vou te devolver cada tost\u00e3o&#8221;, acrescenta ela.<\/p>\n<p>&#8220;Vanessa, n\u00e3o tem a ver com dinheiro&#8221;, explica Rafael. &#8220;Mas foi voc\u00ea que me deu esse dinheiro&#8221;, diz ela. &#8220;Eu te dei o dinheiro. Ele \u00e9 seu e voc\u00ea faz o que quiser. A quest\u00e3o n\u00e3o \u00e9 essa, a quest\u00e3o \u00e9 honestidade. Eu te perguntei v\u00e1rias vezes se voc\u00ea sabia alguma coisa dos rolos da sua m\u00e3e, das negociatas, e voc\u00ea disse que n\u00e3o&#8221;, destaca o empres\u00e1rio.<\/p>\n<p>&#8220;Mas eu nunca soube do que minha m\u00e3e apronta por a\u00ed, como continuo n\u00e3o sabendo. At\u00e9 essa hist\u00f3ria do agiota eu s\u00f3 descobri agora&#8221;, diz ela. &#8220;Voc\u00ea que sempre teve um p\u00e9 atr\u00e1s com a sua m\u00e3e voc\u00ea n\u00e3o desconfiou dessa hist\u00f3ria do agiota. Voc\u00ea n\u00e3o acha que \u00e9 um golpe para conseguir seu dinheiro? Voc\u00ea caiu f\u00e1cil nessa conversa?&#8221;, pergunta ele.<\/p>\n<p>&#8220;Que imagem voc\u00ea tem de mim, Rafael? Voc\u00ea acha que eu sou um monstro? Ela \u00e9 minha m\u00e3e, eu vi ela machucada. Ela podia ter sido assassinada&#8221;, declara a estilista.<\/p>\n<p>Ent\u00e3o, o presidente da Rhodes lembra que Zo\u00e9 apareceu outro dia na casa de Vanessa acusando a estilista de ter pego algo que a pertencia. &#8220;Vanessa, a sua m\u00e3e entrou no seu apartamento te acusando, amea\u00e7ando e dizendo que voc\u00ea tinha que devolver alguma coisa. Parecia que voc\u00eas tinham um segredo&#8221;, diz ele. &#8220;Voc\u00ea acha que sou c\u00famplice das falcatruas da Zo\u00e9 e que ela estava me chantageando? Ou seja, voc\u00ea n\u00e3o s\u00f3 est\u00e1 me espionando, como voc\u00ea tamb\u00e9m duvida de mim&#8221;, afirma ela.<\/p>\n<p>&#8220;N\u00e3o, estou te dando a chance de voc\u00ea esclarecer tudo&#8221;, afirma ele. &#8220;Nossa, Rafael, eu achava que as coisas entre n\u00f3s estavam caminhando t\u00e3o bem, mas agora estou vendo que n\u00e3o \u00e9 bem assim. Que pena! A minha consci\u00eancia est\u00e1 tranquila porque eu sei que n\u00e3o fiz nada errado. Se voc\u00ea quer pensar mal de mim, eu n\u00e3o tenho nada para fazer para te ajudar. Na verdade, eu cansei. Siga em frente&#8221;, finaliza ela.<br \/>\n<a href=\"https:\/\/wp.me\/p8dmjy-9zr\" target=\"_blank\" rel=\"noopener\">Resumos dos cap\u00edtulos da semana de Todas as Flores<\/a><br \/>\n<strong style=\"font-size: 120%;\">\u00daltimas not\u00edcias de Todas as Flores:<\/strong><br \/>\n<div class=\"pt-cv-wrapper\"><div class=\"pt-cv-view pt-cv-grid pt-cv-colsys\" id=\"pt-cv-view-57ad3a3tms\"><div data-id=\"pt-cv-page-1\" class=\"pt-cv-page\" data-cvc=\"1\"><div class=\"col-md-12 col-sm-12 col-xs-12 pt-cv-content-item pt-cv-1-col\" ><div class='pt-cv-ifield'><h4 class=\"pt-cv-title\"><a href=\"https:\/\/www.tvnovelas.com.br\/tvnews\/todas-as-flores-no-fim-acerto-de-contas-entre-maira-vanessa-e-zoe\/\" class=\"_self\" target=\"_self\" >Todas as Flores: No fim, acerto de contas entre Ma\u00edra, Vanessa e Zo\u00e9<\/a><\/h4><\/div><\/div>\n<div class=\"col-md-12 col-sm-12 col-xs-12 pt-cv-content-item pt-cv-1-col\" ><div class='pt-cv-ifield'><h4 class=\"pt-cv-title\"><a href=\"https:\/\/www.tvnovelas.com.br\/tvnews\/todas-as-flores-pablo-trai-vanessa-e-prende-estilista-no-porao\/\" class=\"_self\" target=\"_self\" >Todas as Flores: Pablo trai Vanessa e prende estilista no por\u00e3o<\/a><\/h4><\/div><\/div>\n<div class=\"col-md-12 col-sm-12 col-xs-12 pt-cv-content-item pt-cv-1-col\" ><div class='pt-cv-ifield'><h4 class=\"pt-cv-title\"><a href=\"https:\/\/www.tvnovelas.com.br\/tvnews\/todas-as-flores-olavo-arma-para-eliminar-rafael\/\" class=\"_self\" target=\"_self\" >Todas as Flores: Olavo arma para eliminar Rafael<\/a><\/h4><\/div><\/div>\n<div class=\"col-md-12 col-sm-12 col-xs-12 pt-cv-content-item pt-cv-1-col\" ><div class='pt-cv-ifield'><h4 class=\"pt-cv-title\"><a href=\"https:\/\/www.tvnovelas.com.br\/tvnews\/todas-as-flores-vanessa-sequestra-e-prende-zoe-em-porao\/\" class=\"_self\" target=\"_self\" >Todas as Flores: Vanessa sequestra e prende Zo\u00e9 em por\u00e3o<\/a><\/h4><\/div><\/div>\n<div class=\"col-md-12 col-sm-12 col-xs-12 pt-cv-content-item pt-cv-1-col\" ><div class='pt-cv-ifield'><h4 class=\"pt-cv-title\"><a href=\"https:\/\/www.tvnovelas.com.br\/tvnews\/todas-as-flores-zoe-mata-humberto\/\" class=\"_self\" target=\"_self\" >Todas as Flores: Zo\u00e9 mata Humberto<\/a><\/h4><\/div><\/div>\n<div class=\"col-md-12 col-sm-12 col-xs-12 pt-cv-content-item pt-cv-1-col\" ><div class='pt-cv-ifield'><h4 class=\"pt-cv-title\"><a href=\"https:\/\/www.tvnovelas.com.br\/tvnews\/todas-as-flores-humberto-resgata-judite-de-sequestrada-por-zoe\/\" class=\"_self\" target=\"_self\" >Todas as Flores: Humberto resgata Judite de sequestrada por Zo\u00e9<\/a><\/h4><\/div><\/div><\/div><\/div><\/div><br \/>\n<strong style=\"font-size: 120%;\">\u00daltimas not\u00edcias deste canal:<\/strong><br \/>\n<div class=\"pt-cv-wrapper\"><div class=\"pt-cv-view pt-cv-grid pt-cv-colsys\" id=\"pt-cv-view-90991035b3\"><div data-id=\"pt-cv-page-1\" class=\"pt-cv-page\" data-cvc=\"1\"><div class=\"col-md-12 col-sm-12 col-xs-12 pt-cv-content-item pt-cv-1-col\" ><div class='pt-cv-ifield'><h4 class=\"pt-cv-title\"><a href=\"https:\/\/www.tvnovelas.com.br\/tvnews\/coracao-de-mae-irmak-inicia-jogo-arriscado-contra-adnan\/\" class=\"_self\" target=\"_self\" >Cora\u00e7\u00e3o de M\u00e3e: Irmak inicia jogo arriscado contra Adnan<\/a><\/h4><\/div><\/div>\n<div class=\"col-md-12 col-sm-12 col-xs-12 pt-cv-content-item pt-cv-1-col\" ><div class='pt-cv-ifield'><h4 class=\"pt-cv-title\"><a href=\"https:\/\/www.tvnovelas.com.br\/tvnews\/guerra-das-rosas-omer-chama-gulru-vestida-de-noiva-para-fugir\/\" class=\"_self\" target=\"_self\" >Guerra das Rosas: Omer chama Gulru vestida de noiva para fugir<\/a><\/h4><\/div><\/div>\n<div class=\"col-md-12 col-sm-12 col-xs-12 pt-cv-content-item pt-cv-1-col\" ><div class='pt-cv-ifield'><h4 class=\"pt-cv-title\"><a href=\"https:\/\/www.tvnovelas.com.br\/tvnews\/coracao-de-mae-reha-sai-para-jantar-com-selvi\/\" class=\"_self\" target=\"_self\" >Cora\u00e7\u00e3o de M\u00e3e: Reha sai para jantar com Selvi<\/a><\/h4><\/div><\/div>\n<div class=\"col-md-12 col-sm-12 col-xs-12 pt-cv-content-item pt-cv-1-col\" ><div class='pt-cv-ifield'><h4 class=\"pt-cv-title\"><a href=\"https:\/\/www.tvnovelas.com.br\/tvnews\/coracao-acelerado-zila-se-preocupa-com-sua-situacao-apos-separacao\/\" class=\"_self\" target=\"_self\" >Cora\u00e7\u00e3o Acelerado: Zil\u00e1 se preocupa com sua situa\u00e7\u00e3o ap\u00f3s separa\u00e7\u00e3o<\/a><\/h4><\/div><\/div>\n<div class=\"col-md-12 col-sm-12 col-xs-12 pt-cv-content-item pt-cv-1-col\" ><div class='pt-cv-ifield'><h4 class=\"pt-cv-title\"><a href=\"https:\/\/www.tvnovelas.com.br\/tvnews\/a-nobreza-do-amor-tonho-nao-se-curva-diante-de-mirinho\/\" class=\"_self\" target=\"_self\" >A Nobreza do Amor: Tonho n\u00e3o se curva diante de Mirinho<\/a><\/h4><\/div><\/div>\n<div class=\"col-md-12 col-sm-12 col-xs-12 pt-cv-content-item pt-cv-1-col\" ><div class='pt-cv-ifield'><h4 class=\"pt-cv-title\"><a href=\"https:\/\/www.tvnovelas.com.br\/tvnews\/tres-gracas-arminda-surta-ao-confirmar-que-ferette-e-pai-de-raul\/\" class=\"_self\" target=\"_self\" >Tr\u00eas Gra\u00e7as:  Arminda surta ao confirmar que Ferette \u00e9 pai de Raul<\/a><\/h4><\/div><\/div>\n<div class=\"col-md-12 col-sm-12 col-xs-12 pt-cv-content-item pt-cv-1-col\" ><div class='pt-cv-ifield'><h4 class=\"pt-cv-title\"><a href=\"https:\/\/www.tvnovelas.com.br\/tvnews\/coracao-de-mae-atilla-confronta-hasan-e-exige-o-divorcio-de-lale\/\" class=\"_self\" target=\"_self\" >Cora\u00e7\u00e3o de M\u00e3e: Atilla confronta Hasan e exige o div\u00f3rcio de Lale<\/a><\/h4><\/div><\/div>\n<div class=\"col-md-12 col-sm-12 col-xs-12 pt-cv-content-item pt-cv-1-col\" ><div class='pt-cv-ifield'><h4 class=\"pt-cv-title\"><a href=\"https:\/\/www.tvnovelas.com.br\/tvnews\/guerra-das-rosas-gulfem-coloca-gulru-contra-a-parede\/\" class=\"_self\" target=\"_self\" >Guerra das Rosas: Gulfem coloca Gulru contra a parede<\/a><\/h4><\/div><\/div>\n<div class=\"col-md-12 col-sm-12 col-xs-12 pt-cv-content-item pt-cv-1-col\" ><div class='pt-cv-ifield'><h4 class=\"pt-cv-title\"><a href=\"https:\/\/www.tvnovelas.com.br\/tvnews\/coracao-de-mae-atilla-diz-a-lale-que-quer-o-divorcio\/\" class=\"_self\" target=\"_self\" >Cora\u00e7\u00e3o de M\u00e3e: Atilla diz a Lale que quer o div\u00f3rcio<\/a><\/h4><\/div><\/div>\n<div class=\"col-md-12 col-sm-12 col-xs-12 pt-cv-content-item pt-cv-1-col\" ><div class='pt-cv-ifield'><h4 class=\"pt-cv-title\"><a href=\"https:\/\/www.tvnovelas.com.br\/tvnews\/a-nobreza-do-amor-mirinho-garante-noivado-com-virginia-para-atrair-sogro-a-negocio\/\" class=\"_self\" target=\"_self\" >A Nobreza do Amor: Mirinho garante noivado com Virg\u00ednia para atrair sogro a neg\u00f3cio<\/a><\/h4><\/div><\/div><\/div><\/div><\/div><br \/>\n<a href=\"https:\/\/www.tvnovelas.com.br\/novelas\/\"><strong>Confira os resumos da semana de todas novelas<\/strong><\/a><br \/>\n<a href=\"http:\/\/tvnovelas.com.br\/filmes\" target=\"_blank\" rel=\"noopener\">Veja tamb\u00e9m: Todas as telas: filmes e s\u00e9ries nos streamings<\/a><\/p>\n<h3>Confira tamb\u00e9m<\/h3>\n<p><a href=\"https:\/\/www.tvnovelas.com.br\/filmes\/\" target=\"_blank\" rel=\"noo 2 pener noreferrer noopener\"><strong>Programa\u00e7\u00e3o de filmes na TV aberta<\/strong><\/a><br \/>\n<a href=\"https:\/\/tvnovelas.com.br\/filmes\/filmes-e-series-ineditos-em-estreia-na-semana-na-netflix\/\" target=\"_blank\" rel=\"noopener noreferrer\"><strong>Estreias da semana na Netflix<\/strong><\/a><br \/>\n<a href=\"https:\/\/caetenews.com.br\/semana\/filmes-da-globo-na-sessao-da-tarde-desta-semana\/\" target=\"_blank\" rel=\"noopener\"><strong>Confira os filmes da semana na Sess\u00e3o da Tarde<\/strong><\/a><br \/>\n<a href=\"\/\/tvnovelas.com.br\/filmes\/filmes-em-estreia-nos-cinemas\/\" target=\"_blank\" rel=\"noopener noreferrer\"><strong>Estreias e novidades no Cinema<\/strong><\/a><br \/>\n<a href=\"https:\/\/www.tvnovelas.com.br\/novelas\/\" target=\"_blank\" rel=\"noopener noreferrer\"><strong>Resumos de novelas<\/strong><\/a><\/p>\n","protected":false},"excerpt":{"rendered":"<p>Em Todas as Flores, Rafael (Humberto Carr\u00e3o) est\u00e1 empenhado em descobrir os podres de Zo\u00e9 (Regina Cas\u00e9) e Vanessa (Let\u00edcia Colin). Desta vez, o presidente da Rhodes&#8230;<\/p>\n","protected":false},"author":1,"featured_media":57589,"comment_status":"closed","ping_status":"closed","sticky":false,"template":"","format":"standard","meta":{"_uf_show_specific_survey":0,"_uf_disable_surveys":false,"_jetpack_memberships_contains_paid_content":false,"footnotes":"","_wp_rev_ctl_limit":""},"categories":[236],"tags":[5,64,380],"class_list":["post-57588","post","type-post","status-publish","format-standard","has-post-thumbnail","hentry","category-globo","tag-globo","tag-novelas","tag-todas-as-flores","wpcat-236-id"],"aioseo_notices":[],"jetpack_featured_media_url":"https:\/\/i0.wp.com\/www.tvnovelas.com.br\/tvnews\/wp-content\/uploads\/2023\/10\/38943.jpg?fit=728%2C410&ssl=1","jetpack_shortlink":"https:\/\/wp.me\/pdP2BO-eYQ","jetpack_sharing_enabled":true,"_links":{"self":[{"href":"https:\/\/www.tvnovelas.com.br\/tvnews\/wp-json\/wp\/v2\/posts\/57588","targetHints":{"allow":["GET"]}}],"collection":[{"href":"https:\/\/www.tvnovelas.com.br\/tvnews\/wp-json\/wp\/v2\/posts"}],"about":[{"href":"https:\/\/www.tvnovelas.com.br\/tvnews\/wp-json\/wp\/v2\/types\/post"}],"author":[{"embeddable":true,"href":"https:\/\/www.tvnovelas.com.br\/tvnews\/wp-json\/wp\/v2\/users\/1"}],"replies":[{"embeddable":true,"href":"https:\/\/www.tvnovelas.com.br\/tvnews\/wp-json\/wp\/v2\/comments?post=57588"}],"version-history":[{"count":1,"href":"https:\/\/www.tvnovelas.com.br\/tvnews\/wp-json\/wp\/v2\/posts\/57588\/revisions"}],"predecessor-version":[{"id":57590,"href":"https:\/\/www.tvnovelas.com.br\/tvnews\/wp-json\/wp\/v2\/posts\/57588\/revisions\/57590"}],"wp:featuredmedia":[{"embeddable":true,"href":"https:\/\/www.tvnovelas.com.br\/tvnews\/wp-json\/wp\/v2\/media\/57589"}],"wp:attachment":[{"href":"https:\/\/www.tvnovelas.com.br\/tvnews\/wp-json\/wp\/v2\/media?parent=57588"}],"wp:term":[{"taxonomy":"category","embeddable":true,"href":"https:\/\/www.tvnovelas.com.br\/tvnews\/wp-json\/wp\/v2\/categories?post=57588"},{"taxonomy":"post_tag","embeddable":true,"href":"https:\/\/www.tvnovelas.com.br\/tvnews\/wp-json\/wp\/v2\/tags?post=57588"}],"curies":[{"name":"wp","href":"https:\/\/api.w.org\/{rel}","templated":true}]}}