{"id":57629,"date":"2023-10-17T18:00:28","date_gmt":"2023-10-17T21:00:28","guid":{"rendered":"https:\/\/www.tvnovelas.com.br\/tvnews\/?p=57629"},"modified":"2023-10-17T14:19:22","modified_gmt":"2023-10-17T17:19:22","slug":"mulheres-apaixonadas-fernanda-e-levada-para-cirurgia","status":"publish","type":"post","link":"https:\/\/www.tvnovelas.com.br\/tvnews\/mulheres-apaixonadas-fernanda-e-levada-para-cirurgia\/","title":{"rendered":"Mulheres Apaixonadas: Fernanda \u00e9 levada para cirurgia"},"content":{"rendered":"<p><em>Em Mulheres Apaixonadas: Fernanda&#8230;<\/em><br \/>\n<img data-recalc-dims=\"1\" decoding=\"async\" class=\"alignnone wp-image-57630 size-full\" title=\"(Foto: Reprodu\u00e7\u00e3o\/TV Globo\/Mulheres Apaixonadas)\" src=\"https:\/\/i0.wp.com\/www.tvnovelas.com.br\/tvnews\/wp-content\/uploads\/2023\/10\/38952.jpg?resize=720%2C410&#038;ssl=1\" alt=\"Foto em Mulheres Apaixonadas: Fernanda...\" width=\"720\" height=\"410\" \/><\/p>\n<p>No cap\u00edtulo de Mulheres Apaixonadas desta quarta, dia 18, Fernanda \u00e9 levada para cirurgia. Luciana vai ao pronto-socorro. Salete diz ter certeza de que a m\u00e3e vai morrer e sai correndo para v\u00ea-la. Ningu\u00e9m consegue parar a menina, que quase \u00e9 atropelada. Helena acalma Lorena. Rodrigo avisa Paulinha que n\u00e3o vai tolerar preconceito em sua casa. Wilma \u00e9 avisada sobre o grave estado de sa\u00fade de Fernanda. Luciana explica a Helena que o quadro de T\u00e9o \u00e9 est\u00e1vel e confessa estar nervosa.<br \/>\n<strong style=\"font-size: 120%;\">\u00daltimas not\u00edcias deste canal:<\/strong><br \/>\n<div class=\"pt-cv-wrapper\"><div class=\"pt-cv-view pt-cv-grid pt-cv-colsys\" id=\"pt-cv-view-90991035b3\"><div data-id=\"pt-cv-page-1\" class=\"pt-cv-page\" data-cvc=\"1\"><div class=\"col-md-12 col-sm-12 col-xs-12 pt-cv-content-item pt-cv-1-col\" ><div class='pt-cv-ifield'><h4 class=\"pt-cv-title\"><a href=\"https:\/\/www.tvnovelas.com.br\/tvnews\/coracao-de-mae-reha-sai-para-jantar-com-selvi\/\" class=\"_self\" target=\"_self\" >Cora\u00e7\u00e3o de M\u00e3e: Reha sai para jantar com Selvi<\/a><\/h4><\/div><\/div>\n<div class=\"col-md-12 col-sm-12 col-xs-12 pt-cv-content-item pt-cv-1-col\" ><div class='pt-cv-ifield'><h4 class=\"pt-cv-title\"><a href=\"https:\/\/www.tvnovelas.com.br\/tvnews\/coracao-acelerado-zila-se-preocupa-com-sua-situacao-apos-separacao\/\" class=\"_self\" target=\"_self\" >Cora\u00e7\u00e3o Acelerado: Zil\u00e1 se preocupa com sua situa\u00e7\u00e3o ap\u00f3s separa\u00e7\u00e3o<\/a><\/h4><\/div><\/div>\n<div class=\"col-md-12 col-sm-12 col-xs-12 pt-cv-content-item pt-cv-1-col\" ><div class='pt-cv-ifield'><h4 class=\"pt-cv-title\"><a href=\"https:\/\/www.tvnovelas.com.br\/tvnews\/a-nobreza-do-amor-tonho-nao-se-curva-diante-de-mirinho\/\" class=\"_self\" target=\"_self\" >A Nobreza do Amor: Tonho n\u00e3o se curva diante de Mirinho<\/a><\/h4><\/div><\/div>\n<div class=\"col-md-12 col-sm-12 col-xs-12 pt-cv-content-item pt-cv-1-col\" ><div class='pt-cv-ifield'><h4 class=\"pt-cv-title\"><a href=\"https:\/\/www.tvnovelas.com.br\/tvnews\/tres-gracas-arminda-surta-ao-confirmar-que-ferette-e-pai-de-raul\/\" class=\"_self\" target=\"_self\" >Tr\u00eas Gra\u00e7as:  Arminda surta ao confirmar que Ferette \u00e9 pai de Raul<\/a><\/h4><\/div><\/div>\n<div class=\"col-md-12 col-sm-12 col-xs-12 pt-cv-content-item pt-cv-1-col\" ><div class='pt-cv-ifield'><h4 class=\"pt-cv-title\"><a href=\"https:\/\/www.tvnovelas.com.br\/tvnews\/coracao-de-mae-atilla-confronta-hasan-e-exige-o-divorcio-de-lale\/\" class=\"_self\" target=\"_self\" >Cora\u00e7\u00e3o de M\u00e3e: Atilla confronta Hasan e exige o div\u00f3rcio de Lale<\/a><\/h4><\/div><\/div>\n<div class=\"col-md-12 col-sm-12 col-xs-12 pt-cv-content-item pt-cv-1-col\" ><div class='pt-cv-ifield'><h4 class=\"pt-cv-title\"><a href=\"https:\/\/www.tvnovelas.com.br\/tvnews\/guerra-das-rosas-gulfem-coloca-gulru-contra-a-parede\/\" class=\"_self\" target=\"_self\" >Guerra das Rosas: Gulfem coloca Gulru contra a parede<\/a><\/h4><\/div><\/div>\n<div class=\"col-md-12 col-sm-12 col-xs-12 pt-cv-content-item pt-cv-1-col\" ><div class='pt-cv-ifield'><h4 class=\"pt-cv-title\"><a href=\"https:\/\/www.tvnovelas.com.br\/tvnews\/coracao-de-mae-atilla-diz-a-lale-que-quer-o-divorcio\/\" class=\"_self\" target=\"_self\" >Cora\u00e7\u00e3o de M\u00e3e: Atilla diz a Lale que quer o div\u00f3rcio<\/a><\/h4><\/div><\/div>\n<div class=\"col-md-12 col-sm-12 col-xs-12 pt-cv-content-item pt-cv-1-col\" ><div class='pt-cv-ifield'><h4 class=\"pt-cv-title\"><a href=\"https:\/\/www.tvnovelas.com.br\/tvnews\/a-nobreza-do-amor-mirinho-garante-noivado-com-virginia-para-atrair-sogro-a-negocio\/\" class=\"_self\" target=\"_self\" >A Nobreza do Amor: Mirinho garante noivado com Virg\u00ednia para atrair sogro a neg\u00f3cio<\/a><\/h4><\/div><\/div>\n<div class=\"col-md-12 col-sm-12 col-xs-12 pt-cv-content-item pt-cv-1-col\" ><div class='pt-cv-ifield'><h4 class=\"pt-cv-title\"><a href=\"https:\/\/www.tvnovelas.com.br\/tvnews\/tres-gracas-joaquim-propoe-fuga-a-arminda-com-o-dinheiro-das-tres-gracas\/\" class=\"_self\" target=\"_self\" >Tr\u00eas Gra\u00e7as:  Joaquim prop\u00f5e fuga a Arminda com o dinheiro das Tr\u00eas Gra\u00e7as<\/a><\/h4><\/div><\/div>\n<div class=\"col-md-12 col-sm-12 col-xs-12 pt-cv-content-item pt-cv-1-col\" ><div class='pt-cv-ifield'><h4 class=\"pt-cv-title\"><a href=\"https:\/\/www.tvnovelas.com.br\/tvnews\/coracao-de-mae-atilla-decide-abrir-o-jogo-com-karsu\/\" class=\"_self\" target=\"_self\" >Cora\u00e7\u00e3o de M\u00e3e: Atilla decide abrir o jogo com Karsu<\/a><\/h4><\/div><\/div><\/div><\/div><\/div><br \/>\n<a href=\"https:\/\/www.tvnovelas.com.br\/novelas\/\"><strong>Confira os resumos da semana de todas novelas<\/strong><\/a><br \/>\n<a href=\"http:\/\/tvnovelas.com.br\/filmes\" target=\"_blank\" rel=\"noopener\">Veja tamb\u00e9m: Todas as telas: filmes e s\u00e9ries nos streamings<\/a><\/p>\n<h3>Confira tamb\u00e9m<\/h3>\n<p><a href=\"https:\/\/www.tvnovelas.com.br\/filmes\/\" target=\"_blank\" rel=\"noo 2 pener noreferrer noopener\"><strong>Programa\u00e7\u00e3o de filmes na TV aberta<\/strong><\/a><br \/>\n<a href=\"https:\/\/tvnovelas.com.br\/filmes\/filmes-e-series-ineditos-em-estreia-na-semana-na-netflix\/\" target=\"_blank\" rel=\"noopener noreferrer\"><strong>Estreias da semana na Netflix<\/strong><\/a><br \/>\n<a href=\"https:\/\/caetenews.com.br\/semana\/filmes-da-globo-na-sessao-da-tarde-desta-semana\/\" target=\"_blank\" rel=\"noopener\"><strong>Confira os filmes da semana na Sess\u00e3o da Tarde<\/strong><\/a><br \/>\n<a href=\"\/\/tvnovelas.com.br\/filmes\/filmes-em-estreia-nos-cinemas\/\" target=\"_blank\" rel=\"noopener noreferrer\"><strong>Estreias e novidades no Cinema<\/strong><\/a><br \/>\n<a href=\"https:\/\/www.tvnovelas.com.br\/novelas\/\" target=\"_blank\" rel=\"noopener noreferrer\"><strong>Resumos de novelas<\/strong><\/a><\/p>\n","protected":false},"excerpt":{"rendered":"<p>No cap\u00edtulo de Mulheres Apaixonadas desta quarta, dia 18, Fernanda \u00e9 levada para cirurgia. Luciana vai ao pronto-socorro. Salete diz ter certeza de que a m\u00e3e vai morrer&#8230;<\/p>\n","protected":false},"author":1,"featured_media":57630,"comment_status":"closed","ping_status":"closed","sticky":false,"template":"","format":"standard","meta":{"_uf_show_specific_survey":0,"_uf_disable_surveys":false,"_jetpack_memberships_contains_paid_content":false,"footnotes":"","_wp_rev_ctl_limit":""},"categories":[236],"tags":[5,258,64],"class_list":["post-57629","post","type-post","status-publish","format-standard","has-post-thumbnail","hentry","category-globo","tag-globo","tag-mulheres-apaixonadas","tag-novelas","wpcat-236-id"],"aioseo_notices":[],"jetpack_featured_media_url":"https:\/\/i0.wp.com\/www.tvnovelas.com.br\/tvnews\/wp-content\/uploads\/2023\/10\/38952.jpg?fit=720%2C410&ssl=1","jetpack_shortlink":"https:\/\/wp.me\/pdP2BO-eZv","jetpack_sharing_enabled":true,"_links":{"self":[{"href":"https:\/\/www.tvnovelas.com.br\/tvnews\/wp-json\/wp\/v2\/posts\/57629","targetHints":{"allow":["GET"]}}],"collection":[{"href":"https:\/\/www.tvnovelas.com.br\/tvnews\/wp-json\/wp\/v2\/posts"}],"about":[{"href":"https:\/\/www.tvnovelas.com.br\/tvnews\/wp-json\/wp\/v2\/types\/post"}],"author":[{"embeddable":true,"href":"https:\/\/www.tvnovelas.com.br\/tvnews\/wp-json\/wp\/v2\/users\/1"}],"replies":[{"embeddable":true,"href":"https:\/\/www.tvnovelas.com.br\/tvnews\/wp-json\/wp\/v2\/comments?post=57629"}],"version-history":[{"count":1,"href":"https:\/\/www.tvnovelas.com.br\/tvnews\/wp-json\/wp\/v2\/posts\/57629\/revisions"}],"predecessor-version":[{"id":57631,"href":"https:\/\/www.tvnovelas.com.br\/tvnews\/wp-json\/wp\/v2\/posts\/57629\/revisions\/57631"}],"wp:featuredmedia":[{"embeddable":true,"href":"https:\/\/www.tvnovelas.com.br\/tvnews\/wp-json\/wp\/v2\/media\/57630"}],"wp:attachment":[{"href":"https:\/\/www.tvnovelas.com.br\/tvnews\/wp-json\/wp\/v2\/media?parent=57629"}],"wp:term":[{"taxonomy":"category","embeddable":true,"href":"https:\/\/www.tvnovelas.com.br\/tvnews\/wp-json\/wp\/v2\/categories?post=57629"},{"taxonomy":"post_tag","embeddable":true,"href":"https:\/\/www.tvnovelas.com.br\/tvnews\/wp-json\/wp\/v2\/tags?post=57629"}],"curies":[{"name":"wp","href":"https:\/\/api.w.org\/{rel}","templated":true}]}}