{"id":57650,"date":"2023-10-18T08:53:48","date_gmt":"2023-10-18T11:53:48","guid":{"rendered":"https:\/\/www.tvnovelas.com.br\/tvnews\/?p=57650"},"modified":"2023-10-18T08:53:48","modified_gmt":"2023-10-18T11:53:48","slug":"todas-as-flores-zoe-e-presa-apos-denuncia-feita-por-vanessa","status":"publish","type":"post","link":"https:\/\/www.tvnovelas.com.br\/tvnews\/todas-as-flores-zoe-e-presa-apos-denuncia-feita-por-vanessa\/","title":{"rendered":"Todas as Flores: Zo\u00e9 \u00e9 presa ap\u00f3s den\u00fancia feita por Vanessa"},"content":{"rendered":"<p><em>Em das as Flores: Zo\u00e9 \u00e9 presa<\/em><br \/>\n<img data-recalc-dims=\"1\" decoding=\"async\" class=\"alignnone wp-image-57651 size-full\" title=\"(Foto: TV Globo\/Todas as Flores)\" src=\"https:\/\/i0.wp.com\/www.tvnovelas.com.br\/tvnews\/wp-content\/uploads\/2023\/10\/38956.jpg?resize=728%2C410&#038;ssl=1\" alt=\"Foto em das as Flores: Zo\u00e9 \u00e9 presa\" width=\"728\" height=\"410\" srcset=\"https:\/\/i0.wp.com\/www.tvnovelas.com.br\/tvnews\/wp-content\/uploads\/2023\/10\/38956.jpg?w=728&amp;ssl=1 728w, https:\/\/i0.wp.com\/www.tvnovelas.com.br\/tvnews\/wp-content\/uploads\/2023\/10\/38956.jpg?resize=678%2C381&amp;ssl=1 678w\" sizes=\"(max-width: 728px) 100vw, 728px\" \/><br \/>\nEm Todas as Flores, a rela\u00e7\u00e3o entre Vanessa (Let\u00edcia Colin) e Zo\u00e9 (Regina Cas\u00e9) anda cada vez mais tensa. Mas nada que n\u00e3o possa piorar! Agora, a estilista vai elevar a n\u00edvel m\u00e1ximo o clima conturbado entre as duas. Ap\u00f3s ser flagrada tentando roubar as joias da filha, a vil\u00e3 \u00e9 presa e levada para a delegacia.<\/p>\n<p>&#8220;Voc\u00ea est\u00e1 sendo presa por invas\u00e3o de domic\u00edlio e roubo, mam\u00e3e&#8221;, dispara Vanessa. &#8220;Que isso? Voc\u00ea est\u00e1 maluca? Voc\u00ea vai prender a sua pr\u00f3pria m\u00e3e?&#8221;, questiona Zo\u00e9.<\/p>\n<p>J\u00e1 na delegacia, o delegado tenta entender o porqu\u00ea de Vanessa ter chamado policiais para prender a m\u00e3e. &#8220;A senhora quer registrar queixa contra a sua pr\u00f3pria m\u00e3e? Tem certeza?&#8221;, pergunta ele. &#8220;Para o senhor ver o tipo de filha que ela \u00e9. Entendeu? Uma discuss\u00e3o, isso foi um desentendimento de fam\u00edlia&#8221;, afirma a loira da fac\u00e7\u00e3o. &#8220;Pensa melhor, mo\u00e7a&#8221;, diz o delegado.<\/p>\n<p>Vanessa, ent\u00e3o, faz uma cena para sensibilizar o delegado e fazer com que ele prenda a sua m\u00e3e.<\/p>\n<p>&#8220;N\u00e3o foi apenas um desentendimento de fam\u00edlia. Foi um roubo. Ela foi pega em flagrante. Delegado, eu j\u00e1 passei por coisas horrorosas com a minha m\u00e3e a minha vida inteira. Eu fiz de tudo para poder salv\u00e1-la&#8221;, destaca Vanessa.<\/p>\n<p>&#8220;Larga de ser falsa, Vanessa&#8221;, grita Zo\u00e9. &#8220;Pode continuar, por favor&#8221;, pede o delegado. &#8220;Olha, eu tenho um filho pequeno, um bebezinho, pequeno Nicolau, coisa mais linda. Eu tenho que proteger ele. Ele n\u00e3o pode ficar exposto a qualquer desequil\u00edbrio dessa pessoa, dessa mulher&#8221;, afirma Vanessa.<\/p>\n<p>Zo\u00e9 fica furiosa ao ouvir mentiras da filha e diz que a estilista nunca ligou para o seu filho, o pequeno Nicolau, que todos acreditam ser filho de Rafael (Humberto Carr\u00e3o), mas, na realidade, o pai \u00e9 Pablo (Caio Castro).<\/p>\n<p>&#8220;Essa da\u00ed nunca ligou para essa crian\u00e7a, delegado. Essa da\u00ed deu foi o golpe da barriga. Essa da\u00ed n\u00e3o presta. Voc\u00ea est\u00e1 vendo que essa a\u00ed n\u00e3o presta? Vontade que eu tenho \u00e9 de dar uma co\u00e7a, queria te dar uma surra&#8221;, dispara Zo\u00e9. &#8220;Est\u00e1 me amea\u00e7ando! Est\u00e1 vendo o estado? As amea\u00e7as&#8221;, diz Vanessa.<\/p>\n<p>A vil\u00e3 se exalta e amea\u00e7a a filha. &#8220;\u00c9, quebrar todos os seus dentes&#8221;, diz Zo\u00e9. &#8220;Olha aqui.. seria bem melhor se voc\u00eas se entendessem, resolvessem o problema em fam\u00edlia&#8221;, pondera o delegado. &#8220;Isso \u00e9 imposs\u00edvel. Essa mulher \u00e9 desprez\u00edvel e ela \u00e9 perigosa. Ela convive com o pior tipo de gente&#8221;, destaca a estilista. &#8220;E a pior de todas \u00e9 voc\u00ea&#8221;, declara a loira da fac\u00e7\u00e3o.<\/p>\n<p>&#8220;Agiotas, traficantes. Eu estou fazendo isso pelo bem dela. Ela n\u00e3o consegue entender, mas eu quero manter ela aqui para proteger dela mesma. Voc\u00ea n\u00e3o entende isso, m\u00e3e? \u00c9 para o seu bem&#8221;, diz Vanessa.<\/p>\n<p>&#8220;Voc\u00ea n\u00e3o est\u00e1 vendo? \u00c9 ao contr\u00e1rio. Ela que \u00e9 a bandida. Isso a\u00ed me roubou. Roubou todo o meu dinheiro. Isso a\u00ed \u00e9 uma golpista, uma ladra, uma safada&#8221;, dispara Zo\u00e9. &#8220;Golpista \u00e9 voc\u00ea sua velha louca&#8221;, declara Vanessa. &#8220;Voc\u00ea vai ver quem \u00e9 louca&#8221;, grita a loira.<\/p>\n<p>Nesse momento, Zo\u00e9 avan\u00e7a em Vanessa e tenta enforc\u00e1-la com as m\u00e3os. Com toda a confus\u00e3o, o delegado decide prender a loira da fac\u00e7\u00e3o. &#8220;A senhora pare com isso agora. Prenda essa mulher. A senhora est\u00e1 presa por roubo, desacato e desordem&#8221;, diz ele.<\/p>\n<p>&#8220;O senhor n\u00e3o tem no\u00e7\u00e3o do que est\u00e1 fazendo. N\u00e3o sabe com quem est\u00e1 falando. Isso daqui \u00e9 abuso de autoridade&#8221;, esbraveja Zo\u00e9. Depois, a vil\u00e3 se vira para a filha e deixa uma \u00faltima amea\u00e7a. &#8220;Eu vou acabar com a sua ra\u00e7a&#8221;, afirma.<\/p>\n<p><a href=\"https:\/\/wp.me\/p8dmjy-9zr\" target=\"_blank\" rel=\"noopener\">Resumos dos cap\u00edtulos da semana de Todas as Flores<\/a><br \/>\n<strong style=\"font-size: 120%;\">\u00daltimas not\u00edcias de Todas as Flores:<\/strong><br \/>\n<div class=\"pt-cv-wrapper\"><div class=\"pt-cv-view pt-cv-grid pt-cv-colsys\" id=\"pt-cv-view-57ad3a3tms\"><div data-id=\"pt-cv-page-1\" class=\"pt-cv-page\" data-cvc=\"1\"><div class=\"col-md-12 col-sm-12 col-xs-12 pt-cv-content-item pt-cv-1-col\" ><div class='pt-cv-ifield'><h4 class=\"pt-cv-title\"><a href=\"https:\/\/www.tvnovelas.com.br\/tvnews\/todas-as-flores-no-fim-acerto-de-contas-entre-maira-vanessa-e-zoe\/\" class=\"_self\" target=\"_self\" >Todas as Flores: No fim, acerto de contas entre Ma\u00edra, Vanessa e Zo\u00e9<\/a><\/h4><\/div><\/div>\n<div class=\"col-md-12 col-sm-12 col-xs-12 pt-cv-content-item pt-cv-1-col\" ><div class='pt-cv-ifield'><h4 class=\"pt-cv-title\"><a href=\"https:\/\/www.tvnovelas.com.br\/tvnews\/todas-as-flores-pablo-trai-vanessa-e-prende-estilista-no-porao\/\" class=\"_self\" target=\"_self\" >Todas as Flores: Pablo trai Vanessa e prende estilista no por\u00e3o<\/a><\/h4><\/div><\/div>\n<div class=\"col-md-12 col-sm-12 col-xs-12 pt-cv-content-item pt-cv-1-col\" ><div class='pt-cv-ifield'><h4 class=\"pt-cv-title\"><a href=\"https:\/\/www.tvnovelas.com.br\/tvnews\/todas-as-flores-olavo-arma-para-eliminar-rafael\/\" class=\"_self\" target=\"_self\" >Todas as Flores: Olavo arma para eliminar Rafael<\/a><\/h4><\/div><\/div>\n<div class=\"col-md-12 col-sm-12 col-xs-12 pt-cv-content-item pt-cv-1-col\" ><div class='pt-cv-ifield'><h4 class=\"pt-cv-title\"><a href=\"https:\/\/www.tvnovelas.com.br\/tvnews\/todas-as-flores-vanessa-sequestra-e-prende-zoe-em-porao\/\" class=\"_self\" target=\"_self\" >Todas as Flores: Vanessa sequestra e prende Zo\u00e9 em por\u00e3o<\/a><\/h4><\/div><\/div>\n<div class=\"col-md-12 col-sm-12 col-xs-12 pt-cv-content-item pt-cv-1-col\" ><div class='pt-cv-ifield'><h4 class=\"pt-cv-title\"><a href=\"https:\/\/www.tvnovelas.com.br\/tvnews\/todas-as-flores-zoe-mata-humberto\/\" class=\"_self\" target=\"_self\" >Todas as Flores: Zo\u00e9 mata Humberto<\/a><\/h4><\/div><\/div>\n<div class=\"col-md-12 col-sm-12 col-xs-12 pt-cv-content-item pt-cv-1-col\" ><div class='pt-cv-ifield'><h4 class=\"pt-cv-title\"><a href=\"https:\/\/www.tvnovelas.com.br\/tvnews\/todas-as-flores-humberto-resgata-judite-de-sequestrada-por-zoe\/\" class=\"_self\" target=\"_self\" >Todas as Flores: Humberto resgata Judite de sequestrada por Zo\u00e9<\/a><\/h4><\/div><\/div><\/div><\/div><\/div><br \/>\n<strong style=\"font-size: 120%;\">\u00daltimas not\u00edcias deste canal:<\/strong><br \/>\n<div class=\"pt-cv-wrapper\"><div class=\"pt-cv-view pt-cv-grid pt-cv-colsys\" id=\"pt-cv-view-90991035b3\"><div data-id=\"pt-cv-page-1\" class=\"pt-cv-page\" data-cvc=\"1\"><div class=\"col-md-12 col-sm-12 col-xs-12 pt-cv-content-item pt-cv-1-col\" ><div class='pt-cv-ifield'><h4 class=\"pt-cv-title\"><a href=\"https:\/\/www.tvnovelas.com.br\/tvnews\/guerra-das-rosas-cihan-vibra-com-desistencia-de-gulru-de-casar-com-mert\/\" class=\"_self\" target=\"_self\" >Guerra das Rosas: Cihan vibra com desist\u00eancia de Gulru de casar com Mert<\/a><\/h4><\/div><\/div>\n<div class=\"col-md-12 col-sm-12 col-xs-12 pt-cv-content-item pt-cv-1-col\" ><div class='pt-cv-ifield'><h4 class=\"pt-cv-title\"><a href=\"https:\/\/www.tvnovelas.com.br\/tvnews\/coracao-de-mae-irmak-denuncia-adnan\/\" class=\"_self\" target=\"_self\" >Cora\u00e7\u00e3o de M\u00e3e: Irmak denuncia Adnan<\/a><\/h4><\/div><\/div>\n<div class=\"col-md-12 col-sm-12 col-xs-12 pt-cv-content-item pt-cv-1-col\" ><div class='pt-cv-ifield'><h4 class=\"pt-cv-title\"><a href=\"https:\/\/www.tvnovelas.com.br\/tvnews\/a-nobreza-do-amor-mirinho-e-obrigado-a-resgatar-tonho\/\" class=\"_self\" target=\"_self\" >A Nobreza do Amor: Mirinho \u00e9 obrigado a resgatar Tonho<\/a><\/h4><\/div><\/div>\n<div class=\"col-md-12 col-sm-12 col-xs-12 pt-cv-content-item pt-cv-1-col\" ><div class='pt-cv-ifield'><h4 class=\"pt-cv-title\"><a href=\"https:\/\/www.tvnovelas.com.br\/tvnews\/tres-gracas-paulinho-e-afastado-da-policia-por-causa-de-gerluce\/\" class=\"_self\" target=\"_self\" >Tr\u00eas Gra\u00e7as: Paulinho \u00e9 afastado da pol\u00edcia por causa de Gerluce<\/a><\/h4><\/div><\/div>\n<div class=\"col-md-12 col-sm-12 col-xs-12 pt-cv-content-item pt-cv-1-col\" ><div class='pt-cv-ifield'><h4 class=\"pt-cv-title\"><a href=\"https:\/\/www.tvnovelas.com.br\/tvnews\/coracao-de-mae-irmak-inicia-jogo-arriscado-contra-adnan\/\" class=\"_self\" target=\"_self\" >Cora\u00e7\u00e3o de M\u00e3e: Irmak inicia jogo arriscado contra Adnan<\/a><\/h4><\/div><\/div>\n<div class=\"col-md-12 col-sm-12 col-xs-12 pt-cv-content-item pt-cv-1-col\" ><div class='pt-cv-ifield'><h4 class=\"pt-cv-title\"><a href=\"https:\/\/www.tvnovelas.com.br\/tvnews\/guerra-das-rosas-omer-chama-gulru-vestida-de-noiva-para-fugir\/\" class=\"_self\" target=\"_self\" >Guerra das Rosas: Omer chama Gulru vestida de noiva para fugir<\/a><\/h4><\/div><\/div>\n<div class=\"col-md-12 col-sm-12 col-xs-12 pt-cv-content-item pt-cv-1-col\" ><div class='pt-cv-ifield'><h4 class=\"pt-cv-title\"><a href=\"https:\/\/www.tvnovelas.com.br\/tvnews\/coracao-de-mae-reha-sai-para-jantar-com-selvi\/\" class=\"_self\" target=\"_self\" >Cora\u00e7\u00e3o de M\u00e3e: Reha sai para jantar com Selvi<\/a><\/h4><\/div><\/div>\n<div class=\"col-md-12 col-sm-12 col-xs-12 pt-cv-content-item pt-cv-1-col\" ><div class='pt-cv-ifield'><h4 class=\"pt-cv-title\"><a href=\"https:\/\/www.tvnovelas.com.br\/tvnews\/coracao-acelerado-zila-se-preocupa-com-sua-situacao-apos-separacao\/\" class=\"_self\" target=\"_self\" >Cora\u00e7\u00e3o Acelerado: Zil\u00e1 se preocupa com sua situa\u00e7\u00e3o ap\u00f3s separa\u00e7\u00e3o<\/a><\/h4><\/div><\/div>\n<div class=\"col-md-12 col-sm-12 col-xs-12 pt-cv-content-item pt-cv-1-col\" ><div class='pt-cv-ifield'><h4 class=\"pt-cv-title\"><a href=\"https:\/\/www.tvnovelas.com.br\/tvnews\/a-nobreza-do-amor-tonho-nao-se-curva-diante-de-mirinho\/\" class=\"_self\" target=\"_self\" >A Nobreza do Amor: Tonho n\u00e3o se curva diante de Mirinho<\/a><\/h4><\/div><\/div>\n<div class=\"col-md-12 col-sm-12 col-xs-12 pt-cv-content-item pt-cv-1-col\" ><div class='pt-cv-ifield'><h4 class=\"pt-cv-title\"><a href=\"https:\/\/www.tvnovelas.com.br\/tvnews\/tres-gracas-arminda-surta-ao-confirmar-que-ferette-e-pai-de-raul\/\" class=\"_self\" target=\"_self\" >Tr\u00eas Gra\u00e7as:  Arminda surta ao confirmar que Ferette \u00e9 pai de Raul<\/a><\/h4><\/div><\/div><\/div><\/div><\/div><br \/>\n<a href=\"https:\/\/www.tvnovelas.com.br\/novelas\/\"><strong>Confira os resumos da semana de todas novelas<\/strong><\/a><br \/>\n<a href=\"http:\/\/tvnovelas.com.br\/filmes\" target=\"_blank\" rel=\"noopener\">Veja tamb\u00e9m: Todas as telas: filmes e s\u00e9ries nos streamings<\/a><\/p>\n<h3>Confira tamb\u00e9m<\/h3>\n<p><a href=\"https:\/\/www.tvnovelas.com.br\/filmes\/\" target=\"_blank\" rel=\"noo 2 pener noreferrer noopener\"><strong>Programa\u00e7\u00e3o de filmes na TV aberta<\/strong><\/a><br \/>\n<a href=\"https:\/\/tvnovelas.com.br\/filmes\/filmes-e-series-ineditos-em-estreia-na-semana-na-netflix\/\" target=\"_blank\" rel=\"noopener noreferrer\"><strong>Estreias da semana na Netflix<\/strong><\/a><br \/>\n<a href=\"https:\/\/caetenews.com.br\/semana\/filmes-da-globo-na-sessao-da-tarde-desta-semana\/\" target=\"_blank\" rel=\"noopener\"><strong>Confira os filmes da semana na Sess\u00e3o da Tarde<\/strong><\/a><br \/>\n<a href=\"\/\/tvnovelas.com.br\/filmes\/filmes-em-estreia-nos-cinemas\/\" target=\"_blank\" rel=\"noopener noreferrer\"><strong>Estreias e novidades no Cinema<\/strong><\/a><br \/>\n<a href=\"https:\/\/www.tvnovelas.com.br\/novelas\/\" target=\"_blank\" rel=\"noopener noreferrer\"><strong>Resumos de novelas<\/strong><\/a><\/p>\n","protected":false},"excerpt":{"rendered":"<p>Em Todas as Flores, a rela\u00e7\u00e3o entre Vanessa (Let\u00edcia Colin) e Zo\u00e9 (Regina Cas\u00e9) anda cada vez mais tensa. Mas nada que n\u00e3o possa piorar! Agora, a estilista vai elevar&#8230;<\/p>\n","protected":false},"author":1,"featured_media":57651,"comment_status":"closed","ping_status":"closed","sticky":false,"template":"","format":"standard","meta":{"_uf_show_specific_survey":0,"_uf_disable_surveys":false,"_jetpack_memberships_contains_paid_content":false,"footnotes":"","_wp_rev_ctl_limit":""},"categories":[236],"tags":[5,64,380],"class_list":["post-57650","post","type-post","status-publish","format-standard","has-post-thumbnail","hentry","category-globo","tag-globo","tag-novelas","tag-todas-as-flores","wpcat-236-id"],"aioseo_notices":[],"jetpack_featured_media_url":"https:\/\/i0.wp.com\/www.tvnovelas.com.br\/tvnews\/wp-content\/uploads\/2023\/10\/38956.jpg?fit=728%2C410&ssl=1","jetpack_shortlink":"https:\/\/wp.me\/pdP2BO-eZQ","jetpack_sharing_enabled":true,"_links":{"self":[{"href":"https:\/\/www.tvnovelas.com.br\/tvnews\/wp-json\/wp\/v2\/posts\/57650","targetHints":{"allow":["GET"]}}],"collection":[{"href":"https:\/\/www.tvnovelas.com.br\/tvnews\/wp-json\/wp\/v2\/posts"}],"about":[{"href":"https:\/\/www.tvnovelas.com.br\/tvnews\/wp-json\/wp\/v2\/types\/post"}],"author":[{"embeddable":true,"href":"https:\/\/www.tvnovelas.com.br\/tvnews\/wp-json\/wp\/v2\/users\/1"}],"replies":[{"embeddable":true,"href":"https:\/\/www.tvnovelas.com.br\/tvnews\/wp-json\/wp\/v2\/comments?post=57650"}],"version-history":[{"count":1,"href":"https:\/\/www.tvnovelas.com.br\/tvnews\/wp-json\/wp\/v2\/posts\/57650\/revisions"}],"predecessor-version":[{"id":57652,"href":"https:\/\/www.tvnovelas.com.br\/tvnews\/wp-json\/wp\/v2\/posts\/57650\/revisions\/57652"}],"wp:featuredmedia":[{"embeddable":true,"href":"https:\/\/www.tvnovelas.com.br\/tvnews\/wp-json\/wp\/v2\/media\/57651"}],"wp:attachment":[{"href":"https:\/\/www.tvnovelas.com.br\/tvnews\/wp-json\/wp\/v2\/media?parent=57650"}],"wp:term":[{"taxonomy":"category","embeddable":true,"href":"https:\/\/www.tvnovelas.com.br\/tvnews\/wp-json\/wp\/v2\/categories?post=57650"},{"taxonomy":"post_tag","embeddable":true,"href":"https:\/\/www.tvnovelas.com.br\/tvnews\/wp-json\/wp\/v2\/tags?post=57650"}],"curies":[{"name":"wp","href":"https:\/\/api.w.org\/{rel}","templated":true}]}}