{"id":57662,"date":"2023-10-18T10:47:34","date_gmt":"2023-10-18T13:47:34","guid":{"rendered":"https:\/\/www.tvnovelas.com.br\/tvnews\/?p=57662"},"modified":"2023-10-18T10:47:34","modified_gmt":"2023-10-18T13:47:34","slug":"todas-as-flores-maira-se-assusta-com-plano-da-mae-zoe","status":"publish","type":"post","link":"https:\/\/www.tvnovelas.com.br\/tvnews\/todas-as-flores-maira-se-assusta-com-plano-da-mae-zoe\/","title":{"rendered":"Todas as Flores: Ma\u00edra se assusta com plano da m\u00e3e, Zo\u00e9"},"content":{"rendered":"<p><em>Em Todas as Flores: Ma\u00edra se assusta&#8230;<\/em><br \/>\n<img data-recalc-dims=\"1\" decoding=\"async\" class=\"alignnone wp-image-57663 size-full\" title=\"(Foto: TV Globo\/Todas as Flores)\" src=\"https:\/\/i0.wp.com\/www.tvnovelas.com.br\/tvnews\/wp-content\/uploads\/2023\/10\/38959.jpg?resize=720%2C410&#038;ssl=1\" alt=\"Foto em Todas as Flores: Ma\u00edra se assusta...\" width=\"720\" height=\"410\" \/><br \/>\nEm Todas as Flores, Ma\u00edra (Sophie Charlotte) vai ser pega de surpresa com plano da m\u00e3e, Zo\u00e9 (Regina Cas\u00e9). A vil\u00e3 prop\u00f5e que as duas contem tudo para Rafael (Humberto Carr\u00e3o), em uma proposta de alian\u00e7a com o presidente da Rhodes. Sem imaginar a rendi\u00e7\u00e3o da m\u00e3e, ela ouve a ideia da vil\u00e3 e se assusta.<\/p>\n<p>Ao aparecer de surpresa na casa de Judite (Mariana Nunes), a vil\u00e3 chama Ma\u00edra para ter uma conversa em particular. &#8220;Eu queria combinar uma coisa com voc\u00ea. Eu resolvi que a gente vai contar tudo para o Rafael&#8221;, diz ela. &#8220;Contar o qu\u00ea? Contar do meu beb\u00ea?&#8221;, questiona a perfumista. &#8220;Tamb\u00e9m, mas eu quero contar para ele a mal car\u00e1ter que a Vanessa \u00e9&#8221;, diz Zo\u00e9. &#8220;Mas por que isso agora?&#8221;, pergunta a mo\u00e7a.<\/p>\n<p>Em seguida, a loira da fac\u00e7\u00e3o conta que foi parar na pris\u00e3o ap\u00f3s Vanessa (Let\u00edcia Colin) fazer uma den\u00fancia contra ela.<\/p>\n<p>&#8220;Ela precisa ir para o fundo do po\u00e7o. Ela precisa ficar por baixo, porque a sua irm\u00e3 precisa ser castigada por todo mal que ela fez para voc\u00ea, para mim, para o seu filho, para Rafael e para todo mundo. Voc\u00ea acredita que ela me jogou na cadeia, Ma\u00edra?&#8221;, conta a vil\u00e3.<\/p>\n<p>Ma\u00edra fica incr\u00e9dula, o que faz Zo\u00e9 continuar o desabafo. &#8220;\u00c9, ela me jogou na cadeia. Minha pr\u00f3pria filha&#8221;, frisa ela. &#8220;Mas o que aconteceu? Me conta isso direito&#8221;, pede a perfumista.<\/p>\n<p>Sem contar a verdade de onde conseguiu o dinheiro, recebido ap\u00f3s um trato com Vanessa pela venda do neto, Rivaldinho, filho de Ma\u00edra e Rafael, para um casal de estrangeiros, Zo\u00e9 criou uma mentira para escapar da filha. No entanto, o que ela n\u00e3o imagina \u00e9 que a perfumista n\u00e3o s\u00f3 sabe como a m\u00e3e conquistou o dinheiro, mas tamb\u00e9m roubou a quantia dela.<\/p>\n<p>&#8220;Eu tinha umas economias minhas que eu conquistei com muito sacrif\u00edcio, s\u00f3 eu sei. Eu guardava l\u00e1 em casa. Voc\u00ea acredita que ela se infiltrou l\u00e1, aproveitou minha aus\u00eancia, ela entrou que nem uma ratazana, ela foi l\u00e1 e roubou tudo que eu tinha, Ma\u00edra&#8221;, diz ela. Ma\u00edra entra na onda da mentira e tenta aparentar choque. &#8220;Que loucura! Que isso, n\u00e3o estou acreditando&#8221;, afirma a perfumista.<\/p>\n<p>Ent\u00e3o, Zo\u00e9 conta que foi at\u00e9 o apartamento de Vanessa para pegar de volta o que a pertencia. No entanto, se deparou com a chegada da estilista, que chamou os agentes.<\/p>\n<p>&#8220;Pois bem, eu fui l\u00e1 para pegar de volta o que era meu. Cheguei l\u00e1 e ela tinha malocado o dinheiro em outro lugar. N\u00e3o sei para onde que ela levou. Eu n\u00e3o achei mais nada. Eu sem nada peguei umas joias, umas coisas, que fui encontrando e fui apanhando para me ressacir de alguma maneira, pelo amor de Deus. Sabe o que ela fez? Chamou a pol\u00edcia e mandou me prender, como se eu tivesse roubado ela, Ma\u00edra&#8221;, diz a vil\u00e3.<\/p>\n<p>&#8220;Eu estou chocada&#8221;, finge Ma\u00edra. &#8220;Que \u00f3dio! Pior do que estar sem grana nenhuma, eu vou te dizer o que que \u00e9: \u00e9 esse punhal cravado nas minhas costas. S\u00f3 eu sei o que podia ter passado naquela cela, uma cela imunda, em uma cadeia e eu jogada l\u00e1. Se n\u00e3o fosse o Rafael a pagar minha fian\u00e7a&#8221;, conta Zo\u00e9.<\/p>\n<p>Nesse momento, a perfumista fica surpresa ao saber da participa\u00e7\u00e3o de Rafael na soltura da m\u00e3e da cadeia. &#8220;Rafael, acredite se quiser. Ainda disse que ia me ajudar se eu colaborar com ele&#8221;, afirma a vil\u00e3.<\/p>\n<p>&#8220;Mas como assim? Colaborar em qu\u00ea?&#8221;, questiona Ma\u00edra. &#8220;Virou o jogo. Teu momento agora. Ele est\u00e1 abrindo os olhos. Voc\u00ea est\u00e1 entendendo? Ele est\u00e1 come\u00e7ando a desconfiar da Vanessa e \u00e9 a\u00ed que a gente vai entrar. Ele ainda \u00e9 apaixonado por voc\u00ea, meu bem. Ele te quer garota&#8221;, diz Zo\u00e9.<\/p>\n<p>&#8220;Onde a senhora est\u00e1 querendo chegar com tudo isso?&#8221;, questiona a perfumista. &#8220;Na sua volta por cima, querida. O plano \u00e9 o seguinte: eu vou contar para o Rafael que o Rivaldinho \u00e9 filho dele e que ele foi sequestrado pela Vanessa para te chantagear e separar voc\u00eas dois. Depois eu ajudo ele a resgatar o filho dele, ele ainda vai ficar muito agradecido a mim e a\u00ed de lambuja a gente ainda vai ferrar com a Vanessa, porque \u00e9 o que ela merece, aquela lacraia&#8221;, explica a loira da fac\u00e7\u00e3o.<\/p>\n<p>Logo, Ma\u00edra lembra que foi a m\u00e3e que tirou o filho dos seus bra\u00e7os. &#8220;Mas foi a senhora que tirou meu filho de mim. Como voc\u00ea pretende contar essa hist\u00f3ria, revelar isso, sem se envolver?&#8221;, questiona. &#8220;Botando tudo na conta da Vanessa e voc\u00ea vai endossar. Voc\u00ea falando todo mundo vai acreditar, depois de tudo que aconteceu. E ele ainda vai ficar t\u00e3o agradecido a mim&#8221;, destaca Zo\u00e9.<\/p>\n<p>A perfumista retruca a m\u00e3e e pergunta quem diz que ela quer voltar para o presidente da Rhodes. Zo\u00e9 n\u00e3o aceita um n\u00e3o e afirma que a filha precisa voltar para Rafael.<\/p>\n<p>&#8220;\u00c9 claro que quer, voc\u00ea quer voltar com Rafael, com certeza. E quando voc\u00ea estiver l\u00e1 no lugar daquela lacraia voc\u00ea n\u00e3o vai esquecer da mam\u00e3ezinha aqui e de tudo isso que ela fez por voc\u00eas. Carinhosa e boazinha do jeito que voc\u00ea \u00e9, voc\u00ea vai saber retribuir tudo que a mam\u00e3e fez. A gente vai se livrar da Vanessa, voc\u00ea vai voltar com Rafael e todo mundo vai ficar agradecido a mim&#8221;, finaliza ela.<br \/>\n<a href=\"https:\/\/wp.me\/p8dmjy-9zr\" target=\"_blank\" rel=\"noopener\">Resumos dos cap\u00edtulos da semana de Todas as Flores<\/a><br \/>\n<strong style=\"font-size: 120%;\">\u00daltimas not\u00edcias de Todas as Flores:<\/strong><br \/>\n<div class=\"pt-cv-wrapper\"><div class=\"pt-cv-view pt-cv-grid pt-cv-colsys\" id=\"pt-cv-view-57ad3a3tms\"><div data-id=\"pt-cv-page-1\" class=\"pt-cv-page\" data-cvc=\"1\"><div class=\"col-md-12 col-sm-12 col-xs-12 pt-cv-content-item pt-cv-1-col\" ><div class='pt-cv-ifield'><h4 class=\"pt-cv-title\"><a href=\"https:\/\/www.tvnovelas.com.br\/tvnews\/todas-as-flores-no-fim-acerto-de-contas-entre-maira-vanessa-e-zoe\/\" class=\"_self\" target=\"_self\" >Todas as Flores: No fim, acerto de contas entre Ma\u00edra, Vanessa e Zo\u00e9<\/a><\/h4><\/div><\/div>\n<div class=\"col-md-12 col-sm-12 col-xs-12 pt-cv-content-item pt-cv-1-col\" ><div class='pt-cv-ifield'><h4 class=\"pt-cv-title\"><a href=\"https:\/\/www.tvnovelas.com.br\/tvnews\/todas-as-flores-pablo-trai-vanessa-e-prende-estilista-no-porao\/\" class=\"_self\" target=\"_self\" >Todas as Flores: Pablo trai Vanessa e prende estilista no por\u00e3o<\/a><\/h4><\/div><\/div>\n<div class=\"col-md-12 col-sm-12 col-xs-12 pt-cv-content-item pt-cv-1-col\" ><div class='pt-cv-ifield'><h4 class=\"pt-cv-title\"><a href=\"https:\/\/www.tvnovelas.com.br\/tvnews\/todas-as-flores-olavo-arma-para-eliminar-rafael\/\" class=\"_self\" target=\"_self\" >Todas as Flores: Olavo arma para eliminar Rafael<\/a><\/h4><\/div><\/div>\n<div class=\"col-md-12 col-sm-12 col-xs-12 pt-cv-content-item pt-cv-1-col\" ><div class='pt-cv-ifield'><h4 class=\"pt-cv-title\"><a href=\"https:\/\/www.tvnovelas.com.br\/tvnews\/todas-as-flores-vanessa-sequestra-e-prende-zoe-em-porao\/\" class=\"_self\" target=\"_self\" >Todas as Flores: Vanessa sequestra e prende Zo\u00e9 em por\u00e3o<\/a><\/h4><\/div><\/div>\n<div class=\"col-md-12 col-sm-12 col-xs-12 pt-cv-content-item pt-cv-1-col\" ><div class='pt-cv-ifield'><h4 class=\"pt-cv-title\"><a href=\"https:\/\/www.tvnovelas.com.br\/tvnews\/todas-as-flores-zoe-mata-humberto\/\" class=\"_self\" target=\"_self\" >Todas as Flores: Zo\u00e9 mata Humberto<\/a><\/h4><\/div><\/div>\n<div class=\"col-md-12 col-sm-12 col-xs-12 pt-cv-content-item pt-cv-1-col\" ><div class='pt-cv-ifield'><h4 class=\"pt-cv-title\"><a href=\"https:\/\/www.tvnovelas.com.br\/tvnews\/todas-as-flores-humberto-resgata-judite-de-sequestrada-por-zoe\/\" class=\"_self\" target=\"_self\" >Todas as Flores: Humberto resgata Judite de sequestrada por Zo\u00e9<\/a><\/h4><\/div><\/div><\/div><\/div><\/div><br \/>\n<strong style=\"font-size: 120%;\">\u00daltimas not\u00edcias deste canal:<\/strong><br \/>\n<div class=\"pt-cv-wrapper\"><div class=\"pt-cv-view pt-cv-grid pt-cv-colsys\" id=\"pt-cv-view-90991035b3\"><div data-id=\"pt-cv-page-1\" class=\"pt-cv-page\" data-cvc=\"1\"><div class=\"col-md-12 col-sm-12 col-xs-12 pt-cv-content-item pt-cv-1-col\" ><div class='pt-cv-ifield'><h4 class=\"pt-cv-title\"><a href=\"https:\/\/www.tvnovelas.com.br\/tvnews\/a-nobreza-do-amor-mirinho-e-obrigado-a-resgatar-tonho\/\" class=\"_self\" target=\"_self\" >A Nobreza do Amor: Mirinho \u00e9 obrigado a resgatar Tonho<\/a><\/h4><\/div><\/div>\n<div class=\"col-md-12 col-sm-12 col-xs-12 pt-cv-content-item pt-cv-1-col\" ><div class='pt-cv-ifield'><h4 class=\"pt-cv-title\"><a href=\"https:\/\/www.tvnovelas.com.br\/tvnews\/tres-gracas-paulinho-e-afastado-da-policia-por-causa-de-gerluce\/\" class=\"_self\" target=\"_self\" >Tr\u00eas Gra\u00e7as: Paulinho \u00e9 afastado da pol\u00edcia por causa de Gerluce<\/a><\/h4><\/div><\/div>\n<div class=\"col-md-12 col-sm-12 col-xs-12 pt-cv-content-item pt-cv-1-col\" ><div class='pt-cv-ifield'><h4 class=\"pt-cv-title\"><a href=\"https:\/\/www.tvnovelas.com.br\/tvnews\/coracao-de-mae-irmak-inicia-jogo-arriscado-contra-adnan\/\" class=\"_self\" target=\"_self\" >Cora\u00e7\u00e3o de M\u00e3e: Irmak inicia jogo arriscado contra Adnan<\/a><\/h4><\/div><\/div>\n<div class=\"col-md-12 col-sm-12 col-xs-12 pt-cv-content-item pt-cv-1-col\" ><div class='pt-cv-ifield'><h4 class=\"pt-cv-title\"><a href=\"https:\/\/www.tvnovelas.com.br\/tvnews\/guerra-das-rosas-omer-chama-gulru-vestida-de-noiva-para-fugir\/\" class=\"_self\" target=\"_self\" >Guerra das Rosas: Omer chama Gulru vestida de noiva para fugir<\/a><\/h4><\/div><\/div>\n<div class=\"col-md-12 col-sm-12 col-xs-12 pt-cv-content-item pt-cv-1-col\" ><div class='pt-cv-ifield'><h4 class=\"pt-cv-title\"><a href=\"https:\/\/www.tvnovelas.com.br\/tvnews\/coracao-de-mae-reha-sai-para-jantar-com-selvi\/\" class=\"_self\" target=\"_self\" >Cora\u00e7\u00e3o de M\u00e3e: Reha sai para jantar com Selvi<\/a><\/h4><\/div><\/div>\n<div class=\"col-md-12 col-sm-12 col-xs-12 pt-cv-content-item pt-cv-1-col\" ><div class='pt-cv-ifield'><h4 class=\"pt-cv-title\"><a href=\"https:\/\/www.tvnovelas.com.br\/tvnews\/coracao-acelerado-zila-se-preocupa-com-sua-situacao-apos-separacao\/\" class=\"_self\" target=\"_self\" >Cora\u00e7\u00e3o Acelerado: Zil\u00e1 se preocupa com sua situa\u00e7\u00e3o ap\u00f3s separa\u00e7\u00e3o<\/a><\/h4><\/div><\/div>\n<div class=\"col-md-12 col-sm-12 col-xs-12 pt-cv-content-item pt-cv-1-col\" ><div class='pt-cv-ifield'><h4 class=\"pt-cv-title\"><a href=\"https:\/\/www.tvnovelas.com.br\/tvnews\/a-nobreza-do-amor-tonho-nao-se-curva-diante-de-mirinho\/\" class=\"_self\" target=\"_self\" >A Nobreza do Amor: Tonho n\u00e3o se curva diante de Mirinho<\/a><\/h4><\/div><\/div>\n<div class=\"col-md-12 col-sm-12 col-xs-12 pt-cv-content-item pt-cv-1-col\" ><div class='pt-cv-ifield'><h4 class=\"pt-cv-title\"><a href=\"https:\/\/www.tvnovelas.com.br\/tvnews\/tres-gracas-arminda-surta-ao-confirmar-que-ferette-e-pai-de-raul\/\" class=\"_self\" target=\"_self\" >Tr\u00eas Gra\u00e7as:  Arminda surta ao confirmar que Ferette \u00e9 pai de Raul<\/a><\/h4><\/div><\/div>\n<div class=\"col-md-12 col-sm-12 col-xs-12 pt-cv-content-item pt-cv-1-col\" ><div class='pt-cv-ifield'><h4 class=\"pt-cv-title\"><a href=\"https:\/\/www.tvnovelas.com.br\/tvnews\/coracao-de-mae-atilla-confronta-hasan-e-exige-o-divorcio-de-lale\/\" class=\"_self\" target=\"_self\" >Cora\u00e7\u00e3o de M\u00e3e: Atilla confronta Hasan e exige o div\u00f3rcio de Lale<\/a><\/h4><\/div><\/div>\n<div class=\"col-md-12 col-sm-12 col-xs-12 pt-cv-content-item pt-cv-1-col\" ><div class='pt-cv-ifield'><h4 class=\"pt-cv-title\"><a href=\"https:\/\/www.tvnovelas.com.br\/tvnews\/guerra-das-rosas-gulfem-coloca-gulru-contra-a-parede\/\" class=\"_self\" target=\"_self\" >Guerra das Rosas: Gulfem coloca Gulru contra a parede<\/a><\/h4><\/div><\/div><\/div><\/div><\/div><br \/>\n<a href=\"https:\/\/www.tvnovelas.com.br\/novelas\/\"><strong>Confira os resumos da semana de todas novelas<\/strong><\/a><br \/>\n<a href=\"http:\/\/tvnovelas.com.br\/filmes\" target=\"_blank\" rel=\"noopener\">Veja tamb\u00e9m: Todas as telas: filmes e s\u00e9ries nos streamings<\/a><\/p>\n<h3>Confira tamb\u00e9m<\/h3>\n<p><a href=\"https:\/\/www.tvnovelas.com.br\/filmes\/\" target=\"_blank\" rel=\"noo 2 pener noreferrer noopener\"><strong>Programa\u00e7\u00e3o de filmes na TV aberta<\/strong><\/a><br \/>\n<a href=\"https:\/\/tvnovelas.com.br\/filmes\/filmes-e-series-ineditos-em-estreia-na-semana-na-netflix\/\" target=\"_blank\" rel=\"noopener noreferrer\"><strong>Estreias da semana na Netflix<\/strong><\/a><br \/>\n<a href=\"https:\/\/caetenews.com.br\/semana\/filmes-da-globo-na-sessao-da-tarde-desta-semana\/\" target=\"_blank\" rel=\"noopener\"><strong>Confira os filmes da semana na Sess\u00e3o da Tarde<\/strong><\/a><br \/>\n<a href=\"\/\/tvnovelas.com.br\/filmes\/filmes-em-estreia-nos-cinemas\/\" target=\"_blank\" rel=\"noopener noreferrer\"><strong>Estreias e novidades no Cinema<\/strong><\/a><br \/>\n<a href=\"https:\/\/www.tvnovelas.com.br\/novelas\/\" target=\"_blank\" rel=\"noopener noreferrer\"><strong>Resumos de novelas<\/strong><\/a><\/p>\n","protected":false},"excerpt":{"rendered":"<p>Em Todas as Flores, Ma\u00edra (Sophie Charlotte) vai ser pega de surpresa com plano da m\u00e3e, Zo\u00e9 (Regina Cas\u00e9). A vil\u00e3 prop\u00f5e que as duas contem tudo para Rafael&#8230;<\/p>\n","protected":false},"author":1,"featured_media":57663,"comment_status":"closed","ping_status":"closed","sticky":false,"template":"","format":"standard","meta":{"_uf_show_specific_survey":0,"_uf_disable_surveys":false,"_jetpack_memberships_contains_paid_content":false,"footnotes":"","_wp_rev_ctl_limit":""},"categories":[236],"tags":[5,64,380],"class_list":["post-57662","post","type-post","status-publish","format-standard","has-post-thumbnail","hentry","category-globo","tag-globo","tag-novelas","tag-todas-as-flores","wpcat-236-id"],"aioseo_notices":[],"jetpack_featured_media_url":"https:\/\/i0.wp.com\/www.tvnovelas.com.br\/tvnews\/wp-content\/uploads\/2023\/10\/38959.jpg?fit=720%2C410&ssl=1","jetpack_shortlink":"https:\/\/wp.me\/pdP2BO-f02","jetpack_sharing_enabled":true,"_links":{"self":[{"href":"https:\/\/www.tvnovelas.com.br\/tvnews\/wp-json\/wp\/v2\/posts\/57662","targetHints":{"allow":["GET"]}}],"collection":[{"href":"https:\/\/www.tvnovelas.com.br\/tvnews\/wp-json\/wp\/v2\/posts"}],"about":[{"href":"https:\/\/www.tvnovelas.com.br\/tvnews\/wp-json\/wp\/v2\/types\/post"}],"author":[{"embeddable":true,"href":"https:\/\/www.tvnovelas.com.br\/tvnews\/wp-json\/wp\/v2\/users\/1"}],"replies":[{"embeddable":true,"href":"https:\/\/www.tvnovelas.com.br\/tvnews\/wp-json\/wp\/v2\/comments?post=57662"}],"version-history":[{"count":1,"href":"https:\/\/www.tvnovelas.com.br\/tvnews\/wp-json\/wp\/v2\/posts\/57662\/revisions"}],"predecessor-version":[{"id":57664,"href":"https:\/\/www.tvnovelas.com.br\/tvnews\/wp-json\/wp\/v2\/posts\/57662\/revisions\/57664"}],"wp:featuredmedia":[{"embeddable":true,"href":"https:\/\/www.tvnovelas.com.br\/tvnews\/wp-json\/wp\/v2\/media\/57663"}],"wp:attachment":[{"href":"https:\/\/www.tvnovelas.com.br\/tvnews\/wp-json\/wp\/v2\/media?parent=57662"}],"wp:term":[{"taxonomy":"category","embeddable":true,"href":"https:\/\/www.tvnovelas.com.br\/tvnews\/wp-json\/wp\/v2\/categories?post=57662"},{"taxonomy":"post_tag","embeddable":true,"href":"https:\/\/www.tvnovelas.com.br\/tvnews\/wp-json\/wp\/v2\/tags?post=57662"}],"curies":[{"name":"wp","href":"https:\/\/api.w.org\/{rel}","templated":true}]}}