{"id":57890,"date":"2023-10-23T09:33:44","date_gmt":"2023-10-23T12:33:44","guid":{"rendered":"https:\/\/www.tvnovelas.com.br\/tvnews\/?p=57890"},"modified":"2023-10-23T09:33:44","modified_gmt":"2023-10-23T12:33:44","slug":"todas-as-flores-pablo-encontra-filho-de-maira-na-casa-de-vanessa","status":"publish","type":"post","link":"https:\/\/www.tvnovelas.com.br\/tvnews\/todas-as-flores-pablo-encontra-filho-de-maira-na-casa-de-vanessa\/","title":{"rendered":"Todas as Flores: Pablo encontra filho de Ma\u00edra na casa de Vanessa"},"content":{"rendered":"<p><em>Em Todas as Flores: Pablo encontra filho<\/em><br \/>\n<img data-recalc-dims=\"1\" decoding=\"async\" class=\"alignnone wp-image-57891 size-full\" title=\"(Foto: TV Globo\/Todas as Flores)\" src=\"https:\/\/i0.wp.com\/www.tvnovelas.com.br\/tvnews\/wp-content\/uploads\/2023\/10\/38428.jpg?resize=728%2C410&#038;ssl=1\" alt=\"Foto em Todas as Flores: Pablo encontra filho\" width=\"728\" height=\"410\" srcset=\"https:\/\/i0.wp.com\/www.tvnovelas.com.br\/tvnews\/wp-content\/uploads\/2023\/10\/38428.jpg?w=728&amp;ssl=1 728w, https:\/\/i0.wp.com\/www.tvnovelas.com.br\/tvnews\/wp-content\/uploads\/2023\/10\/38428.jpg?resize=678%2C381&amp;ssl=1 678w\" sizes=\"(max-width: 728px) 100vw, 728px\" \/><br \/>\nEm Todas as Flores, Pablo (Caio Castro) \u00e9 surpreendido com a presen\u00e7a de Rivaldinho, filho de Ma\u00edra (Sophie Charlotte), no apartamento de Vanessa (Let\u00edcia Colin). Decidido a levar o beb\u00ea embora, o vendedor diz para a estilista que vai pegar a crian\u00e7a. No entanto, \u00e9 impedido pela vil\u00e3.<\/p>\n<p>O beb\u00ea vai parar no apartamento da megera depois de convencer Zo\u00e9 (Regina Cas\u00e9) a lhe dar Rivaldinho, alegando que deixar\u00e1 o sobrinho em um lugar seguro. A av\u00f3 reluta e, com o neto no colo, diz n\u00e3o acreditar na vil\u00e3. Mas \u00e9 convencida pela estilista a dar o pequeno. Sem alternativa e com medo de ser presa, ela cede aos pedidos de Vanessa e ap\u00f3s deixar Rivaldinho com a filha, cai no choro.<\/p>\n<p>Com Rivaldinho j\u00e1 em seu apartamento, Vanessa recebe a visita de Pablo, que encontra por acaso no ber\u00e7o o beb\u00ea ao lado de Nicolau, filho do vendedor com a estilista. &#8220;O que voc\u00ea est\u00e1 fazendo aqui? Voc\u00ea n\u00e3o pode ir entrando desse jeito, n\u00e3o. Vamos embora&#8221;, diz a estilista. &#8220;Eu vim ver meu filho e tu est\u00e1 com o beb\u00ea da Ma\u00edra&#8221;, afirma o rapaz.<\/p>\n<p>&#8220;Que filho da Ma\u00edra? Voc\u00ea est\u00e1 louco? N\u00e3o \u00e9 filho da Ma\u00edra, n\u00e3o&#8221;, diz Vanessa, que tenta enganar o vendedor da Rhodes.<\/p>\n<p>&#8220;Isso aqui \u00e9 o filho da Ma\u00edra. Eu conhe\u00e7o esse moleque&#8221;, garante Pablo. &#8220;N\u00e3o, querido, ele pode ser parecido. Crian\u00e7a \u00e9 tudo igual&#8221;, diz a v\u00edbora. &#8220;O que esse nen\u00e9m est\u00e1 fazendo aqui?&#8221;, questiona o rapaz. A estilista mente e tentar enganar o filho de Judite (Mariana Nunes). &#8220;Ele \u00e9 filho de uma amiga da mam\u00e3e&#8221;, afirma ela, que tenta fazer Pablo sair dali. &#8220;Voc\u00ea quer que eles comecem a berrar na nossa orelha? Melhor n\u00e3o! Vamos l\u00e1 para fora&#8221;, diz. Os dois v\u00e3o at\u00e9 a sala e, por l\u00e1, Pablo fica irritado com as mentiras de Vanessa.<\/p>\n<p>&#8220;Impressionante, Vanessa. Voc\u00ea tenta enganar as pessoas, pelo amor de Deus. Voc\u00ea \u00e9 muito louca. Agora, n\u00e3o era para eu ser o her\u00f3i da hist\u00f3ria? Pegar o filho da Ma\u00edra e devolver para ela. A hora chegou. Eu vou levar o Rivaldinho daqui&#8221;, afirma ele.<\/p>\n<p>Mais uma vez, a estilista tenta enganar o rapaz e diz que a crian\u00e7a n\u00e3o \u00e9 Rivaldinho. &#8220;N\u00e3o \u00e9 filho dela. N\u00e3o \u00e9 filho da Ma\u00edra. Estava escuro, voc\u00ea n\u00e3o viu direito. Voc\u00ea est\u00e1 m\u00edope?&#8221;, diz ela, em tom de deboche. &#8220;N\u00e3o me faz de idiota, n\u00e3o, porque eu n\u00e3o sou o Rafael. D\u00e1 o papo para mim. \u00c9 o Rivaldinho que est\u00e1 ali, o filho da Ma\u00edra&#8221;, declara Pablo.<\/p>\n<p>Irritada j\u00e1 com a atitude de Pablo, Vanessa pede que o vendedor n\u00e3o se meta em seus neg\u00f3cios, al\u00e9m de afirmar que outra hora fala a respeito disso. O rapaz se incomoda com a postura de estilista e a questiona se os dois n\u00e3o s\u00e3o parceiros. &#8220;Pera a\u00ed! A gente n\u00e3o \u00e9 parceiro? Ent\u00e3o, parceiro tem que saber o que o outro vai fazer. Qual \u00e9 o teu plano? O que tu vai fazer com o moleque? Tem que falar para mim, Vanessa&#8221;, destaca ele.<\/p>\n<p>&#8220;Voc\u00ea tem que ir embora daqui, querido. Voc\u00ea est\u00e1 me atrapalhando. Rafael vai chegar a qualquer momento. Voc\u00ea tem que vazar daqui, vai, anda&#8221;, diz Vanessa. &#8220;E tu vai fazer o qu\u00ea? Tu vai pegar o filho da Ma\u00edra e vai colocar no colo do Rafael?&#8221;, pergunta Pablo. &#8220;Vai embora, por favor!&#8221;, pede a estilista de novo.<\/p>\n<p>&#8220;Eu n\u00e3o vou, eu n\u00e3o vou abandonar o beb\u00ea da Ma\u00edra aqui com voc\u00ea. Vanessa, eu n\u00e3o confio em voc\u00ea. Eu sei a raiva que voc\u00ea tem dessa mulher. Eu n\u00e3o sei o que voc\u00ea pode fazer com essa crian\u00e7a. Eu n\u00e3o vou embora&#8221;, diz Pablo.<\/p>\n<p>J\u00e1 de saco cheio de tantas perguntas de Pablo e da vontade dele em querer levar Rivaldinho dali, Vanessa explica que n\u00e3o vai fazer nenhuma maldade contra a crian\u00e7a. &#8220;Pablo, eu sei que parece que eu sou perversa, malvadona, mas eu sou peace and love (paz e amor). Eu juro, esse beb\u00ea est\u00e1 seguro. Eu n\u00e3o vou machucar ele. Por favor, confia em mim! Pela minha paz, vai embora. Depois eu te conto tudo. Rafael vai chegar aqui e vai tudo por \u00e1gua abaixo. N\u00e3o vai adiantar nada esses meses todos que a gente est\u00e1 tramando. Vai embora. Eu te conto tudo&#8221;, afirma.<\/p>\n<p>Pablo acaba caindo no papo de Vanessa e cede ao pedido da estilista. Ele decide ir embora do apartamento, mas sem antes de deixar um recado. &#8220;Voc\u00ea \u00e9 muito louca. Eu vou embora para n\u00e3o arranjar problema com voc\u00ea e teu bauzinho de dinheiro, mas amanh\u00e3 tu vai me contar o que est\u00e1 acontecendo. N\u00e3o me faz de idiota, n\u00e3o, Vanessa&#8221;, finaliza.<br \/>\n<a href=\"https:\/\/wp.me\/p8dmjy-9zr\" target=\"_blank\" rel=\"noopener\">Resumos dos cap\u00edtulos da semana de Todas as Flores<\/a><br \/>\n<strong style=\"font-size: 120%;\">\u00daltimas not\u00edcias de Todas as Flores:<\/strong><br \/>\n<div class=\"pt-cv-wrapper\"><div class=\"pt-cv-view pt-cv-grid pt-cv-colsys\" id=\"pt-cv-view-57ad3a3tms\"><div data-id=\"pt-cv-page-1\" class=\"pt-cv-page\" data-cvc=\"1\"><div class=\"col-md-12 col-sm-12 col-xs-12 pt-cv-content-item pt-cv-1-col\" ><div class='pt-cv-ifield'><h4 class=\"pt-cv-title\"><a href=\"https:\/\/www.tvnovelas.com.br\/tvnews\/todas-as-flores-no-fim-acerto-de-contas-entre-maira-vanessa-e-zoe\/\" class=\"_self\" target=\"_self\" >Todas as Flores: No fim, acerto de contas entre Ma\u00edra, Vanessa e Zo\u00e9<\/a><\/h4><\/div><\/div>\n<div class=\"col-md-12 col-sm-12 col-xs-12 pt-cv-content-item pt-cv-1-col\" ><div class='pt-cv-ifield'><h4 class=\"pt-cv-title\"><a href=\"https:\/\/www.tvnovelas.com.br\/tvnews\/todas-as-flores-pablo-trai-vanessa-e-prende-estilista-no-porao\/\" class=\"_self\" target=\"_self\" >Todas as Flores: Pablo trai Vanessa e prende estilista no por\u00e3o<\/a><\/h4><\/div><\/div>\n<div class=\"col-md-12 col-sm-12 col-xs-12 pt-cv-content-item pt-cv-1-col\" ><div class='pt-cv-ifield'><h4 class=\"pt-cv-title\"><a href=\"https:\/\/www.tvnovelas.com.br\/tvnews\/todas-as-flores-olavo-arma-para-eliminar-rafael\/\" class=\"_self\" target=\"_self\" >Todas as Flores: Olavo arma para eliminar Rafael<\/a><\/h4><\/div><\/div>\n<div class=\"col-md-12 col-sm-12 col-xs-12 pt-cv-content-item pt-cv-1-col\" ><div class='pt-cv-ifield'><h4 class=\"pt-cv-title\"><a href=\"https:\/\/www.tvnovelas.com.br\/tvnews\/todas-as-flores-vanessa-sequestra-e-prende-zoe-em-porao\/\" class=\"_self\" target=\"_self\" >Todas as Flores: Vanessa sequestra e prende Zo\u00e9 em por\u00e3o<\/a><\/h4><\/div><\/div>\n<div class=\"col-md-12 col-sm-12 col-xs-12 pt-cv-content-item pt-cv-1-col\" ><div class='pt-cv-ifield'><h4 class=\"pt-cv-title\"><a href=\"https:\/\/www.tvnovelas.com.br\/tvnews\/todas-as-flores-zoe-mata-humberto\/\" class=\"_self\" target=\"_self\" >Todas as Flores: Zo\u00e9 mata Humberto<\/a><\/h4><\/div><\/div>\n<div class=\"col-md-12 col-sm-12 col-xs-12 pt-cv-content-item pt-cv-1-col\" ><div class='pt-cv-ifield'><h4 class=\"pt-cv-title\"><a href=\"https:\/\/www.tvnovelas.com.br\/tvnews\/todas-as-flores-humberto-resgata-judite-de-sequestrada-por-zoe\/\" class=\"_self\" target=\"_self\" >Todas as Flores: Humberto resgata Judite de sequestrada por Zo\u00e9<\/a><\/h4><\/div><\/div><\/div><\/div><\/div><br \/>\n<strong style=\"font-size: 120%;\">\u00daltimas not\u00edcias deste canal:<\/strong><br \/>\n<div class=\"pt-cv-wrapper\"><div class=\"pt-cv-view pt-cv-grid pt-cv-colsys\" id=\"pt-cv-view-90991035b3\"><div data-id=\"pt-cv-page-1\" class=\"pt-cv-page\" data-cvc=\"1\"><div class=\"col-md-12 col-sm-12 col-xs-12 pt-cv-content-item pt-cv-1-col\" ><div class='pt-cv-ifield'><h4 class=\"pt-cv-title\"><a href=\"https:\/\/www.tvnovelas.com.br\/tvnews\/a-nobreza-do-amor-mirinho-e-obrigado-a-resgatar-tonho\/\" class=\"_self\" target=\"_self\" >A Nobreza do Amor: Mirinho \u00e9 obrigado a resgatar Tonho<\/a><\/h4><\/div><\/div>\n<div class=\"col-md-12 col-sm-12 col-xs-12 pt-cv-content-item pt-cv-1-col\" ><div class='pt-cv-ifield'><h4 class=\"pt-cv-title\"><a href=\"https:\/\/www.tvnovelas.com.br\/tvnews\/tres-gracas-paulinho-e-afastado-da-policia-por-causa-de-gerluce\/\" class=\"_self\" target=\"_self\" >Tr\u00eas Gra\u00e7as: Paulinho \u00e9 afastado da pol\u00edcia por causa de Gerluce<\/a><\/h4><\/div><\/div>\n<div class=\"col-md-12 col-sm-12 col-xs-12 pt-cv-content-item pt-cv-1-col\" ><div class='pt-cv-ifield'><h4 class=\"pt-cv-title\"><a href=\"https:\/\/www.tvnovelas.com.br\/tvnews\/coracao-de-mae-irmak-inicia-jogo-arriscado-contra-adnan\/\" class=\"_self\" target=\"_self\" >Cora\u00e7\u00e3o de M\u00e3e: Irmak inicia jogo arriscado contra Adnan<\/a><\/h4><\/div><\/div>\n<div class=\"col-md-12 col-sm-12 col-xs-12 pt-cv-content-item pt-cv-1-col\" ><div class='pt-cv-ifield'><h4 class=\"pt-cv-title\"><a href=\"https:\/\/www.tvnovelas.com.br\/tvnews\/guerra-das-rosas-omer-chama-gulru-vestida-de-noiva-para-fugir\/\" class=\"_self\" target=\"_self\" >Guerra das Rosas: Omer chama Gulru vestida de noiva para fugir<\/a><\/h4><\/div><\/div>\n<div class=\"col-md-12 col-sm-12 col-xs-12 pt-cv-content-item pt-cv-1-col\" ><div class='pt-cv-ifield'><h4 class=\"pt-cv-title\"><a href=\"https:\/\/www.tvnovelas.com.br\/tvnews\/coracao-de-mae-reha-sai-para-jantar-com-selvi\/\" class=\"_self\" target=\"_self\" >Cora\u00e7\u00e3o de M\u00e3e: Reha sai para jantar com Selvi<\/a><\/h4><\/div><\/div>\n<div class=\"col-md-12 col-sm-12 col-xs-12 pt-cv-content-item pt-cv-1-col\" ><div class='pt-cv-ifield'><h4 class=\"pt-cv-title\"><a href=\"https:\/\/www.tvnovelas.com.br\/tvnews\/coracao-acelerado-zila-se-preocupa-com-sua-situacao-apos-separacao\/\" class=\"_self\" target=\"_self\" >Cora\u00e7\u00e3o Acelerado: Zil\u00e1 se preocupa com sua situa\u00e7\u00e3o ap\u00f3s separa\u00e7\u00e3o<\/a><\/h4><\/div><\/div>\n<div class=\"col-md-12 col-sm-12 col-xs-12 pt-cv-content-item pt-cv-1-col\" ><div class='pt-cv-ifield'><h4 class=\"pt-cv-title\"><a href=\"https:\/\/www.tvnovelas.com.br\/tvnews\/a-nobreza-do-amor-tonho-nao-se-curva-diante-de-mirinho\/\" class=\"_self\" target=\"_self\" >A Nobreza do Amor: Tonho n\u00e3o se curva diante de Mirinho<\/a><\/h4><\/div><\/div>\n<div class=\"col-md-12 col-sm-12 col-xs-12 pt-cv-content-item pt-cv-1-col\" ><div class='pt-cv-ifield'><h4 class=\"pt-cv-title\"><a href=\"https:\/\/www.tvnovelas.com.br\/tvnews\/tres-gracas-arminda-surta-ao-confirmar-que-ferette-e-pai-de-raul\/\" class=\"_self\" target=\"_self\" >Tr\u00eas Gra\u00e7as:  Arminda surta ao confirmar que Ferette \u00e9 pai de Raul<\/a><\/h4><\/div><\/div>\n<div class=\"col-md-12 col-sm-12 col-xs-12 pt-cv-content-item pt-cv-1-col\" ><div class='pt-cv-ifield'><h4 class=\"pt-cv-title\"><a href=\"https:\/\/www.tvnovelas.com.br\/tvnews\/coracao-de-mae-atilla-confronta-hasan-e-exige-o-divorcio-de-lale\/\" class=\"_self\" target=\"_self\" >Cora\u00e7\u00e3o de M\u00e3e: Atilla confronta Hasan e exige o div\u00f3rcio de Lale<\/a><\/h4><\/div><\/div>\n<div class=\"col-md-12 col-sm-12 col-xs-12 pt-cv-content-item pt-cv-1-col\" ><div class='pt-cv-ifield'><h4 class=\"pt-cv-title\"><a href=\"https:\/\/www.tvnovelas.com.br\/tvnews\/guerra-das-rosas-gulfem-coloca-gulru-contra-a-parede\/\" class=\"_self\" target=\"_self\" >Guerra das Rosas: Gulfem coloca Gulru contra a parede<\/a><\/h4><\/div><\/div><\/div><\/div><\/div><br \/>\n<a href=\"https:\/\/www.tvnovelas.com.br\/novelas\/\"><strong>Confira os resumos da semana de todas novelas<\/strong><\/a><br \/>\n<a href=\"http:\/\/tvnovelas.com.br\/filmes\" target=\"_blank\" rel=\"noopener\">Veja tamb\u00e9m: Todas as telas: filmes e s\u00e9ries nos streamings<\/a><\/p>\n<h3>Confira tamb\u00e9m<\/h3>\n<p><a href=\"https:\/\/www.tvnovelas.com.br\/filmes\/\" target=\"_blank\" rel=\"noo 2 pener noreferrer noopener\"><strong>Programa\u00e7\u00e3o de filmes na TV aberta<\/strong><\/a><br \/>\n<a href=\"https:\/\/tvnovelas.com.br\/filmes\/filmes-e-series-ineditos-em-estreia-na-semana-na-netflix\/\" target=\"_blank\" rel=\"noopener noreferrer\"><strong>Estreias da semana na Netflix<\/strong><\/a><br \/>\n<a href=\"https:\/\/caetenews.com.br\/semana\/filmes-da-globo-na-sessao-da-tarde-desta-semana\/\" target=\"_blank\" rel=\"noopener\"><strong>Confira os filmes da semana na Sess\u00e3o da Tarde<\/strong><\/a><br \/>\n<a href=\"\/\/tvnovelas.com.br\/filmes\/filmes-em-estreia-nos-cinemas\/\" target=\"_blank\" rel=\"noopener noreferrer\"><strong>Estreias e novidades no Cinema<\/strong><\/a><br \/>\n<a href=\"https:\/\/www.tvnovelas.com.br\/novelas\/\" target=\"_blank\" rel=\"noopener noreferrer\"><strong>Resumos de novelas<\/strong><\/a><\/p>\n","protected":false},"excerpt":{"rendered":"<p>Em Todas as Flores, Pablo (Caio Castro) \u00e9 surpreendido com a presen\u00e7a de Rivaldinho, filho de Ma\u00edra (Sophie Charlotte), no apartamento de Vanessa&#8230;<\/p>\n","protected":false},"author":1,"featured_media":57891,"comment_status":"closed","ping_status":"closed","sticky":false,"template":"","format":"standard","meta":{"_uf_show_specific_survey":0,"_uf_disable_surveys":false,"_jetpack_memberships_contains_paid_content":false,"footnotes":"","_wp_rev_ctl_limit":""},"categories":[236],"tags":[5,64,380],"class_list":["post-57890","post","type-post","status-publish","format-standard","has-post-thumbnail","hentry","category-globo","tag-globo","tag-novelas","tag-todas-as-flores","wpcat-236-id"],"aioseo_notices":[],"jetpack_featured_media_url":"https:\/\/i0.wp.com\/www.tvnovelas.com.br\/tvnews\/wp-content\/uploads\/2023\/10\/38428.jpg?fit=728%2C410&ssl=1","jetpack_shortlink":"https:\/\/wp.me\/pdP2BO-f3I","jetpack_sharing_enabled":true,"_links":{"self":[{"href":"https:\/\/www.tvnovelas.com.br\/tvnews\/wp-json\/wp\/v2\/posts\/57890","targetHints":{"allow":["GET"]}}],"collection":[{"href":"https:\/\/www.tvnovelas.com.br\/tvnews\/wp-json\/wp\/v2\/posts"}],"about":[{"href":"https:\/\/www.tvnovelas.com.br\/tvnews\/wp-json\/wp\/v2\/types\/post"}],"author":[{"embeddable":true,"href":"https:\/\/www.tvnovelas.com.br\/tvnews\/wp-json\/wp\/v2\/users\/1"}],"replies":[{"embeddable":true,"href":"https:\/\/www.tvnovelas.com.br\/tvnews\/wp-json\/wp\/v2\/comments?post=57890"}],"version-history":[{"count":1,"href":"https:\/\/www.tvnovelas.com.br\/tvnews\/wp-json\/wp\/v2\/posts\/57890\/revisions"}],"predecessor-version":[{"id":57892,"href":"https:\/\/www.tvnovelas.com.br\/tvnews\/wp-json\/wp\/v2\/posts\/57890\/revisions\/57892"}],"wp:featuredmedia":[{"embeddable":true,"href":"https:\/\/www.tvnovelas.com.br\/tvnews\/wp-json\/wp\/v2\/media\/57891"}],"wp:attachment":[{"href":"https:\/\/www.tvnovelas.com.br\/tvnews\/wp-json\/wp\/v2\/media?parent=57890"}],"wp:term":[{"taxonomy":"category","embeddable":true,"href":"https:\/\/www.tvnovelas.com.br\/tvnews\/wp-json\/wp\/v2\/categories?post=57890"},{"taxonomy":"post_tag","embeddable":true,"href":"https:\/\/www.tvnovelas.com.br\/tvnews\/wp-json\/wp\/v2\/tags?post=57890"}],"curies":[{"name":"wp","href":"https:\/\/api.w.org\/{rel}","templated":true}]}}