{"id":57970,"date":"2023-10-24T13:52:04","date_gmt":"2023-10-24T16:52:04","guid":{"rendered":"https:\/\/www.tvnovelas.com.br\/tvnews\/?p=57970"},"modified":"2023-10-24T13:52:04","modified_gmt":"2023-10-24T16:52:04","slug":"todas-as-flores-lila-flagra-a-filha-aos-beijos-com-seu-amante","status":"publish","type":"post","link":"https:\/\/www.tvnovelas.com.br\/tvnews\/todas-as-flores-lila-flagra-a-filha-aos-beijos-com-seu-amante\/","title":{"rendered":"Todas as Flores: Lila flagra a filha aos beijos com seu amante"},"content":{"rendered":"<p><em>Em Todas as Flores: Lila flagra a filha<\/em><br \/>\n<img data-recalc-dims=\"1\" decoding=\"async\" class=\"alignnone wp-image-57971 size-full\" title=\"(Foto: TV Globo\/Todas as Flores)\" src=\"https:\/\/i0.wp.com\/www.tvnovelas.com.br\/tvnews\/wp-content\/uploads\/2023\/10\/37448.jpg?resize=728%2C410&#038;ssl=1\" alt=\"Foto em Todas as Flores: Lila flagra a filha\" width=\"728\" height=\"410\" srcset=\"https:\/\/i0.wp.com\/www.tvnovelas.com.br\/tvnews\/wp-content\/uploads\/2023\/10\/37448.jpg?w=728&amp;ssl=1 728w, https:\/\/i0.wp.com\/www.tvnovelas.com.br\/tvnews\/wp-content\/uploads\/2023\/10\/37448.jpg?resize=678%2C381&amp;ssl=1 678w\" sizes=\"(max-width: 728px) 100vw, 728px\" \/><br \/>\nImagina descobrir que o seu amante \u00e9 o namorado da pr\u00f3pria filha!? Pois \u00e9 o que acontece com Lila (Naruna Costa), em Todas as Flores. Ela chega para falar com a filha, Joy (Yara Charry), e d\u00e1 de cara com a jovem e Diego (Nicolas Prattes), sem imaginar a verdadeira identidade dele, em um momento \u00edntimo. De olho neles, ela acaba vendo os dois se beijando.<\/p>\n<p>Mais tarde, ela vai atr\u00e1s da filha para saber quem \u00e9 o rapaz que a gerente administrativa da Rhodes est\u00e1 namorando. Joy acaba revelando para a m\u00e3e que o seu namorado \u00e9 Diego, jovem que foi preso no lugar de Olavo ap\u00f3s assumir o crime no lugar do playboy. Lila fica em choque com a confiss\u00e3o da filha.<\/p>\n<p>Revoltada, ela guarda esse segredo at\u00e9 encontrar pessoalmente com o ex-gar\u00e7om. Em um encontro marcado na h\u00edpica, Diego diz: &#8220;Que bom! Estava doido para gente ter um tempinho para conversar com calma&#8221;. No entanto, Lila vai direto ao ponto. &#8220;Pode acabar com o seu teatrinho. Eu s\u00f3 quero saber o que voc\u00ea pretende, Diego&#8221;, declara ela. &#8220;Tu j\u00e1 sabe ent\u00e3o&#8221;, diz ele.<\/p>\n<p>&#8220;Sei de tudo, inclusive da sua rela\u00e7\u00e3o com a minha filha, seu canalha. Voc\u00ea se envolveu comigo e com a Joy, mesmo sabendo que ela \u00e9 minha filha&#8221;, afirma ela.<\/p>\n<p>Diego diz que n\u00e3o \u00e9 bem assim e pede calma para explicar o motivo do envolvimento amoroso com ela e Joy. Ela rebate o rapaz e dispara: &#8220;Para de mentir. Fala a verdade pelo menos uma vez&#8221;. &#8220;Eu sempre falei s\u00e9rio quando eu digo que gosto de voc\u00ea. \u00c9 s\u00e9rio! Eu n\u00e3o estou brincando&#8221;, destaca o ex-gar\u00e7om.<\/p>\n<p>&#8220;Eu j\u00e1 sei o seu plano. Eu sei que voc\u00ea \u00e9 o cara que foi preso no lugar do Olavo. Eu sei que voc\u00ea deve estar com algum plano de vingan\u00e7a contra a nossa fam\u00edlia. Uma coisa que n\u00e3o consigo entender como voc\u00ea saiu t\u00e3o r\u00e1pido daquela cadeia. Quem te ajudou? Porque, com certeza, tem mais gente nessa hist\u00f3ria&#8221;, diz ela.<\/p>\n<p>O ex-gar\u00e7om frisa que n\u00e3o queria envolver as duas, al\u00e9m de declarar que gosta dela. &#8220;Eu posso dizer que n\u00e3o queria envolver voc\u00eas, desde o in\u00edcio. O meu passado n\u00e3o tem nada a ver com o que eu sinto por voc\u00ea, n\u00e3o&#8221;. Lila rebate e lembra que o rapaz inventou uma identidade para se aproximar dela.<\/p>\n<p>&#8220;Como n\u00e3o? Voc\u00ea inventou outra pessoa. Voc\u00ea inventou um personagem para se aproximar de mim. O Edu. Lembra do Edu? O herdeiro de uma fam\u00edlia de Mato Grosso. Desde o nosso primeiro encontro aqui, o seu objetivo era me seduzir. Para que esse plano? Onde voc\u00ea quer chegar exatamente? Como voc\u00ea conseguiu dinheiro para se infiltrar aqui? Porque at\u00e9 onde eu sei voc\u00ea n\u00e3o tinha onde cair morto, antes de voc\u00ea ser preso&#8221;, diz ela.<\/p>\n<p>Diego, ent\u00e3o, que n\u00e3o pode contar o seu segredo e envolvimento com Samsa (\u00c2ngelo Ant\u00f4nio) e D\u00e9bora (Barbara Reis) e a liga\u00e7\u00e3o com a quadrilha de tr\u00e1fico humano por correr risco de perder a irm\u00e3 J\u00e9ssica (Duda Batsow), ressalta que tudo que fez at\u00e9 aquele momento foi contra a sua vontade.<\/p>\n<p>&#8220;Tem coisa que n\u00e3o consigo te explicar, eu n\u00e3o posso explicar. N\u00e3o vou fazer isso com voc\u00ea, n\u00e3o. Posso te dizer que praticamente tudo que aconteceu desde que sa\u00ed da pris\u00e3o foi contra a minha vontade. A \u00fanica coisa que \u00e9 verdade \u00e9 que eu gosto de voc\u00ea. Quando eu falo isso, eu estou falando do fundo do cora\u00e7\u00e3o. Eu gosto de voc\u00ea. Estou falando a verdade, acredita po&#8221;, destaca o ex-gar\u00e7om.<\/p>\n<p>&#8220;E da Joy? Voc\u00ea gosta dela tamb\u00e9m? Era ela? Era ela a garota que voc\u00ea se apaixonou?&#8221;, questiona Lila. &#8220;Era ela&#8221;, confirma ele.<\/p>\n<p>&#8220;Covarde! Canalha! Voc\u00ea n\u00e3o gosta de ningu\u00e9m. Voc\u00ea \u00e9 um miser\u00e1vel. Voc\u00ea usou a mim e a minha filha. Eu odeio voc\u00ea&#8221;, dispara Lila.<\/p>\n<p>O ex-gar\u00e7om tenta explicar que precisava proteger a sua fam\u00edlia, mas Lila acaba dando um tapa na cara do rapaz. &#8220;Nunca mais chega perto de mim, nem da minha fam\u00edlia, muito menos da minha filha. Eu acabo com voc\u00ea&#8221;, dispara ela.<br \/>\n<a href=\"https:\/\/wp.me\/p8dmjy-9zr\" target=\"_blank\" rel=\"noopener\">Resumos dos cap\u00edtulos da semana de Todas as Flores<\/a><br \/>\n<strong style=\"font-size: 120%;\">\u00daltimas not\u00edcias de Todas as Flores:<\/strong><br \/>\n<div class=\"pt-cv-wrapper\"><div class=\"pt-cv-view pt-cv-grid pt-cv-colsys\" id=\"pt-cv-view-57ad3a3tms\"><div data-id=\"pt-cv-page-1\" class=\"pt-cv-page\" data-cvc=\"1\"><div class=\"col-md-12 col-sm-12 col-xs-12 pt-cv-content-item pt-cv-1-col\" ><div class='pt-cv-ifield'><h4 class=\"pt-cv-title\"><a href=\"https:\/\/www.tvnovelas.com.br\/tvnews\/todas-as-flores-no-fim-acerto-de-contas-entre-maira-vanessa-e-zoe\/\" class=\"_self\" target=\"_self\" >Todas as Flores: No fim, acerto de contas entre Ma\u00edra, Vanessa e Zo\u00e9<\/a><\/h4><\/div><\/div>\n<div class=\"col-md-12 col-sm-12 col-xs-12 pt-cv-content-item pt-cv-1-col\" ><div class='pt-cv-ifield'><h4 class=\"pt-cv-title\"><a href=\"https:\/\/www.tvnovelas.com.br\/tvnews\/todas-as-flores-pablo-trai-vanessa-e-prende-estilista-no-porao\/\" class=\"_self\" target=\"_self\" >Todas as Flores: Pablo trai Vanessa e prende estilista no por\u00e3o<\/a><\/h4><\/div><\/div>\n<div class=\"col-md-12 col-sm-12 col-xs-12 pt-cv-content-item pt-cv-1-col\" ><div class='pt-cv-ifield'><h4 class=\"pt-cv-title\"><a href=\"https:\/\/www.tvnovelas.com.br\/tvnews\/todas-as-flores-olavo-arma-para-eliminar-rafael\/\" class=\"_self\" target=\"_self\" >Todas as Flores: Olavo arma para eliminar Rafael<\/a><\/h4><\/div><\/div>\n<div class=\"col-md-12 col-sm-12 col-xs-12 pt-cv-content-item pt-cv-1-col\" ><div class='pt-cv-ifield'><h4 class=\"pt-cv-title\"><a href=\"https:\/\/www.tvnovelas.com.br\/tvnews\/todas-as-flores-vanessa-sequestra-e-prende-zoe-em-porao\/\" class=\"_self\" target=\"_self\" >Todas as Flores: Vanessa sequestra e prende Zo\u00e9 em por\u00e3o<\/a><\/h4><\/div><\/div>\n<div class=\"col-md-12 col-sm-12 col-xs-12 pt-cv-content-item pt-cv-1-col\" ><div class='pt-cv-ifield'><h4 class=\"pt-cv-title\"><a href=\"https:\/\/www.tvnovelas.com.br\/tvnews\/todas-as-flores-zoe-mata-humberto\/\" class=\"_self\" target=\"_self\" >Todas as Flores: Zo\u00e9 mata Humberto<\/a><\/h4><\/div><\/div>\n<div class=\"col-md-12 col-sm-12 col-xs-12 pt-cv-content-item pt-cv-1-col\" ><div class='pt-cv-ifield'><h4 class=\"pt-cv-title\"><a href=\"https:\/\/www.tvnovelas.com.br\/tvnews\/todas-as-flores-humberto-resgata-judite-de-sequestrada-por-zoe\/\" class=\"_self\" target=\"_self\" >Todas as Flores: Humberto resgata Judite de sequestrada por Zo\u00e9<\/a><\/h4><\/div><\/div><\/div><\/div><\/div><br \/>\n<strong style=\"font-size: 120%;\">\u00daltimas not\u00edcias deste canal:<\/strong><br \/>\n<div class=\"pt-cv-wrapper\"><div class=\"pt-cv-view pt-cv-grid pt-cv-colsys\" id=\"pt-cv-view-90991035b3\"><div data-id=\"pt-cv-page-1\" class=\"pt-cv-page\" data-cvc=\"1\"><div class=\"col-md-12 col-sm-12 col-xs-12 pt-cv-content-item pt-cv-1-col\" ><div class='pt-cv-ifield'><h4 class=\"pt-cv-title\"><a href=\"https:\/\/www.tvnovelas.com.br\/tvnews\/guerra-das-rosas-omer-chama-gulru-vestida-de-noiva-para-fugir\/\" class=\"_self\" target=\"_self\" >Guerra das Rosas: Omer chama Gulru vestida de noiva para fugir<\/a><\/h4><\/div><\/div>\n<div class=\"col-md-12 col-sm-12 col-xs-12 pt-cv-content-item pt-cv-1-col\" ><div class='pt-cv-ifield'><h4 class=\"pt-cv-title\"><a href=\"https:\/\/www.tvnovelas.com.br\/tvnews\/coracao-de-mae-reha-sai-para-jantar-com-selvi\/\" class=\"_self\" target=\"_self\" >Cora\u00e7\u00e3o de M\u00e3e: Reha sai para jantar com Selvi<\/a><\/h4><\/div><\/div>\n<div class=\"col-md-12 col-sm-12 col-xs-12 pt-cv-content-item pt-cv-1-col\" ><div class='pt-cv-ifield'><h4 class=\"pt-cv-title\"><a href=\"https:\/\/www.tvnovelas.com.br\/tvnews\/coracao-acelerado-zila-se-preocupa-com-sua-situacao-apos-separacao\/\" class=\"_self\" target=\"_self\" >Cora\u00e7\u00e3o Acelerado: Zil\u00e1 se preocupa com sua situa\u00e7\u00e3o ap\u00f3s separa\u00e7\u00e3o<\/a><\/h4><\/div><\/div>\n<div class=\"col-md-12 col-sm-12 col-xs-12 pt-cv-content-item pt-cv-1-col\" ><div class='pt-cv-ifield'><h4 class=\"pt-cv-title\"><a href=\"https:\/\/www.tvnovelas.com.br\/tvnews\/a-nobreza-do-amor-tonho-nao-se-curva-diante-de-mirinho\/\" class=\"_self\" target=\"_self\" >A Nobreza do Amor: Tonho n\u00e3o se curva diante de Mirinho<\/a><\/h4><\/div><\/div>\n<div class=\"col-md-12 col-sm-12 col-xs-12 pt-cv-content-item pt-cv-1-col\" ><div class='pt-cv-ifield'><h4 class=\"pt-cv-title\"><a href=\"https:\/\/www.tvnovelas.com.br\/tvnews\/tres-gracas-arminda-surta-ao-confirmar-que-ferette-e-pai-de-raul\/\" class=\"_self\" target=\"_self\" >Tr\u00eas Gra\u00e7as:  Arminda surta ao confirmar que Ferette \u00e9 pai de Raul<\/a><\/h4><\/div><\/div>\n<div class=\"col-md-12 col-sm-12 col-xs-12 pt-cv-content-item pt-cv-1-col\" ><div class='pt-cv-ifield'><h4 class=\"pt-cv-title\"><a href=\"https:\/\/www.tvnovelas.com.br\/tvnews\/coracao-de-mae-atilla-confronta-hasan-e-exige-o-divorcio-de-lale\/\" class=\"_self\" target=\"_self\" >Cora\u00e7\u00e3o de M\u00e3e: Atilla confronta Hasan e exige o div\u00f3rcio de Lale<\/a><\/h4><\/div><\/div>\n<div class=\"col-md-12 col-sm-12 col-xs-12 pt-cv-content-item pt-cv-1-col\" ><div class='pt-cv-ifield'><h4 class=\"pt-cv-title\"><a href=\"https:\/\/www.tvnovelas.com.br\/tvnews\/guerra-das-rosas-gulfem-coloca-gulru-contra-a-parede\/\" class=\"_self\" target=\"_self\" >Guerra das Rosas: Gulfem coloca Gulru contra a parede<\/a><\/h4><\/div><\/div>\n<div class=\"col-md-12 col-sm-12 col-xs-12 pt-cv-content-item pt-cv-1-col\" ><div class='pt-cv-ifield'><h4 class=\"pt-cv-title\"><a href=\"https:\/\/www.tvnovelas.com.br\/tvnews\/coracao-de-mae-atilla-diz-a-lale-que-quer-o-divorcio\/\" class=\"_self\" target=\"_self\" >Cora\u00e7\u00e3o de M\u00e3e: Atilla diz a Lale que quer o div\u00f3rcio<\/a><\/h4><\/div><\/div>\n<div class=\"col-md-12 col-sm-12 col-xs-12 pt-cv-content-item pt-cv-1-col\" ><div class='pt-cv-ifield'><h4 class=\"pt-cv-title\"><a href=\"https:\/\/www.tvnovelas.com.br\/tvnews\/a-nobreza-do-amor-mirinho-garante-noivado-com-virginia-para-atrair-sogro-a-negocio\/\" class=\"_self\" target=\"_self\" >A Nobreza do Amor: Mirinho garante noivado com Virg\u00ednia para atrair sogro a neg\u00f3cio<\/a><\/h4><\/div><\/div>\n<div class=\"col-md-12 col-sm-12 col-xs-12 pt-cv-content-item pt-cv-1-col\" ><div class='pt-cv-ifield'><h4 class=\"pt-cv-title\"><a href=\"https:\/\/www.tvnovelas.com.br\/tvnews\/tres-gracas-joaquim-propoe-fuga-a-arminda-com-o-dinheiro-das-tres-gracas\/\" class=\"_self\" target=\"_self\" >Tr\u00eas Gra\u00e7as:  Joaquim prop\u00f5e fuga a Arminda com o dinheiro das Tr\u00eas Gra\u00e7as<\/a><\/h4><\/div><\/div><\/div><\/div><\/div><br \/>\n<a href=\"https:\/\/www.tvnovelas.com.br\/novelas\/\"><strong>Confira os resumos da semana de todas novelas<\/strong><\/a><br \/>\n<a href=\"http:\/\/tvnovelas.com.br\/filmes\" target=\"_blank\" rel=\"noopener\">Veja tamb\u00e9m: Todas as telas: filmes e s\u00e9ries nos streamings<\/a><\/p>\n<h3>Confira tamb\u00e9m<\/h3>\n<p><a href=\"https:\/\/www.tvnovelas.com.br\/filmes\/\" target=\"_blank\" rel=\"noo 2 pener noreferrer noopener\"><strong>Programa\u00e7\u00e3o de filmes na TV aberta<\/strong><\/a><br \/>\n<a href=\"https:\/\/tvnovelas.com.br\/filmes\/filmes-e-series-ineditos-em-estreia-na-semana-na-netflix\/\" target=\"_blank\" rel=\"noopener noreferrer\"><strong>Estreias da semana na Netflix<\/strong><\/a><br \/>\n<a href=\"https:\/\/caetenews.com.br\/semana\/filmes-da-globo-na-sessao-da-tarde-desta-semana\/\" target=\"_blank\" rel=\"noopener\"><strong>Confira os filmes da semana na Sess\u00e3o da Tarde<\/strong><\/a><br \/>\n<a href=\"\/\/tvnovelas.com.br\/filmes\/filmes-em-estreia-nos-cinemas\/\" target=\"_blank\" rel=\"noopener noreferrer\"><strong>Estreias e novidades no Cinema<\/strong><\/a><br \/>\n<a href=\"https:\/\/www.tvnovelas.com.br\/novelas\/\" target=\"_blank\" rel=\"noopener noreferrer\"><strong>Resumos de novelas<\/strong><\/a><\/p>\n","protected":false},"excerpt":{"rendered":"<p>Em Todas as Flores: Lila flagra a filha Imagina descobrir que o seu amante \u00e9 o namorado da pr\u00f3pria filha!?&#8230;<\/p>\n","protected":false},"author":1,"featured_media":57971,"comment_status":"closed","ping_status":"closed","sticky":false,"template":"","format":"standard","meta":{"_uf_show_specific_survey":0,"_uf_disable_surveys":false,"_jetpack_memberships_contains_paid_content":false,"footnotes":"","_wp_rev_ctl_limit":""},"categories":[236],"tags":[5,64,380],"class_list":["post-57970","post","type-post","status-publish","format-standard","has-post-thumbnail","hentry","category-globo","tag-globo","tag-novelas","tag-todas-as-flores","wpcat-236-id"],"aioseo_notices":[],"jetpack_featured_media_url":"https:\/\/i0.wp.com\/www.tvnovelas.com.br\/tvnews\/wp-content\/uploads\/2023\/10\/37448.jpg?fit=728%2C410&ssl=1","jetpack_shortlink":"https:\/\/wp.me\/pdP2BO-f50","jetpack_sharing_enabled":true,"_links":{"self":[{"href":"https:\/\/www.tvnovelas.com.br\/tvnews\/wp-json\/wp\/v2\/posts\/57970","targetHints":{"allow":["GET"]}}],"collection":[{"href":"https:\/\/www.tvnovelas.com.br\/tvnews\/wp-json\/wp\/v2\/posts"}],"about":[{"href":"https:\/\/www.tvnovelas.com.br\/tvnews\/wp-json\/wp\/v2\/types\/post"}],"author":[{"embeddable":true,"href":"https:\/\/www.tvnovelas.com.br\/tvnews\/wp-json\/wp\/v2\/users\/1"}],"replies":[{"embeddable":true,"href":"https:\/\/www.tvnovelas.com.br\/tvnews\/wp-json\/wp\/v2\/comments?post=57970"}],"version-history":[{"count":1,"href":"https:\/\/www.tvnovelas.com.br\/tvnews\/wp-json\/wp\/v2\/posts\/57970\/revisions"}],"predecessor-version":[{"id":57972,"href":"https:\/\/www.tvnovelas.com.br\/tvnews\/wp-json\/wp\/v2\/posts\/57970\/revisions\/57972"}],"wp:featuredmedia":[{"embeddable":true,"href":"https:\/\/www.tvnovelas.com.br\/tvnews\/wp-json\/wp\/v2\/media\/57971"}],"wp:attachment":[{"href":"https:\/\/www.tvnovelas.com.br\/tvnews\/wp-json\/wp\/v2\/media?parent=57970"}],"wp:term":[{"taxonomy":"category","embeddable":true,"href":"https:\/\/www.tvnovelas.com.br\/tvnews\/wp-json\/wp\/v2\/categories?post=57970"},{"taxonomy":"post_tag","embeddable":true,"href":"https:\/\/www.tvnovelas.com.br\/tvnews\/wp-json\/wp\/v2\/tags?post=57970"}],"curies":[{"name":"wp","href":"https:\/\/api.w.org\/{rel}","templated":true}]}}