{"id":58008,"date":"2023-10-25T10:01:32","date_gmt":"2023-10-25T13:01:32","guid":{"rendered":"https:\/\/www.tvnovelas.com.br\/tvnews\/?p=58008"},"modified":"2023-10-25T10:01:32","modified_gmt":"2023-10-25T13:01:32","slug":"todas-as-flores-vanessa-descobre-namoro-de-pablo-e-maira-e-da-uma-surra-na-irma","status":"publish","type":"post","link":"https:\/\/www.tvnovelas.com.br\/tvnews\/todas-as-flores-vanessa-descobre-namoro-de-pablo-e-maira-e-da-uma-surra-na-irma\/","title":{"rendered":"Todas as Flores: Vanessa descobre namoro de Pablo e Ma\u00edra e d\u00e1 uma surra na irm\u00e3"},"content":{"rendered":"<p><em>Em Todas as Flores: Vanessa descobre namoro<\/em><br \/>\n<img data-recalc-dims=\"1\" decoding=\"async\" class=\"alignnone wp-image-58007 size-full\" title=\"(Foto: TV Globo\/Todas as Flores)\" src=\"https:\/\/i0.wp.com\/www.tvnovelas.com.br\/tvnews\/wp-content\/uploads\/2023\/10\/38457.jpg?resize=728%2C410&#038;ssl=1\" alt=\"Foto em Todas as Flores: Vanessa descobre namoro\" width=\"728\" height=\"410\" srcset=\"https:\/\/i0.wp.com\/www.tvnovelas.com.br\/tvnews\/wp-content\/uploads\/2023\/10\/38457.jpg?w=728&amp;ssl=1 728w, https:\/\/i0.wp.com\/www.tvnovelas.com.br\/tvnews\/wp-content\/uploads\/2023\/10\/38457.jpg?resize=678%2C381&amp;ssl=1 678w\" sizes=\"(max-width: 728px) 100vw, 728px\" \/><br \/>\nEm Todas as Flores, Vanessa (Let\u00edcia Colin) bem que vai tentar, mas n\u00e3o vai conseguir esconder o inc\u00f4modo com a \u00faltima novidade. A estilista vai surtar ap\u00f3s descobrir por Rafael (Humberto Carr\u00e3o) que Ma\u00edra (Sophie Charlotte) e Pablo (Caio Castro) est\u00e3o namorando. Totalmente fora de si, a vil\u00e3 ainda enfrenta a irm\u00e3 e d\u00e1 uma surra na perfumista.<\/p>\n<p>O presidente da Rhodes conta a novidade para a estilista depois de uma ida at\u00e9 a casa de Judite (Mariana Nunes), onde descobre pelo modelo que Ma\u00edra e ele decidiram mudar o status. Rafael se sente enganado pela perfumista e desabafa com Vanessa, que sempre bateu na tecla que Ma\u00edra era uma mentirosa e n\u00e3o queria nada com o empres\u00e1rio. Al\u00e9m disso, o filho de Humberto (Fabio Assun\u00e7\u00e3o) fez a confiss\u00e3o sem desconfiar que a estilista mant\u00e9m uma rela\u00e7\u00e3o secreta com Pablo.<\/p>\n<p>&#8220;O Pablo e a Ma\u00edra est\u00e3o namorando e com filho?&#8221;, questiona ela. &#8220;Eu entendi muito bem. Eles t\u00eam um filho e eles v\u00e3o cuidar desse filho juntos&#8221;, diz Rafael. &#8220;Um filho deles?&#8221;, pergunta a estilista, incr\u00e9dula. Depois, Rafael se abre e ressalta que chegou a acreditar que o filho de Ma\u00edra, Rivaldinho, tamb\u00e9m era seu filho, sem imaginar que a sua suposi\u00e7\u00e3o est\u00e1 certa, mas a perfumista preferiu esconder a verdade dele.<\/p>\n<p>&#8220;Pior que eu fui t\u00e3o idiota que eu cheguei a achar, voc\u00ea sabe, que esse filho era meu. A Ma\u00edra me enganou e me traiu at\u00e9 nisso, porque ela flertou, eu tenho certeza, com a ideia de dizer que a crian\u00e7a era minha. Por isso ela falou que era filho da vizinha&#8221;, diz Rafael.<\/p>\n<p>Vanessa se revolta ao saber da novidade do novo relacionamento da irm\u00e3 com o amante, mas se recusa a acreditar. &#8220;Cegueta desgra\u00e7ada! Eu falei para voc\u00ea, mas eu n\u00e3o estou acreditando nisso. Rafael ela est\u00e1 namorando o Pablo, o filho da Judite?&#8221;, questiona ela. &#8220;Eu vi os dois&#8221;, destaca o presidente da Rhodes. &#8220;Mas \u00e9 imposs\u00edvel&#8221;, diz Vanessa. Ent\u00e3o, Rafael pergunta o motivo disso. &#8220;Porque ele \u00e9 muita areia para o caminh\u00e3ozinho dela&#8221;, dispara ela. &#8220;Voc\u00ea acha ele t\u00e3o incr\u00edvel assim?&#8221;, pergunta o empres\u00e1rio.<\/p>\n<p>A estilista surta e se revolta ao se dar conta que o relacionamento entre Pablo e Ma\u00edra \u00e9 verdadeiro. &#8220;Nem sei o que eu estou falando, Rafael. Eu estou em choque. Eles falaram isso para voc\u00ea descaradamente? Que absurdo! Eles falaram &#8216;n\u00f3s somos namorados&#8217;? Foi isso que eles falaram para voc\u00ea?&#8221;, questiona ela, que tenta desconversar ap\u00f3s a pergunta do empres\u00e1rio.<\/p>\n<p>O empres\u00e1rio diz n\u00e3o entender a rea\u00e7\u00e3o de Vanessa e o motivo dela estar assim por causa do namoro da irm\u00e3 com o modelo. &#8220;N\u00e3o estou entendendo! Voc\u00ea sempre disse que a Ma\u00edra n\u00e3o prestava&#8221;, diz ele. &#8220;Porque uma coisa \u00e9 ter uma suspeita e outra coisa \u00e9 comprovar. Outra coisa \u00e9 ver esse sangue frio deles de dizerem isso na sua cara. Que coragem! Voc\u00ea vai demitir esse cara? Voc\u00ea vai demitir esse Pablo? Voc\u00ea vai tirar ele do concurso?&#8221;, afirma Vanessa, que faz de tudo para esconder o verdadeiro motivo da sua revolta. &#8220;N\u00e3o sei se eu vou demitir. Ele veio falar comigo, eu achei honesto da parte dele&#8221;, indica o empres\u00e1rio.<\/p>\n<p>&#8220;Esse cara te enganou. Ele te enganou junto com a Ma\u00edra. Voc\u00ea est\u00e1 me entendendo? Sabe o que ele merece? Ele merece porrada e rua&#8221;, dispara Vanessa.<\/p>\n<p>A estilista tenta disfar\u00e7ar, mas n\u00e3o consegue esconder o seu surto de Rafael. O presidente da Rhodes fica intrigado com o motivo de Vanessa n\u00e3o reagir bem com o novo status de Ma\u00edra e Pablo. &#8220;Que isso? Voc\u00ea est\u00e1 fora de si. O que est\u00e1 acontecendo? Por que voc\u00ea est\u00e1 assim?&#8221;, questiona ele.<\/p>\n<p>&#8220;Eu estou descontrolada mesmo, porque eu n\u00e3o suporto ver uma pessoa boa como voc\u00ea, uma pessoa maravilhosa, ser feito de gato e sapato por uma gentalha como eles. Eu estou com um \u00f3dio desse marginal, desse Pablo&#8221;, explica a estilista, que tenta enganar o empres\u00e1rio com suas d\u00favidas.<\/p>\n<p><strong>Confiss\u00e3o de irmandade<\/strong><br \/>\nNa conversa, Rafael aproveita tamb\u00e9m para expor que ele e Pablo s\u00e3o irm\u00e3os. Mais uma vez, sem passar pela sua cabe\u00e7a que Vanessa j\u00e1 sabe, visto que a estilista descobriu pela boca do pr\u00f3prio modelo. &#8220;E o pior voc\u00ea n\u00e3o sabe. Ele \u00e9 meu meio-irm\u00e3o. Meu pai veio me falar&#8221;, diz ele.<\/p>\n<p>&#8220;Meio-irm\u00e3o? Do nada? Da onde? Voc\u00eas nem t\u00eam passado juntos. Ele nem deve ser seu meio-irm\u00e3o. Eu acho que at\u00e9 pode ser mentira essa hist\u00f3ria&#8221;, afirma Vanessa, que tenta fingir na frente do presidente da Rhodes. &#8220;Por que voc\u00ea acha que \u00e9 mentira?&#8221;, questiona o empres\u00e1rio. &#8220;Porque vindo do seu pai eu acredito em qualquer coisa&#8221;, explica ela. &#8220;\u00c9, todo mundo mente para mim, n\u00e9. O meu pai, a Ma\u00edra, a Judite. A Judite mentiu para mim&#8221;, destaca Rafael. &#8220;Voc\u00ea vai demitir a Judite?&#8221;, questiona a estilista.<\/p>\n<p>&#8220;A Judite sabia o tempo inteiro desse namoro dos dois e ficou quietinha, n\u00e3o falou nada&#8221;, analisa Rafael. &#8220;Rafael, voc\u00ea vai demitir a Judite. Voc\u00ea vai mandar essa vaca embora. Diz para mim&#8221;, destaca Vanessa. &#8220;N\u00e3o sei, Vanessa&#8221;, opina ele.<\/p>\n<p>&#8220;Voc\u00ea est\u00e1 se candidatando a qu\u00ea? A santo do Vaticano? Se fosse eu no seu lugar, j\u00e1 tinha pisado nessa gentalha. Vem c\u00e1, me explica direito. A Ma\u00edra e esse Pablo estavam como? Estavam abra\u00e7ados? Eles estavam se beijando? Pareciam apaixonados?&#8221;, diz Vanessa.<\/p>\n<p>Rafael, que volta a conversar novamente sobre o relacionamento de Pablo e Ma\u00edra, afirma que j\u00e1 havia falado que viu os dois em um momento apaixonados.<\/p>\n<p>&#8220;E voc\u00ea percebe isso tudo e fica pleno assim? Qual \u00e9 o seu problema, Rafael? Como voc\u00ea consegue ficar t\u00e3o ressignificado? Voc\u00ea tem sangue de barata circulando na veia?&#8221;, questiona ela.<\/p>\n<p>Sem desconfiar do motivo de Vanessa estar assim, ele diz que essa rea\u00e7\u00e3o cabia a ele, que mantinha uma rela\u00e7\u00e3o com a perfumista. &#8220;Vanessa, quem tinha que estar revoltado assim era eu e n\u00e3o voc\u00ea. Por que voc\u00ea est\u00e1 assim?&#8221;, questiona ele. Atordoada com a revela\u00e7\u00e3o, a estilista acaba pedindo para o empres\u00e1rio sair de sua casa e deix\u00e1-la sozinha. &#8220;Eu estou acabada, eu estou p\u00e9ssima, porque eles s\u00e3o s\u00f3rdidos, porque eles s\u00e3o podres. Eu preciso ficar sozinha, Rafael. Voc\u00ea pode me dar licen\u00e7a? \u00c9 demais para a minha cabe\u00e7a. Outra hora voc\u00ea volta e a gente conversa. Desculpa!&#8221;, pede ela.<\/p>\n<p>Ap\u00f3s Rafael deixar o apartamento, Vanessa surta, chora e acaba picotando um buqu\u00ea de flores que decora a sala de casa.<\/p>\n<p>Ap\u00f3s descobrir o relacionamento entre Ma\u00edra e Pablo, Vanessa vai atr\u00e1s da perfumista na casa de Judite. A estilista acaba empurrando a irm\u00e3 da escada e dispara uma s\u00e9rie de ofensas contra a perfumista.<\/p>\n<p>As duas se enfrentam e, durante a briga, Ma\u00edra amea\u00e7a a estilista com uma faca de bolso. A vil\u00e3 n\u00e3o perde tempo, joga a mocinha na rua e d\u00e1 uma surra nela. Ela s\u00f3 \u00e9 impedida de continuar atacando a jovem quando Pablo chega para acudir a namorada.<br \/>\n<a href=\"https:\/\/wp.me\/p8dmjy-9zr\" target=\"_blank\" rel=\"noopener\">Resumos dos cap\u00edtulos da semana de Todas as Flores<\/a><br \/>\n<strong style=\"font-size: 120%;\">\u00daltimas not\u00edcias de Todas as Flores:<\/strong><br \/>\n<div class=\"pt-cv-wrapper\"><div class=\"pt-cv-view pt-cv-grid pt-cv-colsys\" id=\"pt-cv-view-57ad3a3tms\"><div data-id=\"pt-cv-page-1\" class=\"pt-cv-page\" data-cvc=\"1\"><div class=\"col-md-12 col-sm-12 col-xs-12 pt-cv-content-item pt-cv-1-col\" ><div class='pt-cv-ifield'><h4 class=\"pt-cv-title\"><a href=\"https:\/\/www.tvnovelas.com.br\/tvnews\/todas-as-flores-no-fim-acerto-de-contas-entre-maira-vanessa-e-zoe\/\" class=\"_self\" target=\"_self\" >Todas as Flores: No fim, acerto de contas entre Ma\u00edra, Vanessa e Zo\u00e9<\/a><\/h4><\/div><\/div>\n<div class=\"col-md-12 col-sm-12 col-xs-12 pt-cv-content-item pt-cv-1-col\" ><div class='pt-cv-ifield'><h4 class=\"pt-cv-title\"><a href=\"https:\/\/www.tvnovelas.com.br\/tvnews\/todas-as-flores-pablo-trai-vanessa-e-prende-estilista-no-porao\/\" class=\"_self\" target=\"_self\" >Todas as Flores: Pablo trai Vanessa e prende estilista no por\u00e3o<\/a><\/h4><\/div><\/div>\n<div class=\"col-md-12 col-sm-12 col-xs-12 pt-cv-content-item pt-cv-1-col\" ><div class='pt-cv-ifield'><h4 class=\"pt-cv-title\"><a href=\"https:\/\/www.tvnovelas.com.br\/tvnews\/todas-as-flores-olavo-arma-para-eliminar-rafael\/\" class=\"_self\" target=\"_self\" >Todas as Flores: Olavo arma para eliminar Rafael<\/a><\/h4><\/div><\/div>\n<div class=\"col-md-12 col-sm-12 col-xs-12 pt-cv-content-item pt-cv-1-col\" ><div class='pt-cv-ifield'><h4 class=\"pt-cv-title\"><a href=\"https:\/\/www.tvnovelas.com.br\/tvnews\/todas-as-flores-vanessa-sequestra-e-prende-zoe-em-porao\/\" class=\"_self\" target=\"_self\" >Todas as Flores: Vanessa sequestra e prende Zo\u00e9 em por\u00e3o<\/a><\/h4><\/div><\/div>\n<div class=\"col-md-12 col-sm-12 col-xs-12 pt-cv-content-item pt-cv-1-col\" ><div class='pt-cv-ifield'><h4 class=\"pt-cv-title\"><a href=\"https:\/\/www.tvnovelas.com.br\/tvnews\/todas-as-flores-zoe-mata-humberto\/\" class=\"_self\" target=\"_self\" >Todas as Flores: Zo\u00e9 mata Humberto<\/a><\/h4><\/div><\/div>\n<div class=\"col-md-12 col-sm-12 col-xs-12 pt-cv-content-item pt-cv-1-col\" ><div class='pt-cv-ifield'><h4 class=\"pt-cv-title\"><a href=\"https:\/\/www.tvnovelas.com.br\/tvnews\/todas-as-flores-humberto-resgata-judite-de-sequestrada-por-zoe\/\" class=\"_self\" target=\"_self\" >Todas as Flores: Humberto resgata Judite de sequestrada por Zo\u00e9<\/a><\/h4><\/div><\/div><\/div><\/div><\/div><br \/>\n<strong style=\"font-size: 120%;\">\u00daltimas not\u00edcias deste canal:<\/strong><br \/>\n<div class=\"pt-cv-wrapper\"><div class=\"pt-cv-view pt-cv-grid pt-cv-colsys\" id=\"pt-cv-view-90991035b3\"><div data-id=\"pt-cv-page-1\" class=\"pt-cv-page\" data-cvc=\"1\"><div class=\"col-md-12 col-sm-12 col-xs-12 pt-cv-content-item pt-cv-1-col\" ><div class='pt-cv-ifield'><h4 class=\"pt-cv-title\"><a href=\"https:\/\/www.tvnovelas.com.br\/tvnews\/a-nobreza-do-amor-mirinho-e-obrigado-a-resgatar-tonho\/\" class=\"_self\" target=\"_self\" >A Nobreza do Amor: Mirinho \u00e9 obrigado a resgatar Tonho<\/a><\/h4><\/div><\/div>\n<div class=\"col-md-12 col-sm-12 col-xs-12 pt-cv-content-item pt-cv-1-col\" ><div class='pt-cv-ifield'><h4 class=\"pt-cv-title\"><a href=\"https:\/\/www.tvnovelas.com.br\/tvnews\/tres-gracas-paulinho-e-afastado-da-policia-por-causa-de-gerluce\/\" class=\"_self\" target=\"_self\" >Tr\u00eas Gra\u00e7as: Paulinho \u00e9 afastado da pol\u00edcia por causa de Gerluce<\/a><\/h4><\/div><\/div>\n<div class=\"col-md-12 col-sm-12 col-xs-12 pt-cv-content-item pt-cv-1-col\" ><div class='pt-cv-ifield'><h4 class=\"pt-cv-title\"><a href=\"https:\/\/www.tvnovelas.com.br\/tvnews\/coracao-de-mae-irmak-inicia-jogo-arriscado-contra-adnan\/\" class=\"_self\" target=\"_self\" >Cora\u00e7\u00e3o de M\u00e3e: Irmak inicia jogo arriscado contra Adnan<\/a><\/h4><\/div><\/div>\n<div class=\"col-md-12 col-sm-12 col-xs-12 pt-cv-content-item pt-cv-1-col\" ><div class='pt-cv-ifield'><h4 class=\"pt-cv-title\"><a href=\"https:\/\/www.tvnovelas.com.br\/tvnews\/guerra-das-rosas-omer-chama-gulru-vestida-de-noiva-para-fugir\/\" class=\"_self\" target=\"_self\" >Guerra das Rosas: Omer chama Gulru vestida de noiva para fugir<\/a><\/h4><\/div><\/div>\n<div class=\"col-md-12 col-sm-12 col-xs-12 pt-cv-content-item pt-cv-1-col\" ><div class='pt-cv-ifield'><h4 class=\"pt-cv-title\"><a href=\"https:\/\/www.tvnovelas.com.br\/tvnews\/coracao-de-mae-reha-sai-para-jantar-com-selvi\/\" class=\"_self\" target=\"_self\" >Cora\u00e7\u00e3o de M\u00e3e: Reha sai para jantar com Selvi<\/a><\/h4><\/div><\/div>\n<div class=\"col-md-12 col-sm-12 col-xs-12 pt-cv-content-item pt-cv-1-col\" ><div class='pt-cv-ifield'><h4 class=\"pt-cv-title\"><a href=\"https:\/\/www.tvnovelas.com.br\/tvnews\/coracao-acelerado-zila-se-preocupa-com-sua-situacao-apos-separacao\/\" class=\"_self\" target=\"_self\" >Cora\u00e7\u00e3o Acelerado: Zil\u00e1 se preocupa com sua situa\u00e7\u00e3o ap\u00f3s separa\u00e7\u00e3o<\/a><\/h4><\/div><\/div>\n<div class=\"col-md-12 col-sm-12 col-xs-12 pt-cv-content-item pt-cv-1-col\" ><div class='pt-cv-ifield'><h4 class=\"pt-cv-title\"><a href=\"https:\/\/www.tvnovelas.com.br\/tvnews\/a-nobreza-do-amor-tonho-nao-se-curva-diante-de-mirinho\/\" class=\"_self\" target=\"_self\" >A Nobreza do Amor: Tonho n\u00e3o se curva diante de Mirinho<\/a><\/h4><\/div><\/div>\n<div class=\"col-md-12 col-sm-12 col-xs-12 pt-cv-content-item pt-cv-1-col\" ><div class='pt-cv-ifield'><h4 class=\"pt-cv-title\"><a href=\"https:\/\/www.tvnovelas.com.br\/tvnews\/tres-gracas-arminda-surta-ao-confirmar-que-ferette-e-pai-de-raul\/\" class=\"_self\" target=\"_self\" >Tr\u00eas Gra\u00e7as:  Arminda surta ao confirmar que Ferette \u00e9 pai de Raul<\/a><\/h4><\/div><\/div>\n<div class=\"col-md-12 col-sm-12 col-xs-12 pt-cv-content-item pt-cv-1-col\" ><div class='pt-cv-ifield'><h4 class=\"pt-cv-title\"><a href=\"https:\/\/www.tvnovelas.com.br\/tvnews\/coracao-de-mae-atilla-confronta-hasan-e-exige-o-divorcio-de-lale\/\" class=\"_self\" target=\"_self\" >Cora\u00e7\u00e3o de M\u00e3e: Atilla confronta Hasan e exige o div\u00f3rcio de Lale<\/a><\/h4><\/div><\/div>\n<div class=\"col-md-12 col-sm-12 col-xs-12 pt-cv-content-item pt-cv-1-col\" ><div class='pt-cv-ifield'><h4 class=\"pt-cv-title\"><a href=\"https:\/\/www.tvnovelas.com.br\/tvnews\/guerra-das-rosas-gulfem-coloca-gulru-contra-a-parede\/\" class=\"_self\" target=\"_self\" >Guerra das Rosas: Gulfem coloca Gulru contra a parede<\/a><\/h4><\/div><\/div><\/div><\/div><\/div><br \/>\n<a href=\"https:\/\/www.tvnovelas.com.br\/novelas\/\"><strong>Confira os resumos da semana de todas novelas<\/strong><\/a><br \/>\n<a href=\"http:\/\/tvnovelas.com.br\/filmes\" target=\"_blank\" rel=\"noopener\">Veja tamb\u00e9m: Todas as telas: filmes e s\u00e9ries nos streamings<\/a><\/p>\n<h3>Confira tamb\u00e9m<\/h3>\n<p><a href=\"https:\/\/www.tvnovelas.com.br\/filmes\/\" target=\"_blank\" rel=\"noo 2 pener noreferrer noopener\"><strong>Programa\u00e7\u00e3o de filmes na TV aberta<\/strong><\/a><br \/>\n<a href=\"https:\/\/tvnovelas.com.br\/filmes\/filmes-e-series-ineditos-em-estreia-na-semana-na-netflix\/\" target=\"_blank\" rel=\"noopener noreferrer\"><strong>Estreias da semana na Netflix<\/strong><\/a><br \/>\n<a href=\"https:\/\/caetenews.com.br\/semana\/filmes-da-globo-na-sessao-da-tarde-desta-semana\/\" target=\"_blank\" rel=\"noopener\"><strong>Confira os filmes da semana na Sess\u00e3o da Tarde<\/strong><\/a><br \/>\n<a href=\"\/\/tvnovelas.com.br\/filmes\/filmes-em-estreia-nos-cinemas\/\" target=\"_blank\" rel=\"noopener noreferrer\"><strong>Estreias e novidades no Cinema<\/strong><\/a><br \/>\n<a href=\"https:\/\/www.tvnovelas.com.br\/novelas\/\" target=\"_blank\" rel=\"noopener noreferrer\"><strong>Resumos de novelas<\/strong><\/a><\/p>\n","protected":false},"excerpt":{"rendered":"<p>Em Todas as Flores, Vanessa (Let\u00edcia Colin) bem que vai tentar, mas n\u00e3o vai conseguir esconder o inc\u00f4modo com a \u00faltima novidade. A estilista vai surtar ap\u00f3s descobrir&#8230;<\/p>\n","protected":false},"author":1,"featured_media":58007,"comment_status":"closed","ping_status":"closed","sticky":false,"template":"","format":"standard","meta":{"_uf_show_specific_survey":0,"_uf_disable_surveys":false,"_jetpack_memberships_contains_paid_content":false,"footnotes":"","_wp_rev_ctl_limit":""},"categories":[236],"tags":[5,64,380],"class_list":["post-58008","post","type-post","status-publish","format-standard","has-post-thumbnail","hentry","category-globo","tag-globo","tag-novelas","tag-todas-as-flores","wpcat-236-id"],"aioseo_notices":[],"jetpack_featured_media_url":"https:\/\/i0.wp.com\/www.tvnovelas.com.br\/tvnews\/wp-content\/uploads\/2023\/10\/38457.jpg?fit=728%2C410&ssl=1","jetpack_shortlink":"https:\/\/wp.me\/pdP2BO-f5C","jetpack_sharing_enabled":true,"_links":{"self":[{"href":"https:\/\/www.tvnovelas.com.br\/tvnews\/wp-json\/wp\/v2\/posts\/58008","targetHints":{"allow":["GET"]}}],"collection":[{"href":"https:\/\/www.tvnovelas.com.br\/tvnews\/wp-json\/wp\/v2\/posts"}],"about":[{"href":"https:\/\/www.tvnovelas.com.br\/tvnews\/wp-json\/wp\/v2\/types\/post"}],"author":[{"embeddable":true,"href":"https:\/\/www.tvnovelas.com.br\/tvnews\/wp-json\/wp\/v2\/users\/1"}],"replies":[{"embeddable":true,"href":"https:\/\/www.tvnovelas.com.br\/tvnews\/wp-json\/wp\/v2\/comments?post=58008"}],"version-history":[{"count":1,"href":"https:\/\/www.tvnovelas.com.br\/tvnews\/wp-json\/wp\/v2\/posts\/58008\/revisions"}],"predecessor-version":[{"id":58009,"href":"https:\/\/www.tvnovelas.com.br\/tvnews\/wp-json\/wp\/v2\/posts\/58008\/revisions\/58009"}],"wp:featuredmedia":[{"embeddable":true,"href":"https:\/\/www.tvnovelas.com.br\/tvnews\/wp-json\/wp\/v2\/media\/58007"}],"wp:attachment":[{"href":"https:\/\/www.tvnovelas.com.br\/tvnews\/wp-json\/wp\/v2\/media?parent=58008"}],"wp:term":[{"taxonomy":"category","embeddable":true,"href":"https:\/\/www.tvnovelas.com.br\/tvnews\/wp-json\/wp\/v2\/categories?post=58008"},{"taxonomy":"post_tag","embeddable":true,"href":"https:\/\/www.tvnovelas.com.br\/tvnews\/wp-json\/wp\/v2\/tags?post=58008"}],"curies":[{"name":"wp","href":"https:\/\/api.w.org\/{rel}","templated":true}]}}