{"id":58075,"date":"2023-10-26T10:13:05","date_gmt":"2023-10-26T13:13:05","guid":{"rendered":"https:\/\/www.tvnovelas.com.br\/tvnews\/?p=58075"},"modified":"2023-10-26T10:13:05","modified_gmt":"2023-10-26T13:13:05","slug":"todas-as-flores-maira-e-zoe-descobrem-caso-de-pablo-e-vanessa","status":"publish","type":"post","link":"https:\/\/www.tvnovelas.com.br\/tvnews\/todas-as-flores-maira-e-zoe-descobrem-caso-de-pablo-e-vanessa\/","title":{"rendered":"Todas as Flores: Ma\u00edra e Zo\u00e9 descobrem caso de Pablo e Vanessa"},"content":{"rendered":"<p><em>Em Todas as Flores: Ma\u00edra e Zo\u00e9 descobrem<\/em><br \/>\n<img data-recalc-dims=\"1\" decoding=\"async\" class=\"alignnone wp-image-58076 size-full\" title=\"(Foto: TV Globo\/Todas as Flores)\" src=\"https:\/\/i0.wp.com\/www.tvnovelas.com.br\/tvnews\/wp-content\/uploads\/2023\/10\/38473.jpg?resize=728%2C410&#038;ssl=1\" alt=\"Foto em Todas as Flores: Ma\u00edra e Zo\u00e9 descobrem\" width=\"728\" height=\"410\" srcset=\"https:\/\/i0.wp.com\/www.tvnovelas.com.br\/tvnews\/wp-content\/uploads\/2023\/10\/38473.jpg?w=728&amp;ssl=1 728w, https:\/\/i0.wp.com\/www.tvnovelas.com.br\/tvnews\/wp-content\/uploads\/2023\/10\/38473.jpg?resize=678%2C381&amp;ssl=1 678w\" sizes=\"(max-width: 728px) 100vw, 728px\" \/><br \/>\nEm Todas as Flores, a casa vai cair para Pablo (Caio Castro) e Vanessa (Let\u00edcia Colin) em Todas as Flores. Ma\u00edra (Sophie Charlotte) e Zo\u00e9 (Regina Cas\u00e9) descobrir\u00e3o o caso secreto entre a estilista e o modelo da Rhodes. Enquanto a vil\u00e3 chantageia a filha, a perfumista decide colocar um ponto final no namoro com o rapaz.<\/p>\n<p>A primeira a descobrir \u00e9 Zo\u00e9, que v\u00ea Pablo e Vanessa saindo do mesmo provador da Rhodes. A vil\u00e3 vai at\u00e9 a casa da filha para contar que est\u00e1 por dentro do segredo dela, al\u00e9m de chantagear a estilista.<\/p>\n<p>&#8220;\u00c9 muito engra\u00e7ado, Vanessa, n\u00e3o d\u00e1. Voc\u00ea de caso com o Pablo. O cara baixa renda, pobrezinho, n\u00e3o tem um tost\u00e3o, z\u00e9 man\u00e9. Tudo que voc\u00ea abomina, tudo que voc\u00ea detesta. At\u00e9 agora eu n\u00e3o acredito. Eu nunca pensei, filha, que voc\u00ea ia rolar ladeira abaixo assim. Agora fala a verdade o Pablo \u00e9 que \u00e9 o pai do Nicolau, n\u00e9?&#8221;, questiona a loira da fac\u00e7\u00e3o.<\/p>\n<p>Vanessa ouve tudo o que a m\u00e3e descobriu sobre ela sem abrir a boca. &#8220;Ai, gente, como o amor \u00e9 lindo. Uma mo\u00e7a como voc\u00ea apaixonada por um rapazinho pobre. Parece at\u00e9 novela, muito engra\u00e7ado&#8221;, afirma Zo\u00e9. Cansada daquela conversa, a estilista, ent\u00e3o, decide se pronunciar. &#8220;N\u00e3o estou nem acompanhado o que voc\u00ea est\u00e1 dizendo, sua velha tarada. Voc\u00ea usou t\u00f3xicos? Est\u00e1 entorpecida?&#8221;, questiona ela, em um tom de deboche.<\/p>\n<p>&#8220;Eu estava te sacando, te filmando, Vanessinha. Eu vi a hora que voc\u00ea entrou atr\u00e1s dele no provador l\u00e1 na Rhodes assim&#8230; aquela respira\u00e7\u00e3o encurtada, ofegante, de uma pessoa apaixonada&#8221;, conta a loira da fac\u00e7\u00e3o. &#8220;Eu estava s\u00f3 ajustando a bainha de uma roupa que foi usada no desfile. S\u00f3 isso. Voc\u00ea est\u00e1 louca&#8221;, diz Vanessa, que tenta enganar a m\u00e3e. Por\u00e9m, a vil\u00e3 n\u00e3o cai no papo da filha e diz que viu toda a cena. &#8220;T\u00e1 bom, era isso. E a sa\u00edda, Vanessa? Voc\u00ea saiu daquele provador zoada, estava toda assim. Eu sei, eu sou mulher, eu sei o que \u00e9 isso&#8221;, afirma ela. &#8220;Do que voc\u00ea est\u00e1 falando?&#8221;, questiona a estilista.<\/p>\n<p>Zo\u00e9, que n\u00e3o consegue parar de rir, afirma que, ap\u00f3s descobrir o caso de Vanessa com Pablo, passou a olhar a filha com outros olhos. &#8220;Agora eu vou dizer. Voc\u00ea at\u00e9 subiu no meu conceito. Te achei mais humana, capaz de se apaixonar por um pobre. Achei bonito isso. Tamb\u00e9m n\u00e3o precisa ficar assim, com vergonha, porque eu tamb\u00e9m j\u00e1 cai nessa. Quando eu me apaixonei pelo Humberto, ele era burro sem rabo. Era carroceiro, catava papel\u00e3o&#8221;, declara Zo\u00e9. &#8220;M\u00e3e, voc\u00ea tomou um \u00e1cido? Essa onde de \u00e1cido. Eu n\u00e3o sou da sua laia, n\u00e3o&#8221;, ressalta a jovem.<\/p>\n<p>&#8220;Voc\u00ea n\u00e3o \u00e9 s\u00f3 da minha laia, meu bem, voc\u00ea \u00e9 da minha carne, voc\u00ea \u00e9 do meu sangue. Alguma coisa tinha que sair igual a mim, n\u00e9. Saiu nisso, infelizmente, coitada. Gostar de pobre! Vanessinha, eu vinha suspeitando, mas sabe qual foi a hora que deu aquele clique? Quando voc\u00ea surtou na hora que eu te disse que o Pablo estava com a Ma\u00edra. Ali eu falei foi, foi isso. At\u00e9 agora n\u00e3o acredito nisso. Eu conhe\u00e7o bem aquele sentimento, o jeito que voc\u00ea ficou, sabe. Aquilo ali \u00e9 despeito de mulher tra\u00edda. Eu sou mulher, eu sei o que \u00e9 isso&#8221;, afirma Zo\u00e9. &#8220;Cala a sua boca e vai embora da minha casa&#8221;, dispara Vanessa.<\/p>\n<p>A estilista bem que tenta mandar a m\u00e3e embora, mas Zo\u00e9 joga as cartas sobre a mesa. &#8220;Voc\u00ea n\u00e3o est\u00e1 entendendo, n\u00e9? Acho que voc\u00ea ainda n\u00e3o se deu conta do que aconteceu. Sei como \u00e9, \u00e0s vezes demora para ficha cair&#8221;, diz a loira da fac\u00e7\u00e3o. &#8220;N\u00e3o estou entendendo, n\u00e3o. O que est\u00e1 acontecendo? Me explica!&#8221;, pede Vanessa.<\/p>\n<p>&#8220;N\u00e3o est\u00e1 entendendo, ent\u00e3o eu vou te explicar. A partir de agora, voc\u00ea vai comer na minha m\u00e3o. Agora voc\u00ea vai dan\u00e7ar conforme a minha m\u00fasica. Agora, n\u00f3s somos s\u00f3cias. Eu sou detentora do seu segredo&#8221;, declara Zo\u00e9.<\/p>\n<p>Quem tamb\u00e9m descobre a rela\u00e7\u00e3o secreta entre Pablo e Vanessa \u00e9 Ma\u00edra. &#8220;O que foi, Ma\u00edra? Aconteceu alguma coisa?&#8221;, questiona ele, ap\u00f3s discutir com a estilista e ser flagrado pela perfumista. &#8220;Aconteceu muita coisa entre voc\u00ea e a Vanessa, n\u00e9&#8221;, diz a mo\u00e7a. &#8220;Voc\u00ea est\u00e1 falando da sua irm\u00e3?&#8221;, pergunta ele, dissimulado. &#8220;Para de me fazer de idiota. Eu j\u00e1 sei que voc\u00ea e Vanessa s\u00e3o amantes&#8221;, declara Ma\u00edra. Sem conseguir esconder mais, ele questiona: &#8220;O que voc\u00ea ouviu?&#8221;.<\/p>\n<p>&#8220;O suficiente para saber que, al\u00e9m de amante da Vanessa, voc\u00ea \u00e9 c\u00famplice dela&#8221;, afirma a perfumista.<br \/>\n<a href=\"https:\/\/wp.me\/p8dmjy-9zr\" target=\"_blank\" rel=\"noopener\">Resumos dos cap\u00edtulos da semana de Todas as Flores<\/a><br \/>\n<strong style=\"font-size: 120%;\">\u00daltimas not\u00edcias de Todas as Flores:<\/strong><br \/>\n<div class=\"pt-cv-wrapper\"><div class=\"pt-cv-view pt-cv-grid pt-cv-colsys\" id=\"pt-cv-view-57ad3a3tms\"><div data-id=\"pt-cv-page-1\" class=\"pt-cv-page\" data-cvc=\"1\"><div class=\"col-md-12 col-sm-12 col-xs-12 pt-cv-content-item pt-cv-1-col\" ><div class='pt-cv-ifield'><h4 class=\"pt-cv-title\"><a href=\"https:\/\/www.tvnovelas.com.br\/tvnews\/todas-as-flores-no-fim-acerto-de-contas-entre-maira-vanessa-e-zoe\/\" class=\"_self\" target=\"_self\" >Todas as Flores: No fim, acerto de contas entre Ma\u00edra, Vanessa e Zo\u00e9<\/a><\/h4><\/div><\/div>\n<div class=\"col-md-12 col-sm-12 col-xs-12 pt-cv-content-item pt-cv-1-col\" ><div class='pt-cv-ifield'><h4 class=\"pt-cv-title\"><a href=\"https:\/\/www.tvnovelas.com.br\/tvnews\/todas-as-flores-pablo-trai-vanessa-e-prende-estilista-no-porao\/\" class=\"_self\" target=\"_self\" >Todas as Flores: Pablo trai Vanessa e prende estilista no por\u00e3o<\/a><\/h4><\/div><\/div>\n<div class=\"col-md-12 col-sm-12 col-xs-12 pt-cv-content-item pt-cv-1-col\" ><div class='pt-cv-ifield'><h4 class=\"pt-cv-title\"><a href=\"https:\/\/www.tvnovelas.com.br\/tvnews\/todas-as-flores-olavo-arma-para-eliminar-rafael\/\" class=\"_self\" target=\"_self\" >Todas as Flores: Olavo arma para eliminar Rafael<\/a><\/h4><\/div><\/div>\n<div class=\"col-md-12 col-sm-12 col-xs-12 pt-cv-content-item pt-cv-1-col\" ><div class='pt-cv-ifield'><h4 class=\"pt-cv-title\"><a href=\"https:\/\/www.tvnovelas.com.br\/tvnews\/todas-as-flores-vanessa-sequestra-e-prende-zoe-em-porao\/\" class=\"_self\" target=\"_self\" >Todas as Flores: Vanessa sequestra e prende Zo\u00e9 em por\u00e3o<\/a><\/h4><\/div><\/div>\n<div class=\"col-md-12 col-sm-12 col-xs-12 pt-cv-content-item pt-cv-1-col\" ><div class='pt-cv-ifield'><h4 class=\"pt-cv-title\"><a href=\"https:\/\/www.tvnovelas.com.br\/tvnews\/todas-as-flores-zoe-mata-humberto\/\" class=\"_self\" target=\"_self\" >Todas as Flores: Zo\u00e9 mata Humberto<\/a><\/h4><\/div><\/div>\n<div class=\"col-md-12 col-sm-12 col-xs-12 pt-cv-content-item pt-cv-1-col\" ><div class='pt-cv-ifield'><h4 class=\"pt-cv-title\"><a href=\"https:\/\/www.tvnovelas.com.br\/tvnews\/todas-as-flores-humberto-resgata-judite-de-sequestrada-por-zoe\/\" class=\"_self\" target=\"_self\" >Todas as Flores: Humberto resgata Judite de sequestrada por Zo\u00e9<\/a><\/h4><\/div><\/div><\/div><\/div><\/div><br \/>\n<strong style=\"font-size: 120%;\">\u00daltimas not\u00edcias deste canal:<\/strong><br \/>\n<div class=\"pt-cv-wrapper\"><div class=\"pt-cv-view pt-cv-grid pt-cv-colsys\" id=\"pt-cv-view-90991035b3\"><div data-id=\"pt-cv-page-1\" class=\"pt-cv-page\" data-cvc=\"1\"><div class=\"col-md-12 col-sm-12 col-xs-12 pt-cv-content-item pt-cv-1-col\" ><div class='pt-cv-ifield'><h4 class=\"pt-cv-title\"><a href=\"https:\/\/www.tvnovelas.com.br\/tvnews\/guerra-das-rosas-omer-chama-gulru-vestida-de-noiva-para-fugir\/\" class=\"_self\" target=\"_self\" >Guerra das Rosas: Omer chama Gulru vestida de noiva para fugir<\/a><\/h4><\/div><\/div>\n<div class=\"col-md-12 col-sm-12 col-xs-12 pt-cv-content-item pt-cv-1-col\" ><div class='pt-cv-ifield'><h4 class=\"pt-cv-title\"><a href=\"https:\/\/www.tvnovelas.com.br\/tvnews\/coracao-de-mae-reha-sai-para-jantar-com-selvi\/\" class=\"_self\" target=\"_self\" >Cora\u00e7\u00e3o de M\u00e3e: Reha sai para jantar com Selvi<\/a><\/h4><\/div><\/div>\n<div class=\"col-md-12 col-sm-12 col-xs-12 pt-cv-content-item pt-cv-1-col\" ><div class='pt-cv-ifield'><h4 class=\"pt-cv-title\"><a href=\"https:\/\/www.tvnovelas.com.br\/tvnews\/coracao-acelerado-zila-se-preocupa-com-sua-situacao-apos-separacao\/\" class=\"_self\" target=\"_self\" >Cora\u00e7\u00e3o Acelerado: Zil\u00e1 se preocupa com sua situa\u00e7\u00e3o ap\u00f3s separa\u00e7\u00e3o<\/a><\/h4><\/div><\/div>\n<div class=\"col-md-12 col-sm-12 col-xs-12 pt-cv-content-item pt-cv-1-col\" ><div class='pt-cv-ifield'><h4 class=\"pt-cv-title\"><a href=\"https:\/\/www.tvnovelas.com.br\/tvnews\/a-nobreza-do-amor-tonho-nao-se-curva-diante-de-mirinho\/\" class=\"_self\" target=\"_self\" >A Nobreza do Amor: Tonho n\u00e3o se curva diante de Mirinho<\/a><\/h4><\/div><\/div>\n<div class=\"col-md-12 col-sm-12 col-xs-12 pt-cv-content-item pt-cv-1-col\" ><div class='pt-cv-ifield'><h4 class=\"pt-cv-title\"><a href=\"https:\/\/www.tvnovelas.com.br\/tvnews\/tres-gracas-arminda-surta-ao-confirmar-que-ferette-e-pai-de-raul\/\" class=\"_self\" target=\"_self\" >Tr\u00eas Gra\u00e7as:  Arminda surta ao confirmar que Ferette \u00e9 pai de Raul<\/a><\/h4><\/div><\/div>\n<div class=\"col-md-12 col-sm-12 col-xs-12 pt-cv-content-item pt-cv-1-col\" ><div class='pt-cv-ifield'><h4 class=\"pt-cv-title\"><a href=\"https:\/\/www.tvnovelas.com.br\/tvnews\/coracao-de-mae-atilla-confronta-hasan-e-exige-o-divorcio-de-lale\/\" class=\"_self\" target=\"_self\" >Cora\u00e7\u00e3o de M\u00e3e: Atilla confronta Hasan e exige o div\u00f3rcio de Lale<\/a><\/h4><\/div><\/div>\n<div class=\"col-md-12 col-sm-12 col-xs-12 pt-cv-content-item pt-cv-1-col\" ><div class='pt-cv-ifield'><h4 class=\"pt-cv-title\"><a href=\"https:\/\/www.tvnovelas.com.br\/tvnews\/guerra-das-rosas-gulfem-coloca-gulru-contra-a-parede\/\" class=\"_self\" target=\"_self\" >Guerra das Rosas: Gulfem coloca Gulru contra a parede<\/a><\/h4><\/div><\/div>\n<div class=\"col-md-12 col-sm-12 col-xs-12 pt-cv-content-item pt-cv-1-col\" ><div class='pt-cv-ifield'><h4 class=\"pt-cv-title\"><a href=\"https:\/\/www.tvnovelas.com.br\/tvnews\/coracao-de-mae-atilla-diz-a-lale-que-quer-o-divorcio\/\" class=\"_self\" target=\"_self\" >Cora\u00e7\u00e3o de M\u00e3e: Atilla diz a Lale que quer o div\u00f3rcio<\/a><\/h4><\/div><\/div>\n<div class=\"col-md-12 col-sm-12 col-xs-12 pt-cv-content-item pt-cv-1-col\" ><div class='pt-cv-ifield'><h4 class=\"pt-cv-title\"><a href=\"https:\/\/www.tvnovelas.com.br\/tvnews\/a-nobreza-do-amor-mirinho-garante-noivado-com-virginia-para-atrair-sogro-a-negocio\/\" class=\"_self\" target=\"_self\" >A Nobreza do Amor: Mirinho garante noivado com Virg\u00ednia para atrair sogro a neg\u00f3cio<\/a><\/h4><\/div><\/div>\n<div class=\"col-md-12 col-sm-12 col-xs-12 pt-cv-content-item pt-cv-1-col\" ><div class='pt-cv-ifield'><h4 class=\"pt-cv-title\"><a href=\"https:\/\/www.tvnovelas.com.br\/tvnews\/tres-gracas-joaquim-propoe-fuga-a-arminda-com-o-dinheiro-das-tres-gracas\/\" class=\"_self\" target=\"_self\" >Tr\u00eas Gra\u00e7as:  Joaquim prop\u00f5e fuga a Arminda com o dinheiro das Tr\u00eas Gra\u00e7as<\/a><\/h4><\/div><\/div><\/div><\/div><\/div><br \/>\n<a href=\"https:\/\/www.tvnovelas.com.br\/novelas\/\"><strong>Confira os resumos da semana de todas novelas<\/strong><\/a><br \/>\n<a href=\"http:\/\/tvnovelas.com.br\/filmes\" target=\"_blank\" rel=\"noopener\">Veja tamb\u00e9m: Todas as telas: filmes e s\u00e9ries nos streamings<\/a><\/p>\n<h3>Confira tamb\u00e9m<\/h3>\n<p><a href=\"https:\/\/www.tvnovelas.com.br\/filmes\/\" target=\"_blank\" rel=\"noo 2 pener noreferrer noopener\"><strong>Programa\u00e7\u00e3o de filmes na TV aberta<\/strong><\/a><br \/>\n<a href=\"https:\/\/tvnovelas.com.br\/filmes\/filmes-e-series-ineditos-em-estreia-na-semana-na-netflix\/\" target=\"_blank\" rel=\"noopener noreferrer\"><strong>Estreias da semana na Netflix<\/strong><\/a><br \/>\n<a href=\"https:\/\/caetenews.com.br\/semana\/filmes-da-globo-na-sessao-da-tarde-desta-semana\/\" target=\"_blank\" rel=\"noopener\"><strong>Confira os filmes da semana na Sess\u00e3o da Tarde<\/strong><\/a><br \/>\n<a href=\"\/\/tvnovelas.com.br\/filmes\/filmes-em-estreia-nos-cinemas\/\" target=\"_blank\" rel=\"noopener noreferrer\"><strong>Estreias e novidades no Cinema<\/strong><\/a><br \/>\n<a href=\"https:\/\/www.tvnovelas.com.br\/novelas\/\" target=\"_blank\" rel=\"noopener noreferrer\"><strong>Resumos de novelas<\/strong><\/a><\/p>\n","protected":false},"excerpt":{"rendered":"<p>Em Todas as Flores, a casa vai cair para Pablo (Caio Castro) e Vanessa (Let\u00edcia Colin) em Todas as Flores. Ma\u00edra (Sophie Charlotte) e Zo\u00e9 (Regina Cas\u00e9) descobrir\u00e3o&#8230;<\/p>\n","protected":false},"author":1,"featured_media":58076,"comment_status":"closed","ping_status":"closed","sticky":false,"template":"","format":"standard","meta":{"_uf_show_specific_survey":0,"_uf_disable_surveys":false,"_jetpack_memberships_contains_paid_content":false,"footnotes":"","_wp_rev_ctl_limit":""},"categories":[236],"tags":[5,64,380],"class_list":["post-58075","post","type-post","status-publish","format-standard","has-post-thumbnail","hentry","category-globo","tag-globo","tag-novelas","tag-todas-as-flores","wpcat-236-id"],"aioseo_notices":[],"jetpack_featured_media_url":"https:\/\/i0.wp.com\/www.tvnovelas.com.br\/tvnews\/wp-content\/uploads\/2023\/10\/38473.jpg?fit=728%2C410&ssl=1","jetpack_shortlink":"https:\/\/wp.me\/pdP2BO-f6H","jetpack_sharing_enabled":true,"_links":{"self":[{"href":"https:\/\/www.tvnovelas.com.br\/tvnews\/wp-json\/wp\/v2\/posts\/58075","targetHints":{"allow":["GET"]}}],"collection":[{"href":"https:\/\/www.tvnovelas.com.br\/tvnews\/wp-json\/wp\/v2\/posts"}],"about":[{"href":"https:\/\/www.tvnovelas.com.br\/tvnews\/wp-json\/wp\/v2\/types\/post"}],"author":[{"embeddable":true,"href":"https:\/\/www.tvnovelas.com.br\/tvnews\/wp-json\/wp\/v2\/users\/1"}],"replies":[{"embeddable":true,"href":"https:\/\/www.tvnovelas.com.br\/tvnews\/wp-json\/wp\/v2\/comments?post=58075"}],"version-history":[{"count":1,"href":"https:\/\/www.tvnovelas.com.br\/tvnews\/wp-json\/wp\/v2\/posts\/58075\/revisions"}],"predecessor-version":[{"id":58077,"href":"https:\/\/www.tvnovelas.com.br\/tvnews\/wp-json\/wp\/v2\/posts\/58075\/revisions\/58077"}],"wp:featuredmedia":[{"embeddable":true,"href":"https:\/\/www.tvnovelas.com.br\/tvnews\/wp-json\/wp\/v2\/media\/58076"}],"wp:attachment":[{"href":"https:\/\/www.tvnovelas.com.br\/tvnews\/wp-json\/wp\/v2\/media?parent=58075"}],"wp:term":[{"taxonomy":"category","embeddable":true,"href":"https:\/\/www.tvnovelas.com.br\/tvnews\/wp-json\/wp\/v2\/categories?post=58075"},{"taxonomy":"post_tag","embeddable":true,"href":"https:\/\/www.tvnovelas.com.br\/tvnews\/wp-json\/wp\/v2\/tags?post=58075"}],"curies":[{"name":"wp","href":"https:\/\/api.w.org\/{rel}","templated":true}]}}