{"id":58088,"date":"2023-10-26T11:19:10","date_gmt":"2023-10-26T14:19:10","guid":{"rendered":"https:\/\/www.tvnovelas.com.br\/tvnews\/?p=58088"},"modified":"2023-10-26T11:19:10","modified_gmt":"2023-10-26T14:19:10","slug":"todas-as-flores-debora-mata-samsa-e-chantageia-luis-felipe","status":"publish","type":"post","link":"https:\/\/www.tvnovelas.com.br\/tvnews\/todas-as-flores-debora-mata-samsa-e-chantageia-luis-felipe\/","title":{"rendered":"Todas as Flores: D\u00e9bora mata Samsa e chantageia Luis Felipe"},"content":{"rendered":"<p><em>Em Todas as Flores: D\u00e9bora mata Samsa<\/em><br \/>\n<img data-recalc-dims=\"1\" decoding=\"async\" class=\"alignnone wp-image-58089 size-full\" title=\"(Foto: TV Globo\/Todas as Flores)\" src=\"https:\/\/i0.wp.com\/www.tvnovelas.com.br\/tvnews\/wp-content\/uploads\/2023\/10\/38476.jpg?resize=728%2C409&#038;ssl=1\" alt=\"Foto em Todas as Flores: D\u00e9bora mata Samsa\" width=\"728\" height=\"409\" srcset=\"https:\/\/i0.wp.com\/www.tvnovelas.com.br\/tvnews\/wp-content\/uploads\/2023\/10\/38476.jpg?w=728&amp;ssl=1 728w, https:\/\/i0.wp.com\/www.tvnovelas.com.br\/tvnews\/wp-content\/uploads\/2023\/10\/38476.jpg?resize=678%2C381&amp;ssl=1 678w\" sizes=\"(max-width: 728px) 100vw, 728px\" \/><br \/>\nEm Todas as Flores, D\u00e9bora (Barbara Reis) e Samsa (\u00c2ngelo Ant\u00f4nio) v\u00e3o viver momentos eletrizantes e ter\u00e1 um grande acerto de contas com o marido. A vil\u00e3 tamb\u00e9m protagonizar\u00e1 cenas intensas com Luis Felipe (C\u00e1ssio Gabus Mendes), que ficar\u00e1 nas m\u00e3os dela.<\/p>\n<p>Todo o plano de D\u00e9bora acontece ap\u00f3s a sa\u00edda de Samsa da cadeia. Disposto a se vingar de Luis Felipe, o chef\u00e3o da quadrilha de tr\u00e1fico humano e trabalho escravo atrai o promotor at\u00e9 a sua casa depois de dopar Joy (Yara Charry), que vai at\u00e9 o local por acreditar que havia sido chamada para conversar com Diego (Nicolas Prattes).<\/p>\n<p>Na mans\u00e3o, Luis Felipe encontra o ex-gar\u00e7om, aponta a arma para ele e exige o paradeiro de Joy. &#8220;Ou voc\u00ea fala agora onde est\u00e1 minha filha ou eu mato voc\u00ea&#8221;, grita o promotor. &#8220;Minha fam\u00edlia est\u00e1 de ref\u00e9m. N\u00e3o fui eu. Foi ele ali&#8221;, explica Diego.<\/p>\n<p>Nesse momento, D\u00e9bora acende a luz da sala, e o promotor se depara com Samsa no local. Durante o conflito, o chefe da quadrilha leva um tiro do promotor. Enquanto isso, D\u00e9bora filma tudo e depois manda os capangas levarem Luis Felipe do c\u00f4modo. &#8220;Me traiu desgra\u00e7ada!&#8221;, afirma Samsa. &#8220;Que isso! Me solta! Me larga!&#8221;, esbraveja Luis Felipe.<\/p>\n<p>\u00c9 ent\u00e3o que Samsa se d\u00e1 conta que a sua mulher estava por tr\u00e1s de um plano contra ele tamb\u00e9m. &#8220;Aprendeu a jogar direitinho, n\u00e9. Tra\u00edra. Vadia!&#8221;, dispara ele. Nesse momento, D\u00e9bora revela a trag\u00e9dia no seu passado, que foi causada pelo seu marido.<\/p>\n<p>&#8220;S\u00f3 estou retribuindo o bem que voc\u00ea me fez, meu amor. Voc\u00ea me fez de escrava naquela fazenda, voc\u00ea me estuprou, vendeu os nossos filhos, voc\u00ea me matou por dentro. Eu s\u00f3 estou retribuindo&#8221;, declara ela.<\/p>\n<p>Depois, a vil\u00e3 atira contra o marido, que j\u00e1 est\u00e1 deitado em um canto da sala ap\u00f3s ter levado um tiro do promotor.<\/p>\n<p>De volta na sala, Luis Felipe percebe que se meteu em uma armadilha arquitetada por D\u00e9bora. &#8220;Ent\u00e3o, voc\u00ea \u00e9 respons\u00e1vel por isso tudo&#8221;, diz ele. Em tom provocativo, a vil\u00e3 confessa que filmou toda a cena em sua sala, do promotor atirando contra o chefe da quadrilha. &#8220;\u00c9, doutor Luis Felipe. Final dos tempos. \u00c9 hora das mulheres mostrarem a sua for\u00e7a e seus talentos. Ali\u00e1s, sabe que hoje eu descobri mais um talento? Acho que posso ser uma excelente diretora de cinema. Eu vou te mostrar um v\u00eddeo e a\u00ed voc\u00ea vai me dar sua sincera opini\u00e3o. Emocionante, n\u00e9. Quantos pr\u00eamios ser\u00e1 que eu ganharia se eu tornasse esse v\u00eddeo p\u00fablico?&#8221;, questiona ela.<\/p>\n<p>&#8220;O que voc\u00ea vai fazer com isso?&#8221;, pergunta o promotor. &#8220;Quem vai me dizer o que eu vou fazer \u00e9 voc\u00ea, afinal de contas voc\u00ea \u00e9 a estrela principal desse v\u00eddeo. Ent\u00e3o, nada mais justo. Sabe, doutor Luis Felipe, eu vou me abrir com o senhor, porque no fundo eu sou uma pessoa muito carente, sabe. Tudo o que eu mais queria nessa vida era ter amigos de verdade, sabe, amigos que eu pudesse confiar. Se voc\u00ea quiser ser meu amigo, eu prometo que nunca vou mostrar esse v\u00eddeo para ningu\u00e9m. Porque se tem uma coisa que eu sou \u00e9 leal. Como diz mesmo aquele ditado? Aos amigos, tudo. Aos inimigos, a lei&#8221;, responde a vil\u00e3.<\/p>\n<p>Ela continua e fala de uma alian\u00e7a entre ela e o promotor. &#8220;Ent\u00e3o, doutor Luis Felipe, muito simples. Se voc\u00ea quiser ser meu amigo, eu vou te dar tudo. Se n\u00e3o quiser, a lei&#8221;, diz ela. &#8220;N\u00e3o, eu n\u00e3o aceito chantagem&#8221;, rebate ele. &#8220;Mas n\u00e3o tem ningu\u00e9m falando em chantagem. Eu estou propondo um la\u00e7o de amizade, colabora\u00e7\u00e3o, uma rela\u00e7\u00e3o sincera entre a gente&#8221;, debocha D\u00e9bora.<\/p>\n<p>&#8220;Eu nunca seria colaborador de uma organiza\u00e7\u00e3o criminosa&#8221;, declara o promotor.<\/p>\n<p>Com a negativa do promotor, a vil\u00e3, ent\u00e3o, ressalta que ele ir\u00e1 preso pois ela far\u00e1 quest\u00e3o de divulgar o v\u00eddeo. &#8220;Ent\u00e3o, voc\u00ea vai em cana por assassinato e vai acabar com a tua fam\u00edlia, vida, carreira. Olha, doutor Luis Felipe, eu n\u00e3o queria ser indelicada, mas pelo visto \u00e9 a \u00fanica maneira de eu me fazer entender&#8221;, diz ela. &#8220;O que voc\u00ea quer de mim?&#8221;, questiona ele.<\/p>\n<p>&#8220;S\u00f3 umas coisinhas, nada demais, coisas que nem v\u00e3o te dar tanto trabalho&#8221;, pontua ela. &#8220;Como o qu\u00ea, por exemplo?&#8221;, questiona o promotor. &#8220;Eu digo quando for a hora&#8221;, responde a megera.<br \/>\n<a href=\"https:\/\/wp.me\/p8dmjy-9zr\" target=\"_blank\" rel=\"noopener\">Resumos dos cap\u00edtulos da semana de Todas as Flores<\/a><br \/>\n<strong style=\"font-size: 120%;\">\u00daltimas not\u00edcias de Todas as Flores:<\/strong><br \/>\n<div class=\"pt-cv-wrapper\"><div class=\"pt-cv-view pt-cv-grid pt-cv-colsys\" id=\"pt-cv-view-57ad3a3tms\"><div data-id=\"pt-cv-page-1\" class=\"pt-cv-page\" data-cvc=\"1\"><div class=\"col-md-12 col-sm-12 col-xs-12 pt-cv-content-item pt-cv-1-col\" ><div class='pt-cv-ifield'><h4 class=\"pt-cv-title\"><a href=\"https:\/\/www.tvnovelas.com.br\/tvnews\/todas-as-flores-no-fim-acerto-de-contas-entre-maira-vanessa-e-zoe\/\" class=\"_self\" target=\"_self\" >Todas as Flores: No fim, acerto de contas entre Ma\u00edra, Vanessa e Zo\u00e9<\/a><\/h4><\/div><\/div>\n<div class=\"col-md-12 col-sm-12 col-xs-12 pt-cv-content-item pt-cv-1-col\" ><div class='pt-cv-ifield'><h4 class=\"pt-cv-title\"><a href=\"https:\/\/www.tvnovelas.com.br\/tvnews\/todas-as-flores-pablo-trai-vanessa-e-prende-estilista-no-porao\/\" class=\"_self\" target=\"_self\" >Todas as Flores: Pablo trai Vanessa e prende estilista no por\u00e3o<\/a><\/h4><\/div><\/div>\n<div class=\"col-md-12 col-sm-12 col-xs-12 pt-cv-content-item pt-cv-1-col\" ><div class='pt-cv-ifield'><h4 class=\"pt-cv-title\"><a href=\"https:\/\/www.tvnovelas.com.br\/tvnews\/todas-as-flores-olavo-arma-para-eliminar-rafael\/\" class=\"_self\" target=\"_self\" >Todas as Flores: Olavo arma para eliminar Rafael<\/a><\/h4><\/div><\/div>\n<div class=\"col-md-12 col-sm-12 col-xs-12 pt-cv-content-item pt-cv-1-col\" ><div class='pt-cv-ifield'><h4 class=\"pt-cv-title\"><a href=\"https:\/\/www.tvnovelas.com.br\/tvnews\/todas-as-flores-vanessa-sequestra-e-prende-zoe-em-porao\/\" class=\"_self\" target=\"_self\" >Todas as Flores: Vanessa sequestra e prende Zo\u00e9 em por\u00e3o<\/a><\/h4><\/div><\/div>\n<div class=\"col-md-12 col-sm-12 col-xs-12 pt-cv-content-item pt-cv-1-col\" ><div class='pt-cv-ifield'><h4 class=\"pt-cv-title\"><a href=\"https:\/\/www.tvnovelas.com.br\/tvnews\/todas-as-flores-zoe-mata-humberto\/\" class=\"_self\" target=\"_self\" >Todas as Flores: Zo\u00e9 mata Humberto<\/a><\/h4><\/div><\/div>\n<div class=\"col-md-12 col-sm-12 col-xs-12 pt-cv-content-item pt-cv-1-col\" ><div class='pt-cv-ifield'><h4 class=\"pt-cv-title\"><a href=\"https:\/\/www.tvnovelas.com.br\/tvnews\/todas-as-flores-humberto-resgata-judite-de-sequestrada-por-zoe\/\" class=\"_self\" target=\"_self\" >Todas as Flores: Humberto resgata Judite de sequestrada por Zo\u00e9<\/a><\/h4><\/div><\/div><\/div><\/div><\/div><br \/>\n<strong style=\"font-size: 120%;\">\u00daltimas not\u00edcias deste canal:<\/strong><br \/>\n<div class=\"pt-cv-wrapper\"><div class=\"pt-cv-view pt-cv-grid pt-cv-colsys\" id=\"pt-cv-view-90991035b3\"><div data-id=\"pt-cv-page-1\" class=\"pt-cv-page\" data-cvc=\"1\"><div class=\"col-md-12 col-sm-12 col-xs-12 pt-cv-content-item pt-cv-1-col\" ><div class='pt-cv-ifield'><h4 class=\"pt-cv-title\"><a href=\"https:\/\/www.tvnovelas.com.br\/tvnews\/coracao-de-mae-irmak-inicia-jogo-arriscado-contra-adnan\/\" class=\"_self\" target=\"_self\" >Cora\u00e7\u00e3o de M\u00e3e: Irmak inicia jogo arriscado contra Adnan<\/a><\/h4><\/div><\/div>\n<div class=\"col-md-12 col-sm-12 col-xs-12 pt-cv-content-item pt-cv-1-col\" ><div class='pt-cv-ifield'><h4 class=\"pt-cv-title\"><a href=\"https:\/\/www.tvnovelas.com.br\/tvnews\/guerra-das-rosas-omer-chama-gulru-vestida-de-noiva-para-fugir\/\" class=\"_self\" target=\"_self\" >Guerra das Rosas: Omer chama Gulru vestida de noiva para fugir<\/a><\/h4><\/div><\/div>\n<div class=\"col-md-12 col-sm-12 col-xs-12 pt-cv-content-item pt-cv-1-col\" ><div class='pt-cv-ifield'><h4 class=\"pt-cv-title\"><a href=\"https:\/\/www.tvnovelas.com.br\/tvnews\/coracao-de-mae-reha-sai-para-jantar-com-selvi\/\" class=\"_self\" target=\"_self\" >Cora\u00e7\u00e3o de M\u00e3e: Reha sai para jantar com Selvi<\/a><\/h4><\/div><\/div>\n<div class=\"col-md-12 col-sm-12 col-xs-12 pt-cv-content-item pt-cv-1-col\" ><div class='pt-cv-ifield'><h4 class=\"pt-cv-title\"><a href=\"https:\/\/www.tvnovelas.com.br\/tvnews\/coracao-acelerado-zila-se-preocupa-com-sua-situacao-apos-separacao\/\" class=\"_self\" target=\"_self\" >Cora\u00e7\u00e3o Acelerado: Zil\u00e1 se preocupa com sua situa\u00e7\u00e3o ap\u00f3s separa\u00e7\u00e3o<\/a><\/h4><\/div><\/div>\n<div class=\"col-md-12 col-sm-12 col-xs-12 pt-cv-content-item pt-cv-1-col\" ><div class='pt-cv-ifield'><h4 class=\"pt-cv-title\"><a href=\"https:\/\/www.tvnovelas.com.br\/tvnews\/a-nobreza-do-amor-tonho-nao-se-curva-diante-de-mirinho\/\" class=\"_self\" target=\"_self\" >A Nobreza do Amor: Tonho n\u00e3o se curva diante de Mirinho<\/a><\/h4><\/div><\/div>\n<div class=\"col-md-12 col-sm-12 col-xs-12 pt-cv-content-item pt-cv-1-col\" ><div class='pt-cv-ifield'><h4 class=\"pt-cv-title\"><a href=\"https:\/\/www.tvnovelas.com.br\/tvnews\/tres-gracas-arminda-surta-ao-confirmar-que-ferette-e-pai-de-raul\/\" class=\"_self\" target=\"_self\" >Tr\u00eas Gra\u00e7as:  Arminda surta ao confirmar que Ferette \u00e9 pai de Raul<\/a><\/h4><\/div><\/div>\n<div class=\"col-md-12 col-sm-12 col-xs-12 pt-cv-content-item pt-cv-1-col\" ><div class='pt-cv-ifield'><h4 class=\"pt-cv-title\"><a href=\"https:\/\/www.tvnovelas.com.br\/tvnews\/coracao-de-mae-atilla-confronta-hasan-e-exige-o-divorcio-de-lale\/\" class=\"_self\" target=\"_self\" >Cora\u00e7\u00e3o de M\u00e3e: Atilla confronta Hasan e exige o div\u00f3rcio de Lale<\/a><\/h4><\/div><\/div>\n<div class=\"col-md-12 col-sm-12 col-xs-12 pt-cv-content-item pt-cv-1-col\" ><div class='pt-cv-ifield'><h4 class=\"pt-cv-title\"><a href=\"https:\/\/www.tvnovelas.com.br\/tvnews\/guerra-das-rosas-gulfem-coloca-gulru-contra-a-parede\/\" class=\"_self\" target=\"_self\" >Guerra das Rosas: Gulfem coloca Gulru contra a parede<\/a><\/h4><\/div><\/div>\n<div class=\"col-md-12 col-sm-12 col-xs-12 pt-cv-content-item pt-cv-1-col\" ><div class='pt-cv-ifield'><h4 class=\"pt-cv-title\"><a href=\"https:\/\/www.tvnovelas.com.br\/tvnews\/coracao-de-mae-atilla-diz-a-lale-que-quer-o-divorcio\/\" class=\"_self\" target=\"_self\" >Cora\u00e7\u00e3o de M\u00e3e: Atilla diz a Lale que quer o div\u00f3rcio<\/a><\/h4><\/div><\/div>\n<div class=\"col-md-12 col-sm-12 col-xs-12 pt-cv-content-item pt-cv-1-col\" ><div class='pt-cv-ifield'><h4 class=\"pt-cv-title\"><a href=\"https:\/\/www.tvnovelas.com.br\/tvnews\/a-nobreza-do-amor-mirinho-garante-noivado-com-virginia-para-atrair-sogro-a-negocio\/\" class=\"_self\" target=\"_self\" >A Nobreza do Amor: Mirinho garante noivado com Virg\u00ednia para atrair sogro a neg\u00f3cio<\/a><\/h4><\/div><\/div><\/div><\/div><\/div><br \/>\n<a href=\"https:\/\/www.tvnovelas.com.br\/novelas\/\"><strong>Confira os resumos da semana de todas novelas<\/strong><\/a><br \/>\n<a href=\"http:\/\/tvnovelas.com.br\/filmes\" target=\"_blank\" rel=\"noopener\">Veja tamb\u00e9m: Todas as telas: filmes e s\u00e9ries nos streamings<\/a><\/p>\n<h3>Confira tamb\u00e9m<\/h3>\n<p><a href=\"https:\/\/www.tvnovelas.com.br\/filmes\/\" target=\"_blank\" rel=\"noo 2 pener noreferrer noopener\"><strong>Programa\u00e7\u00e3o de filmes na TV aberta<\/strong><\/a><br \/>\n<a href=\"https:\/\/tvnovelas.com.br\/filmes\/filmes-e-series-ineditos-em-estreia-na-semana-na-netflix\/\" target=\"_blank\" rel=\"noopener noreferrer\"><strong>Estreias da semana na Netflix<\/strong><\/a><br \/>\n<a href=\"https:\/\/caetenews.com.br\/semana\/filmes-da-globo-na-sessao-da-tarde-desta-semana\/\" target=\"_blank\" rel=\"noopener\"><strong>Confira os filmes da semana na Sess\u00e3o da Tarde<\/strong><\/a><br \/>\n<a href=\"\/\/tvnovelas.com.br\/filmes\/filmes-em-estreia-nos-cinemas\/\" target=\"_blank\" rel=\"noopener noreferrer\"><strong>Estreias e novidades no Cinema<\/strong><\/a><br \/>\n<a href=\"https:\/\/www.tvnovelas.com.br\/novelas\/\" target=\"_blank\" rel=\"noopener noreferrer\"><strong>Resumos de novelas<\/strong><\/a><\/p>\n","protected":false},"excerpt":{"rendered":"<p>Em Todas as Flores, D\u00e9bora (Barbara Reis) e Samsa (\u00c2ngelo Ant\u00f4nio) v\u00e3o viver momentos eletrizantes e ter\u00e1 um grande acerto de contas com o marido. A vil\u00e3 tamb\u00e9m protagonizar\u00e1&#8230;<\/p>\n","protected":false},"author":1,"featured_media":58089,"comment_status":"closed","ping_status":"closed","sticky":false,"template":"","format":"standard","meta":{"_uf_show_specific_survey":0,"_uf_disable_surveys":false,"_jetpack_memberships_contains_paid_content":false,"footnotes":"","_wp_rev_ctl_limit":""},"categories":[236],"tags":[5,64,380],"class_list":["post-58088","post","type-post","status-publish","format-standard","has-post-thumbnail","hentry","category-globo","tag-globo","tag-novelas","tag-todas-as-flores","wpcat-236-id"],"aioseo_notices":[],"jetpack_featured_media_url":"https:\/\/i0.wp.com\/www.tvnovelas.com.br\/tvnews\/wp-content\/uploads\/2023\/10\/38476.jpg?fit=728%2C409&ssl=1","jetpack_shortlink":"https:\/\/wp.me\/pdP2BO-f6U","jetpack_sharing_enabled":true,"_links":{"self":[{"href":"https:\/\/www.tvnovelas.com.br\/tvnews\/wp-json\/wp\/v2\/posts\/58088","targetHints":{"allow":["GET"]}}],"collection":[{"href":"https:\/\/www.tvnovelas.com.br\/tvnews\/wp-json\/wp\/v2\/posts"}],"about":[{"href":"https:\/\/www.tvnovelas.com.br\/tvnews\/wp-json\/wp\/v2\/types\/post"}],"author":[{"embeddable":true,"href":"https:\/\/www.tvnovelas.com.br\/tvnews\/wp-json\/wp\/v2\/users\/1"}],"replies":[{"embeddable":true,"href":"https:\/\/www.tvnovelas.com.br\/tvnews\/wp-json\/wp\/v2\/comments?post=58088"}],"version-history":[{"count":1,"href":"https:\/\/www.tvnovelas.com.br\/tvnews\/wp-json\/wp\/v2\/posts\/58088\/revisions"}],"predecessor-version":[{"id":58090,"href":"https:\/\/www.tvnovelas.com.br\/tvnews\/wp-json\/wp\/v2\/posts\/58088\/revisions\/58090"}],"wp:featuredmedia":[{"embeddable":true,"href":"https:\/\/www.tvnovelas.com.br\/tvnews\/wp-json\/wp\/v2\/media\/58089"}],"wp:attachment":[{"href":"https:\/\/www.tvnovelas.com.br\/tvnews\/wp-json\/wp\/v2\/media?parent=58088"}],"wp:term":[{"taxonomy":"category","embeddable":true,"href":"https:\/\/www.tvnovelas.com.br\/tvnews\/wp-json\/wp\/v2\/categories?post=58088"},{"taxonomy":"post_tag","embeddable":true,"href":"https:\/\/www.tvnovelas.com.br\/tvnews\/wp-json\/wp\/v2\/tags?post=58088"}],"curies":[{"name":"wp","href":"https:\/\/api.w.org\/{rel}","templated":true}]}}