{"id":58146,"date":"2023-10-27T09:29:14","date_gmt":"2023-10-27T12:29:14","guid":{"rendered":"https:\/\/www.tvnovelas.com.br\/tvnews\/?p=58146"},"modified":"2023-10-27T09:29:14","modified_gmt":"2023-10-27T12:29:14","slug":"todas-as-flores-diego-e-sequestrado-e-levado-para-a-fazenda","status":"publish","type":"post","link":"https:\/\/www.tvnovelas.com.br\/tvnews\/todas-as-flores-diego-e-sequestrado-e-levado-para-a-fazenda\/","title":{"rendered":"Todas as Flores: Diego \u00e9 sequestrado e levado para a fazenda"},"content":{"rendered":"<p><em>Em Todas as Flores: Diego \u00e9 sequestrado<\/em><br \/>\n<img data-recalc-dims=\"1\" decoding=\"async\" class=\"alignnone wp-image-58147 size-full\" title=\"(Foto: TV Globo\/Todas as Flores)\" src=\"https:\/\/i0.wp.com\/www.tvnovelas.com.br\/tvnews\/wp-content\/uploads\/2023\/10\/38491.jpg?resize=728%2C410&#038;ssl=1\" alt=\"Foto em Todas as Flores: Diego \u00e9 sequestrado\" width=\"728\" height=\"410\" srcset=\"https:\/\/i0.wp.com\/www.tvnovelas.com.br\/tvnews\/wp-content\/uploads\/2023\/10\/38491.jpg?w=728&amp;ssl=1 728w, https:\/\/i0.wp.com\/www.tvnovelas.com.br\/tvnews\/wp-content\/uploads\/2023\/10\/38491.jpg?resize=678%2C381&amp;ssl=1 678w\" sizes=\"(max-width: 728px) 100vw, 728px\" \/><br \/>\nEm Todas as Flores, Diego (Nicolas Prattes) n\u00e3o tem um dia de paz em Todas as Flores. Desta vez, o ex-gar\u00e7om \u00e9 sequestrado e levado para o quarto branco da fazenda de tr\u00e1fico humano. O rapaz vai parar no local ap\u00f3s ser pego em uma emboscada dos capangas da organiza\u00e7\u00e3o criminosa, que veem ele de conversa com Rafael (Humberto Carr\u00e3o).<\/p>\n<p>O ex-gar\u00e7om, que anda cada vez mais irritado com a posi\u00e7\u00e3o em que foi colocado por D\u00e9bora (Barbara Reis) e preocupado com a situa\u00e7\u00e3o da sua irm\u00e3, J\u00e9ssica (Duda Batsow), tentou at\u00e9 negociar com a vil\u00e3, mas sem sucesso. Ele, ent\u00e3o, vai para o tudo ou nada e decide continuar a alian\u00e7a com Rafael.<\/p>\n<p>O rapaz marca um encontro com o presidente da Rhodes para contar as \u00faltimas novidades dentro da chefia da organiza\u00e7\u00e3o criminosa. A contragosto, o empres\u00e1rio vai at\u00e9 l\u00e1 e ouve o que o rapaz tem a dizer. &#8220;Como que t\u00e1 a Joy?&#8221;, pergunta o ex-gar\u00e7om. &#8220;Que Joy, meu irm\u00e3o. N\u00e3o era nem para olhar na tua cara depois do que voc\u00ea fez com a Joy e com a Lila&#8221;, afirma Rafael.<\/p>\n<p>&#8220;Errei, queria matar o cara que acabou com a minha vida, n\u00e9. Errei mesmo. Eu errei de ter usado as duas, mas eu n\u00e3o queria. Eles me for\u00e7aram, entendeu? Eu vou te falar a Lila \u00e9 uma mulher incr\u00edvel. Eu amo a Joy. Estou apaixonado&#8221;, explica Diego.<\/p>\n<p>O empres\u00e1rio determina que o rapaz n\u00e3o insista com essa hist\u00f3ria e pede que ele esque\u00e7a a Joy. &#8220;N\u00e3o vou esquecer. Eu tenho que falar para ela que eu amo ela&#8221;, afirma o ex-gar\u00e7om. &#8220;N\u00e3o vou dar recado&#8221;, diz Rafael. Nesse momento, Diego revela que D\u00e9bora assumiu o comando da quadrilha de tr\u00e1fico humano e trabalho escravo.<\/p>\n<p>&#8220;Pelo amor de Deus, eu estou bra\u00e7o direito da organiza\u00e7\u00e3o agora, sacou? O Samsa saiu da pris\u00e3o, e a D\u00e9bora matou ele. Agora ela assumiu tudo. Ela estava at\u00e9 outro dia l\u00e1 tamb\u00e9m falando da Guiomar Martinez (Ana Beatriz Nogueira), tua m\u00e3e, n\u00e9?&#8221;, questiona ele.<\/p>\n<p>Ap\u00f3s ouvir que a quadrilha criminosa tem alguma informa\u00e7\u00e3o sobre a sua m\u00e3e, Rafael fica nervoso e chega a ficar na d\u00favida. \u00c9 ent\u00e3o que o ex-gar\u00e7om continua falando da rela\u00e7\u00e3o entre os criminosos e Guiomar. &#8220;Exatamente, ela sabe, po. Parece que s\u00e3o duas pessoas s\u00e3o dentro da organiza\u00e7\u00e3o, sacou? Ela estava falando que essas pessoas n\u00e3o cumpriram alguma coisa que ela mandou, ent\u00e3o ela est\u00e1 amea\u00e7ando dedurar que sabe quem \u00e9&#8221;, afirma ele. Para descobrir sobre a morte da sua m\u00e3e, o presidente da Rhodes direciona o que o rapaz deve fazer.<\/p>\n<p>&#8220;Presta aten\u00e7\u00e3o, quando essa mulher pega o celular dela, pelo amor de Deus? Eu preciso saber quem matou a minha m\u00e3e&#8221;, diz Rafael.<\/p>\n<p>O ex-gar\u00e7om garante que vai conseguir reunir informa\u00e7\u00f5es sobre a morte da m\u00e3e do empres\u00e1rio e outros segredos da organiza\u00e7\u00e3o criminosa. &#8220;Confia em mim, eu vou saber, cara. O galp\u00e3o&#8230; eu vou te passar o endere\u00e7o. Meu irm\u00e3o, eu estou pertinho de saber onde \u00e9 essa fazenda&#8221;, afirma Diego.<\/p>\n<p>Por\u00e9m, a conversa entre os dois \u00e9 interrompida com a chegada de capangas, que amea\u00e7am os dois. Rafael consegue se salvar com a ajuda de Ten\u00f3rio (Bernardo Schlegel), que estava no restaurante fazendo a seguran\u00e7a do empres\u00e1rio. Quanto a Diego n\u00e3o podemos falar que teve a mesma sorte, j\u00e1 que ele \u00e9 sequestrado pelos homens. &#8220;Calma a\u00ed, j\u00e1 foi. Ele n\u00e3o tem nada a ver, n\u00e3o. Vamos acalmar&#8221;, se desespera o ex-gar\u00e7om.<\/p>\n<p>Diego se surpreende ao se dar conta que foi levado para a fazenda de tr\u00e1fico humano. Por l\u00e1, ele encontra D\u00e9bora. &#8220;Por que tu me trouxe para c\u00e1?&#8221;, questiona ele. &#8220;Encare isso como uma grande oportunidade. Porque aqui voc\u00ea vai poder repensar sua vida, as tuas atitudes, vai poder pensar nos erros que voc\u00ea cometeu, ter se virado contra&#8230;&#8221;, afirma a megera.<\/p>\n<p>&#8220;Eu n\u00e3o vou trabalhar para voc\u00eas&#8221;, grita Diego. &#8220;Cala a boca&#8221;, esbraveja D\u00e9bora. &#8220;N\u00e3o vou. Me solta&#8221;, reclama o rapaz. Com toda a tentativa de se desvencilhar dos capangas e daquela situa\u00e7\u00e3o, Diego acaba irritando os criminosos, e, por isso, \u00e9 dopado. &#8220;Vai dormir agora, Diego. Isso, dorme&#8221;, debocha D\u00e9bora.<br \/>\n<a href=\"https:\/\/wp.me\/p8dmjy-9zr\" target=\"_blank\" rel=\"noopener\">Resumos dos cap\u00edtulos da semana de Todas as Flores<\/a><br \/>\n<strong style=\"font-size: 120%;\">\u00daltimas not\u00edcias de Todas as Flores:<\/strong><br \/>\n<div class=\"pt-cv-wrapper\"><div class=\"pt-cv-view pt-cv-grid pt-cv-colsys\" id=\"pt-cv-view-57ad3a3tms\"><div data-id=\"pt-cv-page-1\" class=\"pt-cv-page\" data-cvc=\"1\"><div class=\"col-md-12 col-sm-12 col-xs-12 pt-cv-content-item pt-cv-1-col\" ><div class='pt-cv-ifield'><h4 class=\"pt-cv-title\"><a href=\"https:\/\/www.tvnovelas.com.br\/tvnews\/todas-as-flores-no-fim-acerto-de-contas-entre-maira-vanessa-e-zoe\/\" class=\"_self\" target=\"_self\" >Todas as Flores: No fim, acerto de contas entre Ma\u00edra, Vanessa e Zo\u00e9<\/a><\/h4><\/div><\/div>\n<div class=\"col-md-12 col-sm-12 col-xs-12 pt-cv-content-item pt-cv-1-col\" ><div class='pt-cv-ifield'><h4 class=\"pt-cv-title\"><a href=\"https:\/\/www.tvnovelas.com.br\/tvnews\/todas-as-flores-pablo-trai-vanessa-e-prende-estilista-no-porao\/\" class=\"_self\" target=\"_self\" >Todas as Flores: Pablo trai Vanessa e prende estilista no por\u00e3o<\/a><\/h4><\/div><\/div>\n<div class=\"col-md-12 col-sm-12 col-xs-12 pt-cv-content-item pt-cv-1-col\" ><div class='pt-cv-ifield'><h4 class=\"pt-cv-title\"><a href=\"https:\/\/www.tvnovelas.com.br\/tvnews\/todas-as-flores-olavo-arma-para-eliminar-rafael\/\" class=\"_self\" target=\"_self\" >Todas as Flores: Olavo arma para eliminar Rafael<\/a><\/h4><\/div><\/div>\n<div class=\"col-md-12 col-sm-12 col-xs-12 pt-cv-content-item pt-cv-1-col\" ><div class='pt-cv-ifield'><h4 class=\"pt-cv-title\"><a href=\"https:\/\/www.tvnovelas.com.br\/tvnews\/todas-as-flores-vanessa-sequestra-e-prende-zoe-em-porao\/\" class=\"_self\" target=\"_self\" >Todas as Flores: Vanessa sequestra e prende Zo\u00e9 em por\u00e3o<\/a><\/h4><\/div><\/div>\n<div class=\"col-md-12 col-sm-12 col-xs-12 pt-cv-content-item pt-cv-1-col\" ><div class='pt-cv-ifield'><h4 class=\"pt-cv-title\"><a href=\"https:\/\/www.tvnovelas.com.br\/tvnews\/todas-as-flores-zoe-mata-humberto\/\" class=\"_self\" target=\"_self\" >Todas as Flores: Zo\u00e9 mata Humberto<\/a><\/h4><\/div><\/div>\n<div class=\"col-md-12 col-sm-12 col-xs-12 pt-cv-content-item pt-cv-1-col\" ><div class='pt-cv-ifield'><h4 class=\"pt-cv-title\"><a href=\"https:\/\/www.tvnovelas.com.br\/tvnews\/todas-as-flores-humberto-resgata-judite-de-sequestrada-por-zoe\/\" class=\"_self\" target=\"_self\" >Todas as Flores: Humberto resgata Judite de sequestrada por Zo\u00e9<\/a><\/h4><\/div><\/div><\/div><\/div><\/div><br \/>\n<strong style=\"font-size: 120%;\">\u00daltimas not\u00edcias deste canal:<\/strong><br \/>\n<div class=\"pt-cv-wrapper\"><div class=\"pt-cv-view pt-cv-grid pt-cv-colsys\" id=\"pt-cv-view-90991035b3\"><div data-id=\"pt-cv-page-1\" class=\"pt-cv-page\" data-cvc=\"1\"><div class=\"col-md-12 col-sm-12 col-xs-12 pt-cv-content-item pt-cv-1-col\" ><div class='pt-cv-ifield'><h4 class=\"pt-cv-title\"><a href=\"https:\/\/www.tvnovelas.com.br\/tvnews\/guerra-das-rosas-omer-chama-gulru-vestida-de-noiva-para-fugir\/\" class=\"_self\" target=\"_self\" >Guerra das Rosas: Omer chama Gulru vestida de noiva para fugir<\/a><\/h4><\/div><\/div>\n<div class=\"col-md-12 col-sm-12 col-xs-12 pt-cv-content-item pt-cv-1-col\" ><div class='pt-cv-ifield'><h4 class=\"pt-cv-title\"><a href=\"https:\/\/www.tvnovelas.com.br\/tvnews\/coracao-de-mae-reha-sai-para-jantar-com-selvi\/\" class=\"_self\" target=\"_self\" >Cora\u00e7\u00e3o de M\u00e3e: Reha sai para jantar com Selvi<\/a><\/h4><\/div><\/div>\n<div class=\"col-md-12 col-sm-12 col-xs-12 pt-cv-content-item pt-cv-1-col\" ><div class='pt-cv-ifield'><h4 class=\"pt-cv-title\"><a href=\"https:\/\/www.tvnovelas.com.br\/tvnews\/coracao-acelerado-zila-se-preocupa-com-sua-situacao-apos-separacao\/\" class=\"_self\" target=\"_self\" >Cora\u00e7\u00e3o Acelerado: Zil\u00e1 se preocupa com sua situa\u00e7\u00e3o ap\u00f3s separa\u00e7\u00e3o<\/a><\/h4><\/div><\/div>\n<div class=\"col-md-12 col-sm-12 col-xs-12 pt-cv-content-item pt-cv-1-col\" ><div class='pt-cv-ifield'><h4 class=\"pt-cv-title\"><a href=\"https:\/\/www.tvnovelas.com.br\/tvnews\/a-nobreza-do-amor-tonho-nao-se-curva-diante-de-mirinho\/\" class=\"_self\" target=\"_self\" >A Nobreza do Amor: Tonho n\u00e3o se curva diante de Mirinho<\/a><\/h4><\/div><\/div>\n<div class=\"col-md-12 col-sm-12 col-xs-12 pt-cv-content-item pt-cv-1-col\" ><div class='pt-cv-ifield'><h4 class=\"pt-cv-title\"><a href=\"https:\/\/www.tvnovelas.com.br\/tvnews\/tres-gracas-arminda-surta-ao-confirmar-que-ferette-e-pai-de-raul\/\" class=\"_self\" target=\"_self\" >Tr\u00eas Gra\u00e7as:  Arminda surta ao confirmar que Ferette \u00e9 pai de Raul<\/a><\/h4><\/div><\/div>\n<div class=\"col-md-12 col-sm-12 col-xs-12 pt-cv-content-item pt-cv-1-col\" ><div class='pt-cv-ifield'><h4 class=\"pt-cv-title\"><a href=\"https:\/\/www.tvnovelas.com.br\/tvnews\/coracao-de-mae-atilla-confronta-hasan-e-exige-o-divorcio-de-lale\/\" class=\"_self\" target=\"_self\" >Cora\u00e7\u00e3o de M\u00e3e: Atilla confronta Hasan e exige o div\u00f3rcio de Lale<\/a><\/h4><\/div><\/div>\n<div class=\"col-md-12 col-sm-12 col-xs-12 pt-cv-content-item pt-cv-1-col\" ><div class='pt-cv-ifield'><h4 class=\"pt-cv-title\"><a href=\"https:\/\/www.tvnovelas.com.br\/tvnews\/guerra-das-rosas-gulfem-coloca-gulru-contra-a-parede\/\" class=\"_self\" target=\"_self\" >Guerra das Rosas: Gulfem coloca Gulru contra a parede<\/a><\/h4><\/div><\/div>\n<div class=\"col-md-12 col-sm-12 col-xs-12 pt-cv-content-item pt-cv-1-col\" ><div class='pt-cv-ifield'><h4 class=\"pt-cv-title\"><a href=\"https:\/\/www.tvnovelas.com.br\/tvnews\/coracao-de-mae-atilla-diz-a-lale-que-quer-o-divorcio\/\" class=\"_self\" target=\"_self\" >Cora\u00e7\u00e3o de M\u00e3e: Atilla diz a Lale que quer o div\u00f3rcio<\/a><\/h4><\/div><\/div>\n<div class=\"col-md-12 col-sm-12 col-xs-12 pt-cv-content-item pt-cv-1-col\" ><div class='pt-cv-ifield'><h4 class=\"pt-cv-title\"><a href=\"https:\/\/www.tvnovelas.com.br\/tvnews\/a-nobreza-do-amor-mirinho-garante-noivado-com-virginia-para-atrair-sogro-a-negocio\/\" class=\"_self\" target=\"_self\" >A Nobreza do Amor: Mirinho garante noivado com Virg\u00ednia para atrair sogro a neg\u00f3cio<\/a><\/h4><\/div><\/div>\n<div class=\"col-md-12 col-sm-12 col-xs-12 pt-cv-content-item pt-cv-1-col\" ><div class='pt-cv-ifield'><h4 class=\"pt-cv-title\"><a href=\"https:\/\/www.tvnovelas.com.br\/tvnews\/tres-gracas-joaquim-propoe-fuga-a-arminda-com-o-dinheiro-das-tres-gracas\/\" class=\"_self\" target=\"_self\" >Tr\u00eas Gra\u00e7as:  Joaquim prop\u00f5e fuga a Arminda com o dinheiro das Tr\u00eas Gra\u00e7as<\/a><\/h4><\/div><\/div><\/div><\/div><\/div><br \/>\n<a href=\"https:\/\/www.tvnovelas.com.br\/novelas\/\"><strong>Confira os resumos da semana de todas novelas<\/strong><\/a><br \/>\n<a href=\"http:\/\/tvnovelas.com.br\/filmes\" target=\"_blank\" rel=\"noopener\">Veja tamb\u00e9m: Todas as telas: filmes e s\u00e9ries nos streamings<\/a><\/p>\n<h3>Confira tamb\u00e9m<\/h3>\n<p><a href=\"https:\/\/www.tvnovelas.com.br\/filmes\/\" target=\"_blank\" rel=\"noo 2 pener noreferrer noopener\"><strong>Programa\u00e7\u00e3o de filmes na TV aberta<\/strong><\/a><br \/>\n<a href=\"https:\/\/tvnovelas.com.br\/filmes\/filmes-e-series-ineditos-em-estreia-na-semana-na-netflix\/\" target=\"_blank\" rel=\"noopener noreferrer\"><strong>Estreias da semana na Netflix<\/strong><\/a><br \/>\n<a href=\"https:\/\/caetenews.com.br\/semana\/filmes-da-globo-na-sessao-da-tarde-desta-semana\/\" target=\"_blank\" rel=\"noopener\"><strong>Confira os filmes da semana na Sess\u00e3o da Tarde<\/strong><\/a><br \/>\n<a href=\"\/\/tvnovelas.com.br\/filmes\/filmes-em-estreia-nos-cinemas\/\" target=\"_blank\" rel=\"noopener noreferrer\"><strong>Estreias e novidades no Cinema<\/strong><\/a><br \/>\n<a href=\"https:\/\/www.tvnovelas.com.br\/novelas\/\" target=\"_blank\" rel=\"noopener noreferrer\"><strong>Resumos de novelas<\/strong><\/a><\/p>\n","protected":false},"excerpt":{"rendered":"<p>Em Todas as Flores, Diego (Nicolas Prattes) n\u00e3o tem um dia de paz em Todas as Flores. Desta vez, o ex-gar\u00e7om \u00e9 sequestrado e levado para o quarto branco da fazenda&#8230;<\/p>\n","protected":false},"author":1,"featured_media":58147,"comment_status":"closed","ping_status":"closed","sticky":false,"template":"","format":"standard","meta":{"_uf_show_specific_survey":0,"_uf_disable_surveys":false,"_jetpack_memberships_contains_paid_content":false,"footnotes":"","_wp_rev_ctl_limit":""},"categories":[236],"tags":[5,64,380],"class_list":["post-58146","post","type-post","status-publish","format-standard","has-post-thumbnail","hentry","category-globo","tag-globo","tag-novelas","tag-todas-as-flores","wpcat-236-id"],"aioseo_notices":[],"jetpack_featured_media_url":"https:\/\/i0.wp.com\/www.tvnovelas.com.br\/tvnews\/wp-content\/uploads\/2023\/10\/38491.jpg?fit=728%2C410&ssl=1","jetpack_shortlink":"https:\/\/wp.me\/pdP2BO-f7Q","jetpack_sharing_enabled":true,"_links":{"self":[{"href":"https:\/\/www.tvnovelas.com.br\/tvnews\/wp-json\/wp\/v2\/posts\/58146","targetHints":{"allow":["GET"]}}],"collection":[{"href":"https:\/\/www.tvnovelas.com.br\/tvnews\/wp-json\/wp\/v2\/posts"}],"about":[{"href":"https:\/\/www.tvnovelas.com.br\/tvnews\/wp-json\/wp\/v2\/types\/post"}],"author":[{"embeddable":true,"href":"https:\/\/www.tvnovelas.com.br\/tvnews\/wp-json\/wp\/v2\/users\/1"}],"replies":[{"embeddable":true,"href":"https:\/\/www.tvnovelas.com.br\/tvnews\/wp-json\/wp\/v2\/comments?post=58146"}],"version-history":[{"count":1,"href":"https:\/\/www.tvnovelas.com.br\/tvnews\/wp-json\/wp\/v2\/posts\/58146\/revisions"}],"predecessor-version":[{"id":58148,"href":"https:\/\/www.tvnovelas.com.br\/tvnews\/wp-json\/wp\/v2\/posts\/58146\/revisions\/58148"}],"wp:featuredmedia":[{"embeddable":true,"href":"https:\/\/www.tvnovelas.com.br\/tvnews\/wp-json\/wp\/v2\/media\/58147"}],"wp:attachment":[{"href":"https:\/\/www.tvnovelas.com.br\/tvnews\/wp-json\/wp\/v2\/media?parent=58146"}],"wp:term":[{"taxonomy":"category","embeddable":true,"href":"https:\/\/www.tvnovelas.com.br\/tvnews\/wp-json\/wp\/v2\/categories?post=58146"},{"taxonomy":"post_tag","embeddable":true,"href":"https:\/\/www.tvnovelas.com.br\/tvnews\/wp-json\/wp\/v2\/tags?post=58146"}],"curies":[{"name":"wp","href":"https:\/\/api.w.org\/{rel}","templated":true}]}}