{"id":58235,"date":"2023-10-29T10:56:00","date_gmt":"2023-10-29T13:56:00","guid":{"rendered":"https:\/\/www.tvnovelas.com.br\/tvnews\/?p=58235"},"modified":"2023-10-29T11:16:11","modified_gmt":"2023-10-29T14:16:11","slug":"todas-as-flores-apos-flagra-em-vanessa-rafael-propoe-alianca-com-estilista","status":"publish","type":"post","link":"https:\/\/www.tvnovelas.com.br\/tvnews\/todas-as-flores-apos-flagra-em-vanessa-rafael-propoe-alianca-com-estilista\/","title":{"rendered":"Todas as Flores: ap\u00f3s flagra em Vanessa, Rafael prop\u00f5e alian\u00e7a com estilista"},"content":{"rendered":"<p><em>Em Todas as Flores: ap\u00f3s flagra em Vanessa<\/em><br \/>\n<img data-recalc-dims=\"1\" decoding=\"async\" class=\"alignnone wp-image-58236 size-full\" title=\"(Foto: TV Globo\/Todas as Flores)\" src=\"https:\/\/i0.wp.com\/www.tvnovelas.com.br\/tvnews\/wp-content\/uploads\/2023\/10\/38514.jpg?resize=728%2C409&#038;ssl=1\" alt=\"Foto em Todas as Flores: ap\u00f3s flagra em Vanessa....\" width=\"728\" height=\"409\" srcset=\"https:\/\/i0.wp.com\/www.tvnovelas.com.br\/tvnews\/wp-content\/uploads\/2023\/10\/38514.jpg?w=728&amp;ssl=1 728w, https:\/\/i0.wp.com\/www.tvnovelas.com.br\/tvnews\/wp-content\/uploads\/2023\/10\/38514.jpg?resize=678%2C381&amp;ssl=1 678w\" sizes=\"(max-width: 728px) 100vw, 728px\" \/><br \/>\nEm Todas as Flores, a casa vai cair para Vanessa (Let\u00edcia Colin). Ap\u00f3s Rafael (Humberto Carr\u00e3o) flagrar a estilista aos beijos com Pablo (Caio Castro) na mans\u00e3o da sua fam\u00edlia, o presidente da Rhodes prop\u00f5e que ela descubra qual \u00e9 o envolvimento de Zo\u00e9 (Regina Cas\u00e9) na morte da m\u00e3e dele em troca dela continuar com o alto padr\u00e3o de vida.<\/p>\n<p>&#8220;Presta aten\u00e7\u00e3o. Eu vou falar a tua l\u00edngua agora. Vou ser claro com voc\u00ea, eu vou fechar um neg\u00f3cio com voc\u00ea&#8221;, diz o presidente da Rhodes. &#8220;Que neg\u00f3cio?&#8221;, pergunta a estilista.<\/p>\n<p>&#8220;Eu quero saber qual rela\u00e7\u00e3o da sua m\u00e3e com a morte da minha m\u00e3e. Qual o envolvimento da Zo\u00e9 no tr\u00e1fico humano? Em troca voc\u00ea fica com esse apartamento por enquanto, eu continuo te pagando a pens\u00e3o gorda que eu pago para voc\u00ea cuidar do Nico, mesmo ele n\u00e3o sendo meu filho. N\u00e3o vai ter acusa\u00e7\u00e3o formal, n\u00e3o vai ter humilha\u00e7\u00e3o p\u00fablica. O que voc\u00ea acha?&#8221;, questiona Rafael.<\/p>\n<p>Tomado de raiva ap\u00f3s se dar conta que Vanessa mentiu para ele durante todo esse tempo, Rafael declara que \u00e9 essa proposta ou a estilista ter\u00e1 que deixar o apartamento e a vida de luxo que ela leva com o dinheiro dele. &#8220;Ou \u00e9 isso ou \u00e9 rua. Mis\u00e9ria, pobreza e cadeia, porque a gente sabe que voc\u00ea vai ser presa tamb\u00e9m. Voc\u00ea \u00e9 c\u00famplice da sua m\u00e3e em todos esses crimes. O que voc\u00ea acha? O que voc\u00ea escolhe? Eu estou te dando a chance de voc\u00ea escolher o seu destino. Ou voc\u00ea continua com esse padr\u00e3o de vida que voc\u00ea adora ou \u00e9 pobreza, mis\u00e9ria, rua e cadeia com a sua m\u00e3e. O que voc\u00ea quer?&#8221;, pergunta.<\/p>\n<p>&#8220;N\u00e3o. Rafael, eu n\u00e3o mere\u00e7o isso&#8221;, ressalta ela. &#8220;N\u00e3o merece? Voc\u00ea me enganou esse tempo todo&#8221;, afirma ele. &#8220;Eu menti para voc\u00ea, eu sei que eu menti, mas voc\u00ea est\u00e1 exagerando&#8221;, diz ela, em uma tentativa de contornar a situa\u00e7\u00e3o. &#8220;Cala boca, sua c\u00ednica&#8221;, esbraveja o empres\u00e1rio.<\/p>\n<p>Vanessa tenta encontrar uma sa\u00edda ap\u00f3s Rafael descobrir seus segredos, mas n\u00e3o consegue convencer o empres\u00e1rio. &#8220;Eu amava voc\u00ea, eu sempre te amei. Voc\u00ea parou de me desejar. Eu me senti diminu\u00edda como mulher&#8221;, diz ela. &#8220;A culpa de tudo o que aconteceu agora \u00e9 minha?&#8221;, rebate ele. Em seguida, a estilista tenta colocar a culpa pela trai\u00e7\u00e3o e pela mentira sobre a paternidade do filho no pr\u00f3prio ex-noivo. &#8220;Me escuta, por favor! Voc\u00ea n\u00e3o tem ideia do que eu passei, a minha doen\u00e7a. Voc\u00ea n\u00e3o tem ideia do que \u00e9 amar e sentir que o outro j\u00e1 n\u00e3o te ama mais. Voc\u00ea se apaixonou pela minha irm\u00e3. Eu errei, mas foi porque eu estava desesperada. Foi por isso que eu fui ficar com Pablo, mas foi um caso sem consequ\u00eancia&#8221;, afirma ela.<\/p>\n<p>&#8220;Sem consequ\u00eancia? Voc\u00ea teve um filho com ele. Voc\u00ea falou que era meu filho. Voc\u00ea acha que isso n\u00e3o \u00e9 consequ\u00eancia? N\u00e3o, o Nico \u00e9 seu filho. Ele \u00e9 a sua cara&#8221;, declara ela. &#8220;Deixa de ser rid\u00edcula. Voc\u00ea \u00e9 pat\u00e9tica&#8221;, dispara Rafael. &#8220;Olha s\u00f3, o que importa \u00e9 o amor que eu sinto por voc\u00ea, Rafael. Eu te amo muito, eu te amo de verdade. S\u00f3 isso importa&#8221;, destaca a estilista. &#8220;Voc\u00ea n\u00e3o desiste, n\u00e9? Voc\u00ea gosta de falar. Voc\u00ea vai continuar, n\u00e9?&#8221;, pergunta o empres\u00e1rio. &#8220;Eu errei porque eu perdi voc\u00ea. Voc\u00ea era meu ch\u00e3o. Eu te tra\u00ed porque eu estava desesperada, s\u00f3 por isso que eu transei com outro cara&#8221;, diz Vanessa, que tenta sensibilizar o ex.<\/p>\n<p>&#8220;Eu estou achando interessante porque voc\u00ea est\u00e1 mudando a t\u00e1tica agora. O teatro \u00e9 bom, mas voc\u00ea n\u00e3o me convence mais. Nada que sai da sua boca me convence. Eu n\u00e3o acredito nesse teu choro falso. Decide! Voc\u00ea vai fechar comigo ou com a sua m\u00e3e?&#8221;, pergunta Rafael.<\/p>\n<p>A estilista afirma que o presidente da Rhodes n\u00e3o vai ter coragem de acabar com a vida dela e acabar tamb\u00e9m com a vida do seu pr\u00f3prio filho. &#8220;Eu n\u00e3o estou te reconhecendo&#8221;, diz ela. &#8220;Ele n\u00e3o \u00e9 meu filho&#8221;, lembra ele. &#8220;Quem \u00e9 voc\u00ea? Quem est\u00e1 aqui?&#8221;, questiona Vanessa. &#8220;Agora, a gente est\u00e1 se conhecendo. Decide. O que voc\u00ea vai fazer?&#8221;, pergunta o empres\u00e1rio. \u00c9 ent\u00e3o que a estilista confirma o que o empres\u00e1rio gostaria desde o in\u00edcio da conversa. &#8220;Vou fechar com voc\u00ea&#8221;, afirma ela.<\/p>\n<blockquote><p><a href=\"https:\/\/wp.me\/pdP2BO-f9l\" rel=\"noopener\" target=\"_blank\">Todas as Flores: Vanessa fecha com Rafael para n\u00e3o perder as mordomias<\/a><\/p><\/blockquote>\n<p>&#8220;Eu n\u00e3o entendi. Fala direito&#8221;, diz Rafael. &#8220;Eu vou fechar com voc\u00ea, mas s\u00f3 para proteger o meu filho da sua insanidade, porque voc\u00ea n\u00e3o est\u00e1 normal&#8221;, explica ela. &#8220;Voc\u00ea n\u00e3o est\u00e1 protegendo o seu filho. Voc\u00ea est\u00e1 pensando em voc\u00ea. Voc\u00ea sempre pensa em voc\u00ea. Mas dessa vez voc\u00ea est\u00e1 certa, porque voc\u00ea est\u00e1 fechando com quem tem mais para te oferecer&#8221;, afirma Rafael.<br \/>\n<!--THE END--><br \/>\n<a href=\"https:\/\/wp.me\/p8dmjy-9zr\" target=\"_blank\" rel=\"noopener\">Resumos dos cap\u00edtulos da semana de Todas as Flores<\/a><br \/>\n<strong style=\"font-size: 120%;\">\u00daltimas not\u00edcias de Todas as Flores:<\/strong><br \/>\n<div class=\"pt-cv-wrapper\"><div class=\"pt-cv-view pt-cv-grid pt-cv-colsys\" id=\"pt-cv-view-57ad3a3tms\"><div data-id=\"pt-cv-page-1\" class=\"pt-cv-page\" data-cvc=\"1\"><div class=\"col-md-12 col-sm-12 col-xs-12 pt-cv-content-item pt-cv-1-col\" ><div class='pt-cv-ifield'><h4 class=\"pt-cv-title\"><a href=\"https:\/\/www.tvnovelas.com.br\/tvnews\/todas-as-flores-no-fim-acerto-de-contas-entre-maira-vanessa-e-zoe\/\" class=\"_self\" target=\"_self\" >Todas as Flores: No fim, acerto de contas entre Ma\u00edra, Vanessa e Zo\u00e9<\/a><\/h4><\/div><\/div>\n<div class=\"col-md-12 col-sm-12 col-xs-12 pt-cv-content-item pt-cv-1-col\" ><div class='pt-cv-ifield'><h4 class=\"pt-cv-title\"><a href=\"https:\/\/www.tvnovelas.com.br\/tvnews\/todas-as-flores-pablo-trai-vanessa-e-prende-estilista-no-porao\/\" class=\"_self\" target=\"_self\" >Todas as Flores: Pablo trai Vanessa e prende estilista no por\u00e3o<\/a><\/h4><\/div><\/div>\n<div class=\"col-md-12 col-sm-12 col-xs-12 pt-cv-content-item pt-cv-1-col\" ><div class='pt-cv-ifield'><h4 class=\"pt-cv-title\"><a href=\"https:\/\/www.tvnovelas.com.br\/tvnews\/todas-as-flores-olavo-arma-para-eliminar-rafael\/\" class=\"_self\" target=\"_self\" >Todas as Flores: Olavo arma para eliminar Rafael<\/a><\/h4><\/div><\/div>\n<div class=\"col-md-12 col-sm-12 col-xs-12 pt-cv-content-item pt-cv-1-col\" ><div class='pt-cv-ifield'><h4 class=\"pt-cv-title\"><a href=\"https:\/\/www.tvnovelas.com.br\/tvnews\/todas-as-flores-vanessa-sequestra-e-prende-zoe-em-porao\/\" class=\"_self\" target=\"_self\" >Todas as Flores: Vanessa sequestra e prende Zo\u00e9 em por\u00e3o<\/a><\/h4><\/div><\/div>\n<div class=\"col-md-12 col-sm-12 col-xs-12 pt-cv-content-item pt-cv-1-col\" ><div class='pt-cv-ifield'><h4 class=\"pt-cv-title\"><a href=\"https:\/\/www.tvnovelas.com.br\/tvnews\/todas-as-flores-zoe-mata-humberto\/\" class=\"_self\" target=\"_self\" >Todas as Flores: Zo\u00e9 mata Humberto<\/a><\/h4><\/div><\/div>\n<div class=\"col-md-12 col-sm-12 col-xs-12 pt-cv-content-item pt-cv-1-col\" ><div class='pt-cv-ifield'><h4 class=\"pt-cv-title\"><a href=\"https:\/\/www.tvnovelas.com.br\/tvnews\/todas-as-flores-humberto-resgata-judite-de-sequestrada-por-zoe\/\" class=\"_self\" target=\"_self\" >Todas as Flores: Humberto resgata Judite de sequestrada por Zo\u00e9<\/a><\/h4><\/div><\/div><\/div><\/div><\/div><br \/>\n<strong style=\"font-size: 120%;\">\u00daltimas not\u00edcias deste canal:<\/strong><br \/>\n<div class=\"pt-cv-wrapper\"><div class=\"pt-cv-view pt-cv-grid pt-cv-colsys\" id=\"pt-cv-view-90991035b3\"><div data-id=\"pt-cv-page-1\" class=\"pt-cv-page\" data-cvc=\"1\"><div class=\"col-md-12 col-sm-12 col-xs-12 pt-cv-content-item pt-cv-1-col\" ><div class='pt-cv-ifield'><h4 class=\"pt-cv-title\"><a href=\"https:\/\/www.tvnovelas.com.br\/tvnews\/guerra-das-rosas-omer-chama-gulru-vestida-de-noiva-para-fugir\/\" class=\"_self\" target=\"_self\" >Guerra das Rosas: Omer chama Gulru vestida de noiva para fugir<\/a><\/h4><\/div><\/div>\n<div class=\"col-md-12 col-sm-12 col-xs-12 pt-cv-content-item pt-cv-1-col\" ><div class='pt-cv-ifield'><h4 class=\"pt-cv-title\"><a href=\"https:\/\/www.tvnovelas.com.br\/tvnews\/coracao-de-mae-reha-sai-para-jantar-com-selvi\/\" class=\"_self\" target=\"_self\" >Cora\u00e7\u00e3o de M\u00e3e: Reha sai para jantar com Selvi<\/a><\/h4><\/div><\/div>\n<div class=\"col-md-12 col-sm-12 col-xs-12 pt-cv-content-item pt-cv-1-col\" ><div class='pt-cv-ifield'><h4 class=\"pt-cv-title\"><a href=\"https:\/\/www.tvnovelas.com.br\/tvnews\/coracao-acelerado-zila-se-preocupa-com-sua-situacao-apos-separacao\/\" class=\"_self\" target=\"_self\" >Cora\u00e7\u00e3o Acelerado: Zil\u00e1 se preocupa com sua situa\u00e7\u00e3o ap\u00f3s separa\u00e7\u00e3o<\/a><\/h4><\/div><\/div>\n<div class=\"col-md-12 col-sm-12 col-xs-12 pt-cv-content-item pt-cv-1-col\" ><div class='pt-cv-ifield'><h4 class=\"pt-cv-title\"><a href=\"https:\/\/www.tvnovelas.com.br\/tvnews\/a-nobreza-do-amor-tonho-nao-se-curva-diante-de-mirinho\/\" class=\"_self\" target=\"_self\" >A Nobreza do Amor: Tonho n\u00e3o se curva diante de Mirinho<\/a><\/h4><\/div><\/div>\n<div class=\"col-md-12 col-sm-12 col-xs-12 pt-cv-content-item pt-cv-1-col\" ><div class='pt-cv-ifield'><h4 class=\"pt-cv-title\"><a href=\"https:\/\/www.tvnovelas.com.br\/tvnews\/tres-gracas-arminda-surta-ao-confirmar-que-ferette-e-pai-de-raul\/\" class=\"_self\" target=\"_self\" >Tr\u00eas Gra\u00e7as:  Arminda surta ao confirmar que Ferette \u00e9 pai de Raul<\/a><\/h4><\/div><\/div>\n<div class=\"col-md-12 col-sm-12 col-xs-12 pt-cv-content-item pt-cv-1-col\" ><div class='pt-cv-ifield'><h4 class=\"pt-cv-title\"><a href=\"https:\/\/www.tvnovelas.com.br\/tvnews\/coracao-de-mae-atilla-confronta-hasan-e-exige-o-divorcio-de-lale\/\" class=\"_self\" target=\"_self\" >Cora\u00e7\u00e3o de M\u00e3e: Atilla confronta Hasan e exige o div\u00f3rcio de Lale<\/a><\/h4><\/div><\/div>\n<div class=\"col-md-12 col-sm-12 col-xs-12 pt-cv-content-item pt-cv-1-col\" ><div class='pt-cv-ifield'><h4 class=\"pt-cv-title\"><a href=\"https:\/\/www.tvnovelas.com.br\/tvnews\/guerra-das-rosas-gulfem-coloca-gulru-contra-a-parede\/\" class=\"_self\" target=\"_self\" >Guerra das Rosas: Gulfem coloca Gulru contra a parede<\/a><\/h4><\/div><\/div>\n<div class=\"col-md-12 col-sm-12 col-xs-12 pt-cv-content-item pt-cv-1-col\" ><div class='pt-cv-ifield'><h4 class=\"pt-cv-title\"><a href=\"https:\/\/www.tvnovelas.com.br\/tvnews\/coracao-de-mae-atilla-diz-a-lale-que-quer-o-divorcio\/\" class=\"_self\" target=\"_self\" >Cora\u00e7\u00e3o de M\u00e3e: Atilla diz a Lale que quer o div\u00f3rcio<\/a><\/h4><\/div><\/div>\n<div class=\"col-md-12 col-sm-12 col-xs-12 pt-cv-content-item pt-cv-1-col\" ><div class='pt-cv-ifield'><h4 class=\"pt-cv-title\"><a href=\"https:\/\/www.tvnovelas.com.br\/tvnews\/a-nobreza-do-amor-mirinho-garante-noivado-com-virginia-para-atrair-sogro-a-negocio\/\" class=\"_self\" target=\"_self\" >A Nobreza do Amor: Mirinho garante noivado com Virg\u00ednia para atrair sogro a neg\u00f3cio<\/a><\/h4><\/div><\/div>\n<div class=\"col-md-12 col-sm-12 col-xs-12 pt-cv-content-item pt-cv-1-col\" ><div class='pt-cv-ifield'><h4 class=\"pt-cv-title\"><a href=\"https:\/\/www.tvnovelas.com.br\/tvnews\/tres-gracas-joaquim-propoe-fuga-a-arminda-com-o-dinheiro-das-tres-gracas\/\" class=\"_self\" target=\"_self\" >Tr\u00eas Gra\u00e7as:  Joaquim prop\u00f5e fuga a Arminda com o dinheiro das Tr\u00eas Gra\u00e7as<\/a><\/h4><\/div><\/div><\/div><\/div><\/div><br \/>\n<a href=\"https:\/\/www.tvnovelas.com.br\/novelas\/\"><strong>Confira os resumos da semana de todas novelas<\/strong><\/a><br \/>\n<a href=\"http:\/\/tvnovelas.com.br\/filmes\" target=\"_blank\" rel=\"noopener\">Veja tamb\u00e9m: Todas as telas: filmes e s\u00e9ries nos streamings<\/a><\/p>\n<h3>Confira tamb\u00e9m<\/h3>\n<p><a href=\"https:\/\/www.tvnovelas.com.br\/filmes\/\" target=\"_blank\" rel=\"noo 2 pener noreferrer noopener\"><strong>Programa\u00e7\u00e3o de filmes na TV aberta<\/strong><\/a><br \/>\n<a href=\"https:\/\/tvnovelas.com.br\/filmes\/filmes-e-series-ineditos-em-estreia-na-semana-na-netflix\/\" target=\"_blank\" rel=\"noopener noreferrer\"><strong>Estreias da semana na Netflix<\/strong><\/a><br \/>\n<a href=\"https:\/\/caetenews.com.br\/semana\/filmes-da-globo-na-sessao-da-tarde-desta-semana\/\" target=\"_blank\" rel=\"noopener\"><strong>Confira os filmes da semana na Sess\u00e3o da Tarde<\/strong><\/a><br \/>\n<a href=\"\/\/tvnovelas.com.br\/filmes\/filmes-em-estreia-nos-cinemas\/\" target=\"_blank\" rel=\"noopener noreferrer\"><strong>Estreias e novidades no Cinema<\/strong><\/a><br \/>\n<a href=\"https:\/\/www.tvnovelas.com.br\/novelas\/\" target=\"_blank\" rel=\"noopener noreferrer\"><strong>Resumos de novelas<\/strong><\/a><\/p>\n","protected":false},"excerpt":{"rendered":"<p>Em Todas as Flores, a casa vai cair para Vanessa (Let\u00edcia Colin). Ap\u00f3s Rafael (Humberto Carr\u00e3o) flagrar a estilista aos beijos com Pablo (Caio Castro) na mans\u00e3o&#8230;<\/p>\n","protected":false},"author":1,"featured_media":58236,"comment_status":"closed","ping_status":"closed","sticky":false,"template":"","format":"standard","meta":{"_uf_show_specific_survey":0,"_uf_disable_surveys":false,"_jetpack_memberships_contains_paid_content":false,"footnotes":"","_wp_rev_ctl_limit":""},"categories":[236],"tags":[5,64,380],"class_list":["post-58235","post","type-post","status-publish","format-standard","has-post-thumbnail","hentry","category-globo","tag-globo","tag-novelas","tag-todas-as-flores","wpcat-236-id"],"aioseo_notices":[],"jetpack_featured_media_url":"https:\/\/i0.wp.com\/www.tvnovelas.com.br\/tvnews\/wp-content\/uploads\/2023\/10\/38514.jpg?fit=728%2C409&ssl=1","jetpack_shortlink":"https:\/\/wp.me\/pdP2BO-f9h","jetpack_sharing_enabled":true,"_links":{"self":[{"href":"https:\/\/www.tvnovelas.com.br\/tvnews\/wp-json\/wp\/v2\/posts\/58235","targetHints":{"allow":["GET"]}}],"collection":[{"href":"https:\/\/www.tvnovelas.com.br\/tvnews\/wp-json\/wp\/v2\/posts"}],"about":[{"href":"https:\/\/www.tvnovelas.com.br\/tvnews\/wp-json\/wp\/v2\/types\/post"}],"author":[{"embeddable":true,"href":"https:\/\/www.tvnovelas.com.br\/tvnews\/wp-json\/wp\/v2\/users\/1"}],"replies":[{"embeddable":true,"href":"https:\/\/www.tvnovelas.com.br\/tvnews\/wp-json\/wp\/v2\/comments?post=58235"}],"version-history":[{"count":2,"href":"https:\/\/www.tvnovelas.com.br\/tvnews\/wp-json\/wp\/v2\/posts\/58235\/revisions"}],"predecessor-version":[{"id":58244,"href":"https:\/\/www.tvnovelas.com.br\/tvnews\/wp-json\/wp\/v2\/posts\/58235\/revisions\/58244"}],"wp:featuredmedia":[{"embeddable":true,"href":"https:\/\/www.tvnovelas.com.br\/tvnews\/wp-json\/wp\/v2\/media\/58236"}],"wp:attachment":[{"href":"https:\/\/www.tvnovelas.com.br\/tvnews\/wp-json\/wp\/v2\/media?parent=58235"}],"wp:term":[{"taxonomy":"category","embeddable":true,"href":"https:\/\/www.tvnovelas.com.br\/tvnews\/wp-json\/wp\/v2\/categories?post=58235"},{"taxonomy":"post_tag","embeddable":true,"href":"https:\/\/www.tvnovelas.com.br\/tvnews\/wp-json\/wp\/v2\/tags?post=58235"}],"curies":[{"name":"wp","href":"https:\/\/api.w.org\/{rel}","templated":true}]}}