{"id":58239,"date":"2023-10-29T11:12:57","date_gmt":"2023-10-29T14:12:57","guid":{"rendered":"https:\/\/www.tvnovelas.com.br\/tvnews\/?p=58239"},"modified":"2023-10-29T11:14:00","modified_gmt":"2023-10-29T14:14:00","slug":"todas-as-flores-vanessa-fecha-com-rafael-para-nao-perder-as-mordomias","status":"publish","type":"post","link":"https:\/\/www.tvnovelas.com.br\/tvnews\/todas-as-flores-vanessa-fecha-com-rafael-para-nao-perder-as-mordomias\/","title":{"rendered":"Todas as Flores: Vanessa fecha com Rafael para n\u00e3o perder as mordomias"},"content":{"rendered":"<p><em>Em Todas as Flores: Vanessa fecha com Rafael<\/em><br \/>\n<img data-recalc-dims=\"1\" decoding=\"async\" class=\"alignnone wp-image-58240 size-full\" title=\"(Foto: TV Globo\/Todas as Flores)\" src=\"https:\/\/i0.wp.com\/www.tvnovelas.com.br\/tvnews\/wp-content\/uploads\/2023\/10\/38515.jpg?resize=728%2C410&#038;ssl=1\" alt=\"Foto em Todas as Flores: Vanessa fecha com Rafael\" width=\"728\" height=\"410\" srcset=\"https:\/\/i0.wp.com\/www.tvnovelas.com.br\/tvnews\/wp-content\/uploads\/2023\/10\/38515.jpg?w=728&amp;ssl=1 728w, https:\/\/i0.wp.com\/www.tvnovelas.com.br\/tvnews\/wp-content\/uploads\/2023\/10\/38515.jpg?resize=678%2C381&amp;ssl=1 678w\" sizes=\"(max-width: 728px) 100vw, 728px\" \/><br \/>\nEm Todas as Flores, ap\u00f3s Rafael (Humberto Carr\u00e3o) flagrar a estilista aos beijos com Pablo (Caio Castro) na mans\u00e3o da sua fam\u00edlia,<a href=\"https:\/\/www.tvnovelas.com.br\/tvnews\/todas-as-flores-apos-flagra-em-vanessa-rafael-propoe-alianca-com-estilista\/\" rel=\"noopener\" target=\"_blank\"> o presidente da Rhodes prop\u00f5e que ela descubra qual \u00e9 o envolvimento de Zo\u00e9 (Regina Cas\u00e9) na morte da m\u00e3e dele<\/a> em troca dela continuar com o alto padr\u00e3o de vida.<\/p>\n<p>Vanessa ainda tenta encontrar uma sa\u00edda para se esquivar da alian\u00e7a, ap\u00f3s Rafael descobrir seus segredos, mas n\u00e3o consegue convencer o empres\u00e1rio. Com as mordomias amea\u00e7adas, Vanessa acaba cedendo e confirmando o que o empres\u00e1rio gostaria desde o in\u00edcio da conversa. &#8220;Vou fechar com voc\u00ea&#8221;, afirma ela.<\/p>\n<p>Ap\u00f3s Vanessa aceitar formar alian\u00e7a com Rafael para n\u00e3o perder as mordomias de uma vida de alto padr\u00e3o, o presidente da Rhodes come\u00e7a a question\u00e1-la sobre as arma\u00e7\u00f5es da estilista. &#8220;Agora, a gente vai falar sobre o que voc\u00ea fez. O Pablo&#8230; vamos come\u00e7ar por ele. Voc\u00ea obrigou o Pablo a seduzir a Ma\u00edra, n\u00e3o foi?&#8221;, pergunta ele. &#8220;N\u00e3o, o que eu sei daqueles dois \u00e9 que eles se apaixonaram e agora ela terminou tudo com ele&#8221;, afirma a estilista. &#8220;Ela descobriu que voc\u00eas t\u00eam um caso&#8221;, sinaliza ele. &#8220;A Ma\u00edra n\u00e3o \u00e9 essa santa que voc\u00ea pensa que \u00e9&#8221;, dispara Vanessa.<\/p>\n<p>&#8220;Vanessa, voc\u00ea come\u00e7a a falar a verdade sen\u00e3o vou te botar para fora dessa casa. O roubo do perfume. Voc\u00ea roubou? Voc\u00ea fez parecer que foi ela, n\u00e3o foi?&#8221;, grita ele.<\/p>\n<p>A estilista revela que foi ela a respons\u00e1vel pelo roubo da f\u00f3rmula e por ter colocado a culpa em Ma\u00edra (Sophie Charlotte). Ainda assimilando as informa\u00e7\u00f5es, Rafael pergunta em seguida sobre Zo\u00e9 e o envolvimento dela no esquema de tr\u00e1fico humano. Vanessa tenta desconversar, mas n\u00e3o consegue escapar e confessa os crimes da sua m\u00e3e. &#8220;A minha m\u00e3e tem uma organiza\u00e7\u00e3o de tr\u00e1fico de gente. Eles pegam as pessoas e levam para uma fazenda, mas eu n\u00e3o sei onde fica essa fazenda. Eu juro por Deus. N\u00e3o sei o que eles fazem l\u00e1, eu s\u00f3 sei que existe e tem um cara que se chama Samsa (\u00c2ngelo Ant\u00f4nio), que \u00e9 o chefe da organiza\u00e7\u00e3o&#8221;, diz ela.<\/p>\n<p>Depois, o empres\u00e1rio questiona se o pai Humberto (Fabio Assun\u00e7\u00e3o) est\u00e1 envolvido tamb\u00e9m na organiza\u00e7\u00e3o criminosa. Vanessa confirma e conta: &#8220;Humberto est\u00e1 envolvido na organiza\u00e7\u00e3o, sim, e tem tamb\u00e9m uma mulher que \u00e9 a chefona, que \u00e9 a D\u00e9bora. \u00c9 s\u00f3 isso que eu sei, Rafael&#8221;, afirma.<\/p>\n<p>Ele tamb\u00e9m aproveita para perguntar sobre a morte de Guiomar (Ana Beatriz Nogueira). &#8220;Vanessa, a Zo\u00e9 e o meu pai tramaram para matar a minha m\u00e3e?&#8221;, questiona. &#8220;Eu n\u00e3o sei disso&#8221;, responde ela.<\/p>\n<p>Irritado por n\u00e3o ter a resposta, ele diz que paga pela informa\u00e7\u00e3o. &#8220;Eu te pago dinheiro, o quanto voc\u00ea quiser por essa informa\u00e7\u00e3o, o quanto voc\u00ea quiser&#8221;, afirma ele. &#8220;Eu juro que n\u00e3o sei de nada, Rafael, eu juro n\u00e3o sei de nada sobre isso&#8221;, indica a estilista. &#8220;A sua palavra n\u00e3o vale de nada. Esse \u00e9 seu trabalho a partir de agora. Presta aten\u00e7\u00e3o, abre o olho. A partir de agora, \u00e9 para isso que voc\u00ea vive, para descobrir isso&#8221;, finaliza ele.<br \/>\n<!--THE END--><br \/>\n<a href=\"https:\/\/wp.me\/p8dmjy-9zr\" target=\"_blank\" rel=\"noopener\">Resumos dos cap\u00edtulos da semana de Todas as Flores<\/a><br \/>\n<strong style=\"font-size: 120%;\">\u00daltimas not\u00edcias de Todas as Flores:<\/strong><br \/>\n<div class=\"pt-cv-wrapper\"><div class=\"pt-cv-view pt-cv-grid pt-cv-colsys\" id=\"pt-cv-view-57ad3a3tms\"><div data-id=\"pt-cv-page-1\" class=\"pt-cv-page\" data-cvc=\"1\"><div class=\"col-md-12 col-sm-12 col-xs-12 pt-cv-content-item pt-cv-1-col\" ><div class='pt-cv-ifield'><h4 class=\"pt-cv-title\"><a href=\"https:\/\/www.tvnovelas.com.br\/tvnews\/todas-as-flores-no-fim-acerto-de-contas-entre-maira-vanessa-e-zoe\/\" class=\"_self\" target=\"_self\" >Todas as Flores: No fim, acerto de contas entre Ma\u00edra, Vanessa e Zo\u00e9<\/a><\/h4><\/div><\/div>\n<div class=\"col-md-12 col-sm-12 col-xs-12 pt-cv-content-item pt-cv-1-col\" ><div class='pt-cv-ifield'><h4 class=\"pt-cv-title\"><a href=\"https:\/\/www.tvnovelas.com.br\/tvnews\/todas-as-flores-pablo-trai-vanessa-e-prende-estilista-no-porao\/\" class=\"_self\" target=\"_self\" >Todas as Flores: Pablo trai Vanessa e prende estilista no por\u00e3o<\/a><\/h4><\/div><\/div>\n<div class=\"col-md-12 col-sm-12 col-xs-12 pt-cv-content-item pt-cv-1-col\" ><div class='pt-cv-ifield'><h4 class=\"pt-cv-title\"><a href=\"https:\/\/www.tvnovelas.com.br\/tvnews\/todas-as-flores-olavo-arma-para-eliminar-rafael\/\" class=\"_self\" target=\"_self\" >Todas as Flores: Olavo arma para eliminar Rafael<\/a><\/h4><\/div><\/div>\n<div class=\"col-md-12 col-sm-12 col-xs-12 pt-cv-content-item pt-cv-1-col\" ><div class='pt-cv-ifield'><h4 class=\"pt-cv-title\"><a href=\"https:\/\/www.tvnovelas.com.br\/tvnews\/todas-as-flores-vanessa-sequestra-e-prende-zoe-em-porao\/\" class=\"_self\" target=\"_self\" >Todas as Flores: Vanessa sequestra e prende Zo\u00e9 em por\u00e3o<\/a><\/h4><\/div><\/div>\n<div class=\"col-md-12 col-sm-12 col-xs-12 pt-cv-content-item pt-cv-1-col\" ><div class='pt-cv-ifield'><h4 class=\"pt-cv-title\"><a href=\"https:\/\/www.tvnovelas.com.br\/tvnews\/todas-as-flores-zoe-mata-humberto\/\" class=\"_self\" target=\"_self\" >Todas as Flores: Zo\u00e9 mata Humberto<\/a><\/h4><\/div><\/div>\n<div class=\"col-md-12 col-sm-12 col-xs-12 pt-cv-content-item pt-cv-1-col\" ><div class='pt-cv-ifield'><h4 class=\"pt-cv-title\"><a href=\"https:\/\/www.tvnovelas.com.br\/tvnews\/todas-as-flores-humberto-resgata-judite-de-sequestrada-por-zoe\/\" class=\"_self\" target=\"_self\" >Todas as Flores: Humberto resgata Judite de sequestrada por Zo\u00e9<\/a><\/h4><\/div><\/div><\/div><\/div><\/div><br \/>\n<strong style=\"font-size: 120%;\">\u00daltimas not\u00edcias deste canal:<\/strong><br \/>\n<div class=\"pt-cv-wrapper\"><div class=\"pt-cv-view pt-cv-grid pt-cv-colsys\" id=\"pt-cv-view-90991035b3\"><div data-id=\"pt-cv-page-1\" class=\"pt-cv-page\" data-cvc=\"1\"><div class=\"col-md-12 col-sm-12 col-xs-12 pt-cv-content-item pt-cv-1-col\" ><div class='pt-cv-ifield'><h4 class=\"pt-cv-title\"><a href=\"https:\/\/www.tvnovelas.com.br\/tvnews\/guerra-das-rosas-omer-chama-gulru-vestida-de-noiva-para-fugir\/\" class=\"_self\" target=\"_self\" >Guerra das Rosas: Omer chama Gulru vestida de noiva para fugir<\/a><\/h4><\/div><\/div>\n<div class=\"col-md-12 col-sm-12 col-xs-12 pt-cv-content-item pt-cv-1-col\" ><div class='pt-cv-ifield'><h4 class=\"pt-cv-title\"><a href=\"https:\/\/www.tvnovelas.com.br\/tvnews\/coracao-de-mae-reha-sai-para-jantar-com-selvi\/\" class=\"_self\" target=\"_self\" >Cora\u00e7\u00e3o de M\u00e3e: Reha sai para jantar com Selvi<\/a><\/h4><\/div><\/div>\n<div class=\"col-md-12 col-sm-12 col-xs-12 pt-cv-content-item pt-cv-1-col\" ><div class='pt-cv-ifield'><h4 class=\"pt-cv-title\"><a href=\"https:\/\/www.tvnovelas.com.br\/tvnews\/coracao-acelerado-zila-se-preocupa-com-sua-situacao-apos-separacao\/\" class=\"_self\" target=\"_self\" >Cora\u00e7\u00e3o Acelerado: Zil\u00e1 se preocupa com sua situa\u00e7\u00e3o ap\u00f3s separa\u00e7\u00e3o<\/a><\/h4><\/div><\/div>\n<div class=\"col-md-12 col-sm-12 col-xs-12 pt-cv-content-item pt-cv-1-col\" ><div class='pt-cv-ifield'><h4 class=\"pt-cv-title\"><a href=\"https:\/\/www.tvnovelas.com.br\/tvnews\/a-nobreza-do-amor-tonho-nao-se-curva-diante-de-mirinho\/\" class=\"_self\" target=\"_self\" >A Nobreza do Amor: Tonho n\u00e3o se curva diante de Mirinho<\/a><\/h4><\/div><\/div>\n<div class=\"col-md-12 col-sm-12 col-xs-12 pt-cv-content-item pt-cv-1-col\" ><div class='pt-cv-ifield'><h4 class=\"pt-cv-title\"><a href=\"https:\/\/www.tvnovelas.com.br\/tvnews\/tres-gracas-arminda-surta-ao-confirmar-que-ferette-e-pai-de-raul\/\" class=\"_self\" target=\"_self\" >Tr\u00eas Gra\u00e7as:  Arminda surta ao confirmar que Ferette \u00e9 pai de Raul<\/a><\/h4><\/div><\/div>\n<div class=\"col-md-12 col-sm-12 col-xs-12 pt-cv-content-item pt-cv-1-col\" ><div class='pt-cv-ifield'><h4 class=\"pt-cv-title\"><a href=\"https:\/\/www.tvnovelas.com.br\/tvnews\/coracao-de-mae-atilla-confronta-hasan-e-exige-o-divorcio-de-lale\/\" class=\"_self\" target=\"_self\" >Cora\u00e7\u00e3o de M\u00e3e: Atilla confronta Hasan e exige o div\u00f3rcio de Lale<\/a><\/h4><\/div><\/div>\n<div class=\"col-md-12 col-sm-12 col-xs-12 pt-cv-content-item pt-cv-1-col\" ><div class='pt-cv-ifield'><h4 class=\"pt-cv-title\"><a href=\"https:\/\/www.tvnovelas.com.br\/tvnews\/guerra-das-rosas-gulfem-coloca-gulru-contra-a-parede\/\" class=\"_self\" target=\"_self\" >Guerra das Rosas: Gulfem coloca Gulru contra a parede<\/a><\/h4><\/div><\/div>\n<div class=\"col-md-12 col-sm-12 col-xs-12 pt-cv-content-item pt-cv-1-col\" ><div class='pt-cv-ifield'><h4 class=\"pt-cv-title\"><a href=\"https:\/\/www.tvnovelas.com.br\/tvnews\/coracao-de-mae-atilla-diz-a-lale-que-quer-o-divorcio\/\" class=\"_self\" target=\"_self\" >Cora\u00e7\u00e3o de M\u00e3e: Atilla diz a Lale que quer o div\u00f3rcio<\/a><\/h4><\/div><\/div>\n<div class=\"col-md-12 col-sm-12 col-xs-12 pt-cv-content-item pt-cv-1-col\" ><div class='pt-cv-ifield'><h4 class=\"pt-cv-title\"><a href=\"https:\/\/www.tvnovelas.com.br\/tvnews\/a-nobreza-do-amor-mirinho-garante-noivado-com-virginia-para-atrair-sogro-a-negocio\/\" class=\"_self\" target=\"_self\" >A Nobreza do Amor: Mirinho garante noivado com Virg\u00ednia para atrair sogro a neg\u00f3cio<\/a><\/h4><\/div><\/div>\n<div class=\"col-md-12 col-sm-12 col-xs-12 pt-cv-content-item pt-cv-1-col\" ><div class='pt-cv-ifield'><h4 class=\"pt-cv-title\"><a href=\"https:\/\/www.tvnovelas.com.br\/tvnews\/tres-gracas-joaquim-propoe-fuga-a-arminda-com-o-dinheiro-das-tres-gracas\/\" class=\"_self\" target=\"_self\" >Tr\u00eas Gra\u00e7as:  Joaquim prop\u00f5e fuga a Arminda com o dinheiro das Tr\u00eas Gra\u00e7as<\/a><\/h4><\/div><\/div><\/div><\/div><\/div><br \/>\n<a href=\"https:\/\/www.tvnovelas.com.br\/novelas\/\"><strong>Confira os resumos da semana de todas novelas<\/strong><\/a><br \/>\n<a href=\"http:\/\/tvnovelas.com.br\/filmes\" target=\"_blank\" rel=\"noopener\">Veja tamb\u00e9m: Todas as telas: filmes e s\u00e9ries nos streamings<\/a><\/p>\n<h3>Confira tamb\u00e9m<\/h3>\n<p><a href=\"https:\/\/www.tvnovelas.com.br\/filmes\/\" target=\"_blank\" rel=\"noo 2 pener noreferrer noopener\"><strong>Programa\u00e7\u00e3o de filmes na TV aberta<\/strong><\/a><br \/>\n<a href=\"https:\/\/tvnovelas.com.br\/filmes\/filmes-e-series-ineditos-em-estreia-na-semana-na-netflix\/\" target=\"_blank\" rel=\"noopener noreferrer\"><strong>Estreias da semana na Netflix<\/strong><\/a><br \/>\n<a href=\"https:\/\/caetenews.com.br\/semana\/filmes-da-globo-na-sessao-da-tarde-desta-semana\/\" target=\"_blank\" rel=\"noopener\"><strong>Confira os filmes da semana na Sess\u00e3o da Tarde<\/strong><\/a><br \/>\n<a href=\"\/\/tvnovelas.com.br\/filmes\/filmes-em-estreia-nos-cinemas\/\" target=\"_blank\" rel=\"noopener noreferrer\"><strong>Estreias e novidades no Cinema<\/strong><\/a><br \/>\n<a href=\"https:\/\/www.tvnovelas.com.br\/novelas\/\" target=\"_blank\" rel=\"noopener noreferrer\"><strong>Resumos de novelas<\/strong><\/a><\/p>\n","protected":false},"excerpt":{"rendered":"<p>Em Todas as Flores, ap\u00f3s Rafael (Humberto Carr\u00e3o) flagrar a estilista aos beijos com Pablo (Caio Castro) na mans\u00e3o da sua fam\u00edlia, o presidente da Rhodes prop\u00f5e que ela descubra qual&#8230;<\/p>\n","protected":false},"author":1,"featured_media":58240,"comment_status":"closed","ping_status":"closed","sticky":false,"template":"","format":"standard","meta":{"_uf_show_specific_survey":0,"_uf_disable_surveys":false,"_jetpack_memberships_contains_paid_content":false,"footnotes":"","_wp_rev_ctl_limit":""},"categories":[236],"tags":[5,64,380],"class_list":["post-58239","post","type-post","status-publish","format-standard","has-post-thumbnail","hentry","category-globo","tag-globo","tag-novelas","tag-todas-as-flores","wpcat-236-id"],"aioseo_notices":[],"jetpack_featured_media_url":"https:\/\/i0.wp.com\/www.tvnovelas.com.br\/tvnews\/wp-content\/uploads\/2023\/10\/38515.jpg?fit=728%2C410&ssl=1","jetpack_shortlink":"https:\/\/wp.me\/pdP2BO-f9l","jetpack_sharing_enabled":true,"_links":{"self":[{"href":"https:\/\/www.tvnovelas.com.br\/tvnews\/wp-json\/wp\/v2\/posts\/58239","targetHints":{"allow":["GET"]}}],"collection":[{"href":"https:\/\/www.tvnovelas.com.br\/tvnews\/wp-json\/wp\/v2\/posts"}],"about":[{"href":"https:\/\/www.tvnovelas.com.br\/tvnews\/wp-json\/wp\/v2\/types\/post"}],"author":[{"embeddable":true,"href":"https:\/\/www.tvnovelas.com.br\/tvnews\/wp-json\/wp\/v2\/users\/1"}],"replies":[{"embeddable":true,"href":"https:\/\/www.tvnovelas.com.br\/tvnews\/wp-json\/wp\/v2\/comments?post=58239"}],"version-history":[{"count":3,"href":"https:\/\/www.tvnovelas.com.br\/tvnews\/wp-json\/wp\/v2\/posts\/58239\/revisions"}],"predecessor-version":[{"id":58243,"href":"https:\/\/www.tvnovelas.com.br\/tvnews\/wp-json\/wp\/v2\/posts\/58239\/revisions\/58243"}],"wp:featuredmedia":[{"embeddable":true,"href":"https:\/\/www.tvnovelas.com.br\/tvnews\/wp-json\/wp\/v2\/media\/58240"}],"wp:attachment":[{"href":"https:\/\/www.tvnovelas.com.br\/tvnews\/wp-json\/wp\/v2\/media?parent=58239"}],"wp:term":[{"taxonomy":"category","embeddable":true,"href":"https:\/\/www.tvnovelas.com.br\/tvnews\/wp-json\/wp\/v2\/categories?post=58239"},{"taxonomy":"post_tag","embeddable":true,"href":"https:\/\/www.tvnovelas.com.br\/tvnews\/wp-json\/wp\/v2\/tags?post=58239"}],"curies":[{"name":"wp","href":"https:\/\/api.w.org\/{rel}","templated":true}]}}