{"id":58255,"date":"2023-10-29T16:00:01","date_gmt":"2023-10-29T19:00:01","guid":{"rendered":"https:\/\/www.tvnovelas.com.br\/tvnews\/?p=58255"},"modified":"2023-10-29T12:49:37","modified_gmt":"2023-10-29T15:49:37","slug":"elas-por-elas-sergio-arma-o-encontro-de-miriam-com-o-matador","status":"publish","type":"post","link":"https:\/\/www.tvnovelas.com.br\/tvnews\/elas-por-elas-sergio-arma-o-encontro-de-miriam-com-o-matador\/","title":{"rendered":"Elas por Elas: S\u00e9rgio arma o encontro de M\u00edriam com o matador"},"content":{"rendered":"<p><em>Em Elas por Elas: S\u00e9rgio arma o encontro<\/em><br \/>\n<img data-recalc-dims=\"1\" decoding=\"async\" class=\"alignnone wp-image-58256 size-full\" title=\"(Foto: TV Globo\/Elas por Elas)\" src=\"https:\/\/i0.wp.com\/www.tvnovelas.com.br\/tvnews\/wp-content\/uploads\/2023\/10\/38518.jpg?resize=728%2C410&#038;ssl=1\" alt=\"Elas por Elas: S\u00e9rgio arma o encontro \" width=\"728\" height=\"410\" srcset=\"https:\/\/i0.wp.com\/www.tvnovelas.com.br\/tvnews\/wp-content\/uploads\/2023\/10\/38518.jpg?w=728&amp;ssl=1 728w, https:\/\/i0.wp.com\/www.tvnovelas.com.br\/tvnews\/wp-content\/uploads\/2023\/10\/38518.jpg?resize=678%2C381&amp;ssl=1 678w\" sizes=\"(max-width: 728px) 100vw, 728px\" \/><br \/>\nNo cap\u00edtulo de Elas por Elas desta segunda, dia 30, Mercedes \u00e9 presa, e Edu fica aliviado. Yeda decide dar uma chance para Aramis. Cris pede para Giovanni n\u00e3o contar a \u00cdsis que foi ela quem falou sobre Tony. Helena afirma a Lara que far\u00e1 Jonas voltar para casa. Giovanni discute com \u00cdsis. Helena avisa a Cris que Giovanni e \u00cdsis brigaram. \u00c9rica desmascara Edu. Marlene convence Adriana a aceitar o convite de Jonas. Nat\u00e1lia comenta com Pedro da visita de Carol. Jonas tenta acalmar Giovanni. <a href=\"https:\/\/www.tvnovelas.com.br\/tvnews\/elas-por-elas-fagundes-e-o-contratado-para-eliminar-miriam\/\">S\u00e9rgio orienta M\u00edriam sobre o encontro com Fagundes<\/a>. Edu garante a M\u00e1rio que reatar\u00e1 com \u00c9rica. Fagundes dopa M\u00edriam. Helena chega ao restaurante onde Jonas est\u00e1 com Adriana, Pedro e Ta\u00eds.<br \/>\n<!--END POST--><br \/>\n<a href=\"https:\/\/www.tvnovelas.com.br\/novelas\/resumos-de-elas-por-elas\/\" target=\"_blank\" rel=\"noopener\">Confira os resumos da semana de &#8216;Elas por Elas&#8217;<\/a><br \/>\n<strong style=\"font-size: 120%;\">\u00daltimas not\u00edcias de Elas por Elas:<\/strong><br \/>\n<div class=\"pt-cv-wrapper\"><div class=\"pt-cv-view pt-cv-grid pt-cv-colsys\" id=\"pt-cv-view-23f2f2esxk\"><div data-id=\"pt-cv-page-1\" class=\"pt-cv-page\" data-cvc=\"1\"><div class=\"col-md-12 col-sm-12 col-xs-12 pt-cv-content-item pt-cv-1-col\" ><div class='pt-cv-ifield'><h4 class=\"pt-cv-title\"><a href=\"https:\/\/www.tvnovelas.com.br\/tvnews\/elas-por-elas-sergio-entrega-helena-para-salvar-isis\/\" class=\"_blank\" target=\"_blank\" >Elas por Elas: S\u00e9rgio entrega Helena para salvar Isis<\/a><\/h4><\/div><\/div>\n<div class=\"col-md-12 col-sm-12 col-xs-12 pt-cv-content-item pt-cv-1-col\" ><div class='pt-cv-ifield'><h4 class=\"pt-cv-title\"><a href=\"https:\/\/www.tvnovelas.com.br\/tvnews\/elas-por-elas-tais-sai-do-tribunal-para-a-maternidade\/\" class=\"_blank\" target=\"_blank\" >Elas por Elas:  Ta\u00eds sai do tribunal para a maternidade<\/a><\/h4><\/div><\/div>\n<div class=\"col-md-12 col-sm-12 col-xs-12 pt-cv-content-item pt-cv-1-col\" ><div class='pt-cv-ifield'><h4 class=\"pt-cv-title\"><a href=\"https:\/\/www.tvnovelas.com.br\/tvnews\/elas-por-elas-vilma-depoe-roberto-e-preso\/\" class=\"_blank\" target=\"_blank\" >Elas por Elas: Vilma dep\u00f5e;  Roberto \u00e9 preso<\/a><\/h4><\/div><\/div>\n<div class=\"col-md-12 col-sm-12 col-xs-12 pt-cv-content-item pt-cv-1-col\" ><div class='pt-cv-ifield'><h4 class=\"pt-cv-title\"><a href=\"https:\/\/www.tvnovelas.com.br\/tvnews\/elas-por-elas-vilma-depoe-e-derruba-o-alibi-de-roberto\/\" class=\"_blank\" target=\"_blank\" >Elas por Elas: Vilma dep\u00f5e e derruba o \u00e1libi de Roberto<\/a><\/h4><\/div><\/div>\n<div class=\"col-md-12 col-sm-12 col-xs-12 pt-cv-content-item pt-cv-1-col\" ><div class='pt-cv-ifield'><h4 class=\"pt-cv-title\"><a href=\"https:\/\/www.tvnovelas.com.br\/tvnews\/elas-por-elas-isis-sofre-outro-golpe-o-juiz-nega-habeas-corpus\/\" class=\"_blank\" target=\"_blank\" >Elas por Elas: \u00cdsis sofre outro golpe; o juiz nega habeas corpus<\/a><\/h4><\/div><\/div>\n<div class=\"col-md-12 col-sm-12 col-xs-12 pt-cv-content-item pt-cv-1-col\" ><div class='pt-cv-ifield'><h4 class=\"pt-cv-title\"><a href=\"https:\/\/www.tvnovelas.com.br\/tvnews\/elas-por-elas-juiz-mantem-prisao-de-isis-pelo-suposto-assassinato-de-helena\/\" class=\"_blank\" target=\"_blank\" >Elas por Elas: Juiz mant\u00e9m pris\u00e3o de \u00cdsis pelo suposto assassinato de Helena<\/a><\/h4><\/div><\/div><\/div><\/div><\/div><br \/>\n<strong style=\"font-size: 120%;\">\u00daltimas not\u00edcias deste site:<\/strong><br \/>\n<div class=\"pt-cv-wrapper\"><div class=\"pt-cv-view pt-cv-grid pt-cv-colsys\" id=\"pt-cv-view-90991035b3\"><div data-id=\"pt-cv-page-1\" class=\"pt-cv-page\" data-cvc=\"1\"><div class=\"col-md-12 col-sm-12 col-xs-12 pt-cv-content-item pt-cv-1-col\" ><div class='pt-cv-ifield'><h4 class=\"pt-cv-title\"><a href=\"https:\/\/www.tvnovelas.com.br\/tvnews\/guerra-das-rosas-omer-chama-gulru-vestida-de-noiva-para-fugir\/\" class=\"_self\" target=\"_self\" >Guerra das Rosas: Omer chama Gulru vestida de noiva para fugir<\/a><\/h4><\/div><\/div>\n<div class=\"col-md-12 col-sm-12 col-xs-12 pt-cv-content-item pt-cv-1-col\" ><div class='pt-cv-ifield'><h4 class=\"pt-cv-title\"><a href=\"https:\/\/www.tvnovelas.com.br\/tvnews\/coracao-de-mae-reha-sai-para-jantar-com-selvi\/\" class=\"_self\" target=\"_self\" >Cora\u00e7\u00e3o de M\u00e3e: Reha sai para jantar com Selvi<\/a><\/h4><\/div><\/div>\n<div class=\"col-md-12 col-sm-12 col-xs-12 pt-cv-content-item pt-cv-1-col\" ><div class='pt-cv-ifield'><h4 class=\"pt-cv-title\"><a href=\"https:\/\/www.tvnovelas.com.br\/tvnews\/coracao-acelerado-zila-se-preocupa-com-sua-situacao-apos-separacao\/\" class=\"_self\" target=\"_self\" >Cora\u00e7\u00e3o Acelerado: Zil\u00e1 se preocupa com sua situa\u00e7\u00e3o ap\u00f3s separa\u00e7\u00e3o<\/a><\/h4><\/div><\/div>\n<div class=\"col-md-12 col-sm-12 col-xs-12 pt-cv-content-item pt-cv-1-col\" ><div class='pt-cv-ifield'><h4 class=\"pt-cv-title\"><a href=\"https:\/\/www.tvnovelas.com.br\/tvnews\/a-nobreza-do-amor-tonho-nao-se-curva-diante-de-mirinho\/\" class=\"_self\" target=\"_self\" >A Nobreza do Amor: Tonho n\u00e3o se curva diante de Mirinho<\/a><\/h4><\/div><\/div>\n<div class=\"col-md-12 col-sm-12 col-xs-12 pt-cv-content-item pt-cv-1-col\" ><div class='pt-cv-ifield'><h4 class=\"pt-cv-title\"><a href=\"https:\/\/www.tvnovelas.com.br\/tvnews\/tres-gracas-arminda-surta-ao-confirmar-que-ferette-e-pai-de-raul\/\" class=\"_self\" target=\"_self\" >Tr\u00eas Gra\u00e7as:  Arminda surta ao confirmar que Ferette \u00e9 pai de Raul<\/a><\/h4><\/div><\/div>\n<div class=\"col-md-12 col-sm-12 col-xs-12 pt-cv-content-item pt-cv-1-col\" ><div class='pt-cv-ifield'><h4 class=\"pt-cv-title\"><a href=\"https:\/\/www.tvnovelas.com.br\/tvnews\/coracao-de-mae-atilla-confronta-hasan-e-exige-o-divorcio-de-lale\/\" class=\"_self\" target=\"_self\" >Cora\u00e7\u00e3o de M\u00e3e: Atilla confronta Hasan e exige o div\u00f3rcio de Lale<\/a><\/h4><\/div><\/div>\n<div class=\"col-md-12 col-sm-12 col-xs-12 pt-cv-content-item pt-cv-1-col\" ><div class='pt-cv-ifield'><h4 class=\"pt-cv-title\"><a href=\"https:\/\/www.tvnovelas.com.br\/tvnews\/guerra-das-rosas-gulfem-coloca-gulru-contra-a-parede\/\" class=\"_self\" target=\"_self\" >Guerra das Rosas: Gulfem coloca Gulru contra a parede<\/a><\/h4><\/div><\/div>\n<div class=\"col-md-12 col-sm-12 col-xs-12 pt-cv-content-item pt-cv-1-col\" ><div class='pt-cv-ifield'><h4 class=\"pt-cv-title\"><a href=\"https:\/\/www.tvnovelas.com.br\/tvnews\/coracao-de-mae-atilla-diz-a-lale-que-quer-o-divorcio\/\" class=\"_self\" target=\"_self\" >Cora\u00e7\u00e3o de M\u00e3e: Atilla diz a Lale que quer o div\u00f3rcio<\/a><\/h4><\/div><\/div>\n<div class=\"col-md-12 col-sm-12 col-xs-12 pt-cv-content-item pt-cv-1-col\" ><div class='pt-cv-ifield'><h4 class=\"pt-cv-title\"><a href=\"https:\/\/www.tvnovelas.com.br\/tvnews\/a-nobreza-do-amor-mirinho-garante-noivado-com-virginia-para-atrair-sogro-a-negocio\/\" class=\"_self\" target=\"_self\" >A Nobreza do Amor: Mirinho garante noivado com Virg\u00ednia para atrair sogro a neg\u00f3cio<\/a><\/h4><\/div><\/div>\n<div class=\"col-md-12 col-sm-12 col-xs-12 pt-cv-content-item pt-cv-1-col\" ><div class='pt-cv-ifield'><h4 class=\"pt-cv-title\"><a href=\"https:\/\/www.tvnovelas.com.br\/tvnews\/tres-gracas-joaquim-propoe-fuga-a-arminda-com-o-dinheiro-das-tres-gracas\/\" class=\"_self\" target=\"_self\" >Tr\u00eas Gra\u00e7as:  Joaquim prop\u00f5e fuga a Arminda com o dinheiro das Tr\u00eas Gra\u00e7as<\/a><\/h4><\/div><\/div><\/div><\/div><\/div><br \/>\n<a href=\"https:\/\/www.tvnovelas.com.br\/novelas\/\"><strong>Confira os resumos da semana de todas novelas<\/strong><\/a><\/p>\n<h3>Confira tamb\u00e9m<\/h3>\n<p><a href=\"https:\/\/www.tvnovelas.com.br\/filmes\/\" target=\"_blank\" rel=\"noopener noreferrer\"><strong>Programa\u00e7\u00e3o de filmes na TV aberta<\/strong><\/a><br \/>\n<a href=\"https:\/\/caetenews.com.br\/semana\/filmes-da-globo-na-sessao-da-tarde-desta-semana\/\" target=\"_blank\" rel=\"noopener\"><strong>Confira os filmes da semana na Sess\u00e3o da Tarde<\/strong><\/a><br \/>\n<a href=\"https:\/\/www.tvnovelas.com.br\/novelas\/\" target=\"_blank\" rel=\"noopener noreferrer\"><strong>Resumos de novelas<\/strong><\/a><\/p>\n","protected":false},"excerpt":{"rendered":"<p>No cap\u00edtulo de Elas por Elas desta segunda, dia 30, Mercedes \u00e9 presa, e Edu fica aliviado. Yeda decide dar uma chance para Aramis&#8230;.<\/p>\n","protected":false},"author":1,"featured_media":58256,"comment_status":"closed","ping_status":"closed","sticky":false,"template":"","format":"standard","meta":{"_uf_show_specific_survey":0,"_uf_disable_surveys":false,"_jetpack_memberships_contains_paid_content":false,"footnotes":"","_wp_rev_ctl_limit":""},"categories":[401],"tags":[402,5,64],"class_list":["post-58255","post","type-post","status-publish","format-standard","has-post-thumbnail","hentry","category-elas-por-elas","tag-elas-por-elas","tag-globo","tag-novelas","wpcat-401-id"],"aioseo_notices":[],"jetpack_featured_media_url":"https:\/\/i0.wp.com\/www.tvnovelas.com.br\/tvnews\/wp-content\/uploads\/2023\/10\/38518.jpg?fit=728%2C410&ssl=1","jetpack_shortlink":"https:\/\/wp.me\/pdP2BO-f9B","jetpack_sharing_enabled":true,"_links":{"self":[{"href":"https:\/\/www.tvnovelas.com.br\/tvnews\/wp-json\/wp\/v2\/posts\/58255","targetHints":{"allow":["GET"]}}],"collection":[{"href":"https:\/\/www.tvnovelas.com.br\/tvnews\/wp-json\/wp\/v2\/posts"}],"about":[{"href":"https:\/\/www.tvnovelas.com.br\/tvnews\/wp-json\/wp\/v2\/types\/post"}],"author":[{"embeddable":true,"href":"https:\/\/www.tvnovelas.com.br\/tvnews\/wp-json\/wp\/v2\/users\/1"}],"replies":[{"embeddable":true,"href":"https:\/\/www.tvnovelas.com.br\/tvnews\/wp-json\/wp\/v2\/comments?post=58255"}],"version-history":[{"count":2,"href":"https:\/\/www.tvnovelas.com.br\/tvnews\/wp-json\/wp\/v2\/posts\/58255\/revisions"}],"predecessor-version":[{"id":58258,"href":"https:\/\/www.tvnovelas.com.br\/tvnews\/wp-json\/wp\/v2\/posts\/58255\/revisions\/58258"}],"wp:featuredmedia":[{"embeddable":true,"href":"https:\/\/www.tvnovelas.com.br\/tvnews\/wp-json\/wp\/v2\/media\/58256"}],"wp:attachment":[{"href":"https:\/\/www.tvnovelas.com.br\/tvnews\/wp-json\/wp\/v2\/media?parent=58255"}],"wp:term":[{"taxonomy":"category","embeddable":true,"href":"https:\/\/www.tvnovelas.com.br\/tvnews\/wp-json\/wp\/v2\/categories?post=58255"},{"taxonomy":"post_tag","embeddable":true,"href":"https:\/\/www.tvnovelas.com.br\/tvnews\/wp-json\/wp\/v2\/tags?post=58255"}],"curies":[{"name":"wp","href":"https:\/\/api.w.org\/{rel}","templated":true}]}}