{"id":58403,"date":"2023-11-01T09:46:43","date_gmt":"2023-11-01T12:46:43","guid":{"rendered":"https:\/\/www.tvnovelas.com.br\/tvnews\/?p=58403"},"modified":"2023-11-01T09:46:43","modified_gmt":"2023-11-01T12:46:43","slug":"todas-as-flores-vanessa-diz-a-rafael-que-pode-localizar-rivaldinho","status":"publish","type":"post","link":"https:\/\/www.tvnovelas.com.br\/tvnews\/todas-as-flores-vanessa-diz-a-rafael-que-pode-localizar-rivaldinho\/","title":{"rendered":"Todas as Flores: Vanessa diz a Rafael que pode localizar Rivaldinho"},"content":{"rendered":"<p><em>Em Todas as Flores: Vanessa diz a Rafael<\/em><br \/>\n<img data-recalc-dims=\"1\" decoding=\"async\" class=\"alignnone wp-image-58404 size-full\" title=\"(Foto: TV Globo\/Todas as Flores)\" src=\"https:\/\/i0.wp.com\/www.tvnovelas.com.br\/tvnews\/wp-content\/uploads\/2023\/11\/38547.jpg?resize=728%2C410&#038;ssl=1\" alt=\"Foto em Todas as Flores: Vanessa diz a Rafael...\" width=\"728\" height=\"410\" srcset=\"https:\/\/i0.wp.com\/www.tvnovelas.com.br\/tvnews\/wp-content\/uploads\/2023\/11\/38547.jpg?w=728&amp;ssl=1 728w, https:\/\/i0.wp.com\/www.tvnovelas.com.br\/tvnews\/wp-content\/uploads\/2023\/11\/38547.jpg?resize=678%2C381&amp;ssl=1 678w\" sizes=\"(max-width: 728px) 100vw, 728px\" \/><br \/>\nEm Todas as Flores, Vanessa (Let\u00edcia Colin) vai jogar com os sentimentos de Rafael (Humberto Carr\u00e3o). A estilista afirma para o presidente da Rhodes que ela pode descobrir o paradeiro de Rivaldinho, que foi sequestrado por Zo\u00e9 (Regina Cas\u00e9).<\/p>\n<p>A estilista chega em seu apartamento e d\u00e1 de cara com Rafael, que descobriu, recentemente, atrav\u00e9s de Pablo (Caio Castro) a verdadeira paternidade de Rivaldinho. &#8220;Eu j\u00e1 sei que o filho da Ma\u00edra \u00e9 meu filho&#8221;, afirma Rafael. &#8220;N\u00e3o, n\u00e3o. Quem foi que inventou isso para voc\u00ea? Isso n\u00e3o \u00e9 verdade&#8221;, retruca ela.<\/p>\n<p>&#8220;Cala boca, sua c\u00ednica. Eu j\u00e1 sei de tudo. Sei que voc\u00ea e a maldita da sua m\u00e3e sequestraram o filho da Ma\u00edra para ela ficar quieta. Eu nunca pensei que voc\u00eas pudessem ser t\u00e3o baixas. A Zo\u00e9 sequestrou o pr\u00f3prio neto. Voc\u00eas s\u00e3o nojentas, n\u00e9&#8221;, dispara o empres\u00e1rio.<\/p>\n<p>A estilista tenta enganar o presidente da Rhodes mais uma vez e afirma que aquilo n\u00e3o passa de mentira. &#8220;Rafael, tem que algu\u00e9m envenenando voc\u00ea, tem algu\u00e9m inventando essas coisas. \u00c9 sim, isso \u00e9 mentira&#8221;, afirma ela.<\/p>\n<p>&#8220;Eu j\u00e1 sei de tudo. Sei das suas arma\u00e7\u00f5es, suas mentiras, dos crimes que voc\u00ea cometeu contra a sua m\u00e3e. Sei que voc\u00ea fez o Pablo seduzir a Ma\u00edra para ela ficar longe de mim, sei que voc\u00eas mandaram ela para essa fazenda, para eu achar que ela estava se escondendo de mim, que ela estava fugindo&#8221;, declara ele.<\/p>\n<p>&#8220;Quem foi que te falou isso tudo? Foi o Pablo? Voc\u00ea comprou ele? \u00c9 isso?&#8221;, questiona Vanessa. &#8220;Comprei o Pablo? Voc\u00ea acha que \u00e9 assim? Que \u00e9 tudo sobre dinheiro? Presta aten\u00e7\u00e3o! Eu vim aqui para te dizer que o nosso combinado, de voc\u00ea investigar a sua m\u00e3e, de voc\u00ea ficar nessa casa, de voc\u00ea ter o dinheiro do Nicolau todo m\u00eas, acabou. Eu fiz um acordo com voc\u00ea e voc\u00ea continuou mentindo para mim. Voc\u00ea sempre vai mentir&#8221;, destaca o empres\u00e1rio. &#8220;N\u00e3o, eu juro que n\u00e3o&#8221;, indica ela.<\/p>\n<p>O presidente da Rhodes ent\u00e3o amea\u00e7a a ex-noiva e diz que vai se vingar dela.<\/p>\n<p>&#8220;Eu vou acabar com voc\u00ea, eu vou acabar com a sua m\u00e3e, eu vou acabar com essa quadrilha. Eu vou usar todo o dinheiro que eu tenho, toda a influ\u00eancia, todo o poder, para acabar com voc\u00ea. Eu vou botar voc\u00ea e a sua m\u00e3e na cadeia&#8221;, diz ele.<\/p>\n<p>Nesse momento, Vanessa reage e afirma que o empres\u00e1rio n\u00e3o poder\u00e1 fazer nada com ela porque ela pode conseguir a informa\u00e7\u00e3o que ele tanto quer.<\/p>\n<p>&#8220;Voc\u00ea n\u00e3o vai fazer nada comigo. Sabe por qu\u00ea? Porque nem todo o seu dinheiro, nem todo o seu poder, nem todos os seus contatos, nem a pol\u00edcia, n\u00e3o v\u00e3o saber onde est\u00e1 o beb\u00ea. Ent\u00e3o voc\u00ea precisa da minha ajuda&#8221;, dispara ela.<\/p>\n<p>&#8220;Eu n\u00e3o caio mais em golpe seu&#8221;, indica ele. &#8220;N\u00e3o, Rafael! N\u00e3o \u00e9 golpe, n\u00e3o. \u00c9 a minha m\u00e3e que sabe onde est\u00e1 a crian\u00e7a. Foi a Zo\u00e9 que levou o seu bebezinho. Eu n\u00e3o sei nada dessa organiza\u00e7\u00e3o, nunca tive nada a ver com isso&#8221;, explica ela. &#8220;Voc\u00ea quer que eu acredite em voc\u00ea ainda?&#8221;, questiona Rafael.<\/p>\n<p>A estilista revela para o ex-noivo que ouviu a m\u00e3e dizer que Rivaldinho ser\u00e1 levado para um novo local, por isso ela \u00e9 a \u00fanica pessoa que pode ajudar a encontrar o beb\u00ea sequestrado.<\/p>\n<p>&#8220;\u00c9 verdade, e, apesar de eu fazer quest\u00e3o desses anos todos de n\u00e3o saber nada sobre a organiza\u00e7\u00e3o, essas hist\u00f3rias de cativeiro de crian\u00e7a, ela deixou escapar que ela vai mudar o seu bebezinho de lugar. Isso quer dizer que eu posso ficar atenta e descobrir qual vai ser o novo cativeiro do Rivaldinho. A\u00ed eu posso te contar essa localiza\u00e7\u00e3o. S\u00f3 que antes, meu querido, voc\u00ea tem que assumir que eu sou a sua \u00faltima esperan\u00e7a e que voc\u00ea ainda precisa de mim&#8221;, dispara ela.<br \/>\n<!--THE END--><br \/>\n<a href=\"https:\/\/wp.me\/p8dmjy-9zr\" target=\"_blank\" rel=\"noopener\">Resumos dos cap\u00edtulos da semana de Todas as Flores<\/a><br \/>\n<strong style=\"font-size: 120%;\">\u00daltimas not\u00edcias de Todas as Flores:<\/strong><br \/>\n<div class=\"pt-cv-wrapper\"><div class=\"pt-cv-view pt-cv-grid pt-cv-colsys\" id=\"pt-cv-view-57ad3a3tms\"><div data-id=\"pt-cv-page-1\" class=\"pt-cv-page\" data-cvc=\"1\"><div class=\"col-md-12 col-sm-12 col-xs-12 pt-cv-content-item pt-cv-1-col\" ><div class='pt-cv-ifield'><h4 class=\"pt-cv-title\"><a href=\"https:\/\/www.tvnovelas.com.br\/tvnews\/todas-as-flores-no-fim-acerto-de-contas-entre-maira-vanessa-e-zoe\/\" class=\"_self\" target=\"_self\" >Todas as Flores: No fim, acerto de contas entre Ma\u00edra, Vanessa e Zo\u00e9<\/a><\/h4><\/div><\/div>\n<div class=\"col-md-12 col-sm-12 col-xs-12 pt-cv-content-item pt-cv-1-col\" ><div class='pt-cv-ifield'><h4 class=\"pt-cv-title\"><a href=\"https:\/\/www.tvnovelas.com.br\/tvnews\/todas-as-flores-pablo-trai-vanessa-e-prende-estilista-no-porao\/\" class=\"_self\" target=\"_self\" >Todas as Flores: Pablo trai Vanessa e prende estilista no por\u00e3o<\/a><\/h4><\/div><\/div>\n<div class=\"col-md-12 col-sm-12 col-xs-12 pt-cv-content-item pt-cv-1-col\" ><div class='pt-cv-ifield'><h4 class=\"pt-cv-title\"><a href=\"https:\/\/www.tvnovelas.com.br\/tvnews\/todas-as-flores-olavo-arma-para-eliminar-rafael\/\" class=\"_self\" target=\"_self\" >Todas as Flores: Olavo arma para eliminar Rafael<\/a><\/h4><\/div><\/div>\n<div class=\"col-md-12 col-sm-12 col-xs-12 pt-cv-content-item pt-cv-1-col\" ><div class='pt-cv-ifield'><h4 class=\"pt-cv-title\"><a href=\"https:\/\/www.tvnovelas.com.br\/tvnews\/todas-as-flores-vanessa-sequestra-e-prende-zoe-em-porao\/\" class=\"_self\" target=\"_self\" >Todas as Flores: Vanessa sequestra e prende Zo\u00e9 em por\u00e3o<\/a><\/h4><\/div><\/div>\n<div class=\"col-md-12 col-sm-12 col-xs-12 pt-cv-content-item pt-cv-1-col\" ><div class='pt-cv-ifield'><h4 class=\"pt-cv-title\"><a href=\"https:\/\/www.tvnovelas.com.br\/tvnews\/todas-as-flores-zoe-mata-humberto\/\" class=\"_self\" target=\"_self\" >Todas as Flores: Zo\u00e9 mata Humberto<\/a><\/h4><\/div><\/div>\n<div class=\"col-md-12 col-sm-12 col-xs-12 pt-cv-content-item pt-cv-1-col\" ><div class='pt-cv-ifield'><h4 class=\"pt-cv-title\"><a href=\"https:\/\/www.tvnovelas.com.br\/tvnews\/todas-as-flores-humberto-resgata-judite-de-sequestrada-por-zoe\/\" class=\"_self\" target=\"_self\" >Todas as Flores: Humberto resgata Judite de sequestrada por Zo\u00e9<\/a><\/h4><\/div><\/div><\/div><\/div><\/div><br \/>\n<strong style=\"font-size: 120%;\">\u00daltimas not\u00edcias deste canal:<\/strong><br \/>\n<div class=\"pt-cv-wrapper\"><div class=\"pt-cv-view pt-cv-grid pt-cv-colsys\" id=\"pt-cv-view-90991035b3\"><div data-id=\"pt-cv-page-1\" class=\"pt-cv-page\" data-cvc=\"1\"><div class=\"col-md-12 col-sm-12 col-xs-12 pt-cv-content-item pt-cv-1-col\" ><div class='pt-cv-ifield'><h4 class=\"pt-cv-title\"><a href=\"https:\/\/www.tvnovelas.com.br\/tvnews\/coracao-de-mae-irmak-inicia-jogo-arriscado-contra-adnan\/\" class=\"_self\" target=\"_self\" >Cora\u00e7\u00e3o de M\u00e3e: Irmak inicia jogo arriscado contra Adnan<\/a><\/h4><\/div><\/div>\n<div class=\"col-md-12 col-sm-12 col-xs-12 pt-cv-content-item pt-cv-1-col\" ><div class='pt-cv-ifield'><h4 class=\"pt-cv-title\"><a href=\"https:\/\/www.tvnovelas.com.br\/tvnews\/guerra-das-rosas-omer-chama-gulru-vestida-de-noiva-para-fugir\/\" class=\"_self\" target=\"_self\" >Guerra das Rosas: Omer chama Gulru vestida de noiva para fugir<\/a><\/h4><\/div><\/div>\n<div class=\"col-md-12 col-sm-12 col-xs-12 pt-cv-content-item pt-cv-1-col\" ><div class='pt-cv-ifield'><h4 class=\"pt-cv-title\"><a href=\"https:\/\/www.tvnovelas.com.br\/tvnews\/coracao-de-mae-reha-sai-para-jantar-com-selvi\/\" class=\"_self\" target=\"_self\" >Cora\u00e7\u00e3o de M\u00e3e: Reha sai para jantar com Selvi<\/a><\/h4><\/div><\/div>\n<div class=\"col-md-12 col-sm-12 col-xs-12 pt-cv-content-item pt-cv-1-col\" ><div class='pt-cv-ifield'><h4 class=\"pt-cv-title\"><a href=\"https:\/\/www.tvnovelas.com.br\/tvnews\/coracao-acelerado-zila-se-preocupa-com-sua-situacao-apos-separacao\/\" class=\"_self\" target=\"_self\" >Cora\u00e7\u00e3o Acelerado: Zil\u00e1 se preocupa com sua situa\u00e7\u00e3o ap\u00f3s separa\u00e7\u00e3o<\/a><\/h4><\/div><\/div>\n<div class=\"col-md-12 col-sm-12 col-xs-12 pt-cv-content-item pt-cv-1-col\" ><div class='pt-cv-ifield'><h4 class=\"pt-cv-title\"><a href=\"https:\/\/www.tvnovelas.com.br\/tvnews\/a-nobreza-do-amor-tonho-nao-se-curva-diante-de-mirinho\/\" class=\"_self\" target=\"_self\" >A Nobreza do Amor: Tonho n\u00e3o se curva diante de Mirinho<\/a><\/h4><\/div><\/div>\n<div class=\"col-md-12 col-sm-12 col-xs-12 pt-cv-content-item pt-cv-1-col\" ><div class='pt-cv-ifield'><h4 class=\"pt-cv-title\"><a href=\"https:\/\/www.tvnovelas.com.br\/tvnews\/tres-gracas-arminda-surta-ao-confirmar-que-ferette-e-pai-de-raul\/\" class=\"_self\" target=\"_self\" >Tr\u00eas Gra\u00e7as:  Arminda surta ao confirmar que Ferette \u00e9 pai de Raul<\/a><\/h4><\/div><\/div>\n<div class=\"col-md-12 col-sm-12 col-xs-12 pt-cv-content-item pt-cv-1-col\" ><div class='pt-cv-ifield'><h4 class=\"pt-cv-title\"><a href=\"https:\/\/www.tvnovelas.com.br\/tvnews\/coracao-de-mae-atilla-confronta-hasan-e-exige-o-divorcio-de-lale\/\" class=\"_self\" target=\"_self\" >Cora\u00e7\u00e3o de M\u00e3e: Atilla confronta Hasan e exige o div\u00f3rcio de Lale<\/a><\/h4><\/div><\/div>\n<div class=\"col-md-12 col-sm-12 col-xs-12 pt-cv-content-item pt-cv-1-col\" ><div class='pt-cv-ifield'><h4 class=\"pt-cv-title\"><a href=\"https:\/\/www.tvnovelas.com.br\/tvnews\/guerra-das-rosas-gulfem-coloca-gulru-contra-a-parede\/\" class=\"_self\" target=\"_self\" >Guerra das Rosas: Gulfem coloca Gulru contra a parede<\/a><\/h4><\/div><\/div>\n<div class=\"col-md-12 col-sm-12 col-xs-12 pt-cv-content-item pt-cv-1-col\" ><div class='pt-cv-ifield'><h4 class=\"pt-cv-title\"><a href=\"https:\/\/www.tvnovelas.com.br\/tvnews\/coracao-de-mae-atilla-diz-a-lale-que-quer-o-divorcio\/\" class=\"_self\" target=\"_self\" >Cora\u00e7\u00e3o de M\u00e3e: Atilla diz a Lale que quer o div\u00f3rcio<\/a><\/h4><\/div><\/div>\n<div class=\"col-md-12 col-sm-12 col-xs-12 pt-cv-content-item pt-cv-1-col\" ><div class='pt-cv-ifield'><h4 class=\"pt-cv-title\"><a href=\"https:\/\/www.tvnovelas.com.br\/tvnews\/a-nobreza-do-amor-mirinho-garante-noivado-com-virginia-para-atrair-sogro-a-negocio\/\" class=\"_self\" target=\"_self\" >A Nobreza do Amor: Mirinho garante noivado com Virg\u00ednia para atrair sogro a neg\u00f3cio<\/a><\/h4><\/div><\/div><\/div><\/div><\/div><br \/>\n<a href=\"https:\/\/www.tvnovelas.com.br\/novelas\/\"><strong>Confira os resumos da semana de todas novelas<\/strong><\/a><br \/>\n<a href=\"http:\/\/tvnovelas.com.br\/filmes\" target=\"_blank\" rel=\"noopener\">Veja tamb\u00e9m: Todas as telas: filmes e s\u00e9ries nos streamings<\/a><\/p>\n<h3>Confira tamb\u00e9m<\/h3>\n<p><a href=\"https:\/\/www.tvnovelas.com.br\/filmes\/\" target=\"_blank\" rel=\"noo 2 pener noreferrer noopener\"><strong>Programa\u00e7\u00e3o de filmes na TV aberta<\/strong><\/a><br \/>\n<a href=\"https:\/\/tvnovelas.com.br\/filmes\/filmes-e-series-ineditos-em-estreia-na-semana-na-netflix\/\" target=\"_blank\" rel=\"noopener noreferrer\"><strong>Estreias da semana na Netflix<\/strong><\/a><br \/>\n<a href=\"https:\/\/caetenews.com.br\/semana\/filmes-da-globo-na-sessao-da-tarde-desta-semana\/\" target=\"_blank\" rel=\"noopener\"><strong>Confira os filmes da semana na Sess\u00e3o da Tarde<\/strong><\/a><br \/>\n<a href=\"\/\/tvnovelas.com.br\/filmes\/filmes-em-estreia-nos-cinemas\/\" target=\"_blank\" rel=\"noopener noreferrer\"><strong>Estreias e novidades no Cinema<\/strong><\/a><br \/>\n<a href=\"https:\/\/www.tvnovelas.com.br\/novelas\/\" target=\"_blank\" rel=\"noopener noreferrer\"><strong>Resumos de novelas<\/strong><\/a><\/p>\n","protected":false},"excerpt":{"rendered":"<p>Em Todas as Flores, Vanessa (Let\u00edcia Colin) vai jogar com os sentimentos de Rafael (Humberto Carr\u00e3o). A estilista afirma para o presidente da Rhodes que ela pode&#8230;.<\/p>\n","protected":false},"author":1,"featured_media":58404,"comment_status":"closed","ping_status":"closed","sticky":false,"template":"","format":"standard","meta":{"_uf_show_specific_survey":0,"_uf_disable_surveys":false,"_jetpack_memberships_contains_paid_content":false,"footnotes":"","_wp_rev_ctl_limit":""},"categories":[236],"tags":[5,64,380],"class_list":["post-58403","post","type-post","status-publish","format-standard","has-post-thumbnail","hentry","category-globo","tag-globo","tag-novelas","tag-todas-as-flores","wpcat-236-id"],"aioseo_notices":[],"jetpack_featured_media_url":"https:\/\/i0.wp.com\/www.tvnovelas.com.br\/tvnews\/wp-content\/uploads\/2023\/11\/38547.jpg?fit=728%2C410&ssl=1","jetpack_shortlink":"https:\/\/wp.me\/pdP2BO-fbZ","jetpack_sharing_enabled":true,"_links":{"self":[{"href":"https:\/\/www.tvnovelas.com.br\/tvnews\/wp-json\/wp\/v2\/posts\/58403","targetHints":{"allow":["GET"]}}],"collection":[{"href":"https:\/\/www.tvnovelas.com.br\/tvnews\/wp-json\/wp\/v2\/posts"}],"about":[{"href":"https:\/\/www.tvnovelas.com.br\/tvnews\/wp-json\/wp\/v2\/types\/post"}],"author":[{"embeddable":true,"href":"https:\/\/www.tvnovelas.com.br\/tvnews\/wp-json\/wp\/v2\/users\/1"}],"replies":[{"embeddable":true,"href":"https:\/\/www.tvnovelas.com.br\/tvnews\/wp-json\/wp\/v2\/comments?post=58403"}],"version-history":[{"count":1,"href":"https:\/\/www.tvnovelas.com.br\/tvnews\/wp-json\/wp\/v2\/posts\/58403\/revisions"}],"predecessor-version":[{"id":58405,"href":"https:\/\/www.tvnovelas.com.br\/tvnews\/wp-json\/wp\/v2\/posts\/58403\/revisions\/58405"}],"wp:featuredmedia":[{"embeddable":true,"href":"https:\/\/www.tvnovelas.com.br\/tvnews\/wp-json\/wp\/v2\/media\/58404"}],"wp:attachment":[{"href":"https:\/\/www.tvnovelas.com.br\/tvnews\/wp-json\/wp\/v2\/media?parent=58403"}],"wp:term":[{"taxonomy":"category","embeddable":true,"href":"https:\/\/www.tvnovelas.com.br\/tvnews\/wp-json\/wp\/v2\/categories?post=58403"},{"taxonomy":"post_tag","embeddable":true,"href":"https:\/\/www.tvnovelas.com.br\/tvnews\/wp-json\/wp\/v2\/tags?post=58403"}],"curies":[{"name":"wp","href":"https:\/\/api.w.org\/{rel}","templated":true}]}}