{"id":58416,"date":"2023-11-01T11:11:25","date_gmt":"2023-11-01T14:11:25","guid":{"rendered":"https:\/\/www.tvnovelas.com.br\/tvnews\/?p=58416"},"modified":"2023-11-01T11:11:25","modified_gmt":"2023-11-01T14:11:25","slug":"todas-as-flores-pablo-abre-o-jogo-para-rafael-sobre-a-organizacao-criminosa-de-zoe","status":"publish","type":"post","link":"https:\/\/www.tvnovelas.com.br\/tvnews\/todas-as-flores-pablo-abre-o-jogo-para-rafael-sobre-a-organizacao-criminosa-de-zoe\/","title":{"rendered":"Todas as Flores: Pablo abre o jogo para Rafael sobre a organiza\u00e7\u00e3o criminosa de Zo\u00e9"},"content":{"rendered":"<p><em>Em Todas as Flores: Pablo abre o jogo<\/em><br \/>\n<img data-recalc-dims=\"1\" decoding=\"async\" class=\"alignnone wp-image-58417 size-full\" title=\"(Foto: TV Globo\/Todas as Flores)\" src=\"https:\/\/i0.wp.com\/www.tvnovelas.com.br\/tvnews\/wp-content\/uploads\/2023\/11\/38549.jpg?resize=728%2C410&#038;ssl=1\" alt=\"Foto em Todas as Flores: Pablo abre o jogo\" width=\"728\" height=\"410\" srcset=\"https:\/\/i0.wp.com\/www.tvnovelas.com.br\/tvnews\/wp-content\/uploads\/2023\/11\/38549.jpg?w=728&amp;ssl=1 728w, https:\/\/i0.wp.com\/www.tvnovelas.com.br\/tvnews\/wp-content\/uploads\/2023\/11\/38549.jpg?resize=678%2C381&amp;ssl=1 678w\" sizes=\"(max-width: 728px) 100vw, 728px\" \/><br \/>\nEm Todas as Flores, Pablo (Caio Castro) abre o jogo sobre o esquema da organiza\u00e7\u00e3o criminosa de Zo\u00e9 (Regina Cas\u00e9) para Rafael (Humberto Carr\u00e3o). O modelo tamb\u00e9m confessa que Ma\u00edra (Sophie Charlotte) foi levada para a fazenda de tr\u00e1fico humano pela pr\u00f3pria m\u00e3e e ainda conta que at\u00e9 o neto n\u00e3o escapou das vilanias. O empres\u00e1rio fica chocado ao saber que a megera tirou o beb\u00ea dos bra\u00e7os da perfumista e sequestrou Rivaldinho.<\/p>\n<p>Ap\u00f3s Pablo revelar para o meio-irm\u00e3o a paternidade de Rivaldinho, agora \u00e9 a vez dele contar que o beb\u00ea est\u00e1 desaparecido, al\u00e9m de revelar todo o drama que Ma\u00edra sofreu desde a separa\u00e7\u00e3o com o presidente da Rhodes. Euf\u00f3rico ao saber que \u00e9 o pai do filho da perfumista, Rafael pergunta onde est\u00e1 a crian\u00e7a, j\u00e1 que foi at\u00e9 a casa de Judite (Mariana Nunes) e n\u00e3o o encontrou por l\u00e1. \u00c9 ent\u00e3o que o modelo abre o jogo com o mocinho.<\/p>\n<p>&#8220;O neg\u00f3cio \u00e9 o seguinte: a Zo\u00e9 sequestrou o Rivaldinho, certo? Aquela quadrilha l\u00e1 que ela \u00e9 envolvida e a Ma\u00edra est\u00e1 sendo amea\u00e7ada pela pr\u00f3pria m\u00e3e&#8221;, revela Pablo.<\/p>\n<p>O empres\u00e1rio fica irritado ao descobrir o que aconteceu com o seu filho e como Ma\u00edra est\u00e1 em uma situa\u00e7\u00e3o bem traum\u00e1tica. &#8220;D\u00e1 vontade de matar essa desgra\u00e7ada&#8221;, diz ele. Pablo tenta tranquilizar o meio-irm\u00e3o e afirma que a perfumista precisa da ajuda dos dois contra a m\u00e3e e a irm\u00e3, Vanessa, (Let\u00edcia Colin).<\/p>\n<p>&#8220;Calma, \u00e9 o seguinte. A Ma\u00edra precisa da nossa ajuda. Ela est\u00e1 sendo forte, ela est\u00e1 tentando segurar a onda, s\u00f3 que n\u00e3o tem como segurar essa onda com essas duas. E a Vanessa \u00e9 outra. Ela vai fazer de tudo para separar voc\u00ea da Ma\u00edra. No come\u00e7o, beleza, ela falou comigo, fez com que eu me aproximasse dela, tentou. Enfim, eu ca\u00ed na onda dela, me arrependi. A real \u00e9 que eu me apaixonei pela Ma\u00edra. Essa \u00e9 a real&#8221;, afirma o modelo.<\/p>\n<p>Curioso para saber sobre o namoro entre a perfumista e o modelo, o empres\u00e1rio pergunta se eles chegaram a ter uma rela\u00e7\u00e3o \u00edntima. &#8220;Voc\u00eas chegaram a ter alguma coisa juntos?&#8221;, questiona Rafael. &#8220;Tivemos um namorinho, mas nada demais. Ela te ama, irm\u00e3o. Essa \u00e9 a real. Ela te ama&#8221;, declara Pablo. &#8220;N\u00e3o deixa de ser ir\u00f4nico, n\u00e9. Os dois homens da Vanessa se apaixonaram pela Ma\u00edra. Quer dizer no meu caso era por interesse. Voc\u00ea e Vanessa outra hist\u00f3ria&#8221;, avalia o presidente da Rhodes.<\/p>\n<p>&#8220;N\u00e3o, pera a\u00ed! Eu e a Vanessa era s\u00f3 sexo. O bagulho era tes\u00e3o mesmo. Eu s\u00f3 descobri o que era amor mesmo quando realmente me apaixonei pela Ma\u00edra. Foi diferente! Eu fiz de tudo, tentei ganhar a confian\u00e7a dela, arrisquei minha vida, fui l\u00e1 tentar resgatar o Rivaldinho, s\u00f3 que ela foi honesta comigo. Nunca me deu moral. O neg\u00f3cio dela \u00e9 voc\u00ea&#8221;, confessa o modelo.<\/p>\n<p>&#8220;N\u00e3o estou me conformando com isso, porque a Ma\u00edra tinha que ter me falado antes do sequestro. Tinha que ter me falado que eu sou o pai dele&#8221;, diz Rafael. &#8220;Rafael, voc\u00ea deu mole, irm\u00e3o. Voc\u00ea desconfiou da Ma\u00edra quando ela falou para voc\u00ea que era inocente. Tu deu mole, pisou na bola&#8221;, indica o modelo.<\/p>\n<p><strong>A quadrilha<\/strong><br \/>\nDepois, Pablo sentou com Rafael para contar tudo o que rolou na vida da perfumista nos \u00faltimos meses. &#8220;Pablo, o que mais voc\u00ea sabe sobre essa quadrilha? Qualquer informa\u00e7\u00e3o \u00e9 importante&#8221;, afirma o empres\u00e1rio.<\/p>\n<p>&#8220;A Zo\u00e9 tem uma fazenda que ela deixa as pessoas l\u00e1, pessoa presa mesmo, cativeiro. A Ma\u00edra estava gr\u00e1vida e a Zo\u00e9 mandou ela para l\u00e1, s\u00f3 que ela conseguiu fugir. E a\u00ed ela foi para tipo um posto de beira de estrada. Eu fui com a minha m\u00e3e para resgatar ela. Na sequ\u00eancia veio tipo um carro, cercou o nosso carro, pegou a Ma\u00edra e levou ela de volta para l\u00e1. A Zo\u00e9 tirou a Ma\u00edra desse lugar e levou para o Rio&#8221;, conta o modelo.<\/p>\n<p>O filho de Judite tamb\u00e9m conta que mais na frente Ma\u00edra acabou se desentendendo com Zo\u00e9, porque a perfumista descobriu as crueldades da m\u00e3e. &#8220;A\u00ed a Ma\u00edra descobriu de fato quem era a Zo\u00e9. A cobra que ela \u00e9. Nessa \u00e9poca, a gente trouxe a Ma\u00edra de volta para casa, e foi nessa situa\u00e7\u00e3o que a Zo\u00e9 sequestrou o Rivaldinho. Tipo quadrilha, gente barra pesada, e eu acho que a Zo\u00e9 \u00e9 peixe pequeno no meio dessa galera&#8221;, conta Pablo.<br \/>\n<!--THE END--><br \/>\n<a href=\"https:\/\/wp.me\/p8dmjy-9zr\" target=\"_blank\" rel=\"noopener\">Resumos dos cap\u00edtulos da semana de Todas as Flores<\/a><br \/>\n<strong style=\"font-size: 120%;\">\u00daltimas not\u00edcias de Todas as Flores:<\/strong><br \/>\n<div class=\"pt-cv-wrapper\"><div class=\"pt-cv-view pt-cv-grid pt-cv-colsys\" id=\"pt-cv-view-57ad3a3tms\"><div data-id=\"pt-cv-page-1\" class=\"pt-cv-page\" data-cvc=\"1\"><div class=\"col-md-12 col-sm-12 col-xs-12 pt-cv-content-item pt-cv-1-col\" ><div class='pt-cv-ifield'><h4 class=\"pt-cv-title\"><a href=\"https:\/\/www.tvnovelas.com.br\/tvnews\/todas-as-flores-no-fim-acerto-de-contas-entre-maira-vanessa-e-zoe\/\" class=\"_self\" target=\"_self\" >Todas as Flores: No fim, acerto de contas entre Ma\u00edra, Vanessa e Zo\u00e9<\/a><\/h4><\/div><\/div>\n<div class=\"col-md-12 col-sm-12 col-xs-12 pt-cv-content-item pt-cv-1-col\" ><div class='pt-cv-ifield'><h4 class=\"pt-cv-title\"><a href=\"https:\/\/www.tvnovelas.com.br\/tvnews\/todas-as-flores-pablo-trai-vanessa-e-prende-estilista-no-porao\/\" class=\"_self\" target=\"_self\" >Todas as Flores: Pablo trai Vanessa e prende estilista no por\u00e3o<\/a><\/h4><\/div><\/div>\n<div class=\"col-md-12 col-sm-12 col-xs-12 pt-cv-content-item pt-cv-1-col\" ><div class='pt-cv-ifield'><h4 class=\"pt-cv-title\"><a href=\"https:\/\/www.tvnovelas.com.br\/tvnews\/todas-as-flores-olavo-arma-para-eliminar-rafael\/\" class=\"_self\" target=\"_self\" >Todas as Flores: Olavo arma para eliminar Rafael<\/a><\/h4><\/div><\/div>\n<div class=\"col-md-12 col-sm-12 col-xs-12 pt-cv-content-item pt-cv-1-col\" ><div class='pt-cv-ifield'><h4 class=\"pt-cv-title\"><a href=\"https:\/\/www.tvnovelas.com.br\/tvnews\/todas-as-flores-vanessa-sequestra-e-prende-zoe-em-porao\/\" class=\"_self\" target=\"_self\" >Todas as Flores: Vanessa sequestra e prende Zo\u00e9 em por\u00e3o<\/a><\/h4><\/div><\/div>\n<div class=\"col-md-12 col-sm-12 col-xs-12 pt-cv-content-item pt-cv-1-col\" ><div class='pt-cv-ifield'><h4 class=\"pt-cv-title\"><a href=\"https:\/\/www.tvnovelas.com.br\/tvnews\/todas-as-flores-zoe-mata-humberto\/\" class=\"_self\" target=\"_self\" >Todas as Flores: Zo\u00e9 mata Humberto<\/a><\/h4><\/div><\/div>\n<div class=\"col-md-12 col-sm-12 col-xs-12 pt-cv-content-item pt-cv-1-col\" ><div class='pt-cv-ifield'><h4 class=\"pt-cv-title\"><a href=\"https:\/\/www.tvnovelas.com.br\/tvnews\/todas-as-flores-humberto-resgata-judite-de-sequestrada-por-zoe\/\" class=\"_self\" target=\"_self\" >Todas as Flores: Humberto resgata Judite de sequestrada por Zo\u00e9<\/a><\/h4><\/div><\/div><\/div><\/div><\/div><br \/>\n<strong style=\"font-size: 120%;\">\u00daltimas not\u00edcias deste canal:<\/strong><br \/>\n<div class=\"pt-cv-wrapper\"><div class=\"pt-cv-view pt-cv-grid pt-cv-colsys\" id=\"pt-cv-view-90991035b3\"><div data-id=\"pt-cv-page-1\" class=\"pt-cv-page\" data-cvc=\"1\"><div class=\"col-md-12 col-sm-12 col-xs-12 pt-cv-content-item pt-cv-1-col\" ><div class='pt-cv-ifield'><h4 class=\"pt-cv-title\"><a href=\"https:\/\/www.tvnovelas.com.br\/tvnews\/coracao-de-mae-irmak-inicia-jogo-arriscado-contra-adnan\/\" class=\"_self\" target=\"_self\" >Cora\u00e7\u00e3o de M\u00e3e: Irmak inicia jogo arriscado contra Adnan<\/a><\/h4><\/div><\/div>\n<div class=\"col-md-12 col-sm-12 col-xs-12 pt-cv-content-item pt-cv-1-col\" ><div class='pt-cv-ifield'><h4 class=\"pt-cv-title\"><a href=\"https:\/\/www.tvnovelas.com.br\/tvnews\/guerra-das-rosas-omer-chama-gulru-vestida-de-noiva-para-fugir\/\" class=\"_self\" target=\"_self\" >Guerra das Rosas: Omer chama Gulru vestida de noiva para fugir<\/a><\/h4><\/div><\/div>\n<div class=\"col-md-12 col-sm-12 col-xs-12 pt-cv-content-item pt-cv-1-col\" ><div class='pt-cv-ifield'><h4 class=\"pt-cv-title\"><a href=\"https:\/\/www.tvnovelas.com.br\/tvnews\/coracao-de-mae-reha-sai-para-jantar-com-selvi\/\" class=\"_self\" target=\"_self\" >Cora\u00e7\u00e3o de M\u00e3e: Reha sai para jantar com Selvi<\/a><\/h4><\/div><\/div>\n<div class=\"col-md-12 col-sm-12 col-xs-12 pt-cv-content-item pt-cv-1-col\" ><div class='pt-cv-ifield'><h4 class=\"pt-cv-title\"><a href=\"https:\/\/www.tvnovelas.com.br\/tvnews\/coracao-acelerado-zila-se-preocupa-com-sua-situacao-apos-separacao\/\" class=\"_self\" target=\"_self\" >Cora\u00e7\u00e3o Acelerado: Zil\u00e1 se preocupa com sua situa\u00e7\u00e3o ap\u00f3s separa\u00e7\u00e3o<\/a><\/h4><\/div><\/div>\n<div class=\"col-md-12 col-sm-12 col-xs-12 pt-cv-content-item pt-cv-1-col\" ><div class='pt-cv-ifield'><h4 class=\"pt-cv-title\"><a href=\"https:\/\/www.tvnovelas.com.br\/tvnews\/a-nobreza-do-amor-tonho-nao-se-curva-diante-de-mirinho\/\" class=\"_self\" target=\"_self\" >A Nobreza do Amor: Tonho n\u00e3o se curva diante de Mirinho<\/a><\/h4><\/div><\/div>\n<div class=\"col-md-12 col-sm-12 col-xs-12 pt-cv-content-item pt-cv-1-col\" ><div class='pt-cv-ifield'><h4 class=\"pt-cv-title\"><a href=\"https:\/\/www.tvnovelas.com.br\/tvnews\/tres-gracas-arminda-surta-ao-confirmar-que-ferette-e-pai-de-raul\/\" class=\"_self\" target=\"_self\" >Tr\u00eas Gra\u00e7as:  Arminda surta ao confirmar que Ferette \u00e9 pai de Raul<\/a><\/h4><\/div><\/div>\n<div class=\"col-md-12 col-sm-12 col-xs-12 pt-cv-content-item pt-cv-1-col\" ><div class='pt-cv-ifield'><h4 class=\"pt-cv-title\"><a href=\"https:\/\/www.tvnovelas.com.br\/tvnews\/coracao-de-mae-atilla-confronta-hasan-e-exige-o-divorcio-de-lale\/\" class=\"_self\" target=\"_self\" >Cora\u00e7\u00e3o de M\u00e3e: Atilla confronta Hasan e exige o div\u00f3rcio de Lale<\/a><\/h4><\/div><\/div>\n<div class=\"col-md-12 col-sm-12 col-xs-12 pt-cv-content-item pt-cv-1-col\" ><div class='pt-cv-ifield'><h4 class=\"pt-cv-title\"><a href=\"https:\/\/www.tvnovelas.com.br\/tvnews\/guerra-das-rosas-gulfem-coloca-gulru-contra-a-parede\/\" class=\"_self\" target=\"_self\" >Guerra das Rosas: Gulfem coloca Gulru contra a parede<\/a><\/h4><\/div><\/div>\n<div class=\"col-md-12 col-sm-12 col-xs-12 pt-cv-content-item pt-cv-1-col\" ><div class='pt-cv-ifield'><h4 class=\"pt-cv-title\"><a href=\"https:\/\/www.tvnovelas.com.br\/tvnews\/coracao-de-mae-atilla-diz-a-lale-que-quer-o-divorcio\/\" class=\"_self\" target=\"_self\" >Cora\u00e7\u00e3o de M\u00e3e: Atilla diz a Lale que quer o div\u00f3rcio<\/a><\/h4><\/div><\/div>\n<div class=\"col-md-12 col-sm-12 col-xs-12 pt-cv-content-item pt-cv-1-col\" ><div class='pt-cv-ifield'><h4 class=\"pt-cv-title\"><a href=\"https:\/\/www.tvnovelas.com.br\/tvnews\/a-nobreza-do-amor-mirinho-garante-noivado-com-virginia-para-atrair-sogro-a-negocio\/\" class=\"_self\" target=\"_self\" >A Nobreza do Amor: Mirinho garante noivado com Virg\u00ednia para atrair sogro a neg\u00f3cio<\/a><\/h4><\/div><\/div><\/div><\/div><\/div><br \/>\n<a href=\"https:\/\/www.tvnovelas.com.br\/novelas\/\"><strong>Confira os resumos da semana de todas novelas<\/strong><\/a><br \/>\n<a href=\"http:\/\/tvnovelas.com.br\/filmes\" target=\"_blank\" rel=\"noopener\">Veja tamb\u00e9m: Todas as telas: filmes e s\u00e9ries nos streamings<\/a><\/p>\n<h3>Confira tamb\u00e9m<\/h3>\n<p><a href=\"https:\/\/www.tvnovelas.com.br\/filmes\/\" target=\"_blank\" rel=\"noo 2 pener noreferrer noopener\"><strong>Programa\u00e7\u00e3o de filmes na TV aberta<\/strong><\/a><br \/>\n<a href=\"https:\/\/tvnovelas.com.br\/filmes\/filmes-e-series-ineditos-em-estreia-na-semana-na-netflix\/\" target=\"_blank\" rel=\"noopener noreferrer\"><strong>Estreias da semana na Netflix<\/strong><\/a><br \/>\n<a href=\"https:\/\/caetenews.com.br\/semana\/filmes-da-globo-na-sessao-da-tarde-desta-semana\/\" target=\"_blank\" rel=\"noopener\"><strong>Confira os filmes da semana na Sess\u00e3o da Tarde<\/strong><\/a><br \/>\n<a href=\"\/\/tvnovelas.com.br\/filmes\/filmes-em-estreia-nos-cinemas\/\" target=\"_blank\" rel=\"noopener noreferrer\"><strong>Estreias e novidades no Cinema<\/strong><\/a><br \/>\n<a href=\"https:\/\/www.tvnovelas.com.br\/novelas\/\" target=\"_blank\" rel=\"noopener noreferrer\"><strong>Resumos de novelas<\/strong><\/a><\/p>\n","protected":false},"excerpt":{"rendered":"<p>Em Todas as Flores, Pablo (Caio Castro) abre o jogo sobre o esquema da organiza\u00e7\u00e3o criminosa de Zo\u00e9 (Regina Cas\u00e9) para Rafael (Humberto Carr\u00e3o). O modelo&#8230;<\/p>\n","protected":false},"author":1,"featured_media":58417,"comment_status":"closed","ping_status":"closed","sticky":false,"template":"","format":"standard","meta":{"_uf_show_specific_survey":0,"_uf_disable_surveys":false,"_jetpack_memberships_contains_paid_content":false,"footnotes":"","_wp_rev_ctl_limit":""},"categories":[236],"tags":[5,64,380],"class_list":["post-58416","post","type-post","status-publish","format-standard","has-post-thumbnail","hentry","category-globo","tag-globo","tag-novelas","tag-todas-as-flores","wpcat-236-id"],"aioseo_notices":[],"jetpack_featured_media_url":"https:\/\/i0.wp.com\/www.tvnovelas.com.br\/tvnews\/wp-content\/uploads\/2023\/11\/38549.jpg?fit=728%2C410&ssl=1","jetpack_shortlink":"https:\/\/wp.me\/pdP2BO-fcc","jetpack_sharing_enabled":true,"_links":{"self":[{"href":"https:\/\/www.tvnovelas.com.br\/tvnews\/wp-json\/wp\/v2\/posts\/58416","targetHints":{"allow":["GET"]}}],"collection":[{"href":"https:\/\/www.tvnovelas.com.br\/tvnews\/wp-json\/wp\/v2\/posts"}],"about":[{"href":"https:\/\/www.tvnovelas.com.br\/tvnews\/wp-json\/wp\/v2\/types\/post"}],"author":[{"embeddable":true,"href":"https:\/\/www.tvnovelas.com.br\/tvnews\/wp-json\/wp\/v2\/users\/1"}],"replies":[{"embeddable":true,"href":"https:\/\/www.tvnovelas.com.br\/tvnews\/wp-json\/wp\/v2\/comments?post=58416"}],"version-history":[{"count":1,"href":"https:\/\/www.tvnovelas.com.br\/tvnews\/wp-json\/wp\/v2\/posts\/58416\/revisions"}],"predecessor-version":[{"id":58418,"href":"https:\/\/www.tvnovelas.com.br\/tvnews\/wp-json\/wp\/v2\/posts\/58416\/revisions\/58418"}],"wp:featuredmedia":[{"embeddable":true,"href":"https:\/\/www.tvnovelas.com.br\/tvnews\/wp-json\/wp\/v2\/media\/58417"}],"wp:attachment":[{"href":"https:\/\/www.tvnovelas.com.br\/tvnews\/wp-json\/wp\/v2\/media?parent=58416"}],"wp:term":[{"taxonomy":"category","embeddable":true,"href":"https:\/\/www.tvnovelas.com.br\/tvnews\/wp-json\/wp\/v2\/categories?post=58416"},{"taxonomy":"post_tag","embeddable":true,"href":"https:\/\/www.tvnovelas.com.br\/tvnews\/wp-json\/wp\/v2\/tags?post=58416"}],"curies":[{"name":"wp","href":"https:\/\/api.w.org\/{rel}","templated":true}]}}