{"id":58531,"date":"2023-11-03T12:30:13","date_gmt":"2023-11-03T15:30:13","guid":{"rendered":"https:\/\/www.tvnovelas.com.br\/tvnews\/?p=58531"},"modified":"2023-11-03T12:30:47","modified_gmt":"2023-11-03T15:30:47","slug":"todas-as-flores-troco-humberto-assume-a-rhodes-e-demite-rafael","status":"publish","type":"post","link":"https:\/\/www.tvnovelas.com.br\/tvnews\/todas-as-flores-troco-humberto-assume-a-rhodes-e-demite-rafael\/","title":{"rendered":"Todas as Flores: Troco; Humberto assume a Rhodes e demite Rafael"},"content":{"rendered":"<p><em>Em Todas as Flores: Troco; Humberto assume<\/em><br \/>\n<img data-recalc-dims=\"1\" decoding=\"async\" class=\"alignnone wp-image-58532 size-full\" title=\"(Foto: TV Globo\/Todas as Flores)\" src=\"https:\/\/i0.wp.com\/www.tvnovelas.com.br\/tvnews\/wp-content\/uploads\/2023\/11\/38575.jpg?resize=728%2C410&#038;ssl=1\" alt=\"Foto em Todas as Flores: Troco; Humberto assume\" width=\"728\" height=\"410\" srcset=\"https:\/\/i0.wp.com\/www.tvnovelas.com.br\/tvnews\/wp-content\/uploads\/2023\/11\/38575.jpg?w=728&amp;ssl=1 728w, https:\/\/i0.wp.com\/www.tvnovelas.com.br\/tvnews\/wp-content\/uploads\/2023\/11\/38575.jpg?resize=678%2C381&amp;ssl=1 678w\" sizes=\"(max-width: 728px) 100vw, 728px\" \/><br \/>\nEm Todas as Flores, reviravolta dentro da alta c\u00fapula da Rhodes. Ap\u00f3s aplicar um golpe em Maurit\u00e2nia (Thalita Carauta) e conseguir Luis Felipe (C\u00e1ssio Gabus Mendes) como aliado, Humberto (Fabio Assun\u00e7\u00e3o) se torna o novo presidente da loja de roupa masculino e ainda expulsa Rafael (Humberto Carr\u00e3o) da empresa.<\/p>\n<p>O diretor de marketing vai saborear a demiss\u00e3o do pr\u00f3prio filho e herdeiro da vi\u00fava, Guiomar (Ana Beatriz Nogueira), ap\u00f3s ele tamb\u00e9m ter sido mandado embora da companhia. Na trama de Jo\u00e3o Emanuel Carneiro, com dire\u00e7\u00e3o de Carlos Ara\u00fajo, Humberto nunca se conformou em n\u00e3o ter assumido a presid\u00eancia depois da morte da mulher, por isso ele dar\u00e1 o troco no filho.<\/p>\n<p>Tudo come\u00e7a quando Joy (Yara Charry) percebe que o pai est\u00e1 estranho para a reuni\u00e3o de acionistas da Rhodes. \u201cRafael, que bom que eu te peguei antes de voc\u00ea ir para a reuni\u00e3o. Eu estou achando meu pai muito estranho. Eu tenho certeza que ele vai fazer alguma coisa nessa reuni\u00e3o com os acionistas\u201d, diz ela.<\/p>\n<p>\u201cCalma. Se voc\u00ea tiver raz\u00e3o, eu vou descobrir agora porque eu estou indo para l\u00e1\u201d, indica ele. \u201cMas eu vou com voc\u00ea\u201d, afirma ela. \u201cCalma a\u00ed, eu estou achando voc\u00ea nervosa. Calma a\u00ed. Eu te falo\u201d, orienta o empres\u00e1rio.<\/p>\n<p>J\u00e1 na sala de reuni\u00e3o Rafael estranha o comportamento do tio Luis Felipe e tamb\u00e9m se espanta com a aus\u00eancia de Maurit\u00e2nia. Nesse momento, Humberto chega e, \u00e9 claro, que o empres\u00e1rio indaga o que o pai est\u00e1 fazendo ali, afinal o diretor de marketing havia sido demitido pelo filho de Guiomar.<\/p>\n<p>\u201cEstou representando a parte da Maurit\u00e2nia\u201d, diz ele.<\/p>\n<p>Rafael n\u00e3o entende e questiona o que o pai acabou de falar. \u201cQue palha\u00e7ada \u00e9 essa?\u201d.<\/p>\n<p>\u201cTenho uma procura\u00e7\u00e3o a\u00ed reconhecida em cart\u00f3rio onde a Maurit\u00e2nia me d\u00e1 plenos poderes para representar, gerir, assinar, vender e fazer o que eu bem entender com a parte dela nessa empresa. Sendo assim eu e o Luis Felipe detemos dois ter\u00e7os da empresa, e como maioria n\u00f3s decidimos em comum acordo que a partir desse momento eu sou o novo presidente da Rhodes\u201d, declara Humberto.<\/p>\n<p>O empres\u00e1rio custa acreditar nas palavras do pai. \u201cVoc\u00ea est\u00e1 de brincadeira comigo! O que voc\u00ea est\u00e1 pretendendo com essa cena maluca?\u201d, questiona Rafael. \u201cVoc\u00ea me respeita! Voc\u00ea pode at\u00e9 n\u00e3o me respeitar como pai, como voc\u00ea sempre fez, mas nesse momento voc\u00ea est\u00e1 dirigindo a palavra ao presidente dessa empresa\u201d, afirma Humberto.<\/p>\n<p>Completamente irritado com a novidade vindo do pai, Rafael n\u00e3o poupa palavras contra o pai. \u201cEu estou dirigindo a palavra a um maluco, que tem que ser medicado urgentemente\u201d, dispara ele.<\/p>\n<p>Nesse momento, Humberto revida e d\u00e1 o troco pela sua demiss\u00e3o dias atr\u00e1s.<\/p>\n<p>\u201cVoc\u00ea est\u00e1 demitido. Como presidente legal da Rhodes, eu estou lhe destituindo do seu cargo\u201d, declara ele.<\/p>\n<p>\u201cVoc\u00ea aceita isso, tio?\u201d, pergunta Rafael. \u201cVai, Luis Felipe. Desembucha. Voc\u00ea me apoia ou n\u00e3o? Fala!\u201d, diz Humberto. O promotor confirma que sim, o que deixa Rafael incr\u00e9dulo. \u201cVoc\u00ea pode olhar na minha cara, por favor, para falar isso, tio?\u201d, pede o rapaz. \u201c\u00c9 que ele sabia que voc\u00ea ia ficar um pouco indignado. Fala direito. Seja claro com ele\u201d, ressalta Humberto.<\/p>\n<p>Chantageado pela organiza\u00e7\u00e3o criminosa, Luis Felipe n\u00e3o v\u00ea outra sa\u00edda a n\u00e3o se acatar a decis\u00e3o e pede perd\u00e3o ao sobrinho. \u201cDesculpa, Rafael, eu n\u00e3o queria te decepcionar, mas eu apoio o Humberto, sim\u201d, afirma.<\/p>\n<p>Irritado e sem entender toda aquela situa\u00e7\u00e3o, Rafael se exalta. \u201cComo voc\u00ea n\u00e3o queria me decepcionar? Meu pai \u00e9 um incompetente, um bandido. Meu pai roubou a empresa o tempo inteiro. Ele foi demitido porque roubou a empresa\u201d, declara o jovem.<\/p>\n<p>\u201cVoc\u00ea est\u00e1 demitido, Rafael! Vai embora daqui ou eu vou ter que chamar a seguran\u00e7a?\u201d, debocha Humberto.<\/p>\n<p>Rafael vai at\u00e9 o pai, e os dois discutem. \u201cVoc\u00ea \u00e9 um bandido safado, n\u00e9\u201d, declara o empres\u00e1rio. \u201cExperimenta encostar a m\u00e3o em mim para voc\u00ea ver\u201d, amea\u00e7a Humberto. \u201cEra isso que voc\u00ea merecia mesmo. A tua sorte \u00e9 que eu n\u00e3o puxei voc\u00ea\u201d, declara Rafael. \u201cPega as suas coisas e saia da Rhodes\u201d, exclama Humberto.<\/p>\n<p>Antes de deixar a sala de reuni\u00e3o, Rafael faz uma promessa diante do pai, que acabar\u00e1 com a quadrilha criminosa de tr\u00e1fico humano. \u201cEu vou descobrir o que est\u00e1 acontecendo aqui e qual rela\u00e7\u00e3o de voc\u00eas. Eu vou descobrir a verdade e vou acabar com esse teu golpe. Eu vou acabar com voc\u00ea\u201d, finaliza ele.<br \/>\n<!--THE END--><br \/>\n<a href=\"https:\/\/wp.me\/p8dmjy-9zr\" target=\"_blank\" rel=\"noopener\">Resumos dos cap\u00edtulos da semana de Todas as Flores<\/a><br \/>\n<strong style=\"font-size: 120%;\">\u00daltimas not\u00edcias de Todas as Flores:<\/strong><br \/>\n<div class=\"pt-cv-wrapper\"><div class=\"pt-cv-view pt-cv-grid pt-cv-colsys\" id=\"pt-cv-view-57ad3a3tms\"><div data-id=\"pt-cv-page-1\" class=\"pt-cv-page\" data-cvc=\"1\"><div class=\"col-md-12 col-sm-12 col-xs-12 pt-cv-content-item pt-cv-1-col\" ><div class='pt-cv-ifield'><h4 class=\"pt-cv-title\"><a href=\"https:\/\/www.tvnovelas.com.br\/tvnews\/todas-as-flores-no-fim-acerto-de-contas-entre-maira-vanessa-e-zoe\/\" class=\"_self\" target=\"_self\" >Todas as Flores: No fim, acerto de contas entre Ma\u00edra, Vanessa e Zo\u00e9<\/a><\/h4><\/div><\/div>\n<div class=\"col-md-12 col-sm-12 col-xs-12 pt-cv-content-item pt-cv-1-col\" ><div class='pt-cv-ifield'><h4 class=\"pt-cv-title\"><a href=\"https:\/\/www.tvnovelas.com.br\/tvnews\/todas-as-flores-pablo-trai-vanessa-e-prende-estilista-no-porao\/\" class=\"_self\" target=\"_self\" >Todas as Flores: Pablo trai Vanessa e prende estilista no por\u00e3o<\/a><\/h4><\/div><\/div>\n<div class=\"col-md-12 col-sm-12 col-xs-12 pt-cv-content-item pt-cv-1-col\" ><div class='pt-cv-ifield'><h4 class=\"pt-cv-title\"><a href=\"https:\/\/www.tvnovelas.com.br\/tvnews\/todas-as-flores-olavo-arma-para-eliminar-rafael\/\" class=\"_self\" target=\"_self\" >Todas as Flores: Olavo arma para eliminar Rafael<\/a><\/h4><\/div><\/div>\n<div class=\"col-md-12 col-sm-12 col-xs-12 pt-cv-content-item pt-cv-1-col\" ><div class='pt-cv-ifield'><h4 class=\"pt-cv-title\"><a href=\"https:\/\/www.tvnovelas.com.br\/tvnews\/todas-as-flores-vanessa-sequestra-e-prende-zoe-em-porao\/\" class=\"_self\" target=\"_self\" >Todas as Flores: Vanessa sequestra e prende Zo\u00e9 em por\u00e3o<\/a><\/h4><\/div><\/div>\n<div class=\"col-md-12 col-sm-12 col-xs-12 pt-cv-content-item pt-cv-1-col\" ><div class='pt-cv-ifield'><h4 class=\"pt-cv-title\"><a href=\"https:\/\/www.tvnovelas.com.br\/tvnews\/todas-as-flores-zoe-mata-humberto\/\" class=\"_self\" target=\"_self\" >Todas as Flores: Zo\u00e9 mata Humberto<\/a><\/h4><\/div><\/div>\n<div class=\"col-md-12 col-sm-12 col-xs-12 pt-cv-content-item pt-cv-1-col\" ><div class='pt-cv-ifield'><h4 class=\"pt-cv-title\"><a href=\"https:\/\/www.tvnovelas.com.br\/tvnews\/todas-as-flores-humberto-resgata-judite-de-sequestrada-por-zoe\/\" class=\"_self\" target=\"_self\" >Todas as Flores: Humberto resgata Judite de sequestrada por Zo\u00e9<\/a><\/h4><\/div><\/div><\/div><\/div><\/div><br \/>\n<strong style=\"font-size: 120%;\">\u00daltimas not\u00edcias deste canal:<\/strong><br \/>\n<div class=\"pt-cv-wrapper\"><div class=\"pt-cv-view pt-cv-grid pt-cv-colsys\" id=\"pt-cv-view-90991035b3\"><div data-id=\"pt-cv-page-1\" class=\"pt-cv-page\" data-cvc=\"1\"><div class=\"col-md-12 col-sm-12 col-xs-12 pt-cv-content-item pt-cv-1-col\" ><div class='pt-cv-ifield'><h4 class=\"pt-cv-title\"><a href=\"https:\/\/www.tvnovelas.com.br\/tvnews\/coracao-de-mae-irmak-inicia-jogo-arriscado-contra-adnan\/\" class=\"_self\" target=\"_self\" >Cora\u00e7\u00e3o de M\u00e3e: Irmak inicia jogo arriscado contra Adnan<\/a><\/h4><\/div><\/div>\n<div class=\"col-md-12 col-sm-12 col-xs-12 pt-cv-content-item pt-cv-1-col\" ><div class='pt-cv-ifield'><h4 class=\"pt-cv-title\"><a href=\"https:\/\/www.tvnovelas.com.br\/tvnews\/guerra-das-rosas-omer-chama-gulru-vestida-de-noiva-para-fugir\/\" class=\"_self\" target=\"_self\" >Guerra das Rosas: Omer chama Gulru vestida de noiva para fugir<\/a><\/h4><\/div><\/div>\n<div class=\"col-md-12 col-sm-12 col-xs-12 pt-cv-content-item pt-cv-1-col\" ><div class='pt-cv-ifield'><h4 class=\"pt-cv-title\"><a href=\"https:\/\/www.tvnovelas.com.br\/tvnews\/coracao-de-mae-reha-sai-para-jantar-com-selvi\/\" class=\"_self\" target=\"_self\" >Cora\u00e7\u00e3o de M\u00e3e: Reha sai para jantar com Selvi<\/a><\/h4><\/div><\/div>\n<div class=\"col-md-12 col-sm-12 col-xs-12 pt-cv-content-item pt-cv-1-col\" ><div class='pt-cv-ifield'><h4 class=\"pt-cv-title\"><a href=\"https:\/\/www.tvnovelas.com.br\/tvnews\/coracao-acelerado-zila-se-preocupa-com-sua-situacao-apos-separacao\/\" class=\"_self\" target=\"_self\" >Cora\u00e7\u00e3o Acelerado: Zil\u00e1 se preocupa com sua situa\u00e7\u00e3o ap\u00f3s separa\u00e7\u00e3o<\/a><\/h4><\/div><\/div>\n<div class=\"col-md-12 col-sm-12 col-xs-12 pt-cv-content-item pt-cv-1-col\" ><div class='pt-cv-ifield'><h4 class=\"pt-cv-title\"><a href=\"https:\/\/www.tvnovelas.com.br\/tvnews\/a-nobreza-do-amor-tonho-nao-se-curva-diante-de-mirinho\/\" class=\"_self\" target=\"_self\" >A Nobreza do Amor: Tonho n\u00e3o se curva diante de Mirinho<\/a><\/h4><\/div><\/div>\n<div class=\"col-md-12 col-sm-12 col-xs-12 pt-cv-content-item pt-cv-1-col\" ><div class='pt-cv-ifield'><h4 class=\"pt-cv-title\"><a href=\"https:\/\/www.tvnovelas.com.br\/tvnews\/tres-gracas-arminda-surta-ao-confirmar-que-ferette-e-pai-de-raul\/\" class=\"_self\" target=\"_self\" >Tr\u00eas Gra\u00e7as:  Arminda surta ao confirmar que Ferette \u00e9 pai de Raul<\/a><\/h4><\/div><\/div>\n<div class=\"col-md-12 col-sm-12 col-xs-12 pt-cv-content-item pt-cv-1-col\" ><div class='pt-cv-ifield'><h4 class=\"pt-cv-title\"><a href=\"https:\/\/www.tvnovelas.com.br\/tvnews\/coracao-de-mae-atilla-confronta-hasan-e-exige-o-divorcio-de-lale\/\" class=\"_self\" target=\"_self\" >Cora\u00e7\u00e3o de M\u00e3e: Atilla confronta Hasan e exige o div\u00f3rcio de Lale<\/a><\/h4><\/div><\/div>\n<div class=\"col-md-12 col-sm-12 col-xs-12 pt-cv-content-item pt-cv-1-col\" ><div class='pt-cv-ifield'><h4 class=\"pt-cv-title\"><a href=\"https:\/\/www.tvnovelas.com.br\/tvnews\/guerra-das-rosas-gulfem-coloca-gulru-contra-a-parede\/\" class=\"_self\" target=\"_self\" >Guerra das Rosas: Gulfem coloca Gulru contra a parede<\/a><\/h4><\/div><\/div>\n<div class=\"col-md-12 col-sm-12 col-xs-12 pt-cv-content-item pt-cv-1-col\" ><div class='pt-cv-ifield'><h4 class=\"pt-cv-title\"><a href=\"https:\/\/www.tvnovelas.com.br\/tvnews\/coracao-de-mae-atilla-diz-a-lale-que-quer-o-divorcio\/\" class=\"_self\" target=\"_self\" >Cora\u00e7\u00e3o de M\u00e3e: Atilla diz a Lale que quer o div\u00f3rcio<\/a><\/h4><\/div><\/div>\n<div class=\"col-md-12 col-sm-12 col-xs-12 pt-cv-content-item pt-cv-1-col\" ><div class='pt-cv-ifield'><h4 class=\"pt-cv-title\"><a href=\"https:\/\/www.tvnovelas.com.br\/tvnews\/a-nobreza-do-amor-mirinho-garante-noivado-com-virginia-para-atrair-sogro-a-negocio\/\" class=\"_self\" target=\"_self\" >A Nobreza do Amor: Mirinho garante noivado com Virg\u00ednia para atrair sogro a neg\u00f3cio<\/a><\/h4><\/div><\/div><\/div><\/div><\/div><br \/>\n<a href=\"https:\/\/www.tvnovelas.com.br\/novelas\/\"><strong>Confira os resumos da semana de todas novelas<\/strong><\/a><br \/>\n<a href=\"http:\/\/tvnovelas.com.br\/filmes\" target=\"_blank\" rel=\"noopener\">Veja tamb\u00e9m: Todas as telas: filmes e s\u00e9ries nos streamings<\/a><\/p>\n<h3>Confira tamb\u00e9m<\/h3>\n<p><a href=\"https:\/\/www.tvnovelas.com.br\/filmes\/\" target=\"_blank\" rel=\"noo 2 pener noreferrer noopener\"><strong>Programa\u00e7\u00e3o de filmes na TV aberta<\/strong><\/a><br \/>\n<a href=\"https:\/\/tvnovelas.com.br\/filmes\/filmes-e-series-ineditos-em-estreia-na-semana-na-netflix\/\" target=\"_blank\" rel=\"noopener noreferrer\"><strong>Estreias da semana na Netflix<\/strong><\/a><br \/>\n<a href=\"https:\/\/caetenews.com.br\/semana\/filmes-da-globo-na-sessao-da-tarde-desta-semana\/\" target=\"_blank\" rel=\"noopener\"><strong>Confira os filmes da semana na Sess\u00e3o da Tarde<\/strong><\/a><br \/>\n<a href=\"\/\/tvnovelas.com.br\/filmes\/filmes-em-estreia-nos-cinemas\/\" target=\"_blank\" rel=\"noopener noreferrer\"><strong>Estreias e novidades no Cinema<\/strong><\/a><br \/>\n<a href=\"https:\/\/www.tvnovelas.com.br\/novelas\/\" target=\"_blank\" rel=\"noopener noreferrer\"><strong>Resumos de novelas<\/strong><\/a><\/p>\n","protected":false},"excerpt":{"rendered":"<p>Em Todas as Flores, reviravolta dentro da alta c\u00fapula da Rhodes. Ap\u00f3s aplicar um golpe em Maurit\u00e2nia (Thalita Carauta) e conseguir Luis Felipe&#8230;<\/p>\n","protected":false},"author":1,"featured_media":58532,"comment_status":"closed","ping_status":"closed","sticky":false,"template":"","format":"standard","meta":{"_uf_show_specific_survey":0,"_uf_disable_surveys":false,"_jetpack_memberships_contains_paid_content":false,"footnotes":"","_wp_rev_ctl_limit":""},"categories":[236],"tags":[5,64,380],"class_list":["post-58531","post","type-post","status-publish","format-standard","has-post-thumbnail","hentry","category-globo","tag-globo","tag-novelas","tag-todas-as-flores","wpcat-236-id"],"aioseo_notices":[],"jetpack_featured_media_url":"https:\/\/i0.wp.com\/www.tvnovelas.com.br\/tvnews\/wp-content\/uploads\/2023\/11\/38575.jpg?fit=728%2C410&ssl=1","jetpack_shortlink":"https:\/\/wp.me\/pdP2BO-fe3","jetpack_sharing_enabled":true,"_links":{"self":[{"href":"https:\/\/www.tvnovelas.com.br\/tvnews\/wp-json\/wp\/v2\/posts\/58531","targetHints":{"allow":["GET"]}}],"collection":[{"href":"https:\/\/www.tvnovelas.com.br\/tvnews\/wp-json\/wp\/v2\/posts"}],"about":[{"href":"https:\/\/www.tvnovelas.com.br\/tvnews\/wp-json\/wp\/v2\/types\/post"}],"author":[{"embeddable":true,"href":"https:\/\/www.tvnovelas.com.br\/tvnews\/wp-json\/wp\/v2\/users\/1"}],"replies":[{"embeddable":true,"href":"https:\/\/www.tvnovelas.com.br\/tvnews\/wp-json\/wp\/v2\/comments?post=58531"}],"version-history":[{"count":1,"href":"https:\/\/www.tvnovelas.com.br\/tvnews\/wp-json\/wp\/v2\/posts\/58531\/revisions"}],"predecessor-version":[{"id":58533,"href":"https:\/\/www.tvnovelas.com.br\/tvnews\/wp-json\/wp\/v2\/posts\/58531\/revisions\/58533"}],"wp:featuredmedia":[{"embeddable":true,"href":"https:\/\/www.tvnovelas.com.br\/tvnews\/wp-json\/wp\/v2\/media\/58532"}],"wp:attachment":[{"href":"https:\/\/www.tvnovelas.com.br\/tvnews\/wp-json\/wp\/v2\/media?parent=58531"}],"wp:term":[{"taxonomy":"category","embeddable":true,"href":"https:\/\/www.tvnovelas.com.br\/tvnews\/wp-json\/wp\/v2\/categories?post=58531"},{"taxonomy":"post_tag","embeddable":true,"href":"https:\/\/www.tvnovelas.com.br\/tvnews\/wp-json\/wp\/v2\/tags?post=58531"}],"curies":[{"name":"wp","href":"https:\/\/api.w.org\/{rel}","templated":true}]}}