{"id":58832,"date":"2023-11-09T09:35:44","date_gmt":"2023-11-09T12:35:44","guid":{"rendered":"https:\/\/www.tvnovelas.com.br\/tvnews\/?p=58832"},"modified":"2023-11-09T09:35:44","modified_gmt":"2023-11-09T12:35:44","slug":"todas-as-flores-diego-foge-da-fazenda-e-se-junta-a-rafael","status":"publish","type":"post","link":"https:\/\/www.tvnovelas.com.br\/tvnews\/todas-as-flores-diego-foge-da-fazenda-e-se-junta-a-rafael\/","title":{"rendered":"Todas as Flores: Diego foge da fazenda e se junta a Rafael"},"content":{"rendered":"<p><em>Em Todas as Flores: Diego foge<\/em><br \/>\n<img data-recalc-dims=\"1\" decoding=\"async\" class=\"alignnone wp-image-58833 size-full\" title=\"(Foto: TV Globo\/Todas as Flores)\" src=\"https:\/\/i0.wp.com\/www.tvnovelas.com.br\/tvnews\/wp-content\/uploads\/2023\/11\/38638.jpg?resize=728%2C410&#038;ssl=1\" alt=\"Foto em Todas as Flores: Diego foge\" width=\"728\" height=\"410\" srcset=\"https:\/\/i0.wp.com\/www.tvnovelas.com.br\/tvnews\/wp-content\/uploads\/2023\/11\/38638.jpg?w=728&amp;ssl=1 728w, https:\/\/i0.wp.com\/www.tvnovelas.com.br\/tvnews\/wp-content\/uploads\/2023\/11\/38638.jpg?resize=678%2C381&amp;ssl=1 678w\" sizes=\"(max-width: 728px) 100vw, 728px\" \/><br \/>\nEm Todas as Flores, exausto de tanta tortura e da pris\u00e3o, Diego (Nicolas Prattes) junta as \u00faltimas for\u00e7as que tem e consegue fugir da fazenda de tr\u00e1fico humano. Para isso, o ex-gar\u00e7om conta com a ajuda de Luis Felipe (C\u00e1ssio Gabus Mendes) em um plano ousado. Durante a ca\u00e7ada que a organiza\u00e7\u00e3o criminosa monta para resgat\u00e1-lo, o rapaz entra em contato com Rafael (Humberto Carr\u00e3o). No entanto, o que n\u00e3o esperava \u00e9 a alian\u00e7a com Ci\u00e7a (Samantha Jones).<\/p>\n<p>Em um plano armado entre ele e Luis Felipe, Diego sai da fazenda de tr\u00e1fico humano dentro de um saco preto e \u00e9 jogado em um rio. Isso porque a organiza\u00e7\u00e3o criminosa acredita que se trata de um outro homem e que ele est\u00e1 morto. Mas, na verdade, tudo faz da arma\u00e7\u00e3o montada para o ex-gar\u00e7om fugir despercebido dos capangas.<\/p>\n<p>Ele consegue. Por\u00e9m, o segredo n\u00e3o dura muito tempo e a quadrilha descobre a fuga de Diego. Nisso, inicia-se uma ca\u00e7ada atr\u00e1s do fugitivo da fazenda. Em meio a esse tempo, o ex-gar\u00e7om consegue entrar em contato com o empres\u00e1rio, e Rafael corre at\u00e9 l\u00e1. Ou melhor, voa at\u00e9 l\u00e1, isso mesmo! Determinado a acabar com a organiza\u00e7\u00e3o criminosa, ele vai de helic\u00f3ptero junto a Ten\u00f3rio (Bernardo Schlegel) at\u00e9 pr\u00f3ximo ao local orientado pelo ex-gar\u00e7om.<\/p>\n<p>O trio se encontra, descobre exatamente a localiza\u00e7\u00e3o da fazenda de tr\u00e1fico humano e se prepara para denunciar o local aos policiais. Na calada da noite, Diego e Rafael se deparam com Ci\u00e7a, que est\u00e1 aflita com a not\u00edcia que acabou de receber da doutora Mondego (Denise Weinberg). \u00c9 ent\u00e3o que a consci\u00eancia da jovem pesa e ela decide mudar de lado, ap\u00f3s saber do fim tr\u00e1fico que espera Rominho (Luiz Fortes).<\/p>\n<p>&#8220;Diego! O Rominho est\u00e1 precisando da gente. Diego, por favor. Diego, o Rominho vai morrer se a gente n\u00e3o fizer nada&#8221;, dispara Ci\u00e7a.<\/p>\n<p>Escondidos na mata, eles saem, e Diego fica cara a cara com a jovem procurando por ele. &#8220;Qual foi? Eu estou aqui. Est\u00e1 me chamando por qu\u00ea? Cad\u00ea os seus amiguinhos?&#8221;, questiona ele. &#8220;Escuta! Se a gente n\u00e3o fizer alguma coisa agora, eles v\u00e3o matar o Rominho&#8221;, conta ela. &#8220;Entendi. O teu plano \u00e9 esse a\u00ed? Fingir de amiguinha para levar a gente l\u00e1 para dentro? Est\u00e1 de sacanagem?&#8221;, questiona o ex-gar\u00e7om.<\/p>\n<p>&#8220;N\u00e3o tem plano nenhum. Eu descobri o que fazem l\u00e1 na fazenda. Eles tiram os \u00f3rg\u00e3os das pessoas, matam as pessoas para tirar os \u00f3rg\u00e3os das pessoas, e \u00e9 isso o que vai acontecer com o Rominho. Se a gente n\u00e3o fizer alguma coisa agora, o Rominho vai ser desmanchado&#8221;, declara ela.<\/p>\n<p>Sem acreditar na mudan\u00e7a de comportamento de Ci\u00e7a, Diego \u00e9 direto ao dizer que a jovem faz parte da quadrilha criminosa. &#8220;Quem mata as pessoas \u00e9 voc\u00ea, porque tu \u00e9 parte deles. Eu n\u00e3o vou acreditar em voc\u00ea, n\u00e3o. Est\u00e1 me tirando de ot\u00e1rio?&#8221;, declara ele. Bem nervosa com toda a situa\u00e7\u00e3o, afinal ela tamb\u00e9m corre risco de vida estando ali conversando com os dois, ela afirma que est\u00e1 ali para ajudar.<\/p>\n<p>&#8220;Eu estou aqui. N\u00e3o estou aqui agora? Eu estou aqui, isso aqui n\u00e3o \u00e9 sobre mim. N\u00e3o \u00e9 sobre mim, \u00e9 sobre o Rominho. Se a gente n\u00e3o agir agora, o Rominho, seu amigo, vai ser morto&#8221;, dispara ela.<br \/>\nPor outro lado, Rafael come\u00e7a a perceber a boa inten\u00e7\u00e3o na atitude de Ci\u00e7a. &#8220;Quando que v\u00e3o matar ele?&#8221;, pergunta o empres\u00e1rio. &#8220;Amanh\u00e3 de tarde!&#8221;, afirma ela. &#8220;Ent\u00e3o, a gente vai ter que agir. N\u00e3o d\u00e1 para esperar a pol\u00edcia&#8221;, destaca o herdeiro da Rhodes.<\/p>\n<p>Ainda descrente das inten\u00e7\u00f5es da jovem, o ex-gar\u00e7om lembra todo o terror que ela causou em sua vida dentro da fazenda de tr\u00e1fico humano. &#8220;A mulher tornou minha vida l\u00e1 dentro um inferno. N\u00e3o vamos acreditar nessa mulher, n\u00e3o. Estou falando s\u00e9rio&#8221;, diz ele. &#8220;Eu tamb\u00e9m estou arriscando minha vida aqui agora. Se a gente n\u00e3o for agora, o Rominho, teu amigo, vai morrer&#8221;, declara Ci\u00e7a. &#8220;Eu acredito nela&#8221;, pontua Rafael.<\/p>\n<p>Ent\u00e3o, Ci\u00e7a explica o seu plano para conseguir resgatar Rominho e livr\u00e1-lo da morte. &#8220;Eu pensei em uma coisa. \u00c9 meio arriscado, mas \u00e9 a \u00fanica chance que a gente tem. Tem um caminh\u00e3o de suprimentos l\u00e1 para fazenda amanh\u00e3 de manh\u00e3 cedo. A gente entra na fazenda e resgata o Rominho&#8221;, diz ela.<\/p>\n<p>Com dia claro, o trio consegue interceptar um transporte que seguia em dire\u00e7\u00e3o \u00e0 fazenda. Diego e Rafael amea\u00e7am os homens e tiram as roupas deles. \u00c9 ent\u00e3o que os tr\u00eas embarcam e v\u00e3o na miss\u00e3o combinado na noite anterior.<\/p>\n<p>Os tr\u00eas conseguem entrar disfar\u00e7ados no local e se preparam para colocar em pr\u00e1tica o plano. &#8220;Se prepara porque a gente chegou no inferno&#8221;, destaca Diego.<br \/>\n<!--THE END--><br \/>\n<a href=\"https:\/\/wp.me\/p8dmjy-9zr\" target=\"_blank\" rel=\"noopener\">Resumos dos cap\u00edtulos da semana de Todas as Flores<\/a><br \/>\n<strong style=\"font-size: 120%;\">\u00daltimas not\u00edcias de Todas as Flores:<\/strong><br \/>\n<div class=\"pt-cv-wrapper\"><div class=\"pt-cv-view pt-cv-grid pt-cv-colsys\" id=\"pt-cv-view-57ad3a3tms\"><div data-id=\"pt-cv-page-1\" class=\"pt-cv-page\" data-cvc=\"1\"><div class=\"col-md-12 col-sm-12 col-xs-12 pt-cv-content-item pt-cv-1-col\" ><div class='pt-cv-ifield'><h4 class=\"pt-cv-title\"><a href=\"https:\/\/www.tvnovelas.com.br\/tvnews\/todas-as-flores-no-fim-acerto-de-contas-entre-maira-vanessa-e-zoe\/\" class=\"_self\" target=\"_self\" >Todas as Flores: No fim, acerto de contas entre Ma\u00edra, Vanessa e Zo\u00e9<\/a><\/h4><\/div><\/div>\n<div class=\"col-md-12 col-sm-12 col-xs-12 pt-cv-content-item pt-cv-1-col\" ><div class='pt-cv-ifield'><h4 class=\"pt-cv-title\"><a href=\"https:\/\/www.tvnovelas.com.br\/tvnews\/todas-as-flores-pablo-trai-vanessa-e-prende-estilista-no-porao\/\" class=\"_self\" target=\"_self\" >Todas as Flores: Pablo trai Vanessa e prende estilista no por\u00e3o<\/a><\/h4><\/div><\/div>\n<div class=\"col-md-12 col-sm-12 col-xs-12 pt-cv-content-item pt-cv-1-col\" ><div class='pt-cv-ifield'><h4 class=\"pt-cv-title\"><a href=\"https:\/\/www.tvnovelas.com.br\/tvnews\/todas-as-flores-olavo-arma-para-eliminar-rafael\/\" class=\"_self\" target=\"_self\" >Todas as Flores: Olavo arma para eliminar Rafael<\/a><\/h4><\/div><\/div>\n<div class=\"col-md-12 col-sm-12 col-xs-12 pt-cv-content-item pt-cv-1-col\" ><div class='pt-cv-ifield'><h4 class=\"pt-cv-title\"><a href=\"https:\/\/www.tvnovelas.com.br\/tvnews\/todas-as-flores-vanessa-sequestra-e-prende-zoe-em-porao\/\" class=\"_self\" target=\"_self\" >Todas as Flores: Vanessa sequestra e prende Zo\u00e9 em por\u00e3o<\/a><\/h4><\/div><\/div>\n<div class=\"col-md-12 col-sm-12 col-xs-12 pt-cv-content-item pt-cv-1-col\" ><div class='pt-cv-ifield'><h4 class=\"pt-cv-title\"><a href=\"https:\/\/www.tvnovelas.com.br\/tvnews\/todas-as-flores-zoe-mata-humberto\/\" class=\"_self\" target=\"_self\" >Todas as Flores: Zo\u00e9 mata Humberto<\/a><\/h4><\/div><\/div>\n<div class=\"col-md-12 col-sm-12 col-xs-12 pt-cv-content-item pt-cv-1-col\" ><div class='pt-cv-ifield'><h4 class=\"pt-cv-title\"><a href=\"https:\/\/www.tvnovelas.com.br\/tvnews\/todas-as-flores-humberto-resgata-judite-de-sequestrada-por-zoe\/\" class=\"_self\" target=\"_self\" >Todas as Flores: Humberto resgata Judite de sequestrada por Zo\u00e9<\/a><\/h4><\/div><\/div><\/div><\/div><\/div><br \/>\n<strong style=\"font-size: 120%;\">\u00daltimas not\u00edcias deste canal:<\/strong><br \/>\n<div class=\"pt-cv-wrapper\"><div class=\"pt-cv-view pt-cv-grid pt-cv-colsys\" id=\"pt-cv-view-90991035b3\"><div data-id=\"pt-cv-page-1\" class=\"pt-cv-page\" data-cvc=\"1\"><div class=\"col-md-12 col-sm-12 col-xs-12 pt-cv-content-item pt-cv-1-col\" ><div class='pt-cv-ifield'><h4 class=\"pt-cv-title\"><a href=\"https:\/\/www.tvnovelas.com.br\/tvnews\/coracao-de-mae-irmak-inicia-jogo-arriscado-contra-adnan\/\" class=\"_self\" target=\"_self\" >Cora\u00e7\u00e3o de M\u00e3e: Irmak inicia jogo arriscado contra Adnan<\/a><\/h4><\/div><\/div>\n<div class=\"col-md-12 col-sm-12 col-xs-12 pt-cv-content-item pt-cv-1-col\" ><div class='pt-cv-ifield'><h4 class=\"pt-cv-title\"><a href=\"https:\/\/www.tvnovelas.com.br\/tvnews\/guerra-das-rosas-omer-chama-gulru-vestida-de-noiva-para-fugir\/\" class=\"_self\" target=\"_self\" >Guerra das Rosas: Omer chama Gulru vestida de noiva para fugir<\/a><\/h4><\/div><\/div>\n<div class=\"col-md-12 col-sm-12 col-xs-12 pt-cv-content-item pt-cv-1-col\" ><div class='pt-cv-ifield'><h4 class=\"pt-cv-title\"><a href=\"https:\/\/www.tvnovelas.com.br\/tvnews\/coracao-de-mae-reha-sai-para-jantar-com-selvi\/\" class=\"_self\" target=\"_self\" >Cora\u00e7\u00e3o de M\u00e3e: Reha sai para jantar com Selvi<\/a><\/h4><\/div><\/div>\n<div class=\"col-md-12 col-sm-12 col-xs-12 pt-cv-content-item pt-cv-1-col\" ><div class='pt-cv-ifield'><h4 class=\"pt-cv-title\"><a href=\"https:\/\/www.tvnovelas.com.br\/tvnews\/coracao-acelerado-zila-se-preocupa-com-sua-situacao-apos-separacao\/\" class=\"_self\" target=\"_self\" >Cora\u00e7\u00e3o Acelerado: Zil\u00e1 se preocupa com sua situa\u00e7\u00e3o ap\u00f3s separa\u00e7\u00e3o<\/a><\/h4><\/div><\/div>\n<div class=\"col-md-12 col-sm-12 col-xs-12 pt-cv-content-item pt-cv-1-col\" ><div class='pt-cv-ifield'><h4 class=\"pt-cv-title\"><a href=\"https:\/\/www.tvnovelas.com.br\/tvnews\/a-nobreza-do-amor-tonho-nao-se-curva-diante-de-mirinho\/\" class=\"_self\" target=\"_self\" >A Nobreza do Amor: Tonho n\u00e3o se curva diante de Mirinho<\/a><\/h4><\/div><\/div>\n<div class=\"col-md-12 col-sm-12 col-xs-12 pt-cv-content-item pt-cv-1-col\" ><div class='pt-cv-ifield'><h4 class=\"pt-cv-title\"><a href=\"https:\/\/www.tvnovelas.com.br\/tvnews\/tres-gracas-arminda-surta-ao-confirmar-que-ferette-e-pai-de-raul\/\" class=\"_self\" target=\"_self\" >Tr\u00eas Gra\u00e7as:  Arminda surta ao confirmar que Ferette \u00e9 pai de Raul<\/a><\/h4><\/div><\/div>\n<div class=\"col-md-12 col-sm-12 col-xs-12 pt-cv-content-item pt-cv-1-col\" ><div class='pt-cv-ifield'><h4 class=\"pt-cv-title\"><a href=\"https:\/\/www.tvnovelas.com.br\/tvnews\/coracao-de-mae-atilla-confronta-hasan-e-exige-o-divorcio-de-lale\/\" class=\"_self\" target=\"_self\" >Cora\u00e7\u00e3o de M\u00e3e: Atilla confronta Hasan e exige o div\u00f3rcio de Lale<\/a><\/h4><\/div><\/div>\n<div class=\"col-md-12 col-sm-12 col-xs-12 pt-cv-content-item pt-cv-1-col\" ><div class='pt-cv-ifield'><h4 class=\"pt-cv-title\"><a href=\"https:\/\/www.tvnovelas.com.br\/tvnews\/guerra-das-rosas-gulfem-coloca-gulru-contra-a-parede\/\" class=\"_self\" target=\"_self\" >Guerra das Rosas: Gulfem coloca Gulru contra a parede<\/a><\/h4><\/div><\/div>\n<div class=\"col-md-12 col-sm-12 col-xs-12 pt-cv-content-item pt-cv-1-col\" ><div class='pt-cv-ifield'><h4 class=\"pt-cv-title\"><a href=\"https:\/\/www.tvnovelas.com.br\/tvnews\/coracao-de-mae-atilla-diz-a-lale-que-quer-o-divorcio\/\" class=\"_self\" target=\"_self\" >Cora\u00e7\u00e3o de M\u00e3e: Atilla diz a Lale que quer o div\u00f3rcio<\/a><\/h4><\/div><\/div>\n<div class=\"col-md-12 col-sm-12 col-xs-12 pt-cv-content-item pt-cv-1-col\" ><div class='pt-cv-ifield'><h4 class=\"pt-cv-title\"><a href=\"https:\/\/www.tvnovelas.com.br\/tvnews\/a-nobreza-do-amor-mirinho-garante-noivado-com-virginia-para-atrair-sogro-a-negocio\/\" class=\"_self\" target=\"_self\" >A Nobreza do Amor: Mirinho garante noivado com Virg\u00ednia para atrair sogro a neg\u00f3cio<\/a><\/h4><\/div><\/div><\/div><\/div><\/div><br \/>\n<a href=\"https:\/\/www.tvnovelas.com.br\/novelas\/\"><strong>Confira os resumos da semana de todas novelas<\/strong><\/a><br \/>\n<a href=\"http:\/\/tvnovelas.com.br\/filmes\" target=\"_blank\" rel=\"noopener\">Veja tamb\u00e9m: Todas as telas: filmes e s\u00e9ries nos streamings<\/a><\/p>\n<h3>Confira tamb\u00e9m<\/h3>\n<p><a href=\"https:\/\/www.tvnovelas.com.br\/filmes\/\" target=\"_blank\" rel=\"noo 2 pener noreferrer noopener\"><strong>Programa\u00e7\u00e3o de filmes na TV aberta<\/strong><\/a><br \/>\n<a href=\"https:\/\/tvnovelas.com.br\/filmes\/filmes-e-series-ineditos-em-estreia-na-semana-na-netflix\/\" target=\"_blank\" rel=\"noopener noreferrer\"><strong>Estreias da semana na Netflix<\/strong><\/a><br \/>\n<a href=\"https:\/\/caetenews.com.br\/semana\/filmes-da-globo-na-sessao-da-tarde-desta-semana\/\" target=\"_blank\" rel=\"noopener\"><strong>Confira os filmes da semana na Sess\u00e3o da Tarde<\/strong><\/a><br \/>\n<a href=\"\/\/tvnovelas.com.br\/filmes\/filmes-em-estreia-nos-cinemas\/\" target=\"_blank\" rel=\"noopener noreferrer\"><strong>Estreias e novidades no Cinema<\/strong><\/a><br \/>\n<a href=\"https:\/\/www.tvnovelas.com.br\/novelas\/\" target=\"_blank\" rel=\"noopener noreferrer\"><strong>Resumos de novelas<\/strong><\/a><\/p>\n","protected":false},"excerpt":{"rendered":"<p>Em Todas as Flores, exausto de tanta tortura e da pris\u00e3o, Diego (Nicolas Prattes) junta as \u00faltimas for\u00e7as que tem e consegue fugir&#8230;<\/p>\n","protected":false},"author":1,"featured_media":58833,"comment_status":"closed","ping_status":"closed","sticky":false,"template":"","format":"standard","meta":{"_uf_show_specific_survey":0,"_uf_disable_surveys":false,"_jetpack_memberships_contains_paid_content":false,"footnotes":"","_wp_rev_ctl_limit":""},"categories":[236],"tags":[5,64,380],"class_list":["post-58832","post","type-post","status-publish","format-standard","has-post-thumbnail","hentry","category-globo","tag-globo","tag-novelas","tag-todas-as-flores","wpcat-236-id"],"aioseo_notices":[],"jetpack_featured_media_url":"https:\/\/i0.wp.com\/www.tvnovelas.com.br\/tvnews\/wp-content\/uploads\/2023\/11\/38638.jpg?fit=728%2C410&ssl=1","jetpack_shortlink":"https:\/\/wp.me\/pdP2BO-fiU","jetpack_sharing_enabled":true,"_links":{"self":[{"href":"https:\/\/www.tvnovelas.com.br\/tvnews\/wp-json\/wp\/v2\/posts\/58832","targetHints":{"allow":["GET"]}}],"collection":[{"href":"https:\/\/www.tvnovelas.com.br\/tvnews\/wp-json\/wp\/v2\/posts"}],"about":[{"href":"https:\/\/www.tvnovelas.com.br\/tvnews\/wp-json\/wp\/v2\/types\/post"}],"author":[{"embeddable":true,"href":"https:\/\/www.tvnovelas.com.br\/tvnews\/wp-json\/wp\/v2\/users\/1"}],"replies":[{"embeddable":true,"href":"https:\/\/www.tvnovelas.com.br\/tvnews\/wp-json\/wp\/v2\/comments?post=58832"}],"version-history":[{"count":1,"href":"https:\/\/www.tvnovelas.com.br\/tvnews\/wp-json\/wp\/v2\/posts\/58832\/revisions"}],"predecessor-version":[{"id":58834,"href":"https:\/\/www.tvnovelas.com.br\/tvnews\/wp-json\/wp\/v2\/posts\/58832\/revisions\/58834"}],"wp:featuredmedia":[{"embeddable":true,"href":"https:\/\/www.tvnovelas.com.br\/tvnews\/wp-json\/wp\/v2\/media\/58833"}],"wp:attachment":[{"href":"https:\/\/www.tvnovelas.com.br\/tvnews\/wp-json\/wp\/v2\/media?parent=58832"}],"wp:term":[{"taxonomy":"category","embeddable":true,"href":"https:\/\/www.tvnovelas.com.br\/tvnews\/wp-json\/wp\/v2\/categories?post=58832"},{"taxonomy":"post_tag","embeddable":true,"href":"https:\/\/www.tvnovelas.com.br\/tvnews\/wp-json\/wp\/v2\/tags?post=58832"}],"curies":[{"name":"wp","href":"https:\/\/api.w.org\/{rel}","templated":true}]}}