{"id":58871,"date":"2023-11-10T08:28:39","date_gmt":"2023-11-10T11:28:39","guid":{"rendered":"https:\/\/www.tvnovelas.com.br\/tvnews\/?p=58871"},"modified":"2023-11-10T08:28:39","modified_gmt":"2023-11-10T11:28:39","slug":"elas-por-elas-natalia-e-surpreendida-por-visita-das-seis-amigas","status":"publish","type":"post","link":"https:\/\/www.tvnovelas.com.br\/tvnews\/elas-por-elas-natalia-e-surpreendida-por-visita-das-seis-amigas\/","title":{"rendered":"Elas por Elas: Nat\u00e1lia \u00e9 surpreendida por visita das seis amigas"},"content":{"rendered":"<p><em>Em Elas por Elas: Nat\u00e1lia \u00e9 surpreendida<\/em><br \/>\n<img data-recalc-dims=\"1\" decoding=\"async\" class=\"alignnone wp-image-58872 size-full\" title=\"(Foto: TV Globo\/Elas por Elas)\" src=\"https:\/\/i0.wp.com\/www.tvnovelas.com.br\/tvnews\/wp-content\/uploads\/2023\/11\/38648.jpg?resize=728%2C412&#038;ssl=1\" alt=\"Foto em Elas por Elas: Nat\u00e1lia \u00e9 surpreendida\" width=\"728\" height=\"412\" \/><br \/>\nEm Elas por Elas, Nat\u00e1lia (Mariana Santos) at\u00e9 teve algum avan\u00e7o na cl\u00ednica psiqui\u00e1trica em que est\u00e1 internada. Por\u00e9m, as inseguran\u00e7as voltaram a falar mais alto. O fato de o irm\u00e3o mais velho, Pedro (Alexandre Borges), ter engatado um namoro s\u00e9rio com Ta\u00eds (K\u00e9sia) e o relacionamento de Carol (Karine Teles) com Ulisses (Chao Chen) a deixaram extremamente ansiosa com a possibilidade de ser \u201cabandonada\u201d.<\/p>\n<p>Tudo isso se soma ao trauma com que Nat\u00e1lia convive h\u00e1 25 anos, que \u00e9 a morte do g\u00eameo, Bruno (Luan Argollo). Inclusive, na cl\u00ednica, ela voltar\u00e1 a ter vis\u00f5es com ele. Na sua cabe\u00e7a, o irm\u00e3o aparecer\u00e1 para provoc\u00e1-la exatamente no ponto fraco. A mo\u00e7a vai estar distra\u00edda, exercitando o talento como fot\u00f3grafa, quando ouvir a voz que conheceu t\u00e3o bem.<\/p>\n<p>\u201cA Carol te expulsou da casa dela. Elas nunca gostaram de voc\u00ea. Nenhuma delas\u201d, dir\u00e1 Bruno na alucina\u00e7\u00e3o de Nat\u00e1lia.<\/p>\n<p>\u201cJ\u00e1 sei que s\u00f3 posso contar comigo mesma e ningu\u00e9m gosta de mim\u201d, responder\u00e1 a mo\u00e7a. \u201cO que voc\u00ea quer de mim? Vai embora! Quero ficar em paz\u201d, vai pedir ela.<\/p>\n<p>\u201cVem comigo, s\u00f3 quero te ajudar. Voc\u00ea n\u00e3o quer parar de sofrer? Suas amigas v\u00e3o at\u00e9 ficar aliviadas sem voc\u00ea aqui, Pedro vai se casar com Ta\u00eds e a vida vai continuar\u201d, continuar\u00e1 ele. \u201cN\u00e3o tem mais nada pra voc\u00ea aqui. Ningu\u00e9m vai sentir sua falta. Vem!\u201d<\/p>\n<p>Por\u00e9m, enquanto caminha para a alucina\u00e7\u00e3o no qual acredita ser Bruno, ela ser\u00e1 pega desarmada pela melhor das surpresas: todas as amigas ir\u00e3o visit\u00e1-la. Nat\u00e1lia n\u00e3o ir\u00e1 acreditar quando olhar e reparar que n\u00e3o \u00e9 outra vis\u00e3o e que, de fato, Carol, Ta\u00eds, Adriana (Thalita Carauta), Lara (Deborah Secco), Ren\u00e9e (Maria Clara Spinelli) e Helena (Isabel Teixeira) est\u00e3o mesmo ali.<\/p>\n<p>Cada uma trar\u00e1 um presente para a amiga; at\u00e9 Helena que, mesmo de visita a uma cl\u00ednica psiqui\u00e1trica, n\u00e3o perder\u00e1 a oportunidade de um coment\u00e1rio inconveniente.<\/p>\n<p>\u201cTrouxe alguns cremes da Hel\u00e0ne, para pele ressecada. Voc\u00ea deve ter tempo de sobra pra fazer skincare&#8230;\u201d, dir\u00e1 a empres\u00e1ria.<\/p>\n<p>\u201cO que voc\u00eas est\u00e3o fazendo aqui?\u201d, ir\u00e1 questionar Nat\u00e1lia, tentando manter a postura de durona, mas emocionada. \u201cEu disse que n\u00e3o queria receber visita.\u201d<\/p>\n<p>\u201cJ\u00e1 t\u00ednhamos combinado faz tempo. Separamos o dia para ficar aqui com voc\u00ea\u201d, responder\u00e1 Carol<\/p>\n<p>\u201cTrouxe uma coisa pra voc\u00ea, olha\u201d, ir\u00e1 contar Adriana, que, logo em seguida, ir\u00e1 sacar um envelope da bolsa. \u201cEspero que voc\u00ea goste.\u201d<\/p>\n<p>\u201cO convite da minha primeira exposi\u00e7\u00e3o!? Por que voc\u00ea guardou isso, Adriana?\u201d, vai perguntar Nat\u00e1lia, totalmente comovida. \u201cEssa exposi\u00e7\u00e3o nem aconteceu&#8230; Ia ser logo depois da viagem&#8230; mas teve a morte do Bruno e&#8230;\u201d<\/p>\n<p>\u201cSoube que voc\u00ea voltou a fotografar. Agora voc\u00ea pode fazer sua exposi\u00e7\u00e3o\u201d, dir\u00e1 a veterin\u00e1ria, restabelecendo a confian\u00e7a da velha amiga.<br \/>\n<!--END POST--><br \/>\n<a href=\"https:\/\/www.tvnovelas.com.br\/novelas\/resumos-de-elas-por-elas\/\" target=\"_blank\" rel=\"noopener\">Confira os resumos da semana de &#8216;Elas por Elas&#8217;<\/a><br \/>\n<strong style=\"font-size: 120%;\">\u00daltimas not\u00edcias de Elas por Elas:<\/strong><br \/>\n<div class=\"pt-cv-wrapper\"><div class=\"pt-cv-view pt-cv-grid pt-cv-colsys\" id=\"pt-cv-view-23f2f2esxk\"><div data-id=\"pt-cv-page-1\" class=\"pt-cv-page\" data-cvc=\"1\"><div class=\"col-md-12 col-sm-12 col-xs-12 pt-cv-content-item pt-cv-1-col\" ><div class='pt-cv-ifield'><h4 class=\"pt-cv-title\"><a href=\"https:\/\/www.tvnovelas.com.br\/tvnews\/elas-por-elas-sergio-entrega-helena-para-salvar-isis\/\" class=\"_blank\" target=\"_blank\" >Elas por Elas: S\u00e9rgio entrega Helena para salvar Isis<\/a><\/h4><\/div><\/div>\n<div class=\"col-md-12 col-sm-12 col-xs-12 pt-cv-content-item pt-cv-1-col\" ><div class='pt-cv-ifield'><h4 class=\"pt-cv-title\"><a href=\"https:\/\/www.tvnovelas.com.br\/tvnews\/elas-por-elas-tais-sai-do-tribunal-para-a-maternidade\/\" class=\"_blank\" target=\"_blank\" >Elas por Elas:  Ta\u00eds sai do tribunal para a maternidade<\/a><\/h4><\/div><\/div>\n<div class=\"col-md-12 col-sm-12 col-xs-12 pt-cv-content-item pt-cv-1-col\" ><div class='pt-cv-ifield'><h4 class=\"pt-cv-title\"><a href=\"https:\/\/www.tvnovelas.com.br\/tvnews\/elas-por-elas-vilma-depoe-roberto-e-preso\/\" class=\"_blank\" target=\"_blank\" >Elas por Elas: Vilma dep\u00f5e;  Roberto \u00e9 preso<\/a><\/h4><\/div><\/div>\n<div class=\"col-md-12 col-sm-12 col-xs-12 pt-cv-content-item pt-cv-1-col\" ><div class='pt-cv-ifield'><h4 class=\"pt-cv-title\"><a href=\"https:\/\/www.tvnovelas.com.br\/tvnews\/elas-por-elas-vilma-depoe-e-derruba-o-alibi-de-roberto\/\" class=\"_blank\" target=\"_blank\" >Elas por Elas: Vilma dep\u00f5e e derruba o \u00e1libi de Roberto<\/a><\/h4><\/div><\/div>\n<div class=\"col-md-12 col-sm-12 col-xs-12 pt-cv-content-item pt-cv-1-col\" ><div class='pt-cv-ifield'><h4 class=\"pt-cv-title\"><a href=\"https:\/\/www.tvnovelas.com.br\/tvnews\/elas-por-elas-isis-sofre-outro-golpe-o-juiz-nega-habeas-corpus\/\" class=\"_blank\" target=\"_blank\" >Elas por Elas: \u00cdsis sofre outro golpe; o juiz nega habeas corpus<\/a><\/h4><\/div><\/div>\n<div class=\"col-md-12 col-sm-12 col-xs-12 pt-cv-content-item pt-cv-1-col\" ><div class='pt-cv-ifield'><h4 class=\"pt-cv-title\"><a href=\"https:\/\/www.tvnovelas.com.br\/tvnews\/elas-por-elas-juiz-mantem-prisao-de-isis-pelo-suposto-assassinato-de-helena\/\" class=\"_blank\" target=\"_blank\" >Elas por Elas: Juiz mant\u00e9m pris\u00e3o de \u00cdsis pelo suposto assassinato de Helena<\/a><\/h4><\/div><\/div><\/div><\/div><\/div><br \/>\n<strong style=\"font-size: 120%;\">\u00daltimas not\u00edcias deste site:<\/strong><br \/>\n<div class=\"pt-cv-wrapper\"><div class=\"pt-cv-view pt-cv-grid pt-cv-colsys\" id=\"pt-cv-view-90991035b3\"><div data-id=\"pt-cv-page-1\" class=\"pt-cv-page\" data-cvc=\"1\"><div class=\"col-md-12 col-sm-12 col-xs-12 pt-cv-content-item pt-cv-1-col\" ><div class='pt-cv-ifield'><h4 class=\"pt-cv-title\"><a href=\"https:\/\/www.tvnovelas.com.br\/tvnews\/em-coracao-de-mae-nos-proximos-capitulos-04-a-08-5\/\" class=\"_self\" target=\"_self\" >Em Cora\u00e7\u00e3o de M\u00e3e nos pr\u00f3ximos cap\u00edtulos (04 a 08\/5)<\/a><\/h4><\/div><\/div>\n<div class=\"col-md-12 col-sm-12 col-xs-12 pt-cv-content-item pt-cv-1-col\" ><div class='pt-cv-ifield'><h4 class=\"pt-cv-title\"><a href=\"https:\/\/www.tvnovelas.com.br\/tvnews\/coracao-de-mae-hasan-e-filiz-em-piquenique-romantico\/\" class=\"_self\" target=\"_self\" >Cora\u00e7\u00e3o de M\u00e3e: Hasan e Filiz em piquenique rom\u00e2ntico<\/a><\/h4><\/div><\/div>\n<div class=\"col-md-12 col-sm-12 col-xs-12 pt-cv-content-item pt-cv-1-col\" ><div class='pt-cv-ifield'><h4 class=\"pt-cv-title\"><a href=\"https:\/\/www.tvnovelas.com.br\/tvnews\/guerra-das-rosas-cihan-vibra-com-desistencia-de-gulru-de-casar-com-mert\/\" class=\"_self\" target=\"_self\" >Guerra das Rosas: Cihan vibra com desist\u00eancia de Gulru de casar com Mert<\/a><\/h4><\/div><\/div>\n<div class=\"col-md-12 col-sm-12 col-xs-12 pt-cv-content-item pt-cv-1-col\" ><div class='pt-cv-ifield'><h4 class=\"pt-cv-title\"><a href=\"https:\/\/www.tvnovelas.com.br\/tvnews\/coracao-de-mae-irmak-denuncia-adnan\/\" class=\"_self\" target=\"_self\" >Cora\u00e7\u00e3o de M\u00e3e: Irmak denuncia Adnan<\/a><\/h4><\/div><\/div>\n<div class=\"col-md-12 col-sm-12 col-xs-12 pt-cv-content-item pt-cv-1-col\" ><div class='pt-cv-ifield'><h4 class=\"pt-cv-title\"><a href=\"https:\/\/www.tvnovelas.com.br\/tvnews\/a-nobreza-do-amor-mirinho-e-obrigado-a-resgatar-tonho\/\" class=\"_self\" target=\"_self\" >A Nobreza do Amor: Mirinho \u00e9 obrigado a resgatar Tonho<\/a><\/h4><\/div><\/div>\n<div class=\"col-md-12 col-sm-12 col-xs-12 pt-cv-content-item pt-cv-1-col\" ><div class='pt-cv-ifield'><h4 class=\"pt-cv-title\"><a href=\"https:\/\/www.tvnovelas.com.br\/tvnews\/tres-gracas-paulinho-e-afastado-da-policia-por-causa-de-gerluce\/\" class=\"_self\" target=\"_self\" >Tr\u00eas Gra\u00e7as: Paulinho \u00e9 afastado da pol\u00edcia por causa de Gerluce<\/a><\/h4><\/div><\/div>\n<div class=\"col-md-12 col-sm-12 col-xs-12 pt-cv-content-item pt-cv-1-col\" ><div class='pt-cv-ifield'><h4 class=\"pt-cv-title\"><a href=\"https:\/\/www.tvnovelas.com.br\/tvnews\/coracao-de-mae-irmak-inicia-jogo-arriscado-contra-adnan\/\" class=\"_self\" target=\"_self\" >Cora\u00e7\u00e3o de M\u00e3e: Irmak inicia jogo arriscado contra Adnan<\/a><\/h4><\/div><\/div>\n<div class=\"col-md-12 col-sm-12 col-xs-12 pt-cv-content-item pt-cv-1-col\" ><div class='pt-cv-ifield'><h4 class=\"pt-cv-title\"><a href=\"https:\/\/www.tvnovelas.com.br\/tvnews\/guerra-das-rosas-omer-chama-gulru-vestida-de-noiva-para-fugir\/\" class=\"_self\" target=\"_self\" >Guerra das Rosas: Omer chama Gulru vestida de noiva para fugir<\/a><\/h4><\/div><\/div>\n<div class=\"col-md-12 col-sm-12 col-xs-12 pt-cv-content-item pt-cv-1-col\" ><div class='pt-cv-ifield'><h4 class=\"pt-cv-title\"><a href=\"https:\/\/www.tvnovelas.com.br\/tvnews\/coracao-de-mae-reha-sai-para-jantar-com-selvi\/\" class=\"_self\" target=\"_self\" >Cora\u00e7\u00e3o de M\u00e3e: Reha sai para jantar com Selvi<\/a><\/h4><\/div><\/div>\n<div class=\"col-md-12 col-sm-12 col-xs-12 pt-cv-content-item pt-cv-1-col\" ><div class='pt-cv-ifield'><h4 class=\"pt-cv-title\"><a href=\"https:\/\/www.tvnovelas.com.br\/tvnews\/coracao-acelerado-zila-se-preocupa-com-sua-situacao-apos-separacao\/\" class=\"_self\" target=\"_self\" >Cora\u00e7\u00e3o Acelerado: Zil\u00e1 se preocupa com sua situa\u00e7\u00e3o ap\u00f3s separa\u00e7\u00e3o<\/a><\/h4><\/div><\/div><\/div><\/div><\/div><br \/>\n<a href=\"https:\/\/www.tvnovelas.com.br\/novelas\/\"><strong>Confira os resumos da semana de todas novelas<\/strong><\/a><\/p>\n<h3>Confira tamb\u00e9m<\/h3>\n<p><a href=\"https:\/\/www.tvnovelas.com.br\/filmes\/\" target=\"_blank\" rel=\"noopener noreferrer\"><strong>Programa\u00e7\u00e3o de filmes na TV aberta<\/strong><\/a><br \/>\n<a href=\"https:\/\/caetenews.com.br\/semana\/filmes-da-globo-na-sessao-da-tarde-desta-semana\/\" target=\"_blank\" rel=\"noopener\"><strong>Confira os filmes da semana na Sess\u00e3o da Tarde<\/strong><\/a><br \/>\n<a href=\"https:\/\/www.tvnovelas.com.br\/novelas\/\" target=\"_blank\" rel=\"noopener noreferrer\"><strong>Resumos de novelas<\/strong><\/a><\/p>\n","protected":false},"excerpt":{"rendered":"<p>Em Elas por Elas, Nat\u00e1lia (Mariana Santos) at\u00e9 teve algum avan\u00e7o na cl\u00ednica psiqui\u00e1trica em que est\u00e1 internada. Por\u00e9m, as inseguran\u00e7as&#8230;<\/p>\n","protected":false},"author":1,"featured_media":58872,"comment_status":"closed","ping_status":"closed","sticky":false,"template":"","format":"standard","meta":{"_uf_show_specific_survey":0,"_uf_disable_surveys":false,"_jetpack_memberships_contains_paid_content":false,"footnotes":"","_wp_rev_ctl_limit":""},"categories":[401],"tags":[402,5,64],"class_list":["post-58871","post","type-post","status-publish","format-standard","has-post-thumbnail","hentry","category-elas-por-elas","tag-elas-por-elas","tag-globo","tag-novelas","wpcat-401-id"],"aioseo_notices":[],"jetpack_featured_media_url":"https:\/\/i0.wp.com\/www.tvnovelas.com.br\/tvnews\/wp-content\/uploads\/2023\/11\/38648.jpg?fit=728%2C412&ssl=1","jetpack_shortlink":"https:\/\/wp.me\/pdP2BO-fjx","jetpack_sharing_enabled":true,"_links":{"self":[{"href":"https:\/\/www.tvnovelas.com.br\/tvnews\/wp-json\/wp\/v2\/posts\/58871","targetHints":{"allow":["GET"]}}],"collection":[{"href":"https:\/\/www.tvnovelas.com.br\/tvnews\/wp-json\/wp\/v2\/posts"}],"about":[{"href":"https:\/\/www.tvnovelas.com.br\/tvnews\/wp-json\/wp\/v2\/types\/post"}],"author":[{"embeddable":true,"href":"https:\/\/www.tvnovelas.com.br\/tvnews\/wp-json\/wp\/v2\/users\/1"}],"replies":[{"embeddable":true,"href":"https:\/\/www.tvnovelas.com.br\/tvnews\/wp-json\/wp\/v2\/comments?post=58871"}],"version-history":[{"count":1,"href":"https:\/\/www.tvnovelas.com.br\/tvnews\/wp-json\/wp\/v2\/posts\/58871\/revisions"}],"predecessor-version":[{"id":58873,"href":"https:\/\/www.tvnovelas.com.br\/tvnews\/wp-json\/wp\/v2\/posts\/58871\/revisions\/58873"}],"wp:featuredmedia":[{"embeddable":true,"href":"https:\/\/www.tvnovelas.com.br\/tvnews\/wp-json\/wp\/v2\/media\/58872"}],"wp:attachment":[{"href":"https:\/\/www.tvnovelas.com.br\/tvnews\/wp-json\/wp\/v2\/media?parent=58871"}],"wp:term":[{"taxonomy":"category","embeddable":true,"href":"https:\/\/www.tvnovelas.com.br\/tvnews\/wp-json\/wp\/v2\/categories?post=58871"},{"taxonomy":"post_tag","embeddable":true,"href":"https:\/\/www.tvnovelas.com.br\/tvnews\/wp-json\/wp\/v2\/tags?post=58871"}],"curies":[{"name":"wp","href":"https:\/\/api.w.org\/{rel}","templated":true}]}}