{"id":59120,"date":"2023-11-15T09:49:03","date_gmt":"2023-11-15T12:49:03","guid":{"rendered":"https:\/\/www.tvnovelas.com.br\/tvnews\/?p=59120"},"modified":"2023-11-15T09:49:03","modified_gmt":"2023-11-15T12:49:03","slug":"fuzue-preciosa-provoca-depredacao-e-interdicao-da-fuzue","status":"publish","type":"post","link":"https:\/\/www.tvnovelas.com.br\/tvnews\/fuzue-preciosa-provoca-depredacao-e-interdicao-da-fuzue\/","title":{"rendered":"Fuzu\u00ea: Preciosa provoca depreda\u00e7\u00e3o e interdi\u00e7\u00e3o da Fuzu\u00ea"},"content":{"rendered":"<p><em>Em Fuzu\u00ea: Preciosa provoca depreda\u00e7\u00e3o<\/em><br \/>\n<img data-recalc-dims=\"1\" decoding=\"async\" class=\"alignnone wp-image-59121 size-full\" title=\"(Foto: TV Globo\/Fuzu\u00ea)\" src=\"https:\/\/i0.wp.com\/www.tvnovelas.com.br\/tvnews\/wp-content\/uploads\/2023\/11\/38704.jpg?resize=728%2C410&#038;ssl=1\" alt=\"Foto em Fuzu\u00ea: Preciosa provoca depreda\u00e7\u00e3o\" width=\"728\" height=\"410\" srcset=\"https:\/\/i0.wp.com\/www.tvnovelas.com.br\/tvnews\/wp-content\/uploads\/2023\/11\/38704.jpg?w=728&amp;ssl=1 728w, https:\/\/i0.wp.com\/www.tvnovelas.com.br\/tvnews\/wp-content\/uploads\/2023\/11\/38704.jpg?resize=678%2C381&amp;ssl=1 678w\" sizes=\"(max-width: 728px) 100vw, 728px\" \/><br \/>\nEm Fuzu\u00ea, s\u00edmbolo de alegria, a Fuzu\u00ea vai passar por maus bocados. Ap\u00f3s uma confus\u00e3o causada por Preciosa (Marina Ruy Barbosa), que terminar\u00e1 em depreda\u00e7\u00e3o, a loja ser\u00e1 interditada por um fiscal comprado e ter\u00e1 que fechar suas portas.<\/p>\n<p>Tudo come\u00e7ar\u00e1 quando uma multid\u00e3o invadir a loja e come\u00e7ar a saquear e quebrar tudo na Fuzu\u00ea a mando de Preciosa. A confus\u00e3o generalizada ser\u00e1 tanta &#8211; com direito a bombas e fuma\u00e7a -, que os seguran\u00e7as n\u00e3o dar\u00e3o conta e a pol\u00edcia ser\u00e1 chamada.<\/p>\n<p>\u201cAten\u00e7\u00e3o! Voc\u00eas est\u00e3o saqueando e depredando uma propriedade privada! Isso \u00e9 crime!\u201d, avisa Miguel (Nicolas Prattes).<\/p>\n<p>\u201cA pol\u00edcia est\u00e1 chegando! Quem continuar aqui vai ser preso!\u201d, grita Luna (Giovana Cordeiro).<\/p>\n<p>Enquanto isso, Preciosa e Pascoal (Juliano Cazarr\u00e9) estar\u00e3o escondidos dentro da loja, assistindo de camarote a toda a confus\u00e3o que orquestraram.<\/p>\n<p>\u201cO estrago j\u00e1 foi feito. Liga pro fiscal da prefeitura pra ele vir interditar essa loja de uma vez e tirar todo mundo daqui\u201d, ordena Preciosa.<\/p>\n<p>Depois, a pol\u00edcia chegar\u00e1, controlar\u00e1 os depredadores e isolar\u00e1 a \u00e1rea.<\/p>\n<p>\u201cO que foi que fizeram aqui? O que fizeram com a minha Fuzu\u00ea?\u201d, pergunta Nero (Edson Celulari), desolado.<\/p>\n<p>Mas o pior ainda estar\u00e1 por vir com a chegada do fiscal contratado por Preciosa. Ele dar\u00e1 a not\u00edcia de que a Fuzu\u00ea ser\u00e1 interditada por tempo indeterminado&#8230;<\/p>\n<p>\u201cInfelizmente, \u00e9 a realidade. De acordo com a nossa avalia\u00e7\u00e3o, a Fuzu\u00ea vai ser interditada imediatamente. E sem data para reabrir\u201d, afirma o homem.<br \/>\n<!--THE END--><br \/>\n<a href=\"https:\/\/www.tvnovelas.com.br\/novelas\/resumos-de-fuzue\/\" target=\"_blank\" rel=\"noopener\">Confira os resumos da semana de &#8216;Fuzu\u00ea&#8217;<\/a><br \/>\n<strong style=\"font-size: 120%;\">\u00daltimas not\u00edcias de Fuzu\u00ea:<\/strong><br \/>\n<div class=\"pt-cv-wrapper\"><div class=\"pt-cv-view pt-cv-grid pt-cv-colsys\" id=\"pt-cv-view-f2001fcqsk\"><div data-id=\"pt-cv-page-1\" class=\"pt-cv-page\" data-cvc=\"1\"><div class=\"col-md-12 col-sm-12 col-xs-12 pt-cv-content-item pt-cv-1-col\" ><div class='pt-cv-ifield'><h4 class=\"pt-cv-title\"><a href=\"https:\/\/www.tvnovelas.com.br\/tvnews\/fuzue-cesar-e-preciosa-planejam-novo-roubo-do-tesouro-da-dama-de-ouro\/\" class=\"_blank\" target=\"_blank\" >Fuzu\u00ea: C\u00e9sar e Preciosa planejam novo roubo do tesouro da Dama de Ouro<\/a><\/h4><\/div><\/div>\n<div class=\"col-md-12 col-sm-12 col-xs-12 pt-cv-content-item pt-cv-1-col\" ><div class='pt-cv-ifield'><h4 class=\"pt-cv-title\"><a href=\"https:\/\/www.tvnovelas.com.br\/tvnews\/fuzue-julgado-merreca-pega-6-anos-no-art-121\/\" class=\"_blank\" target=\"_blank\" >Fuzu\u00ea: julgado, Merreca pega 6 anos no art. 121<\/a><\/h4><\/div><\/div>\n<div class=\"col-md-12 col-sm-12 col-xs-12 pt-cv-content-item pt-cv-1-col\" ><div class='pt-cv-ifield'><h4 class=\"pt-cv-title\"><a href=\"https:\/\/www.tvnovelas.com.br\/tvnews\/fuzue-luna-compra-a-conde-de-montebello-e-planeja-torna-la-filial-da-fuzue\/\" class=\"_blank\" target=\"_blank\" >Fuzu\u00ea: Luna compra a Conde de Montebello e planeja torn\u00e1-la filial da Fuzu\u00ea<\/a><\/h4><\/div><\/div>\n<div class=\"col-md-12 col-sm-12 col-xs-12 pt-cv-content-item pt-cv-1-col\" ><div class='pt-cv-ifield'><h4 class=\"pt-cv-title\"><a href=\"https:\/\/www.tvnovelas.com.br\/tvnews\/fuzue-heitor-manda-preciosa-escolher-entre-ele-e-cesar-montebello\/\" class=\"_blank\" target=\"_blank\" >Fuzu\u00ea: Heitor manda Preciosa escolher entre ele e C\u00e9sar Montebello<\/a><\/h4><\/div><\/div>\n<div class=\"col-md-12 col-sm-12 col-xs-12 pt-cv-content-item pt-cv-1-col\" ><div class='pt-cv-ifield'><h4 class=\"pt-cv-title\"><a href=\"https:\/\/www.tvnovelas.com.br\/tvnews\/fuzue-luna-compra-o-apartamento-de-bebel\/\" class=\"_blank\" target=\"_blank\" >Fuzu\u00ea: Luna compra o apartamento de Bebel<\/a><\/h4><\/div><\/div>\n<div class=\"col-md-12 col-sm-12 col-xs-12 pt-cv-content-item pt-cv-1-col\" ><div class='pt-cv-ifield'><h4 class=\"pt-cv-title\"><a href=\"https:\/\/www.tvnovelas.com.br\/tvnews\/fuzue-cesar-arma-e-nero-e-acusado-de-sonegar-impostos\/\" class=\"_blank\" target=\"_blank\" >Fuzu\u00ea: C\u00e9sar arma, e Nero \u00e9 acusado de sonegar impostos<\/a><\/h4><\/div><\/div><\/div><\/div><\/div><br \/>\n<strong style=\"font-size: 120%;\">\u00daltimas not\u00edcias deste site:<\/strong><br \/>\n<div class=\"pt-cv-wrapper\"><div class=\"pt-cv-view pt-cv-grid pt-cv-colsys\" id=\"pt-cv-view-90991035b3\"><div data-id=\"pt-cv-page-1\" class=\"pt-cv-page\" data-cvc=\"1\"><div class=\"col-md-12 col-sm-12 col-xs-12 pt-cv-content-item pt-cv-1-col\" ><div class='pt-cv-ifield'><h4 class=\"pt-cv-title\"><a href=\"https:\/\/www.tvnovelas.com.br\/tvnews\/guerra-das-rosas-cihan-vibra-com-desistencia-de-gulru-de-casar-com-mert\/\" class=\"_self\" target=\"_self\" >Guerra das Rosas: Cihan vibra com desist\u00eancia de Gulru de casar com Mert<\/a><\/h4><\/div><\/div>\n<div class=\"col-md-12 col-sm-12 col-xs-12 pt-cv-content-item pt-cv-1-col\" ><div class='pt-cv-ifield'><h4 class=\"pt-cv-title\"><a href=\"https:\/\/www.tvnovelas.com.br\/tvnews\/coracao-de-mae-irmak-denuncia-adnan\/\" class=\"_self\" target=\"_self\" >Cora\u00e7\u00e3o de M\u00e3e: Irmak denuncia Adnan<\/a><\/h4><\/div><\/div>\n<div class=\"col-md-12 col-sm-12 col-xs-12 pt-cv-content-item pt-cv-1-col\" ><div class='pt-cv-ifield'><h4 class=\"pt-cv-title\"><a href=\"https:\/\/www.tvnovelas.com.br\/tvnews\/a-nobreza-do-amor-mirinho-e-obrigado-a-resgatar-tonho\/\" class=\"_self\" target=\"_self\" >A Nobreza do Amor: Mirinho \u00e9 obrigado a resgatar Tonho<\/a><\/h4><\/div><\/div>\n<div class=\"col-md-12 col-sm-12 col-xs-12 pt-cv-content-item pt-cv-1-col\" ><div class='pt-cv-ifield'><h4 class=\"pt-cv-title\"><a href=\"https:\/\/www.tvnovelas.com.br\/tvnews\/tres-gracas-paulinho-e-afastado-da-policia-por-causa-de-gerluce\/\" class=\"_self\" target=\"_self\" >Tr\u00eas Gra\u00e7as: Paulinho \u00e9 afastado da pol\u00edcia por causa de Gerluce<\/a><\/h4><\/div><\/div>\n<div class=\"col-md-12 col-sm-12 col-xs-12 pt-cv-content-item pt-cv-1-col\" ><div class='pt-cv-ifield'><h4 class=\"pt-cv-title\"><a href=\"https:\/\/www.tvnovelas.com.br\/tvnews\/coracao-de-mae-irmak-inicia-jogo-arriscado-contra-adnan\/\" class=\"_self\" target=\"_self\" >Cora\u00e7\u00e3o de M\u00e3e: Irmak inicia jogo arriscado contra Adnan<\/a><\/h4><\/div><\/div>\n<div class=\"col-md-12 col-sm-12 col-xs-12 pt-cv-content-item pt-cv-1-col\" ><div class='pt-cv-ifield'><h4 class=\"pt-cv-title\"><a href=\"https:\/\/www.tvnovelas.com.br\/tvnews\/guerra-das-rosas-omer-chama-gulru-vestida-de-noiva-para-fugir\/\" class=\"_self\" target=\"_self\" >Guerra das Rosas: Omer chama Gulru vestida de noiva para fugir<\/a><\/h4><\/div><\/div>\n<div class=\"col-md-12 col-sm-12 col-xs-12 pt-cv-content-item pt-cv-1-col\" ><div class='pt-cv-ifield'><h4 class=\"pt-cv-title\"><a href=\"https:\/\/www.tvnovelas.com.br\/tvnews\/coracao-de-mae-reha-sai-para-jantar-com-selvi\/\" class=\"_self\" target=\"_self\" >Cora\u00e7\u00e3o de M\u00e3e: Reha sai para jantar com Selvi<\/a><\/h4><\/div><\/div>\n<div class=\"col-md-12 col-sm-12 col-xs-12 pt-cv-content-item pt-cv-1-col\" ><div class='pt-cv-ifield'><h4 class=\"pt-cv-title\"><a href=\"https:\/\/www.tvnovelas.com.br\/tvnews\/coracao-acelerado-zila-se-preocupa-com-sua-situacao-apos-separacao\/\" class=\"_self\" target=\"_self\" >Cora\u00e7\u00e3o Acelerado: Zil\u00e1 se preocupa com sua situa\u00e7\u00e3o ap\u00f3s separa\u00e7\u00e3o<\/a><\/h4><\/div><\/div>\n<div class=\"col-md-12 col-sm-12 col-xs-12 pt-cv-content-item pt-cv-1-col\" ><div class='pt-cv-ifield'><h4 class=\"pt-cv-title\"><a href=\"https:\/\/www.tvnovelas.com.br\/tvnews\/a-nobreza-do-amor-tonho-nao-se-curva-diante-de-mirinho\/\" class=\"_self\" target=\"_self\" >A Nobreza do Amor: Tonho n\u00e3o se curva diante de Mirinho<\/a><\/h4><\/div><\/div>\n<div class=\"col-md-12 col-sm-12 col-xs-12 pt-cv-content-item pt-cv-1-col\" ><div class='pt-cv-ifield'><h4 class=\"pt-cv-title\"><a href=\"https:\/\/www.tvnovelas.com.br\/tvnews\/tres-gracas-arminda-surta-ao-confirmar-que-ferette-e-pai-de-raul\/\" class=\"_self\" target=\"_self\" >Tr\u00eas Gra\u00e7as:  Arminda surta ao confirmar que Ferette \u00e9 pai de Raul<\/a><\/h4><\/div><\/div><\/div><\/div><\/div><br \/>\n<a href=\"https:\/\/www.tvnovelas.com.br\/novelas\/\"><strong>Confira os resumos da semana de todas novelas<\/strong><\/a><\/p>\n<h3>Confira tamb\u00e9m<\/h3>\n<p><a href=\"https:\/\/www.tvnovelas.com.br\/filmes\/\" target=\"_blank\" rel=\"noopener noreferrer\"><strong>Programa\u00e7\u00e3o de filmes na TV aberta<\/strong><\/a><br \/>\n<a href=\"https:\/\/caetenews.com.br\/semana\/filmes-da-globo-na-sessao-da-tarde-desta-semana\/\" target=\"_blank\" rel=\"noopener\"><strong>Confira os filmes da semana na Sess\u00e3o da Tarde<\/strong><\/a><br \/>\n<a href=\"https:\/\/www.tvnovelas.com.br\/novelas\/\" target=\"_blank\" rel=\"noopener noreferrer\"><strong>Resumos de novelas<\/strong><\/a><\/p>\n","protected":false},"excerpt":{"rendered":"<p>Em Fuzu\u00ea, s\u00edmbolo de alegria, a Fuzu\u00ea vai passar por maus bocados. Ap\u00f3s uma confus\u00e3o causada por Preciosa (Marina&#8230;<\/p>\n","protected":false},"author":1,"featured_media":59121,"comment_status":"closed","ping_status":"closed","sticky":false,"template":"","format":"standard","meta":{"_uf_show_specific_survey":0,"_uf_disable_surveys":false,"_jetpack_memberships_contains_paid_content":false,"footnotes":"","_wp_rev_ctl_limit":""},"categories":[396],"tags":[399,5,64],"class_list":["post-59120","post","type-post","status-publish","format-standard","has-post-thumbnail","hentry","category-fuzue","tag-fuzue","tag-globo","tag-novelas","wpcat-396-id"],"aioseo_notices":[],"jetpack_featured_media_url":"https:\/\/i0.wp.com\/www.tvnovelas.com.br\/tvnews\/wp-content\/uploads\/2023\/11\/38704.jpg?fit=728%2C410&ssl=1","jetpack_shortlink":"https:\/\/wp.me\/pdP2BO-fny","jetpack_sharing_enabled":true,"_links":{"self":[{"href":"https:\/\/www.tvnovelas.com.br\/tvnews\/wp-json\/wp\/v2\/posts\/59120","targetHints":{"allow":["GET"]}}],"collection":[{"href":"https:\/\/www.tvnovelas.com.br\/tvnews\/wp-json\/wp\/v2\/posts"}],"about":[{"href":"https:\/\/www.tvnovelas.com.br\/tvnews\/wp-json\/wp\/v2\/types\/post"}],"author":[{"embeddable":true,"href":"https:\/\/www.tvnovelas.com.br\/tvnews\/wp-json\/wp\/v2\/users\/1"}],"replies":[{"embeddable":true,"href":"https:\/\/www.tvnovelas.com.br\/tvnews\/wp-json\/wp\/v2\/comments?post=59120"}],"version-history":[{"count":1,"href":"https:\/\/www.tvnovelas.com.br\/tvnews\/wp-json\/wp\/v2\/posts\/59120\/revisions"}],"predecessor-version":[{"id":59122,"href":"https:\/\/www.tvnovelas.com.br\/tvnews\/wp-json\/wp\/v2\/posts\/59120\/revisions\/59122"}],"wp:featuredmedia":[{"embeddable":true,"href":"https:\/\/www.tvnovelas.com.br\/tvnews\/wp-json\/wp\/v2\/media\/59121"}],"wp:attachment":[{"href":"https:\/\/www.tvnovelas.com.br\/tvnews\/wp-json\/wp\/v2\/media?parent=59120"}],"wp:term":[{"taxonomy":"category","embeddable":true,"href":"https:\/\/www.tvnovelas.com.br\/tvnews\/wp-json\/wp\/v2\/categories?post=59120"},{"taxonomy":"post_tag","embeddable":true,"href":"https:\/\/www.tvnovelas.com.br\/tvnews\/wp-json\/wp\/v2\/tags?post=59120"}],"curies":[{"name":"wp","href":"https:\/\/api.w.org\/{rel}","templated":true}]}}