{"id":59155,"date":"2023-11-15T17:59:26","date_gmt":"2023-11-15T20:59:26","guid":{"rendered":"https:\/\/www.tvnovelas.com.br\/tvnews\/?p=59155"},"modified":"2023-11-16T09:43:29","modified_gmt":"2023-11-16T12:43:29","slug":"elas-por-elas-roberto-e-helena-armam-contra-jonas","status":"publish","type":"post","link":"https:\/\/www.tvnovelas.com.br\/tvnews\/elas-por-elas-roberto-e-helena-armam-contra-jonas\/","title":{"rendered":"Elas por Elas: Roberto e Helena armam contra Jonas"},"content":{"rendered":"<p><em>Em Elas por Elas: Roberto e Helena<\/em><br \/>\n<img data-recalc-dims=\"1\" decoding=\"async\" class=\"alignnone wp-image-59156 size-full\" title=\"(Foto: TV Globo\/Elas por Elas)\" src=\"https:\/\/i0.wp.com\/www.tvnovelas.com.br\/tvnews\/wp-content\/uploads\/2023\/11\/38713.jpg?resize=728%2C410&#038;ssl=1\" alt=\"Foto em Elas por Elas: Roberto e Helena\" width=\"728\" height=\"410\" srcset=\"https:\/\/i0.wp.com\/www.tvnovelas.com.br\/tvnews\/wp-content\/uploads\/2023\/11\/38713.jpg?w=728&amp;ssl=1 728w, https:\/\/i0.wp.com\/www.tvnovelas.com.br\/tvnews\/wp-content\/uploads\/2023\/11\/38713.jpg?resize=678%2C381&amp;ssl=1 678w\" sizes=\"(max-width: 728px) 100vw, 728px\" \/><br \/>\nNo cap\u00edtulo de Elas por Elas desta quinta, dia 16, <a href=\"https:\/\/www.tvnovelas.com.br\/tvnews\/elas-por-elas-helena-decide-o-que-fazer-com-jonas\/\">Roberto garante a Helena que Jonas se arrepender\u00e1 do div\u00f3rcio<\/a>. S\u00e9rgio e \u00cdsis trocam elogios e se emocionam. M\u00edriam tenta descobrir algum segredo de Helena ou seu pai. Lara exige que M\u00e1rio descubra quem eram as outras amantes de \u00c1tila. Ta\u00eds pede para Pedro ficar com ela. Nat\u00e1lia relata a L\u00edgia uma lembran\u00e7a que teve com Bruno e Helena. \u00c9rika desconfia de Edu. Eug\u00eania decide ajudar M\u00e1rcia. Giovanni faz acusa\u00e7\u00f5es contra Jonas. <a href=\"https:\/\/www.tvnovelas.com.br\/tvnews\/elas-por-elas-helena-decide-o-que-fazer-com-jonas\/\" rel=\"noopener\" target=\"_blank\">Roberto e Helena armam contra Jonas<\/a>. Carol gosta de ver o entrosamento entre Nat\u00e1lia e Ulisses. \u00cdsis descobre sobre a discuss\u00e3o entre Jonas e Giovanni. M\u00e1rio conta sobre as amantes de \u00c1tila, e Ta\u00eds fica perturbada. Lara se lembra de ter visto o mesmo colar no pesco\u00e7o de uma mulher. Cris e Tony se beijam.<br \/>\n<!--END POST--><br \/>\n<a href=\"https:\/\/www.tvnovelas.com.br\/novelas\/resumos-de-elas-por-elas\/\" target=\"_blank\" rel=\"noopener\">Confira os resumos da semana de &#8216;Elas por Elas&#8217;<\/a><br \/>\n<strong style=\"font-size: 120%;\">\u00daltimas not\u00edcias de Elas por Elas:<\/strong><br \/>\n<div class=\"pt-cv-wrapper\"><div class=\"pt-cv-view pt-cv-grid pt-cv-colsys\" id=\"pt-cv-view-23f2f2esxk\"><div data-id=\"pt-cv-page-1\" class=\"pt-cv-page\" data-cvc=\"1\"><div class=\"col-md-12 col-sm-12 col-xs-12 pt-cv-content-item pt-cv-1-col\" ><div class='pt-cv-ifield'><h4 class=\"pt-cv-title\"><a href=\"https:\/\/www.tvnovelas.com.br\/tvnews\/elas-por-elas-sergio-entrega-helena-para-salvar-isis\/\" class=\"_blank\" target=\"_blank\" >Elas por Elas: S\u00e9rgio entrega Helena para salvar Isis<\/a><\/h4><\/div><\/div>\n<div class=\"col-md-12 col-sm-12 col-xs-12 pt-cv-content-item pt-cv-1-col\" ><div class='pt-cv-ifield'><h4 class=\"pt-cv-title\"><a href=\"https:\/\/www.tvnovelas.com.br\/tvnews\/elas-por-elas-tais-sai-do-tribunal-para-a-maternidade\/\" class=\"_blank\" target=\"_blank\" >Elas por Elas:  Ta\u00eds sai do tribunal para a maternidade<\/a><\/h4><\/div><\/div>\n<div class=\"col-md-12 col-sm-12 col-xs-12 pt-cv-content-item pt-cv-1-col\" ><div class='pt-cv-ifield'><h4 class=\"pt-cv-title\"><a href=\"https:\/\/www.tvnovelas.com.br\/tvnews\/elas-por-elas-vilma-depoe-roberto-e-preso\/\" class=\"_blank\" target=\"_blank\" >Elas por Elas: Vilma dep\u00f5e;  Roberto \u00e9 preso<\/a><\/h4><\/div><\/div>\n<div class=\"col-md-12 col-sm-12 col-xs-12 pt-cv-content-item pt-cv-1-col\" ><div class='pt-cv-ifield'><h4 class=\"pt-cv-title\"><a href=\"https:\/\/www.tvnovelas.com.br\/tvnews\/elas-por-elas-vilma-depoe-e-derruba-o-alibi-de-roberto\/\" class=\"_blank\" target=\"_blank\" >Elas por Elas: Vilma dep\u00f5e e derruba o \u00e1libi de Roberto<\/a><\/h4><\/div><\/div>\n<div class=\"col-md-12 col-sm-12 col-xs-12 pt-cv-content-item pt-cv-1-col\" ><div class='pt-cv-ifield'><h4 class=\"pt-cv-title\"><a href=\"https:\/\/www.tvnovelas.com.br\/tvnews\/elas-por-elas-isis-sofre-outro-golpe-o-juiz-nega-habeas-corpus\/\" class=\"_blank\" target=\"_blank\" >Elas por Elas: \u00cdsis sofre outro golpe; o juiz nega habeas corpus<\/a><\/h4><\/div><\/div>\n<div class=\"col-md-12 col-sm-12 col-xs-12 pt-cv-content-item pt-cv-1-col\" ><div class='pt-cv-ifield'><h4 class=\"pt-cv-title\"><a href=\"https:\/\/www.tvnovelas.com.br\/tvnews\/elas-por-elas-juiz-mantem-prisao-de-isis-pelo-suposto-assassinato-de-helena\/\" class=\"_blank\" target=\"_blank\" >Elas por Elas: Juiz mant\u00e9m pris\u00e3o de \u00cdsis pelo suposto assassinato de Helena<\/a><\/h4><\/div><\/div><\/div><\/div><\/div><br \/>\n<strong style=\"font-size: 120%;\">\u00daltimas not\u00edcias deste site:<\/strong><br \/>\n<div class=\"pt-cv-wrapper\"><div class=\"pt-cv-view pt-cv-grid pt-cv-colsys\" id=\"pt-cv-view-90991035b3\"><div data-id=\"pt-cv-page-1\" class=\"pt-cv-page\" data-cvc=\"1\"><div class=\"col-md-12 col-sm-12 col-xs-12 pt-cv-content-item pt-cv-1-col\" ><div class='pt-cv-ifield'><h4 class=\"pt-cv-title\"><a href=\"https:\/\/www.tvnovelas.com.br\/tvnews\/em-coracao-de-mae-nos-proximos-capitulos-04-a-08-5\/\" class=\"_self\" target=\"_self\" >Em Cora\u00e7\u00e3o de M\u00e3e nos pr\u00f3ximos cap\u00edtulos (04 a 08\/5)<\/a><\/h4><\/div><\/div>\n<div class=\"col-md-12 col-sm-12 col-xs-12 pt-cv-content-item pt-cv-1-col\" ><div class='pt-cv-ifield'><h4 class=\"pt-cv-title\"><a href=\"https:\/\/www.tvnovelas.com.br\/tvnews\/coracao-de-mae-hasan-e-filiz-em-piquenique-romantico\/\" class=\"_self\" target=\"_self\" >Cora\u00e7\u00e3o de M\u00e3e: Hasan e Filiz em piquenique rom\u00e2ntico<\/a><\/h4><\/div><\/div>\n<div class=\"col-md-12 col-sm-12 col-xs-12 pt-cv-content-item pt-cv-1-col\" ><div class='pt-cv-ifield'><h4 class=\"pt-cv-title\"><a href=\"https:\/\/www.tvnovelas.com.br\/tvnews\/guerra-das-rosas-cihan-vibra-com-desistencia-de-gulru-de-casar-com-mert\/\" class=\"_self\" target=\"_self\" >Guerra das Rosas: Cihan vibra com desist\u00eancia de Gulru de casar com Mert<\/a><\/h4><\/div><\/div>\n<div class=\"col-md-12 col-sm-12 col-xs-12 pt-cv-content-item pt-cv-1-col\" ><div class='pt-cv-ifield'><h4 class=\"pt-cv-title\"><a href=\"https:\/\/www.tvnovelas.com.br\/tvnews\/coracao-de-mae-irmak-denuncia-adnan\/\" class=\"_self\" target=\"_self\" >Cora\u00e7\u00e3o de M\u00e3e: Irmak denuncia Adnan<\/a><\/h4><\/div><\/div>\n<div class=\"col-md-12 col-sm-12 col-xs-12 pt-cv-content-item pt-cv-1-col\" ><div class='pt-cv-ifield'><h4 class=\"pt-cv-title\"><a href=\"https:\/\/www.tvnovelas.com.br\/tvnews\/a-nobreza-do-amor-mirinho-e-obrigado-a-resgatar-tonho\/\" class=\"_self\" target=\"_self\" >A Nobreza do Amor: Mirinho \u00e9 obrigado a resgatar Tonho<\/a><\/h4><\/div><\/div>\n<div class=\"col-md-12 col-sm-12 col-xs-12 pt-cv-content-item pt-cv-1-col\" ><div class='pt-cv-ifield'><h4 class=\"pt-cv-title\"><a href=\"https:\/\/www.tvnovelas.com.br\/tvnews\/tres-gracas-paulinho-e-afastado-da-policia-por-causa-de-gerluce\/\" class=\"_self\" target=\"_self\" >Tr\u00eas Gra\u00e7as: Paulinho \u00e9 afastado da pol\u00edcia por causa de Gerluce<\/a><\/h4><\/div><\/div>\n<div class=\"col-md-12 col-sm-12 col-xs-12 pt-cv-content-item pt-cv-1-col\" ><div class='pt-cv-ifield'><h4 class=\"pt-cv-title\"><a href=\"https:\/\/www.tvnovelas.com.br\/tvnews\/coracao-de-mae-irmak-inicia-jogo-arriscado-contra-adnan\/\" class=\"_self\" target=\"_self\" >Cora\u00e7\u00e3o de M\u00e3e: Irmak inicia jogo arriscado contra Adnan<\/a><\/h4><\/div><\/div>\n<div class=\"col-md-12 col-sm-12 col-xs-12 pt-cv-content-item pt-cv-1-col\" ><div class='pt-cv-ifield'><h4 class=\"pt-cv-title\"><a href=\"https:\/\/www.tvnovelas.com.br\/tvnews\/guerra-das-rosas-omer-chama-gulru-vestida-de-noiva-para-fugir\/\" class=\"_self\" target=\"_self\" >Guerra das Rosas: Omer chama Gulru vestida de noiva para fugir<\/a><\/h4><\/div><\/div>\n<div class=\"col-md-12 col-sm-12 col-xs-12 pt-cv-content-item pt-cv-1-col\" ><div class='pt-cv-ifield'><h4 class=\"pt-cv-title\"><a href=\"https:\/\/www.tvnovelas.com.br\/tvnews\/coracao-de-mae-reha-sai-para-jantar-com-selvi\/\" class=\"_self\" target=\"_self\" >Cora\u00e7\u00e3o de M\u00e3e: Reha sai para jantar com Selvi<\/a><\/h4><\/div><\/div>\n<div class=\"col-md-12 col-sm-12 col-xs-12 pt-cv-content-item pt-cv-1-col\" ><div class='pt-cv-ifield'><h4 class=\"pt-cv-title\"><a href=\"https:\/\/www.tvnovelas.com.br\/tvnews\/coracao-acelerado-zila-se-preocupa-com-sua-situacao-apos-separacao\/\" class=\"_self\" target=\"_self\" >Cora\u00e7\u00e3o Acelerado: Zil\u00e1 se preocupa com sua situa\u00e7\u00e3o ap\u00f3s separa\u00e7\u00e3o<\/a><\/h4><\/div><\/div><\/div><\/div><\/div><br \/>\n<a href=\"https:\/\/www.tvnovelas.com.br\/novelas\/\"><strong>Confira os resumos da semana de todas novelas<\/strong><\/a><\/p>\n<h3>Confira tamb\u00e9m<\/h3>\n<p><a href=\"https:\/\/www.tvnovelas.com.br\/filmes\/\" target=\"_blank\" rel=\"noopener noreferrer\"><strong>Programa\u00e7\u00e3o de filmes na TV aberta<\/strong><\/a><br \/>\n<a href=\"https:\/\/caetenews.com.br\/semana\/filmes-da-globo-na-sessao-da-tarde-desta-semana\/\" target=\"_blank\" rel=\"noopener\"><strong>Confira os filmes da semana na Sess\u00e3o da Tarde<\/strong><\/a><br \/>\n<a href=\"https:\/\/www.tvnovelas.com.br\/novelas\/\" target=\"_blank\" rel=\"noopener noreferrer\"><strong>Resumos de novelas<\/strong><\/a><\/p>\n","protected":false},"excerpt":{"rendered":"<p>No cap\u00edtulo de Elas por Elas desta quinta, dia 16, Roberto garante a Helena que Jonas se arrepender\u00e1 do div\u00f3rcio. S\u00e9rgio e \u00cdsis trocam elogios&#8230;.<\/p>\n","protected":false},"author":1,"featured_media":59156,"comment_status":"closed","ping_status":"closed","sticky":false,"template":"","format":"standard","meta":{"_uf_show_specific_survey":0,"_uf_disable_surveys":false,"_jetpack_memberships_contains_paid_content":false,"footnotes":"","_wp_rev_ctl_limit":""},"categories":[401],"tags":[402,5,64],"class_list":["post-59155","post","type-post","status-publish","format-standard","has-post-thumbnail","hentry","category-elas-por-elas","tag-elas-por-elas","tag-globo","tag-novelas","wpcat-401-id"],"aioseo_notices":[],"jetpack_featured_media_url":"https:\/\/i0.wp.com\/www.tvnovelas.com.br\/tvnews\/wp-content\/uploads\/2023\/11\/38713.jpg?fit=728%2C410&ssl=1","jetpack_shortlink":"https:\/\/wp.me\/pdP2BO-fo7","jetpack_sharing_enabled":true,"_links":{"self":[{"href":"https:\/\/www.tvnovelas.com.br\/tvnews\/wp-json\/wp\/v2\/posts\/59155","targetHints":{"allow":["GET"]}}],"collection":[{"href":"https:\/\/www.tvnovelas.com.br\/tvnews\/wp-json\/wp\/v2\/posts"}],"about":[{"href":"https:\/\/www.tvnovelas.com.br\/tvnews\/wp-json\/wp\/v2\/types\/post"}],"author":[{"embeddable":true,"href":"https:\/\/www.tvnovelas.com.br\/tvnews\/wp-json\/wp\/v2\/users\/1"}],"replies":[{"embeddable":true,"href":"https:\/\/www.tvnovelas.com.br\/tvnews\/wp-json\/wp\/v2\/comments?post=59155"}],"version-history":[{"count":3,"href":"https:\/\/www.tvnovelas.com.br\/tvnews\/wp-json\/wp\/v2\/posts\/59155\/revisions"}],"predecessor-version":[{"id":59185,"href":"https:\/\/www.tvnovelas.com.br\/tvnews\/wp-json\/wp\/v2\/posts\/59155\/revisions\/59185"}],"wp:featuredmedia":[{"embeddable":true,"href":"https:\/\/www.tvnovelas.com.br\/tvnews\/wp-json\/wp\/v2\/media\/59156"}],"wp:attachment":[{"href":"https:\/\/www.tvnovelas.com.br\/tvnews\/wp-json\/wp\/v2\/media?parent=59155"}],"wp:term":[{"taxonomy":"category","embeddable":true,"href":"https:\/\/www.tvnovelas.com.br\/tvnews\/wp-json\/wp\/v2\/categories?post=59155"},{"taxonomy":"post_tag","embeddable":true,"href":"https:\/\/www.tvnovelas.com.br\/tvnews\/wp-json\/wp\/v2\/tags?post=59155"}],"curies":[{"name":"wp","href":"https:\/\/api.w.org\/{rel}","templated":true}]}}