{"id":59176,"date":"2023-11-16T09:22:43","date_gmt":"2023-11-16T12:22:43","guid":{"rendered":"https:\/\/www.tvnovelas.com.br\/tvnews\/?p=59176"},"modified":"2023-11-16T09:22:43","modified_gmt":"2023-11-16T12:22:43","slug":"todas-as-flores-vanessa-sequestra-e-prende-zoe-em-porao","status":"publish","type":"post","link":"https:\/\/www.tvnovelas.com.br\/tvnews\/todas-as-flores-vanessa-sequestra-e-prende-zoe-em-porao\/","title":{"rendered":"Todas as Flores: Vanessa sequestra e prende Zo\u00e9 em por\u00e3o"},"content":{"rendered":"<p><em>Em Todas as Flores: Vanessa sequestra<\/em><br \/>\n<img data-recalc-dims=\"1\" decoding=\"async\" class=\"alignnone wp-image-59177 size-full\" title=\"(Foto: TV Globo\/Todas as Flores)\" src=\"https:\/\/i0.wp.com\/www.tvnovelas.com.br\/tvnews\/wp-content\/uploads\/2023\/11\/38719.jpg?resize=728%2C410&#038;ssl=1\" alt=\"Foto em Todas as Flores: Vanessa sequestra\" width=\"728\" height=\"410\" srcset=\"https:\/\/i0.wp.com\/www.tvnovelas.com.br\/tvnews\/wp-content\/uploads\/2023\/11\/38719.jpg?w=728&amp;ssl=1 728w, https:\/\/i0.wp.com\/www.tvnovelas.com.br\/tvnews\/wp-content\/uploads\/2023\/11\/38719.jpg?resize=678%2C381&amp;ssl=1 678w\" sizes=\"(max-width: 728px) 100vw, 728px\" \/><br \/>\nEm Todas as Flores, quem sai aos seus, n\u00e3o degenera. Com essa frase, Zo\u00e9 (Regina Cas\u00e9) vai comprovar a verdade. A vil\u00e3 vai viver momentos de terror quando Vanessa (Let\u00edcia Colin) sequestr\u00e1-la e prend\u00ea-la em um por\u00e3o.<\/p>\n<p>A estilista est\u00e1 h\u00e1 alguns dias \u00e0 procura da m\u00e3e e acaba descobrindo o paradeiro de Zo\u00e9. Ap\u00f3s Pablo (Caio Castro) fingir que virou seu parceiro, Vanessa e ele pegam a estrada rumo para a Costa Verde, em Angra dos Reis. Eles encontram a megera pedindo socorro no meio da estrada e a levam de volta para a mans\u00e3o alugada por ela.<\/p>\n<p>O encontro entre as duas n\u00e3o \u00e9 nada agrad\u00e1vel. &#8220;Miser\u00e1vel, monstra. Vanessa, voc\u00ea \u00e9 a besta. Voc\u00ea \u00e9 a besta do Apocalipse. Sou sua m\u00e3e, Vanessa. Como uma filha faz isso com a m\u00e3e? Est\u00e1 na B\u00edblia honrar pai e m\u00e3e&#8221;, afirma Zo\u00e9. &#8220;Honrar? Mandamentos? Deus? Como se a senhora fosse uma mulher honrada. Que isso, mam\u00e3ezinha! Voc\u00ea acabou de matar duas pessoas para poder ficar sozinha com o dinheiro&#8221;, ressalta a estilista.<\/p>\n<p>Zo\u00e9, ent\u00e3o, pede que Vanessa se d\u00ea conta do estado que ela est\u00e1. Com muito deboche, a estilista provoca a m\u00e3e. &#8220;Eu estou vendo! Ai, ai, machucou. Voc\u00ea quebrou suas duas perninhas ou ent\u00e3o quebraram. Foi sem querer ou foi querendo que voc\u00ea ficou aqui nessa casa sem comida e sem telefone?&#8221;, pergunta ela.<\/p>\n<p>&#8220;Voc\u00ea \u00e9 uma filha desnaturada&#8221;, declara Zo\u00e9. &#8220;E foi essa filha desnaturada que te salvou, n\u00e9 mam\u00e3ezinha. Voc\u00ea est\u00e1 falando de b\u00edblia, de Deus. Voc\u00ea j\u00e1 pensou se ao inv\u00e9s de Deus eles mandam o pr\u00f3prio Diabo, m\u00e3ezinha? Quem fez tudo acontecer para voc\u00ea vir parar diretamente nas minhas m\u00e3os?&#8221;, questiona Vanessa.<\/p>\n<p>Bastante fraca, Zo\u00e9 arranca todas as suas for\u00e7as para insultar Vanessa e Pablo, que acompanha toda a discuss\u00e3o entre m\u00e3e e filha. &#8220;Desgra\u00e7ada! E voc\u00ea tamb\u00e9m, seu verme. Bem se v\u00ea que voc\u00ea \u00e9 filho do Humberto. Quem sai aos seus n\u00e3o degenera&#8221;, diz ela. &#8220;Tua filha est\u00e1 a\u00ed para te provar&#8221;, afirma Pablo. &#8220;Quero que voc\u00eas morram&#8221;, grita a loira da fac\u00e7\u00e3o.<\/p>\n<p>&#8220;N\u00e3o quer n\u00e3o, mam\u00e3ezinha, porque voc\u00ea precisa de mim. Voc\u00ea s\u00f3 tem a mim. Ent\u00e3o, vamos come\u00e7ar a falar. Fala, Zo\u00e9. Cad\u00ea o dinheiro? Onde voc\u00ea colocou esse dinheiro? Ele est\u00e1 malocado aonde? L\u00e1 fora, no jardim? Ele est\u00e1 enterrado?&#8221;, esbraveja Vanessa.<\/p>\n<p>&#8220;Sabe quando eu vou te dizer isso? Nunca, sua cretina&#8221;, dispara Zo\u00e9. Nesse instante, Vanessa tem a ideia de prender a m\u00e3e dentro de algum c\u00f4modo da mans\u00e3o. &#8220;Pablo, meu amor. Voc\u00ea que j\u00e1 deu uma olhadinha na casa diz para mim onde \u00e9 que tem um lugar bem tranquilo para minha m\u00e3e descansar&#8221;, afirma a estilista. &#8220;Tem um por\u00e3o ali embaixo bem apertadinho&#8221;, indica o vendedor. &#8220;Perfeito! \u00d3timo! Vamos lev\u00e1-la para l\u00e1&#8221;, declara Vanessa.<\/p>\n<p>&#8220;Eu estou morrendo. N\u00e3o me toca&#8221;, dispara Zo\u00e9. &#8220;No por\u00e3ozinho. Ficar bem quietinha e descansar&#8221;, debocha Vanessa.<\/p>\n<p>Os dois carregam Zo\u00e9 e colocam a vil\u00e3 no por\u00e3o. &#8220;Pronto, mam\u00e3ezinha!&#8221;, diz Vanessa. A megera suplica para n\u00e3o ficar naquele lugar escuro e afirma que est\u00e1 com muita dor. &#8220;N\u00e3o me deixa aqui, n\u00e3o me larga aqui. Eu estou com muita dor. Voc\u00ea \u00e9 um monstro, Vanessa. Muito pior do que eu. N\u00e3o me deixa aqui, estou com dor, eu estou com medo&#8221;, reclama ela. &#8220;Boa noite, mam\u00e3ezinha&#8221;, diz a estilista.<\/p>\n<p>Enquanto isso, Zo\u00e9 continua pedindo insistentemente para n\u00e3o ser abandonada no por\u00e3o e chora para tentar sensibilizar a filha. No entanto, Vanessa n\u00e3o se comove e deixa a m\u00e3e trancada no local escuro.<br \/>\n<!--THE END--><br \/>\n<a href=\"https:\/\/wp.me\/p8dmjy-9zr\" target=\"_blank\" rel=\"noopener\">Resumos dos cap\u00edtulos da semana de Todas as Flores<\/a><br \/>\n<strong style=\"font-size: 120%;\">\u00daltimas not\u00edcias de Todas as Flores:<\/strong><br \/>\n<div class=\"pt-cv-wrapper\"><div class=\"pt-cv-view pt-cv-grid pt-cv-colsys\" id=\"pt-cv-view-57ad3a3tms\"><div data-id=\"pt-cv-page-1\" class=\"pt-cv-page\" data-cvc=\"1\"><div class=\"col-md-12 col-sm-12 col-xs-12 pt-cv-content-item pt-cv-1-col\" ><div class='pt-cv-ifield'><h4 class=\"pt-cv-title\"><a href=\"https:\/\/www.tvnovelas.com.br\/tvnews\/todas-as-flores-no-fim-acerto-de-contas-entre-maira-vanessa-e-zoe\/\" class=\"_self\" target=\"_self\" >Todas as Flores: No fim, acerto de contas entre Ma\u00edra, Vanessa e Zo\u00e9<\/a><\/h4><\/div><\/div>\n<div class=\"col-md-12 col-sm-12 col-xs-12 pt-cv-content-item pt-cv-1-col\" ><div class='pt-cv-ifield'><h4 class=\"pt-cv-title\"><a href=\"https:\/\/www.tvnovelas.com.br\/tvnews\/todas-as-flores-pablo-trai-vanessa-e-prende-estilista-no-porao\/\" class=\"_self\" target=\"_self\" >Todas as Flores: Pablo trai Vanessa e prende estilista no por\u00e3o<\/a><\/h4><\/div><\/div>\n<div class=\"col-md-12 col-sm-12 col-xs-12 pt-cv-content-item pt-cv-1-col\" ><div class='pt-cv-ifield'><h4 class=\"pt-cv-title\"><a href=\"https:\/\/www.tvnovelas.com.br\/tvnews\/todas-as-flores-olavo-arma-para-eliminar-rafael\/\" class=\"_self\" target=\"_self\" >Todas as Flores: Olavo arma para eliminar Rafael<\/a><\/h4><\/div><\/div>\n<div class=\"col-md-12 col-sm-12 col-xs-12 pt-cv-content-item pt-cv-1-col\" ><div class='pt-cv-ifield'><h4 class=\"pt-cv-title\"><a href=\"https:\/\/www.tvnovelas.com.br\/tvnews\/todas-as-flores-vanessa-sequestra-e-prende-zoe-em-porao\/\" class=\"_self\" target=\"_self\" >Todas as Flores: Vanessa sequestra e prende Zo\u00e9 em por\u00e3o<\/a><\/h4><\/div><\/div>\n<div class=\"col-md-12 col-sm-12 col-xs-12 pt-cv-content-item pt-cv-1-col\" ><div class='pt-cv-ifield'><h4 class=\"pt-cv-title\"><a href=\"https:\/\/www.tvnovelas.com.br\/tvnews\/todas-as-flores-zoe-mata-humberto\/\" class=\"_self\" target=\"_self\" >Todas as Flores: Zo\u00e9 mata Humberto<\/a><\/h4><\/div><\/div>\n<div class=\"col-md-12 col-sm-12 col-xs-12 pt-cv-content-item pt-cv-1-col\" ><div class='pt-cv-ifield'><h4 class=\"pt-cv-title\"><a href=\"https:\/\/www.tvnovelas.com.br\/tvnews\/todas-as-flores-humberto-resgata-judite-de-sequestrada-por-zoe\/\" class=\"_self\" target=\"_self\" >Todas as Flores: Humberto resgata Judite de sequestrada por Zo\u00e9<\/a><\/h4><\/div><\/div><\/div><\/div><\/div><br \/>\n<strong style=\"font-size: 120%;\">\u00daltimas not\u00edcias deste canal:<\/strong><br \/>\n<div class=\"pt-cv-wrapper\"><div class=\"pt-cv-view pt-cv-grid pt-cv-colsys\" id=\"pt-cv-view-90991035b3\"><div data-id=\"pt-cv-page-1\" class=\"pt-cv-page\" data-cvc=\"1\"><div class=\"col-md-12 col-sm-12 col-xs-12 pt-cv-content-item pt-cv-1-col\" ><div class='pt-cv-ifield'><h4 class=\"pt-cv-title\"><a href=\"https:\/\/www.tvnovelas.com.br\/tvnews\/coracao-de-mae-irmak-inicia-jogo-arriscado-contra-adnan\/\" class=\"_self\" target=\"_self\" >Cora\u00e7\u00e3o de M\u00e3e: Irmak inicia jogo arriscado contra Adnan<\/a><\/h4><\/div><\/div>\n<div class=\"col-md-12 col-sm-12 col-xs-12 pt-cv-content-item pt-cv-1-col\" ><div class='pt-cv-ifield'><h4 class=\"pt-cv-title\"><a href=\"https:\/\/www.tvnovelas.com.br\/tvnews\/guerra-das-rosas-omer-chama-gulru-vestida-de-noiva-para-fugir\/\" class=\"_self\" target=\"_self\" >Guerra das Rosas: Omer chama Gulru vestida de noiva para fugir<\/a><\/h4><\/div><\/div>\n<div class=\"col-md-12 col-sm-12 col-xs-12 pt-cv-content-item pt-cv-1-col\" ><div class='pt-cv-ifield'><h4 class=\"pt-cv-title\"><a href=\"https:\/\/www.tvnovelas.com.br\/tvnews\/coracao-de-mae-reha-sai-para-jantar-com-selvi\/\" class=\"_self\" target=\"_self\" >Cora\u00e7\u00e3o de M\u00e3e: Reha sai para jantar com Selvi<\/a><\/h4><\/div><\/div>\n<div class=\"col-md-12 col-sm-12 col-xs-12 pt-cv-content-item pt-cv-1-col\" ><div class='pt-cv-ifield'><h4 class=\"pt-cv-title\"><a href=\"https:\/\/www.tvnovelas.com.br\/tvnews\/coracao-acelerado-zila-se-preocupa-com-sua-situacao-apos-separacao\/\" class=\"_self\" target=\"_self\" >Cora\u00e7\u00e3o Acelerado: Zil\u00e1 se preocupa com sua situa\u00e7\u00e3o ap\u00f3s separa\u00e7\u00e3o<\/a><\/h4><\/div><\/div>\n<div class=\"col-md-12 col-sm-12 col-xs-12 pt-cv-content-item pt-cv-1-col\" ><div class='pt-cv-ifield'><h4 class=\"pt-cv-title\"><a href=\"https:\/\/www.tvnovelas.com.br\/tvnews\/a-nobreza-do-amor-tonho-nao-se-curva-diante-de-mirinho\/\" class=\"_self\" target=\"_self\" >A Nobreza do Amor: Tonho n\u00e3o se curva diante de Mirinho<\/a><\/h4><\/div><\/div>\n<div class=\"col-md-12 col-sm-12 col-xs-12 pt-cv-content-item pt-cv-1-col\" ><div class='pt-cv-ifield'><h4 class=\"pt-cv-title\"><a href=\"https:\/\/www.tvnovelas.com.br\/tvnews\/tres-gracas-arminda-surta-ao-confirmar-que-ferette-e-pai-de-raul\/\" class=\"_self\" target=\"_self\" >Tr\u00eas Gra\u00e7as:  Arminda surta ao confirmar que Ferette \u00e9 pai de Raul<\/a><\/h4><\/div><\/div>\n<div class=\"col-md-12 col-sm-12 col-xs-12 pt-cv-content-item pt-cv-1-col\" ><div class='pt-cv-ifield'><h4 class=\"pt-cv-title\"><a href=\"https:\/\/www.tvnovelas.com.br\/tvnews\/coracao-de-mae-atilla-confronta-hasan-e-exige-o-divorcio-de-lale\/\" class=\"_self\" target=\"_self\" >Cora\u00e7\u00e3o de M\u00e3e: Atilla confronta Hasan e exige o div\u00f3rcio de Lale<\/a><\/h4><\/div><\/div>\n<div class=\"col-md-12 col-sm-12 col-xs-12 pt-cv-content-item pt-cv-1-col\" ><div class='pt-cv-ifield'><h4 class=\"pt-cv-title\"><a href=\"https:\/\/www.tvnovelas.com.br\/tvnews\/guerra-das-rosas-gulfem-coloca-gulru-contra-a-parede\/\" class=\"_self\" target=\"_self\" >Guerra das Rosas: Gulfem coloca Gulru contra a parede<\/a><\/h4><\/div><\/div>\n<div class=\"col-md-12 col-sm-12 col-xs-12 pt-cv-content-item pt-cv-1-col\" ><div class='pt-cv-ifield'><h4 class=\"pt-cv-title\"><a href=\"https:\/\/www.tvnovelas.com.br\/tvnews\/coracao-de-mae-atilla-diz-a-lale-que-quer-o-divorcio\/\" class=\"_self\" target=\"_self\" >Cora\u00e7\u00e3o de M\u00e3e: Atilla diz a Lale que quer o div\u00f3rcio<\/a><\/h4><\/div><\/div>\n<div class=\"col-md-12 col-sm-12 col-xs-12 pt-cv-content-item pt-cv-1-col\" ><div class='pt-cv-ifield'><h4 class=\"pt-cv-title\"><a href=\"https:\/\/www.tvnovelas.com.br\/tvnews\/a-nobreza-do-amor-mirinho-garante-noivado-com-virginia-para-atrair-sogro-a-negocio\/\" class=\"_self\" target=\"_self\" >A Nobreza do Amor: Mirinho garante noivado com Virg\u00ednia para atrair sogro a neg\u00f3cio<\/a><\/h4><\/div><\/div><\/div><\/div><\/div><br \/>\n<a href=\"https:\/\/www.tvnovelas.com.br\/novelas\/\"><strong>Confira os resumos da semana de todas novelas<\/strong><\/a><br \/>\n<a href=\"http:\/\/tvnovelas.com.br\/filmes\" target=\"_blank\" rel=\"noopener\">Veja tamb\u00e9m: Todas as telas: filmes e s\u00e9ries nos streamings<\/a><\/p>\n<h3>Confira tamb\u00e9m<\/h3>\n<p><a href=\"https:\/\/www.tvnovelas.com.br\/filmes\/\" target=\"_blank\" rel=\"noo 2 pener noreferrer noopener\"><strong>Programa\u00e7\u00e3o de filmes na TV aberta<\/strong><\/a><br \/>\n<a href=\"https:\/\/tvnovelas.com.br\/filmes\/filmes-e-series-ineditos-em-estreia-na-semana-na-netflix\/\" target=\"_blank\" rel=\"noopener noreferrer\"><strong>Estreias da semana na Netflix<\/strong><\/a><br \/>\n<a href=\"https:\/\/caetenews.com.br\/semana\/filmes-da-globo-na-sessao-da-tarde-desta-semana\/\" target=\"_blank\" rel=\"noopener\"><strong>Confira os filmes da semana na Sess\u00e3o da Tarde<\/strong><\/a><br \/>\n<a href=\"\/\/tvnovelas.com.br\/filmes\/filmes-em-estreia-nos-cinemas\/\" target=\"_blank\" rel=\"noopener noreferrer\"><strong>Estreias e novidades no Cinema<\/strong><\/a><br \/>\n<a href=\"https:\/\/www.tvnovelas.com.br\/novelas\/\" target=\"_blank\" rel=\"noopener noreferrer\"><strong>Resumos de novelas<\/strong><\/a><\/p>\n","protected":false},"excerpt":{"rendered":"<p>Em Todas as Flores, quem sai aos seus, n\u00e3o degenera. Com essa frase, Zo\u00e9 (Regina Cas\u00e9) vai comprovar a verdade. A vil\u00e3 vai viver momentos&#8230;<\/p>\n","protected":false},"author":1,"featured_media":59177,"comment_status":"closed","ping_status":"closed","sticky":false,"template":"","format":"standard","meta":{"_uf_show_specific_survey":0,"_uf_disable_surveys":false,"_jetpack_memberships_contains_paid_content":false,"footnotes":"","_wp_rev_ctl_limit":""},"categories":[236],"tags":[5,64,380],"class_list":["post-59176","post","type-post","status-publish","format-standard","has-post-thumbnail","hentry","category-globo","tag-globo","tag-novelas","tag-todas-as-flores","wpcat-236-id"],"aioseo_notices":[],"jetpack_featured_media_url":"https:\/\/i0.wp.com\/www.tvnovelas.com.br\/tvnews\/wp-content\/uploads\/2023\/11\/38719.jpg?fit=728%2C410&ssl=1","jetpack_shortlink":"https:\/\/wp.me\/pdP2BO-fos","jetpack_sharing_enabled":true,"_links":{"self":[{"href":"https:\/\/www.tvnovelas.com.br\/tvnews\/wp-json\/wp\/v2\/posts\/59176","targetHints":{"allow":["GET"]}}],"collection":[{"href":"https:\/\/www.tvnovelas.com.br\/tvnews\/wp-json\/wp\/v2\/posts"}],"about":[{"href":"https:\/\/www.tvnovelas.com.br\/tvnews\/wp-json\/wp\/v2\/types\/post"}],"author":[{"embeddable":true,"href":"https:\/\/www.tvnovelas.com.br\/tvnews\/wp-json\/wp\/v2\/users\/1"}],"replies":[{"embeddable":true,"href":"https:\/\/www.tvnovelas.com.br\/tvnews\/wp-json\/wp\/v2\/comments?post=59176"}],"version-history":[{"count":1,"href":"https:\/\/www.tvnovelas.com.br\/tvnews\/wp-json\/wp\/v2\/posts\/59176\/revisions"}],"predecessor-version":[{"id":59178,"href":"https:\/\/www.tvnovelas.com.br\/tvnews\/wp-json\/wp\/v2\/posts\/59176\/revisions\/59178"}],"wp:featuredmedia":[{"embeddable":true,"href":"https:\/\/www.tvnovelas.com.br\/tvnews\/wp-json\/wp\/v2\/media\/59177"}],"wp:attachment":[{"href":"https:\/\/www.tvnovelas.com.br\/tvnews\/wp-json\/wp\/v2\/media?parent=59176"}],"wp:term":[{"taxonomy":"category","embeddable":true,"href":"https:\/\/www.tvnovelas.com.br\/tvnews\/wp-json\/wp\/v2\/categories?post=59176"},{"taxonomy":"post_tag","embeddable":true,"href":"https:\/\/www.tvnovelas.com.br\/tvnews\/wp-json\/wp\/v2\/tags?post=59176"}],"curies":[{"name":"wp","href":"https:\/\/api.w.org\/{rel}","templated":true}]}}