{"id":59232,"date":"2023-11-17T10:03:22","date_gmt":"2023-11-17T13:03:22","guid":{"rendered":"https:\/\/www.tvnovelas.com.br\/tvnews\/?p=59232"},"modified":"2023-11-17T10:03:22","modified_gmt":"2023-11-17T13:03:22","slug":"todas-as-flores-pablo-trai-vanessa-e-prende-estilista-no-porao","status":"publish","type":"post","link":"https:\/\/www.tvnovelas.com.br\/tvnews\/todas-as-flores-pablo-trai-vanessa-e-prende-estilista-no-porao\/","title":{"rendered":"Todas as Flores: Pablo trai Vanessa e prende estilista no por\u00e3o"},"content":{"rendered":"<p><em>Em Todas as Flores: Pablo trai Vanessa<\/em><br \/>\n<img data-recalc-dims=\"1\" decoding=\"async\" class=\"alignnone wp-image-59233 size-full\" title=\"(Foto: TV Globo\/Todas as Flores)\" src=\"https:\/\/i0.wp.com\/www.tvnovelas.com.br\/tvnews\/wp-content\/uploads\/2023\/11\/10181.jpg?resize=728%2C410&#038;ssl=1\" alt=\"Foto em Todas as Flores: Pablo trai Vanessa\" width=\"728\" height=\"410\" srcset=\"https:\/\/i0.wp.com\/www.tvnovelas.com.br\/tvnews\/wp-content\/uploads\/2023\/11\/10181.jpg?w=728&amp;ssl=1 728w, https:\/\/i0.wp.com\/www.tvnovelas.com.br\/tvnews\/wp-content\/uploads\/2023\/11\/10181.jpg?resize=678%2C381&amp;ssl=1 678w\" sizes=\"(max-width: 728px) 100vw, 728px\" \/><br \/>\nEm Todas as Flores, uma dan\u00e7a das cadeiras vai acontecer no por\u00e3o que Zo\u00e9 (Regina Cas\u00e9) est\u00e1 presa e sendo torturada por Vanessa (Let\u00edcia Colin). Ap\u00f3s a estilista descobrir que Ma\u00edra (Sophie Charlotte) est\u00e1 na mans\u00e3o, Pablo (Caio Castro) n\u00e3o d\u00e1 ouvidos ao antigo caso de amor e a deixa trancada no local, conforme combinado com a perfumista. J\u00e1 a loira da fac\u00e7\u00e3o \u00e9 solta.<\/p>\n<p>Tudo come\u00e7a quando Vanessa descobre atrav\u00e9s de Zo\u00e9 que Ma\u00edra est\u00e1 na casa. \u201cPablo, a Ma\u00edra est\u00e1 aqui?\u201d, pergunta Vanessa. Ap\u00f3s a perfumista aparecer na frente da estilista, ela diz: \u201cEnt\u00e3o o que a Zo\u00e9 falou era verdade. Foi voc\u00ea quem trouxe essa cega desgra\u00e7ada para c\u00e1\u201d. \u201cN\u00e3o, n\u00e3o fui eu que trouxe. Na verdade\u2026\u201d, afirma ele, mas se enrola nas palavras. \u201cPablo, eu confio em voc\u00ea. Voc\u00ea n\u00e3o vai fazer a escolha errada\u201d, indica Ma\u00edra.<\/p>\n<p>Irada com a presen\u00e7a de Ma\u00edra ali, Vanessa debocha sobre a parceria do vendedor com a perfumista e lembra que a irm\u00e3 n\u00e3o ama ele, mas Rafael (Humberto Carr\u00e3o).<\/p>\n<p>\u201cO que ela pode te garantir? Um lugar no c\u00e9u? A amizade de Jesus? Acorda! Ela ama o Rafael, ela vai ficar com ele. Os dois v\u00e3o ser felizes para sempre. Voc\u00ea vai devolver o seu dinheiro e vai ficar liso. Mais uma vez sem nada, do ponto zero, onde eu te conheci. Para qu\u00ea?\u201d, questiona a vil\u00e3.<\/p>\n<p>\u201cN\u00e3o escuta ela, Pablo\u201d, afirma Ma\u00edra. \u201cEssa sonsa n\u00e3o gosta de voc\u00ea. Sabe quem ela ama? Rafael! O idiota do Rafael, os dois v\u00e3o ficar juntinhos, felizes da vida. Quem ama voc\u00ea sou eu, \u00e9 comigo que voc\u00ea vai ficar\u201d, declara a estilista.<\/p>\n<p>Ma\u00edra enfatiza para o aliado que ele nunca ser\u00e1 feliz dessa forma. Nesse momento, Vanessa esbraveja e pede que o vendedor da Rhodes prenda a perfumista ao lado de Zo\u00e9. Por\u00e9m, ele tamb\u00e9m escuta da mocinha que confia nele.<\/p>\n<p>Em uma disputa de argumenta\u00e7\u00f5es, agora \u00e9 novamente a vez de Vanessa falar do futuro dos dois juntos. \u201cA gente vai embora daqui agora como a gente combinou. A gente ficou rico. O que a gente sempre queria a gente conseguiu. N\u00f3s somos milion\u00e1rios!\u201d, comemora ela.<\/p>\n<p>Pablo se estressa e pede para Vanessa parar aquela conversa. \u201cPara, para. Deixa, eu pensar. Est\u00e1 falando para cacete\u201d, diz ele. \u201cN\u00e3o tem o que pensar. A gente tem que agir. Vamos embora, respira fundo e vamos embora\u201d, afirma Vanessa.<\/p>\n<p>\u201cPablo, voc\u00ea n\u00e3o vai fazer a coisa errada. Voc\u00ea vai escolher o caminho certo porque voc\u00ea n\u00e3o quer terminar como o seu pai. Bandido acaba em uma cova\u201d, destaca Ma\u00edra.<\/p>\n<p>\u201cEssa vadia est\u00e1 querendo fazer a sua mente, est\u00e1 querendo entrar aqui dentro de voc\u00ea, meu amor, mas ela n\u00e3o vai conseguir. Ela n\u00e3o pode fazer isso. Olha s\u00f3, a vida n\u00e3o \u00e9 como um filme, n\u00e3o tem li\u00e7\u00e3o de moral. Voc\u00ea sabe o motivo que os bandidos e os pol\u00edticos corruptos se d\u00e3o bem, meu amor? Porque eles t\u00eam a coragem de fazer o que tem que ser feito. Vamos embora, vamos nessa, garantido! Voc\u00ea quer o qu\u00ea? Uma vida de z\u00e9 man\u00e9? Trabalhando, passando o crach\u00e1 para ganhar sal\u00e1rio m\u00ednimo? Para depois tentar ser atendido l\u00e1 na fila do SUS\u201d, avalia a estilista.<\/p>\n<p>Em seguida, Ma\u00edra volta a argumentar e afirma que conhece Pablo e que confia na \u00edndole dele. \u201cPablo, n\u00e3o escuta ela. Voc\u00ea est\u00e1 decidindo a sua vida agora. Eu conhe\u00e7o voc\u00ea. Voc\u00ea \u00e9 uma boa pessoa. N\u00e3o faz isso. Voc\u00ea n\u00e3o ama mais ela, Pablo. Ela abandonou seu filho\u201d, lembra ela. \u201cVoc\u00ea cala a sua boca. Eu vou te matar\u201d, amea\u00e7a Vanessa.<\/p>\n<p>No mesmo instante, a estilista agarra Ma\u00edra pelo rosto, mas \u00e9 parado por Pablo. \u201cN\u00e3o, Vanessa. Solta ela! Louca!\u201d, fala o vendedor. \u201cMe larga. Voc\u00ea que est\u00e1 louco. Me larga\u201d, declara a estilista. \u201cCalma, que isso!\u201d, diz o rapaz. \u201cMe solta, Pablo. Vamos embora daqui. A gente vai embora daqui agora. A gente vai embora daqui como combinado\u201d, indica Vanessa.<\/p>\n<p>\u00c9 nesse momento que Vanessa \u00e9 surpreendida com a atitude de Pablo. \u201cQuem vai l\u00e1 para baixo \u00e9 voc\u00ea\u201d, diz ele.<br \/>\n<!--THE END--><br \/>\n<a href=\"https:\/\/wp.me\/p8dmjy-9zr\" target=\"_blank\" rel=\"noopener\">Resumos dos cap\u00edtulos da semana de Todas as Flores<\/a><br \/>\n<strong style=\"font-size: 120%;\">\u00daltimas not\u00edcias de Todas as Flores:<\/strong><br \/>\n<div class=\"pt-cv-wrapper\"><div class=\"pt-cv-view pt-cv-grid pt-cv-colsys\" id=\"pt-cv-view-57ad3a3tms\"><div data-id=\"pt-cv-page-1\" class=\"pt-cv-page\" data-cvc=\"1\"><div class=\"col-md-12 col-sm-12 col-xs-12 pt-cv-content-item pt-cv-1-col\" ><div class='pt-cv-ifield'><h4 class=\"pt-cv-title\"><a href=\"https:\/\/www.tvnovelas.com.br\/tvnews\/todas-as-flores-no-fim-acerto-de-contas-entre-maira-vanessa-e-zoe\/\" class=\"_self\" target=\"_self\" >Todas as Flores: No fim, acerto de contas entre Ma\u00edra, Vanessa e Zo\u00e9<\/a><\/h4><\/div><\/div>\n<div class=\"col-md-12 col-sm-12 col-xs-12 pt-cv-content-item pt-cv-1-col\" ><div class='pt-cv-ifield'><h4 class=\"pt-cv-title\"><a href=\"https:\/\/www.tvnovelas.com.br\/tvnews\/todas-as-flores-pablo-trai-vanessa-e-prende-estilista-no-porao\/\" class=\"_self\" target=\"_self\" >Todas as Flores: Pablo trai Vanessa e prende estilista no por\u00e3o<\/a><\/h4><\/div><\/div>\n<div class=\"col-md-12 col-sm-12 col-xs-12 pt-cv-content-item pt-cv-1-col\" ><div class='pt-cv-ifield'><h4 class=\"pt-cv-title\"><a href=\"https:\/\/www.tvnovelas.com.br\/tvnews\/todas-as-flores-olavo-arma-para-eliminar-rafael\/\" class=\"_self\" target=\"_self\" >Todas as Flores: Olavo arma para eliminar Rafael<\/a><\/h4><\/div><\/div>\n<div class=\"col-md-12 col-sm-12 col-xs-12 pt-cv-content-item pt-cv-1-col\" ><div class='pt-cv-ifield'><h4 class=\"pt-cv-title\"><a href=\"https:\/\/www.tvnovelas.com.br\/tvnews\/todas-as-flores-vanessa-sequestra-e-prende-zoe-em-porao\/\" class=\"_self\" target=\"_self\" >Todas as Flores: Vanessa sequestra e prende Zo\u00e9 em por\u00e3o<\/a><\/h4><\/div><\/div>\n<div class=\"col-md-12 col-sm-12 col-xs-12 pt-cv-content-item pt-cv-1-col\" ><div class='pt-cv-ifield'><h4 class=\"pt-cv-title\"><a href=\"https:\/\/www.tvnovelas.com.br\/tvnews\/todas-as-flores-zoe-mata-humberto\/\" class=\"_self\" target=\"_self\" >Todas as Flores: Zo\u00e9 mata Humberto<\/a><\/h4><\/div><\/div>\n<div class=\"col-md-12 col-sm-12 col-xs-12 pt-cv-content-item pt-cv-1-col\" ><div class='pt-cv-ifield'><h4 class=\"pt-cv-title\"><a href=\"https:\/\/www.tvnovelas.com.br\/tvnews\/todas-as-flores-humberto-resgata-judite-de-sequestrada-por-zoe\/\" class=\"_self\" target=\"_self\" >Todas as Flores: Humberto resgata Judite de sequestrada por Zo\u00e9<\/a><\/h4><\/div><\/div><\/div><\/div><\/div><br \/>\n<strong style=\"font-size: 120%;\">\u00daltimas not\u00edcias deste canal:<\/strong><br \/>\n<div class=\"pt-cv-wrapper\"><div class=\"pt-cv-view pt-cv-grid pt-cv-colsys\" id=\"pt-cv-view-90991035b3\"><div data-id=\"pt-cv-page-1\" class=\"pt-cv-page\" data-cvc=\"1\"><div class=\"col-md-12 col-sm-12 col-xs-12 pt-cv-content-item pt-cv-1-col\" ><div class='pt-cv-ifield'><h4 class=\"pt-cv-title\"><a href=\"https:\/\/www.tvnovelas.com.br\/tvnews\/coracao-de-mae-irmak-inicia-jogo-arriscado-contra-adnan\/\" class=\"_self\" target=\"_self\" >Cora\u00e7\u00e3o de M\u00e3e: Irmak inicia jogo arriscado contra Adnan<\/a><\/h4><\/div><\/div>\n<div class=\"col-md-12 col-sm-12 col-xs-12 pt-cv-content-item pt-cv-1-col\" ><div class='pt-cv-ifield'><h4 class=\"pt-cv-title\"><a href=\"https:\/\/www.tvnovelas.com.br\/tvnews\/guerra-das-rosas-omer-chama-gulru-vestida-de-noiva-para-fugir\/\" class=\"_self\" target=\"_self\" >Guerra das Rosas: Omer chama Gulru vestida de noiva para fugir<\/a><\/h4><\/div><\/div>\n<div class=\"col-md-12 col-sm-12 col-xs-12 pt-cv-content-item pt-cv-1-col\" ><div class='pt-cv-ifield'><h4 class=\"pt-cv-title\"><a href=\"https:\/\/www.tvnovelas.com.br\/tvnews\/coracao-de-mae-reha-sai-para-jantar-com-selvi\/\" class=\"_self\" target=\"_self\" >Cora\u00e7\u00e3o de M\u00e3e: Reha sai para jantar com Selvi<\/a><\/h4><\/div><\/div>\n<div class=\"col-md-12 col-sm-12 col-xs-12 pt-cv-content-item pt-cv-1-col\" ><div class='pt-cv-ifield'><h4 class=\"pt-cv-title\"><a href=\"https:\/\/www.tvnovelas.com.br\/tvnews\/coracao-acelerado-zila-se-preocupa-com-sua-situacao-apos-separacao\/\" class=\"_self\" target=\"_self\" >Cora\u00e7\u00e3o Acelerado: Zil\u00e1 se preocupa com sua situa\u00e7\u00e3o ap\u00f3s separa\u00e7\u00e3o<\/a><\/h4><\/div><\/div>\n<div class=\"col-md-12 col-sm-12 col-xs-12 pt-cv-content-item pt-cv-1-col\" ><div class='pt-cv-ifield'><h4 class=\"pt-cv-title\"><a href=\"https:\/\/www.tvnovelas.com.br\/tvnews\/a-nobreza-do-amor-tonho-nao-se-curva-diante-de-mirinho\/\" class=\"_self\" target=\"_self\" >A Nobreza do Amor: Tonho n\u00e3o se curva diante de Mirinho<\/a><\/h4><\/div><\/div>\n<div class=\"col-md-12 col-sm-12 col-xs-12 pt-cv-content-item pt-cv-1-col\" ><div class='pt-cv-ifield'><h4 class=\"pt-cv-title\"><a href=\"https:\/\/www.tvnovelas.com.br\/tvnews\/tres-gracas-arminda-surta-ao-confirmar-que-ferette-e-pai-de-raul\/\" class=\"_self\" target=\"_self\" >Tr\u00eas Gra\u00e7as:  Arminda surta ao confirmar que Ferette \u00e9 pai de Raul<\/a><\/h4><\/div><\/div>\n<div class=\"col-md-12 col-sm-12 col-xs-12 pt-cv-content-item pt-cv-1-col\" ><div class='pt-cv-ifield'><h4 class=\"pt-cv-title\"><a href=\"https:\/\/www.tvnovelas.com.br\/tvnews\/coracao-de-mae-atilla-confronta-hasan-e-exige-o-divorcio-de-lale\/\" class=\"_self\" target=\"_self\" >Cora\u00e7\u00e3o de M\u00e3e: Atilla confronta Hasan e exige o div\u00f3rcio de Lale<\/a><\/h4><\/div><\/div>\n<div class=\"col-md-12 col-sm-12 col-xs-12 pt-cv-content-item pt-cv-1-col\" ><div class='pt-cv-ifield'><h4 class=\"pt-cv-title\"><a href=\"https:\/\/www.tvnovelas.com.br\/tvnews\/guerra-das-rosas-gulfem-coloca-gulru-contra-a-parede\/\" class=\"_self\" target=\"_self\" >Guerra das Rosas: Gulfem coloca Gulru contra a parede<\/a><\/h4><\/div><\/div>\n<div class=\"col-md-12 col-sm-12 col-xs-12 pt-cv-content-item pt-cv-1-col\" ><div class='pt-cv-ifield'><h4 class=\"pt-cv-title\"><a href=\"https:\/\/www.tvnovelas.com.br\/tvnews\/coracao-de-mae-atilla-diz-a-lale-que-quer-o-divorcio\/\" class=\"_self\" target=\"_self\" >Cora\u00e7\u00e3o de M\u00e3e: Atilla diz a Lale que quer o div\u00f3rcio<\/a><\/h4><\/div><\/div>\n<div class=\"col-md-12 col-sm-12 col-xs-12 pt-cv-content-item pt-cv-1-col\" ><div class='pt-cv-ifield'><h4 class=\"pt-cv-title\"><a href=\"https:\/\/www.tvnovelas.com.br\/tvnews\/a-nobreza-do-amor-mirinho-garante-noivado-com-virginia-para-atrair-sogro-a-negocio\/\" class=\"_self\" target=\"_self\" >A Nobreza do Amor: Mirinho garante noivado com Virg\u00ednia para atrair sogro a neg\u00f3cio<\/a><\/h4><\/div><\/div><\/div><\/div><\/div><br \/>\n<a href=\"https:\/\/www.tvnovelas.com.br\/novelas\/\"><strong>Confira os resumos da semana de todas novelas<\/strong><\/a><br \/>\n<a href=\"http:\/\/tvnovelas.com.br\/filmes\" target=\"_blank\" rel=\"noopener\">Veja tamb\u00e9m: Todas as telas: filmes e s\u00e9ries nos streamings<\/a><\/p>\n<h3>Confira tamb\u00e9m<\/h3>\n<p><a href=\"https:\/\/www.tvnovelas.com.br\/filmes\/\" target=\"_blank\" rel=\"noo 2 pener noreferrer noopener\"><strong>Programa\u00e7\u00e3o de filmes na TV aberta<\/strong><\/a><br \/>\n<a href=\"https:\/\/tvnovelas.com.br\/filmes\/filmes-e-series-ineditos-em-estreia-na-semana-na-netflix\/\" target=\"_blank\" rel=\"noopener noreferrer\"><strong>Estreias da semana na Netflix<\/strong><\/a><br \/>\n<a href=\"https:\/\/caetenews.com.br\/semana\/filmes-da-globo-na-sessao-da-tarde-desta-semana\/\" target=\"_blank\" rel=\"noopener\"><strong>Confira os filmes da semana na Sess\u00e3o da Tarde<\/strong><\/a><br \/>\n<a href=\"\/\/tvnovelas.com.br\/filmes\/filmes-em-estreia-nos-cinemas\/\" target=\"_blank\" rel=\"noopener noreferrer\"><strong>Estreias e novidades no Cinema<\/strong><\/a><br \/>\n<a href=\"https:\/\/www.tvnovelas.com.br\/novelas\/\" target=\"_blank\" rel=\"noopener noreferrer\"><strong>Resumos de novelas<\/strong><\/a><\/p>\n","protected":false},"excerpt":{"rendered":"<p>Em Todas as Flores, uma dan\u00e7a das cadeiras vai acontecer no por\u00e3o que Zo\u00e9 (Regina Cas\u00e9) est\u00e1 presa e sendo torturada por Vanessa (Let\u00edcia Colin)&#8230;<\/p>\n","protected":false},"author":1,"featured_media":59233,"comment_status":"closed","ping_status":"closed","sticky":false,"template":"","format":"standard","meta":{"_uf_show_specific_survey":0,"_uf_disable_surveys":false,"_jetpack_memberships_contains_paid_content":false,"footnotes":"","_wp_rev_ctl_limit":""},"categories":[236],"tags":[5,64,380],"class_list":["post-59232","post","type-post","status-publish","format-standard","has-post-thumbnail","hentry","category-globo","tag-globo","tag-novelas","tag-todas-as-flores","wpcat-236-id"],"aioseo_notices":[],"jetpack_featured_media_url":"https:\/\/i0.wp.com\/www.tvnovelas.com.br\/tvnews\/wp-content\/uploads\/2023\/11\/10181.jpg?fit=728%2C410&ssl=1","jetpack_shortlink":"https:\/\/wp.me\/pdP2BO-fpm","jetpack_sharing_enabled":true,"_links":{"self":[{"href":"https:\/\/www.tvnovelas.com.br\/tvnews\/wp-json\/wp\/v2\/posts\/59232","targetHints":{"allow":["GET"]}}],"collection":[{"href":"https:\/\/www.tvnovelas.com.br\/tvnews\/wp-json\/wp\/v2\/posts"}],"about":[{"href":"https:\/\/www.tvnovelas.com.br\/tvnews\/wp-json\/wp\/v2\/types\/post"}],"author":[{"embeddable":true,"href":"https:\/\/www.tvnovelas.com.br\/tvnews\/wp-json\/wp\/v2\/users\/1"}],"replies":[{"embeddable":true,"href":"https:\/\/www.tvnovelas.com.br\/tvnews\/wp-json\/wp\/v2\/comments?post=59232"}],"version-history":[{"count":1,"href":"https:\/\/www.tvnovelas.com.br\/tvnews\/wp-json\/wp\/v2\/posts\/59232\/revisions"}],"predecessor-version":[{"id":59234,"href":"https:\/\/www.tvnovelas.com.br\/tvnews\/wp-json\/wp\/v2\/posts\/59232\/revisions\/59234"}],"wp:featuredmedia":[{"embeddable":true,"href":"https:\/\/www.tvnovelas.com.br\/tvnews\/wp-json\/wp\/v2\/media\/59233"}],"wp:attachment":[{"href":"https:\/\/www.tvnovelas.com.br\/tvnews\/wp-json\/wp\/v2\/media?parent=59232"}],"wp:term":[{"taxonomy":"category","embeddable":true,"href":"https:\/\/www.tvnovelas.com.br\/tvnews\/wp-json\/wp\/v2\/categories?post=59232"},{"taxonomy":"post_tag","embeddable":true,"href":"https:\/\/www.tvnovelas.com.br\/tvnews\/wp-json\/wp\/v2\/tags?post=59232"}],"curies":[{"name":"wp","href":"https:\/\/api.w.org\/{rel}","templated":true}]}}