{"id":59309,"date":"2023-11-19T09:35:37","date_gmt":"2023-11-19T12:35:37","guid":{"rendered":"https:\/\/www.tvnovelas.com.br\/tvnews\/?p=59309"},"modified":"2023-11-19T09:35:37","modified_gmt":"2023-11-19T12:35:37","slug":"elas-por-elas-mario-fofoca-revela-na-cara-de-edu-que-sempre-amou-erica","status":"publish","type":"post","link":"https:\/\/www.tvnovelas.com.br\/tvnews\/elas-por-elas-mario-fofoca-revela-na-cara-de-edu-que-sempre-amou-erica\/","title":{"rendered":"Elas por Elas: M\u00e1rio Fofoca revela na cara de Edu que sempre amou \u00c9rica"},"content":{"rendered":"<p><em>Em Elas por Elas: M\u00e1rio Fofoca revela<\/em><br \/>\n<img data-recalc-dims=\"1\" decoding=\"async\" class=\"alignnone wp-image-59310 size-full\" title=\"(Foto: TV Globo\/Elas por Elas)\" src=\"https:\/\/i0.wp.com\/www.tvnovelas.com.br\/tvnews\/wp-content\/uploads\/2023\/11\/38747.jpg?resize=728%2C410&#038;ssl=1\" alt=\"Foto em Elas por Elas: M\u00e1rio Fofoca revela\" width=\"728\" height=\"410\" srcset=\"https:\/\/i0.wp.com\/www.tvnovelas.com.br\/tvnews\/wp-content\/uploads\/2023\/11\/38747.jpg?w=728&amp;ssl=1 728w, https:\/\/i0.wp.com\/www.tvnovelas.com.br\/tvnews\/wp-content\/uploads\/2023\/11\/38747.jpg?resize=678%2C381&amp;ssl=1 678w\" sizes=\"(max-width: 728px) 100vw, 728px\" \/><br \/>\nEm Elas por Elas, ap\u00f3s flagrar mais uma trai\u00e7\u00e3o de Edu (Lu\u00eds Navarro), \u00c9rica (Monique Alfradique) foi atropelada, ao atravessar a rua num rompante de raiva e n\u00e3o perceber um carro que estava passando. E, para a ang\u00fastia de todos, o quadro da mo\u00e7a ser\u00e1 bastante grave. O risco de morte far\u00e1 com que M\u00e1rio Fofoca (L\u00e1zaro Ramos) relembre todas as ocasi\u00f5es que teve para revelar que a amava, por\u00e9m, escondeu em considera\u00e7\u00e3o \u00e0 amizade com Edu.<\/p>\n<p>J\u00e1 na chegada ao hospital, o personal trainer ficar\u00e1 ainda mais desesperado ao ver que a situa\u00e7\u00e3o da esposa \u00e9 grave.<\/p>\n<p>\u201cO senhor n\u00e3o pode entrar aqui. O m\u00e9dico j\u00e1 vem trazer not\u00edcias\u201d, informar\u00e1 o enfermeiro que a encaminha na maca.<\/p>\n<p>\u201cVoc\u00ea n\u00e3o pode morrer, \u00c9rica, n\u00e3o faz isso comigo, por favor!\u201d, dir\u00e1 ele, t\u00e3o nervoso que come\u00e7ar\u00e1 a rezar ali mesmo. &#8220;Meu Deus, n\u00e3o deixa nada de ruim acontecer com a \u00c9rica, ela n\u00e3o merece.\u201d<\/p>\n<p>A primeira pessoa a chegar ao hospital ser\u00e1 M\u00e1rio, ainda mais desesperado, fazendo v\u00e1rias perguntas sobre a amada.<\/p>\n<p>\u201cEla n\u00e3o pode morrer, M\u00e1rio! N\u00e3o pode, \u00e9 minha culpa, eu n\u00e3o vou aguentar, n\u00e3o vou\u201d, comentar\u00e1 Edu.<br \/>\n\u201cO que foi que voc\u00ea fez, Edu?\u201d, questionar\u00e1 o detetive, em choque.<\/p>\n<p>Ren\u00e9e (Maria Clara Spinelli) ficar\u00e1 completamente aflita ao saber da situa\u00e7\u00e3o da irm\u00e3 e ir\u00e1 \u00e0s pressas para o hospital, acompanhada do filho, Tony (Richard Abelha). Chegando l\u00e1, ao saber que a tia foi atropelada ap\u00f3s uma briga com Edu, o rapaz voltar\u00e1 a entrar em conflito com o personal, de quem sempre foi um desafeto.<\/p>\n<p>\u201cPelo amor de Deus, estamos no hospital!\u201d, gritar\u00e1 Ren\u00e9e, ao ver a briga dos dois. \u201cSou a irm\u00e3 dela. Como ela t\u00e1, doutor?\u201d, questionar\u00e1 a mo\u00e7a.<\/p>\n<p>\u201cO quadro \u00e9 muito delicado. A \u00c9rica sofreu v\u00e1rias les\u00f5es menores e desenvolveu um edema cerebral\u201d, explicar\u00e1 o m\u00e9dico. \u201cEst\u00e1 em coma e ainda n\u00e3o sabemos quando vai acordar. Se voc\u00eas acreditam em Deus, \u00e9 hora de rezar.\u201d<\/p>\n<p><strong>Revela\u00e7\u00e3o<\/strong><br \/>\nMergulhado em um estado de ang\u00fastia pela possibilidade de perder a mulher que sempre amou \u00e0s escondidas amar, M\u00e1rio ir\u00e1 refletir sobre os momentos em que se acovardou de contar os pr\u00f3prios sentimentos. Ficar\u00e1 ainda pior pelo fato de ter acobertado Edu em diversas situa\u00e7\u00f5es, sabendo que ela merecia coisa melhor.<\/p>\n<p>De volta ao hospital, M\u00e1rio n\u00e3o ir\u00e1 sair do lado de \u00c9rica, que permanecer\u00e1 em coma. Ao ver o detetive ali, o personal ir\u00e1 come\u00e7ar a desabafar, mas n\u00e3o ter\u00e1 nem tempo de concluir.<\/p>\n<p>\u201cEu vim pela \u00c9rica. N\u00e3o sou mais seu amigo\u201d, ir\u00e1 disparar M\u00e1rio, pela primeira vez, n\u00e3o cedendo \u00e0s chantagens emocionais de Edu. \u201cSe a \u00c9rica t\u00e1 assim, \u00e9 por sua culpa!\u201d<\/p>\n<p>\u201cVoc\u00ea acha que eu n\u00e3o sei disso? Eu n\u00e3o penso em outra coisa. Olha como eu t\u00f4! N\u00e3o consigo parar de chorar. T\u00f4 sofrendo demais!\u201d, dir\u00e1 o traidor. \u201cSou o marido dela!\u201d<\/p>\n<p>\u201cE a sua mulher \u00e9 o amor da minha vida!\u201d, revelar\u00e1 M\u00e1rio, causando espanto em Edu.<\/p>\n<p>\u201cVoc\u00ea sempre soube, desde que a gente era garoto. Voc\u00ea nem tinha olhado pra ela direito, mas s\u00f3 de perceber que eu gostava da \u00c9rica, fez de um tudo pra conquistar ela!\u201d, dir\u00e1 o detetive.<\/p>\n<p>\u201cEu n\u00e3o sabia que&#8230; Achei que era zoa\u00e7\u00e3o, nunca levei isso muito a s\u00e9rio!\u201d, responder\u00e1 Edu.<\/p>\n<p>\u201cN\u00e3o me levou a s\u00e9rio, n\u00e3o levou a \u00c9rica a s\u00e9rio! E agora pode perder os dois!\u201d, finalizar\u00e1 M\u00e1rio.<br \/>\n<!--END POST--><br \/>\n<a href=\"https:\/\/www.tvnovelas.com.br\/novelas\/resumos-de-elas-por-elas\/\" target=\"_blank\" rel=\"noopener\">Confira os resumos da semana de &#8216;Elas por Elas&#8217;<\/a><br \/>\n<strong style=\"font-size: 120%;\">\u00daltimas not\u00edcias de Elas por Elas:<\/strong><br \/>\n<div class=\"pt-cv-wrapper\"><div class=\"pt-cv-view pt-cv-grid pt-cv-colsys\" id=\"pt-cv-view-23f2f2esxk\"><div data-id=\"pt-cv-page-1\" class=\"pt-cv-page\" data-cvc=\"1\"><div class=\"col-md-12 col-sm-12 col-xs-12 pt-cv-content-item pt-cv-1-col\" ><div class='pt-cv-ifield'><h4 class=\"pt-cv-title\"><a href=\"https:\/\/www.tvnovelas.com.br\/tvnews\/elas-por-elas-sergio-entrega-helena-para-salvar-isis\/\" class=\"_blank\" target=\"_blank\" >Elas por Elas: S\u00e9rgio entrega Helena para salvar Isis<\/a><\/h4><\/div><\/div>\n<div class=\"col-md-12 col-sm-12 col-xs-12 pt-cv-content-item pt-cv-1-col\" ><div class='pt-cv-ifield'><h4 class=\"pt-cv-title\"><a href=\"https:\/\/www.tvnovelas.com.br\/tvnews\/elas-por-elas-tais-sai-do-tribunal-para-a-maternidade\/\" class=\"_blank\" target=\"_blank\" >Elas por Elas:  Ta\u00eds sai do tribunal para a maternidade<\/a><\/h4><\/div><\/div>\n<div class=\"col-md-12 col-sm-12 col-xs-12 pt-cv-content-item pt-cv-1-col\" ><div class='pt-cv-ifield'><h4 class=\"pt-cv-title\"><a href=\"https:\/\/www.tvnovelas.com.br\/tvnews\/elas-por-elas-vilma-depoe-roberto-e-preso\/\" class=\"_blank\" target=\"_blank\" >Elas por Elas: Vilma dep\u00f5e;  Roberto \u00e9 preso<\/a><\/h4><\/div><\/div>\n<div class=\"col-md-12 col-sm-12 col-xs-12 pt-cv-content-item pt-cv-1-col\" ><div class='pt-cv-ifield'><h4 class=\"pt-cv-title\"><a href=\"https:\/\/www.tvnovelas.com.br\/tvnews\/elas-por-elas-vilma-depoe-e-derruba-o-alibi-de-roberto\/\" class=\"_blank\" target=\"_blank\" >Elas por Elas: Vilma dep\u00f5e e derruba o \u00e1libi de Roberto<\/a><\/h4><\/div><\/div>\n<div class=\"col-md-12 col-sm-12 col-xs-12 pt-cv-content-item pt-cv-1-col\" ><div class='pt-cv-ifield'><h4 class=\"pt-cv-title\"><a href=\"https:\/\/www.tvnovelas.com.br\/tvnews\/elas-por-elas-isis-sofre-outro-golpe-o-juiz-nega-habeas-corpus\/\" class=\"_blank\" target=\"_blank\" >Elas por Elas: \u00cdsis sofre outro golpe; o juiz nega habeas corpus<\/a><\/h4><\/div><\/div>\n<div class=\"col-md-12 col-sm-12 col-xs-12 pt-cv-content-item pt-cv-1-col\" ><div class='pt-cv-ifield'><h4 class=\"pt-cv-title\"><a href=\"https:\/\/www.tvnovelas.com.br\/tvnews\/elas-por-elas-juiz-mantem-prisao-de-isis-pelo-suposto-assassinato-de-helena\/\" class=\"_blank\" target=\"_blank\" >Elas por Elas: Juiz mant\u00e9m pris\u00e3o de \u00cdsis pelo suposto assassinato de Helena<\/a><\/h4><\/div><\/div><\/div><\/div><\/div><br \/>\n<strong style=\"font-size: 120%;\">\u00daltimas not\u00edcias deste site:<\/strong><br \/>\n<div class=\"pt-cv-wrapper\"><div class=\"pt-cv-view pt-cv-grid pt-cv-colsys\" id=\"pt-cv-view-90991035b3\"><div data-id=\"pt-cv-page-1\" class=\"pt-cv-page\" data-cvc=\"1\"><div class=\"col-md-12 col-sm-12 col-xs-12 pt-cv-content-item pt-cv-1-col\" ><div class='pt-cv-ifield'><h4 class=\"pt-cv-title\"><a href=\"https:\/\/www.tvnovelas.com.br\/tvnews\/em-a-nobreza-do-amor-na-semana-04-a-09-de-maio\/\" class=\"_self\" target=\"_self\" >Em A Nobreza do Amor na semana 04 a 09 de maio<\/a><\/h4><\/div><\/div>\n<div class=\"col-md-12 col-sm-12 col-xs-12 pt-cv-content-item pt-cv-1-col\" ><div class='pt-cv-ifield'><h4 class=\"pt-cv-title\"><a href=\"https:\/\/www.tvnovelas.com.br\/tvnews\/o-que-acontece-em-tres-gracas-na-semana-04-a-09-de-maio\/\" class=\"_self\" target=\"_self\" >O que acontece em Tr\u00eas Gra\u00e7as na semana 04 a 09 de maio<\/a><\/h4><\/div><\/div>\n<div class=\"col-md-12 col-sm-12 col-xs-12 pt-cv-content-item pt-cv-1-col\" ><div class='pt-cv-ifield'><h4 class=\"pt-cv-title\"><a href=\"https:\/\/www.tvnovelas.com.br\/tvnews\/coracao-de-mae-reha-entra-em-panico-com-a-prisao-de-adnan\/\" class=\"_self\" target=\"_self\" >Cora\u00e7\u00e3o de M\u00e3e: Reha entra em p\u00e2nico com a pris\u00e3o de Adnan<\/a><\/h4><\/div><\/div>\n<div class=\"col-md-12 col-sm-12 col-xs-12 pt-cv-content-item pt-cv-1-col\" ><div class='pt-cv-ifield'><h4 class=\"pt-cv-title\"><a href=\"https:\/\/www.tvnovelas.com.br\/tvnews\/guerra-das-rosas-mert-sequestra-gulru\/\" class=\"_self\" target=\"_self\" >Guerra das Rosas: Mert sequestra Gulru<\/a><\/h4><\/div><\/div>\n<div class=\"col-md-12 col-sm-12 col-xs-12 pt-cv-content-item pt-cv-1-col\" ><div class='pt-cv-ifield'><h4 class=\"pt-cv-title\"><a href=\"https:\/\/www.tvnovelas.com.br\/tvnews\/a-nobreza-do-amor-resistencia-sequestra-noivo-de-kenia-e-o-despacha-de-batanga\/\" class=\"_self\" target=\"_self\" >A Nobreza do Amor: Resist\u00eancia sequestra noivo de K\u00eania e o despacha de Batanga<\/a><\/h4><\/div><\/div>\n<div class=\"col-md-12 col-sm-12 col-xs-12 pt-cv-content-item pt-cv-1-col\" ><div class='pt-cv-ifield'><h4 class=\"pt-cv-title\"><a href=\"https:\/\/www.tvnovelas.com.br\/tvnews\/tres-gracas-joelly-e-gerluce-descobrem-que-filha-de-lena-e-a-bebe-roubada\/\" class=\"_self\" target=\"_self\" >Tr\u00eas Gra\u00e7as: Jo\u00e9lly e Gerluce descobrem que filha de Lena \u00e9 a beb\u00ea roubada<\/a><\/h4><\/div><\/div>\n<div class=\"col-md-12 col-sm-12 col-xs-12 pt-cv-content-item pt-cv-1-col\" ><div class='pt-cv-ifield'><h4 class=\"pt-cv-title\"><a href=\"https:\/\/www.tvnovelas.com.br\/tvnews\/em-coracao-de-mae-nos-proximos-capitulos-04-a-08-5\/\" class=\"_self\" target=\"_self\" >Em Cora\u00e7\u00e3o de M\u00e3e nos pr\u00f3ximos cap\u00edtulos (04 a 08\/5)<\/a><\/h4><\/div><\/div>\n<div class=\"col-md-12 col-sm-12 col-xs-12 pt-cv-content-item pt-cv-1-col\" ><div class='pt-cv-ifield'><h4 class=\"pt-cv-title\"><a href=\"https:\/\/www.tvnovelas.com.br\/tvnews\/coracao-de-mae-hasan-e-filiz-em-piquenique-romantico\/\" class=\"_self\" target=\"_self\" >Cora\u00e7\u00e3o de M\u00e3e: Hasan e Filiz em piquenique rom\u00e2ntico<\/a><\/h4><\/div><\/div>\n<div class=\"col-md-12 col-sm-12 col-xs-12 pt-cv-content-item pt-cv-1-col\" ><div class='pt-cv-ifield'><h4 class=\"pt-cv-title\"><a href=\"https:\/\/www.tvnovelas.com.br\/tvnews\/guerra-das-rosas-cihan-vibra-com-desistencia-de-gulru-de-casar-com-mert\/\" class=\"_self\" target=\"_self\" >Guerra das Rosas: Cihan vibra com desist\u00eancia de Gulru de casar com Mert<\/a><\/h4><\/div><\/div>\n<div class=\"col-md-12 col-sm-12 col-xs-12 pt-cv-content-item pt-cv-1-col\" ><div class='pt-cv-ifield'><h4 class=\"pt-cv-title\"><a href=\"https:\/\/www.tvnovelas.com.br\/tvnews\/coracao-de-mae-irmak-denuncia-adnan\/\" class=\"_self\" target=\"_self\" >Cora\u00e7\u00e3o de M\u00e3e: Irmak denuncia Adnan<\/a><\/h4><\/div><\/div><\/div><\/div><\/div><br \/>\n<a href=\"https:\/\/www.tvnovelas.com.br\/novelas\/\"><strong>Confira os resumos da semana de todas novelas<\/strong><\/a><\/p>\n<h3>Confira tamb\u00e9m<\/h3>\n<p><a href=\"https:\/\/www.tvnovelas.com.br\/filmes\/\" target=\"_blank\" rel=\"noopener noreferrer\"><strong>Programa\u00e7\u00e3o de filmes na TV aberta<\/strong><\/a><br \/>\n<a href=\"https:\/\/caetenews.com.br\/semana\/filmes-da-globo-na-sessao-da-tarde-desta-semana\/\" target=\"_blank\" rel=\"noopener\"><strong>Confira os filmes da semana na Sess\u00e3o da Tarde<\/strong><\/a><br \/>\n<a href=\"https:\/\/www.tvnovelas.com.br\/novelas\/\" target=\"_blank\" rel=\"noopener noreferrer\"><strong>Resumos de novelas<\/strong><\/a><\/p>\n","protected":false},"excerpt":{"rendered":"<p>Em Elas por Elas, ap\u00f3s flagrar mais uma trai\u00e7\u00e3o de Edu (Lu\u00eds Navarro), \u00c9rica (Monique Alfradique) foi atropelada, ao atravessar a rua num&#8230;<\/p>\n","protected":false},"author":1,"featured_media":59310,"comment_status":"closed","ping_status":"closed","sticky":false,"template":"","format":"standard","meta":{"_uf_show_specific_survey":0,"_uf_disable_surveys":false,"_jetpack_memberships_contains_paid_content":false,"footnotes":"","_wp_rev_ctl_limit":""},"categories":[401],"tags":[402,5,64],"class_list":["post-59309","post","type-post","status-publish","format-standard","has-post-thumbnail","hentry","category-elas-por-elas","tag-elas-por-elas","tag-globo","tag-novelas","wpcat-401-id"],"aioseo_notices":[],"jetpack_featured_media_url":"https:\/\/i0.wp.com\/www.tvnovelas.com.br\/tvnews\/wp-content\/uploads\/2023\/11\/38747.jpg?fit=728%2C410&ssl=1","jetpack_shortlink":"https:\/\/wp.me\/pdP2BO-fqB","jetpack_sharing_enabled":true,"_links":{"self":[{"href":"https:\/\/www.tvnovelas.com.br\/tvnews\/wp-json\/wp\/v2\/posts\/59309","targetHints":{"allow":["GET"]}}],"collection":[{"href":"https:\/\/www.tvnovelas.com.br\/tvnews\/wp-json\/wp\/v2\/posts"}],"about":[{"href":"https:\/\/www.tvnovelas.com.br\/tvnews\/wp-json\/wp\/v2\/types\/post"}],"author":[{"embeddable":true,"href":"https:\/\/www.tvnovelas.com.br\/tvnews\/wp-json\/wp\/v2\/users\/1"}],"replies":[{"embeddable":true,"href":"https:\/\/www.tvnovelas.com.br\/tvnews\/wp-json\/wp\/v2\/comments?post=59309"}],"version-history":[{"count":1,"href":"https:\/\/www.tvnovelas.com.br\/tvnews\/wp-json\/wp\/v2\/posts\/59309\/revisions"}],"predecessor-version":[{"id":59311,"href":"https:\/\/www.tvnovelas.com.br\/tvnews\/wp-json\/wp\/v2\/posts\/59309\/revisions\/59311"}],"wp:featuredmedia":[{"embeddable":true,"href":"https:\/\/www.tvnovelas.com.br\/tvnews\/wp-json\/wp\/v2\/media\/59310"}],"wp:attachment":[{"href":"https:\/\/www.tvnovelas.com.br\/tvnews\/wp-json\/wp\/v2\/media?parent=59309"}],"wp:term":[{"taxonomy":"category","embeddable":true,"href":"https:\/\/www.tvnovelas.com.br\/tvnews\/wp-json\/wp\/v2\/categories?post=59309"},{"taxonomy":"post_tag","embeddable":true,"href":"https:\/\/www.tvnovelas.com.br\/tvnews\/wp-json\/wp\/v2\/tags?post=59309"}],"curies":[{"name":"wp","href":"https:\/\/api.w.org\/{rel}","templated":true}]}}