{"id":59552,"date":"2023-11-25T09:03:32","date_gmt":"2023-11-25T12:03:32","guid":{"rendered":"https:\/\/www.tvnovelas.com.br\/tvnews\/?p=59552"},"modified":"2023-11-25T09:03:32","modified_gmt":"2023-11-25T12:03:32","slug":"terra-e-paixao-por-irene-ramiro-aceita-matar-sidney","status":"publish","type":"post","link":"https:\/\/www.tvnovelas.com.br\/tvnews\/terra-e-paixao-por-irene-ramiro-aceita-matar-sidney\/","title":{"rendered":"Terra e Paix\u00e3o: Por Irene, Ramiro aceita matar Sidney"},"content":{"rendered":"<p><em>Em Terra e Paix\u00e3o: Por Irene, Ramiro<\/em><br \/>\n<img data-recalc-dims=\"1\" decoding=\"async\" class=\"alignnone wp-image-59553 size-full\" title=\"(Foto: TV Globo\/Terra e Paix\u00e3o)\" src=\"https:\/\/i0.wp.com\/www.tvnovelas.com.br\/tvnews\/wp-content\/uploads\/2023\/11\/38811.jpg?resize=728%2C410&#038;ssl=1\" alt=\"Foto em Terra e Paix\u00e3o: Por Irene, Ramiro\" width=\"728\" height=\"410\" srcset=\"https:\/\/i0.wp.com\/www.tvnovelas.com.br\/tvnews\/wp-content\/uploads\/2023\/11\/38811.jpg?w=728&amp;ssl=1 728w, https:\/\/i0.wp.com\/www.tvnovelas.com.br\/tvnews\/wp-content\/uploads\/2023\/11\/38811.jpg?resize=678%2C381&amp;ssl=1 678w\" sizes=\"(max-width: 728px) 100vw, 728px\" \/><br \/>\nEm Terra e Paix\u00e3o, Sidney (Paulo Roque) voltou a Nova Primavera e deixou Tadeu (Claudio Gabriel) desesperado. S\u00f3 que os dias do bandido podem estar contados.<\/p>\n<p>Nos pr\u00f3ximos cap\u00edtulos, Irene (Gloria Pires) descobrir\u00e1 que o capanga que sabe de todos os seus crimes est\u00e1 por perto e encomendar\u00e1 a morte do ex-funcion\u00e1rio dos La Selva.<\/p>\n<p>&#8220;Voc\u00ea tem que matar o Sidney antes que ele seja preso pela pol\u00edcia&#8221;, ordena a vil\u00e3 a Ramiro (Amaury Lorenzo).<\/p>\n<p>O capanga, que tem seguido os conselhos de Kelvin (Diego Martins) para se transformar em uma pessoa melhor, acaba aceitando fazer o servi\u00e7o sujo por pena da ex-patroa.<\/p>\n<p>Irene quer eliminar Sidney orque ele \u00e9 a \u00fanica pessoa que sabe que ela est\u00e1 por tr\u00e1s da morte de Daniel (Johnny Massaro).<\/p>\n<p><strong>O plano<\/strong><br \/>\nSem querer, Irene descobre que Sidney voltou \u00e0 cidade e que Marino (Leandro Lima) montou uma armadilha com Tadeu para prender o bandido.<\/p>\n<p>Com medo dele entreg\u00e1-la \u00e0 pol\u00edcia, a vil\u00e3 exige que o Ramiro cometa o crime e faz chantagem emocional com o ex-funcion\u00e1rio. Comovido com a situa\u00e7\u00e3o, ele aceita executar seu antigo parceiro na fazenda dos La Selva.<\/p>\n<p>Ramiro marca um encontro com Sidney e o surpreende com uma arma apontada:<\/p>\n<p>&#8220;Pode ir rezando que voc\u00ea vai morrer agorinha&#8221;\u00b4<\/p>\n<p>&#8220;Estou aqui para te matar&#8221;.<br \/>\n<!--END POST--><br \/>\n<a href=\"https:\/\/www.tvnovelas.com.br\/novelas\/resumos-de-terra-e-paixao\/\">Confira os resumos da semana de &#8216;Terra e Paix\u00e3o&#8217;<\/a><br \/>\n<strong style=\"font-size: 120%;\">\u00daltimas not\u00edcias de Terra e Paix\u00e3o:<\/strong><br \/>\n<div class=\"pt-cv-wrapper\"><div class=\"pt-cv-view pt-cv-grid pt-cv-colsys\" id=\"pt-cv-view-9bbc6490w2\"><div data-id=\"pt-cv-page-1\" class=\"pt-cv-page\" data-cvc=\"1\"><div class=\"col-md-12 col-sm-6 col-xs-12 pt-cv-content-item pt-cv-1-col\" ><div class='pt-cv-ifield'><h4 class=\"pt-cv-title\"><a href=\"https:\/\/www.tvnovelas.com.br\/tvnews\/terra-e-paixao-vinicius-choca-aline-com-relatorio-sobre-diamantes-em-suas-terras\/\" class=\"_blank\" target=\"_blank\" >Terra e Paix\u00e3o: Vin\u00edcius choca Aline com relat\u00f3rio sobre diamantes em suas terras<\/a><\/h4><\/div><\/div>\n<div class=\"col-md-12 col-sm-6 col-xs-12 pt-cv-content-item pt-cv-1-col\" ><div class='pt-cv-ifield'><h4 class=\"pt-cv-title\"><a href=\"https:\/\/www.tvnovelas.com.br\/tvnews\/terra-e-paixao-fuga-de-antonio-tem-mortes-e-disfarce\/\" class=\"_blank\" target=\"_blank\" >Terra e Paix\u00e3o: Fuga de Ant\u00f4nio tem mortes e disfarce<\/a><\/h4><\/div><\/div>\n<div class=\"col-md-12 col-sm-6 col-xs-12 pt-cv-content-item pt-cv-1-col\" ><div class='pt-cv-ifield'><h4 class=\"pt-cv-title\"><a href=\"https:\/\/www.tvnovelas.com.br\/tvnews\/terra-e-paixao-antonio-invade-casamento-para-matar-aline-no-altar\/\" class=\"_blank\" target=\"_blank\" >Terra e Paix\u00e3o: Ant\u00f4nio invade casamento para matar Aline no altar<\/a><\/h4><\/div><\/div>\n<div class=\"col-md-12 col-sm-6 col-xs-12 pt-cv-content-item pt-cv-1-col\" ><div class='pt-cv-ifield'><h4 class=\"pt-cv-title\"><a href=\"https:\/\/www.tvnovelas.com.br\/tvnews\/terra-e-paixao-graca-se-junta-a-policia-para-salvar-danielzinho\/\" class=\"_blank\" target=\"_blank\" >Terra e Paix\u00e3o: Gra\u00e7a se junta \u00e0 Pol\u00edcia para salvar Danielzinho<\/a><\/h4><\/div><\/div>\n<div class=\"col-md-12 col-sm-6 col-xs-12 pt-cv-content-item pt-cv-1-col\" ><div class='pt-cv-ifield'><h4 class=\"pt-cv-title\"><a href=\"https:\/\/www.tvnovelas.com.br\/tvnews\/terra-e-paixao-marino-da-voz-de-prisao-a-irene\/\" class=\"_blank\" target=\"_blank\" >Terra e Paix\u00e3o: Marino d\u00e1 voz de pris\u00e3o a Irene<\/a><\/h4><\/div><\/div>\n<div class=\"col-md-12 col-sm-6 col-xs-12 pt-cv-content-item pt-cv-1-col\" ><div class='pt-cv-ifield'><h4 class=\"pt-cv-title\"><a href=\"https:\/\/www.tvnovelas.com.br\/tvnews\/terra-e-paixao-irene-sequestra-danielzinho-e-foge-com-vinicius\/\" class=\"_blank\" target=\"_blank\" >Terra e Paix\u00e3o: Irene sequestra Danielzinho e foge com Vin\u00edcius<\/a><\/h4><\/div><\/div><\/div><\/div><\/div><br \/>\n<strong style=\"font-size: 120%;\">\u00daltimas not\u00edcias deste canal:<\/strong><br \/>\n<div class=\"pt-cv-wrapper\"><div class=\"pt-cv-view pt-cv-grid pt-cv-colsys\" id=\"pt-cv-view-90991035b3\"><div data-id=\"pt-cv-page-1\" class=\"pt-cv-page\" data-cvc=\"1\"><div class=\"col-md-12 col-sm-12 col-xs-12 pt-cv-content-item pt-cv-1-col\" ><div class='pt-cv-ifield'><h4 class=\"pt-cv-title\"><a href=\"https:\/\/www.tvnovelas.com.br\/tvnews\/o-que-acontece-em-tres-gracas-na-semana-04-a-09-de-maio\/\" class=\"_self\" target=\"_self\" >O que acontece em Tr\u00eas Gra\u00e7as na semana 04 a 09 de maio<\/a><\/h4><\/div><\/div>\n<div class=\"col-md-12 col-sm-12 col-xs-12 pt-cv-content-item pt-cv-1-col\" ><div class='pt-cv-ifield'><h4 class=\"pt-cv-title\"><a href=\"https:\/\/www.tvnovelas.com.br\/tvnews\/coracao-de-mae-reha-entra-em-panico-com-a-prisao-de-adnan\/\" class=\"_self\" target=\"_self\" >Cora\u00e7\u00e3o de M\u00e3e: Reha entra em p\u00e2nico com a pris\u00e3o de Adnan<\/a><\/h4><\/div><\/div>\n<div class=\"col-md-12 col-sm-12 col-xs-12 pt-cv-content-item pt-cv-1-col\" ><div class='pt-cv-ifield'><h4 class=\"pt-cv-title\"><a href=\"https:\/\/www.tvnovelas.com.br\/tvnews\/guerra-das-rosas-mert-sequestra-gulru\/\" class=\"_self\" target=\"_self\" >Guerra das Rosas: Mert sequestra Gulru<\/a><\/h4><\/div><\/div>\n<div class=\"col-md-12 col-sm-12 col-xs-12 pt-cv-content-item pt-cv-1-col\" ><div class='pt-cv-ifield'><h4 class=\"pt-cv-title\"><a href=\"https:\/\/www.tvnovelas.com.br\/tvnews\/a-nobreza-do-amor-resistencia-sequestra-noivo-de-kenia-e-o-despacha-de-batanga\/\" class=\"_self\" target=\"_self\" >A Nobreza do Amor: Resist\u00eancia sequestra noivo de K\u00eania e o despacha de Batanga<\/a><\/h4><\/div><\/div>\n<div class=\"col-md-12 col-sm-12 col-xs-12 pt-cv-content-item pt-cv-1-col\" ><div class='pt-cv-ifield'><h4 class=\"pt-cv-title\"><a href=\"https:\/\/www.tvnovelas.com.br\/tvnews\/tres-gracas-joelly-e-gerluce-descobrem-que-filha-de-lena-e-a-bebe-roubada\/\" class=\"_self\" target=\"_self\" >Tr\u00eas Gra\u00e7as: Jo\u00e9lly e Gerluce descobrem que filha de Lena \u00e9 a beb\u00ea roubada<\/a><\/h4><\/div><\/div>\n<div class=\"col-md-12 col-sm-12 col-xs-12 pt-cv-content-item pt-cv-1-col\" ><div class='pt-cv-ifield'><h4 class=\"pt-cv-title\"><a href=\"https:\/\/www.tvnovelas.com.br\/tvnews\/em-coracao-de-mae-nos-proximos-capitulos-04-a-08-5\/\" class=\"_self\" target=\"_self\" >Em Cora\u00e7\u00e3o de M\u00e3e nos pr\u00f3ximos cap\u00edtulos (04 a 08\/5)<\/a><\/h4><\/div><\/div>\n<div class=\"col-md-12 col-sm-12 col-xs-12 pt-cv-content-item pt-cv-1-col\" ><div class='pt-cv-ifield'><h4 class=\"pt-cv-title\"><a href=\"https:\/\/www.tvnovelas.com.br\/tvnews\/coracao-de-mae-hasan-e-filiz-em-piquenique-romantico\/\" class=\"_self\" target=\"_self\" >Cora\u00e7\u00e3o de M\u00e3e: Hasan e Filiz em piquenique rom\u00e2ntico<\/a><\/h4><\/div><\/div>\n<div class=\"col-md-12 col-sm-12 col-xs-12 pt-cv-content-item pt-cv-1-col\" ><div class='pt-cv-ifield'><h4 class=\"pt-cv-title\"><a href=\"https:\/\/www.tvnovelas.com.br\/tvnews\/guerra-das-rosas-cihan-vibra-com-desistencia-de-gulru-de-casar-com-mert\/\" class=\"_self\" target=\"_self\" >Guerra das Rosas: Cihan vibra com desist\u00eancia de Gulru de casar com Mert<\/a><\/h4><\/div><\/div>\n<div class=\"col-md-12 col-sm-12 col-xs-12 pt-cv-content-item pt-cv-1-col\" ><div class='pt-cv-ifield'><h4 class=\"pt-cv-title\"><a href=\"https:\/\/www.tvnovelas.com.br\/tvnews\/coracao-de-mae-irmak-denuncia-adnan\/\" class=\"_self\" target=\"_self\" >Cora\u00e7\u00e3o de M\u00e3e: Irmak denuncia Adnan<\/a><\/h4><\/div><\/div>\n<div class=\"col-md-12 col-sm-12 col-xs-12 pt-cv-content-item pt-cv-1-col\" ><div class='pt-cv-ifield'><h4 class=\"pt-cv-title\"><a href=\"https:\/\/www.tvnovelas.com.br\/tvnews\/a-nobreza-do-amor-mirinho-e-obrigado-a-resgatar-tonho\/\" class=\"_self\" target=\"_self\" >A Nobreza do Amor: Mirinho \u00e9 obrigado a resgatar Tonho<\/a><\/h4><\/div><\/div><\/div><\/div><\/div><br \/>\n<a href=\"https:\/\/www.tvnovelas.com.br\/novelas\/\"><strong>Confira os resumos da semana de todas novelas<\/strong><\/a><\/p>\n<h3>Confira tamb\u00e9m<\/h3>\n<p><a href=\"https:\/\/www.tvnovelas.com.br\/filmes\/\" target=\"_blank\" rel=\"noopener noreferrer\"><strong>Programa\u00e7\u00e3o de filmes na TV aberta<\/strong><\/a><br \/>\n<a href=\"https:\/\/caetenews.com.br\/semana\/filmes-da-globo-na-sessao-da-tarde-desta-semana\/\" target=\"_blank\" rel=\"noopener\"><strong>Confira os filmes da semana na Sess\u00e3o da Tarde<\/strong><\/a><br \/>\n<a href=\"https:\/\/www.tvnovelas.com.br\/novelas\/\" target=\"_blank\" rel=\"noopener noreferrer\"><strong>Resumos de novelas<\/strong><\/a><\/p>\n","protected":false},"excerpt":{"rendered":"<p>Em Terra e Paix\u00e3o, Sidney (Paulo Roque) voltou a Nova Primavera e deixou Tadeu (Claudio Gabriel) desesperado&#8230;<\/p>\n","protected":false},"author":1,"featured_media":59553,"comment_status":"closed","ping_status":"closed","sticky":false,"template":"","format":"standard","meta":{"_uf_show_specific_survey":0,"_uf_disable_surveys":false,"_jetpack_memberships_contains_paid_content":false,"footnotes":"","_wp_rev_ctl_limit":""},"categories":[382],"tags":[5,64,383],"class_list":["post-59552","post","type-post","status-publish","format-standard","has-post-thumbnail","hentry","category-terra-e-paixao","tag-globo","tag-novelas","tag-terra-e-paixao","wpcat-382-id"],"aioseo_notices":[],"jetpack_featured_media_url":"https:\/\/i0.wp.com\/www.tvnovelas.com.br\/tvnews\/wp-content\/uploads\/2023\/11\/38811.jpg?fit=728%2C410&ssl=1","jetpack_shortlink":"https:\/\/wp.me\/pdP2BO-fuw","jetpack_sharing_enabled":true,"_links":{"self":[{"href":"https:\/\/www.tvnovelas.com.br\/tvnews\/wp-json\/wp\/v2\/posts\/59552","targetHints":{"allow":["GET"]}}],"collection":[{"href":"https:\/\/www.tvnovelas.com.br\/tvnews\/wp-json\/wp\/v2\/posts"}],"about":[{"href":"https:\/\/www.tvnovelas.com.br\/tvnews\/wp-json\/wp\/v2\/types\/post"}],"author":[{"embeddable":true,"href":"https:\/\/www.tvnovelas.com.br\/tvnews\/wp-json\/wp\/v2\/users\/1"}],"replies":[{"embeddable":true,"href":"https:\/\/www.tvnovelas.com.br\/tvnews\/wp-json\/wp\/v2\/comments?post=59552"}],"version-history":[{"count":1,"href":"https:\/\/www.tvnovelas.com.br\/tvnews\/wp-json\/wp\/v2\/posts\/59552\/revisions"}],"predecessor-version":[{"id":59554,"href":"https:\/\/www.tvnovelas.com.br\/tvnews\/wp-json\/wp\/v2\/posts\/59552\/revisions\/59554"}],"wp:featuredmedia":[{"embeddable":true,"href":"https:\/\/www.tvnovelas.com.br\/tvnews\/wp-json\/wp\/v2\/media\/59553"}],"wp:attachment":[{"href":"https:\/\/www.tvnovelas.com.br\/tvnews\/wp-json\/wp\/v2\/media?parent=59552"}],"wp:term":[{"taxonomy":"category","embeddable":true,"href":"https:\/\/www.tvnovelas.com.br\/tvnews\/wp-json\/wp\/v2\/categories?post=59552"},{"taxonomy":"post_tag","embeddable":true,"href":"https:\/\/www.tvnovelas.com.br\/tvnews\/wp-json\/wp\/v2\/tags?post=59552"}],"curies":[{"name":"wp","href":"https:\/\/api.w.org\/{rel}","templated":true}]}}