{"id":59555,"date":"2023-11-25T14:35:26","date_gmt":"2023-11-25T17:35:26","guid":{"rendered":"https:\/\/www.tvnovelas.com.br\/tvnews\/?p=59555"},"modified":"2023-11-25T14:24:15","modified_gmt":"2023-11-25T17:24:15","slug":"o-que-que-rola-em-elas-por-elas-na-semana-27-11-a-02-12","status":"publish","type":"post","link":"https:\/\/www.tvnovelas.com.br\/tvnews\/o-que-que-rola-em-elas-por-elas-na-semana-27-11-a-02-12\/","title":{"rendered":"O que que rola em Elas por Elas na semana 27\/11 a 02\/12"},"content":{"rendered":"<p><em>Resumos de Elas por Elas na semana 27\/11 a 02\/12<\/em><\/p>\n<p><img data-recalc-dims=\"1\" decoding=\"async\" class=\"alignnone wp-image-59556 size-full\" title=\"(Foto: Reprodu\u00e7\u00e3o\/TV Globo\/Elas por Elas)\" src=\"https:\/\/i0.wp.com\/www.tvnovelas.com.br\/tvnews\/wp-content\/uploads\/2023\/11\/38812.jpg?resize=728%2C410&#038;ssl=1\" alt=\"Foto emResumos de Elas por Elas na semana 27\/11\" width=\"728\" height=\"410\" srcset=\"https:\/\/i0.wp.com\/www.tvnovelas.com.br\/tvnews\/wp-content\/uploads\/2023\/11\/38812.jpg?w=728&amp;ssl=1 728w, https:\/\/i0.wp.com\/www.tvnovelas.com.br\/tvnews\/wp-content\/uploads\/2023\/11\/38812.jpg?resize=678%2C381&amp;ssl=1 678w\" sizes=\"(max-width: 728px) 100vw, 728px\" \/><\/p>\n<blockquote><p>Tony manda que o pai se afaste de sua m\u00e3e; Roberto sabota processo de Lara; Lara confronta Roberto; M\u00e1rcia revela a Vic que \u00e9 sua m\u00e3e biol\u00f3gica; Jonas pede Adriana em casamento&#8230;<\/p><\/blockquote>\n<p><strong>Resumo de segunda-feira, 27 de novembro<\/strong><br \/>\nO m\u00e9dico explica a Edu que \u00c9rica continua inconsciente. Vic agradece a M\u00e1rcia\/Susana pela ajuda com o teste na escola. S\u00e9rgio exige que Helena reassuma a presid\u00eancia da empresa. Adriana sugere que Giovanni procure ajuda profissional para tratar sua ansiedade. Tony encontra Wagner e manda que o pai se afaste de sua m\u00e3e. Yeda defende Edu, e Tony se surpreende. Nat\u00e1lia conta a L\u00edgia que est\u00e1 se sentindo bem, sem pensar em Bruno. Aramis assume o caso de Jonas. Nat\u00e1lia v\u00ea um rapaz id\u00eantico a Bruno em uma de suas fotografias.<\/p>\n<p><strong>Resumo de ter\u00e7a-feira, 28 de novembro<\/strong><br \/>\nNat\u00e1lia pede ajuda a Carol para encontrar o rapaz da fotografia\u00ad. M\u00e1rio encontra Agenor, que garante que Ta\u00eds foi a \u00faltima namorada de \u00c1tila, mas a filha de Agenor diz a M\u00e1rio que seu pai est\u00e1 com dem\u00eancia. Helena humilha M\u00edriam. Ren\u00e9e confronta Tony sobre seu encontro com Wagner. Roberto tem uma ideia para sabotar a audi\u00eancia de Lara. Helena insinua que Jonas o roubou, e Giovanni tem uma lembran\u00e7a que o atordoa. Yeda se encanta por Edu. Chega o dia da audi\u00eancia de Lara e Ta\u00eds. Roberto esconde p\u00e1ginas do processo de Lara.<br \/>\n<img data-recalc-dims=\"1\" decoding=\"async\" class=\"alignnone wp-image-59557 size-full\" title=\"(Foto: Reprodu\u00e7\u00e3o\/TV Globo\/Elas por Elas)\" src=\"https:\/\/i0.wp.com\/www.tvnovelas.com.br\/tvnews\/wp-content\/uploads\/2023\/11\/38812a.jpg?resize=728%2C409&#038;ssl=1\" alt=\"Foto em Resumos de Elas por Elas na semana 27\/11\" width=\"728\" height=\"409\" srcset=\"https:\/\/i0.wp.com\/www.tvnovelas.com.br\/tvnews\/wp-content\/uploads\/2023\/11\/38812a.jpg?w=728&amp;ssl=1 728w, https:\/\/i0.wp.com\/www.tvnovelas.com.br\/tvnews\/wp-content\/uploads\/2023\/11\/38812a.jpg?resize=678%2C381&amp;ssl=1 678w\" sizes=\"(max-width: 728px) 100vw, 728px\" \/><\/p>\n<p><strong>Resumo de quarta-feira, 29 de novembro<\/strong><br \/>\nCome\u00e7a a audi\u00eancia de Ta\u00eds e de outras modelos contra Silas. M\u00edriam descobre que Jonas ir\u00e1 morar com Adriana, e conta para Helena. Vic desabafa com M\u00e1rcia\/Susana e conta que Wagner est\u00e1 rondando sua fam\u00edlia. Lara nota que algu\u00e9m sabotou suas anota\u00e7\u00f5es e se desespera diante do juiz. M\u00e1rio apoia Lara, que recupera sua calma. Carol marca um encontro, e Ulisses e Wanda desconfiam. Lara confronta Roberto sobre a sabotagem a suas anota\u00e7\u00f5es. Jonas questiona se Giovanni desconfia dele. Carol e Nat\u00e1lia conhecem Marcos.<\/p>\n<p><strong>Resumo de quinta-feira, 30 de novembro<\/strong><br \/>\nNat\u00e1lia se emociona e mostra a Marcos uma foto de Bruno. Helena se intromete na briga de Jonas e Giovanni, que pede para que o pai deixe a empresa. Fagundes garante a S\u00e9rgio que M\u00edriam sabe que est\u00e1 sendo seguida. Lara acredita que suas anota\u00e7\u00f5es foram escondidas por Ivan, o c\u00e3o, e se desculpa com Roberto. Nat\u00e1lia pede que Marcos fa\u00e7a um exame de DNA. Yeda convence Edu a sair um pouco do hospital em que \u00c9rica est\u00e1 internada. M\u00e1rcia revela a Vic que \u00e9 sua m\u00e3e biol\u00f3gica.<br \/>\n<img data-recalc-dims=\"1\" decoding=\"async\" class=\"alignnone wp-image-59558 size-full\" title=\"(Foto: Reprodu\u00e7\u00e3o\/TV Globo\/Elas por Elas)\" src=\"https:\/\/i0.wp.com\/www.tvnovelas.com.br\/tvnews\/wp-content\/uploads\/2023\/11\/38812b.jpg?resize=728%2C407&#038;ssl=1\" alt=\"Foto em Resumos de Elas por Elas na semana 27\/11\" width=\"728\" height=\"407\" \/><\/p>\n<p><strong>Resumo de sexta-feira, 1\u00ba de dezembro<\/strong><br \/>\nVic se revolta contra M\u00e1rcia, que revela \u00e0 filha o motivo de ter partido. Nat\u00e1lia comenta com Carol que planeja levar Marcos para sua casa. \u00cdsis vai \u00e0 casa de Giovanni, e Helena a destrata. Lara faz um jantar para M\u00e1rio. M\u00edriam consegue abrir uma gaveta secreta no escrit\u00f3rio de S\u00e9rgio, e Maninha alerta o patr\u00e3o. Lara tenta se declarar para M\u00e1rio, que acaba tendo uma crise al\u00e9rgica durante o jantar. Vic conta tudo sobre M\u00e1rcia para Ren\u00e9e, que se enfurece. Roberto diz a Vilma que vai afastar Lara do escrit\u00f3rio. M\u00edriam e Danilo concluem que Bruno chantageou Helena antes de morrer. Ren\u00e9e confronta M\u00e1rcia.<\/p>\n<p><strong>Resumo de s\u00e1bado, 02 de dezembro<\/strong><br \/>\nRen\u00e9e exige que M\u00e1rcia se afaste de seus filhos. Jonas decide deixar a casa de Adriana, que fica arrasada. Marlene confessa a \u00cdsis que n\u00e3o simpatiza com S\u00e9rgio. Jonas sofre com todas as perdas em sua vida. Aramis e Tony pedem ajuda a Giovanni para provar a inoc\u00eancia de Jonas. M\u00e1rcia afirma a Eug\u00eania que pedir\u00e1 a guarda dos filhos na Justi\u00e7a. Cris diz a Helena que desistiu de Giovanni. Edu diz a M\u00e1rio que Lara gosta dele. Pedro insiste para saber a identidade do pai do filho de Ta\u00eds. Jonas pede Adriana em casamento. O juiz d\u00e1 ganho de causa para Silas.<\/p>\n<p><!--END POST--><br \/>\n<a href=\"https:\/\/www.tvnovelas.com.br\/novelas\/resumos-de-elas-por-elas-2\/\" target=\"_blank\" rel=\"noopener\">Confira os resumos de &#8216;Elas por Elas&#8217; da semana 04 a 09 de dezembro<\/a><br \/>\n<strong style=\"font-size: 120%;\">\u00daltimas not\u00edcias de Elas por Elas:<\/strong><br \/>\n<div class=\"pt-cv-wrapper\"><div class=\"pt-cv-view pt-cv-grid pt-cv-colsys\" id=\"pt-cv-view-23f2f2esxk\"><div data-id=\"pt-cv-page-1\" class=\"pt-cv-page\" data-cvc=\"1\"><div class=\"col-md-12 col-sm-12 col-xs-12 pt-cv-content-item pt-cv-1-col\" ><div class='pt-cv-ifield'><h4 class=\"pt-cv-title\"><a href=\"https:\/\/www.tvnovelas.com.br\/tvnews\/elas-por-elas-sergio-entrega-helena-para-salvar-isis\/\" class=\"_blank\" target=\"_blank\" >Elas por Elas: S\u00e9rgio entrega Helena para salvar Isis<\/a><\/h4><\/div><\/div>\n<div class=\"col-md-12 col-sm-12 col-xs-12 pt-cv-content-item pt-cv-1-col\" ><div class='pt-cv-ifield'><h4 class=\"pt-cv-title\"><a href=\"https:\/\/www.tvnovelas.com.br\/tvnews\/elas-por-elas-tais-sai-do-tribunal-para-a-maternidade\/\" class=\"_blank\" target=\"_blank\" >Elas por Elas:  Ta\u00eds sai do tribunal para a maternidade<\/a><\/h4><\/div><\/div>\n<div class=\"col-md-12 col-sm-12 col-xs-12 pt-cv-content-item pt-cv-1-col\" ><div class='pt-cv-ifield'><h4 class=\"pt-cv-title\"><a href=\"https:\/\/www.tvnovelas.com.br\/tvnews\/elas-por-elas-vilma-depoe-roberto-e-preso\/\" class=\"_blank\" target=\"_blank\" >Elas por Elas: Vilma dep\u00f5e;  Roberto \u00e9 preso<\/a><\/h4><\/div><\/div>\n<div class=\"col-md-12 col-sm-12 col-xs-12 pt-cv-content-item pt-cv-1-col\" ><div class='pt-cv-ifield'><h4 class=\"pt-cv-title\"><a href=\"https:\/\/www.tvnovelas.com.br\/tvnews\/elas-por-elas-vilma-depoe-e-derruba-o-alibi-de-roberto\/\" class=\"_blank\" target=\"_blank\" >Elas por Elas: Vilma dep\u00f5e e derruba o \u00e1libi de Roberto<\/a><\/h4><\/div><\/div>\n<div class=\"col-md-12 col-sm-12 col-xs-12 pt-cv-content-item pt-cv-1-col\" ><div class='pt-cv-ifield'><h4 class=\"pt-cv-title\"><a href=\"https:\/\/www.tvnovelas.com.br\/tvnews\/elas-por-elas-isis-sofre-outro-golpe-o-juiz-nega-habeas-corpus\/\" class=\"_blank\" target=\"_blank\" >Elas por Elas: \u00cdsis sofre outro golpe; o juiz nega habeas corpus<\/a><\/h4><\/div><\/div>\n<div class=\"col-md-12 col-sm-12 col-xs-12 pt-cv-content-item pt-cv-1-col\" ><div class='pt-cv-ifield'><h4 class=\"pt-cv-title\"><a href=\"https:\/\/www.tvnovelas.com.br\/tvnews\/elas-por-elas-juiz-mantem-prisao-de-isis-pelo-suposto-assassinato-de-helena\/\" class=\"_blank\" target=\"_blank\" >Elas por Elas: Juiz mant\u00e9m pris\u00e3o de \u00cdsis pelo suposto assassinato de Helena<\/a><\/h4><\/div><\/div><\/div><\/div><\/div><br \/>\n<strong style=\"font-size: 120%;\">\u00daltimas not\u00edcias deste site:<\/strong><br \/>\n<div class=\"pt-cv-wrapper\"><div class=\"pt-cv-view pt-cv-grid pt-cv-colsys\" id=\"pt-cv-view-90991035b3\"><div data-id=\"pt-cv-page-1\" class=\"pt-cv-page\" data-cvc=\"1\"><div class=\"col-md-12 col-sm-12 col-xs-12 pt-cv-content-item pt-cv-1-col\" ><div class='pt-cv-ifield'><h4 class=\"pt-cv-title\"><a href=\"https:\/\/www.tvnovelas.com.br\/tvnews\/em-coracao-de-mae-nos-proximos-capitulos-04-a-08-5\/\" class=\"_self\" target=\"_self\" >Em Cora\u00e7\u00e3o de M\u00e3e nos pr\u00f3ximos cap\u00edtulos (04 a 08\/5)<\/a><\/h4><\/div><\/div>\n<div class=\"col-md-12 col-sm-12 col-xs-12 pt-cv-content-item pt-cv-1-col\" ><div class='pt-cv-ifield'><h4 class=\"pt-cv-title\"><a href=\"https:\/\/www.tvnovelas.com.br\/tvnews\/coracao-de-mae-hasan-e-filiz-em-piquenique-romantico\/\" class=\"_self\" target=\"_self\" >Cora\u00e7\u00e3o de M\u00e3e: Hasan e Filiz em piquenique rom\u00e2ntico<\/a><\/h4><\/div><\/div>\n<div class=\"col-md-12 col-sm-12 col-xs-12 pt-cv-content-item pt-cv-1-col\" ><div class='pt-cv-ifield'><h4 class=\"pt-cv-title\"><a href=\"https:\/\/www.tvnovelas.com.br\/tvnews\/guerra-das-rosas-cihan-vibra-com-desistencia-de-gulru-de-casar-com-mert\/\" class=\"_self\" target=\"_self\" >Guerra das Rosas: Cihan vibra com desist\u00eancia de Gulru de casar com Mert<\/a><\/h4><\/div><\/div>\n<div class=\"col-md-12 col-sm-12 col-xs-12 pt-cv-content-item pt-cv-1-col\" ><div class='pt-cv-ifield'><h4 class=\"pt-cv-title\"><a href=\"https:\/\/www.tvnovelas.com.br\/tvnews\/coracao-de-mae-irmak-denuncia-adnan\/\" class=\"_self\" target=\"_self\" >Cora\u00e7\u00e3o de M\u00e3e: Irmak denuncia Adnan<\/a><\/h4><\/div><\/div>\n<div class=\"col-md-12 col-sm-12 col-xs-12 pt-cv-content-item pt-cv-1-col\" ><div class='pt-cv-ifield'><h4 class=\"pt-cv-title\"><a href=\"https:\/\/www.tvnovelas.com.br\/tvnews\/a-nobreza-do-amor-mirinho-e-obrigado-a-resgatar-tonho\/\" class=\"_self\" target=\"_self\" >A Nobreza do Amor: Mirinho \u00e9 obrigado a resgatar Tonho<\/a><\/h4><\/div><\/div>\n<div class=\"col-md-12 col-sm-12 col-xs-12 pt-cv-content-item pt-cv-1-col\" ><div class='pt-cv-ifield'><h4 class=\"pt-cv-title\"><a href=\"https:\/\/www.tvnovelas.com.br\/tvnews\/tres-gracas-paulinho-e-afastado-da-policia-por-causa-de-gerluce\/\" class=\"_self\" target=\"_self\" >Tr\u00eas Gra\u00e7as: Paulinho \u00e9 afastado da pol\u00edcia por causa de Gerluce<\/a><\/h4><\/div><\/div>\n<div class=\"col-md-12 col-sm-12 col-xs-12 pt-cv-content-item pt-cv-1-col\" ><div class='pt-cv-ifield'><h4 class=\"pt-cv-title\"><a href=\"https:\/\/www.tvnovelas.com.br\/tvnews\/coracao-de-mae-irmak-inicia-jogo-arriscado-contra-adnan\/\" class=\"_self\" target=\"_self\" >Cora\u00e7\u00e3o de M\u00e3e: Irmak inicia jogo arriscado contra Adnan<\/a><\/h4><\/div><\/div>\n<div class=\"col-md-12 col-sm-12 col-xs-12 pt-cv-content-item pt-cv-1-col\" ><div class='pt-cv-ifield'><h4 class=\"pt-cv-title\"><a href=\"https:\/\/www.tvnovelas.com.br\/tvnews\/guerra-das-rosas-omer-chama-gulru-vestida-de-noiva-para-fugir\/\" class=\"_self\" target=\"_self\" >Guerra das Rosas: Omer chama Gulru vestida de noiva para fugir<\/a><\/h4><\/div><\/div>\n<div class=\"col-md-12 col-sm-12 col-xs-12 pt-cv-content-item pt-cv-1-col\" ><div class='pt-cv-ifield'><h4 class=\"pt-cv-title\"><a href=\"https:\/\/www.tvnovelas.com.br\/tvnews\/coracao-de-mae-reha-sai-para-jantar-com-selvi\/\" class=\"_self\" target=\"_self\" >Cora\u00e7\u00e3o de M\u00e3e: Reha sai para jantar com Selvi<\/a><\/h4><\/div><\/div>\n<div class=\"col-md-12 col-sm-12 col-xs-12 pt-cv-content-item pt-cv-1-col\" ><div class='pt-cv-ifield'><h4 class=\"pt-cv-title\"><a href=\"https:\/\/www.tvnovelas.com.br\/tvnews\/coracao-acelerado-zila-se-preocupa-com-sua-situacao-apos-separacao\/\" class=\"_self\" target=\"_self\" >Cora\u00e7\u00e3o Acelerado: Zil\u00e1 se preocupa com sua situa\u00e7\u00e3o ap\u00f3s separa\u00e7\u00e3o<\/a><\/h4><\/div><\/div><\/div><\/div><\/div><br \/>\n<a href=\"https:\/\/www.tvnovelas.com.br\/novelas\/\"><strong>Confira os resumos da semana de todas novelas<\/strong><\/a><\/p>\n<h3>Confira tamb\u00e9m<\/h3>\n<p><a href=\"https:\/\/www.tvnovelas.com.br\/filmes\/\" target=\"_blank\" rel=\"noopener noreferrer\"><strong>Programa\u00e7\u00e3o de filmes na TV aberta<\/strong><\/a><br \/>\n<a href=\"https:\/\/caetenews.com.br\/semana\/filmes-da-globo-na-sessao-da-tarde-desta-semana\/\" target=\"_blank\" rel=\"noopener\"><strong>Confira os filmes da semana na Sess\u00e3o da Tarde<\/strong><\/a><br \/>\n<a href=\"https:\/\/www.tvnovelas.com.br\/novelas\/\" target=\"_blank\" rel=\"noopener noreferrer\"><strong>Resumos de novelas<\/strong><\/a><\/p>\n","protected":false},"excerpt":{"rendered":"<p>Em Elas por Elas na semana 27\/11, Tony manda que o pai se afaste de sua m\u00e3e; M\u00e1rcia revela a Vic que \u00e9 sua m\u00e3e biol\u00f3gica; Jonas pede Adriana em casamento&#8230;<\/p>\n","protected":false},"author":1,"featured_media":59556,"comment_status":"closed","ping_status":"closed","sticky":false,"template":"","format":"standard","meta":{"_uf_show_specific_survey":0,"_uf_disable_surveys":false,"_jetpack_memberships_contains_paid_content":false,"footnotes":"","_wp_rev_ctl_limit":""},"categories":[401],"tags":[64],"class_list":["post-59555","post","type-post","status-publish","format-standard","has-post-thumbnail","hentry","category-elas-por-elas","tag-novelas","wpcat-401-id"],"aioseo_notices":[],"jetpack_featured_media_url":"https:\/\/i0.wp.com\/www.tvnovelas.com.br\/tvnews\/wp-content\/uploads\/2023\/11\/38812.jpg?fit=728%2C410&ssl=1","jetpack_shortlink":"https:\/\/wp.me\/pdP2BO-fuz","jetpack_sharing_enabled":true,"_links":{"self":[{"href":"https:\/\/www.tvnovelas.com.br\/tvnews\/wp-json\/wp\/v2\/posts\/59555","targetHints":{"allow":["GET"]}}],"collection":[{"href":"https:\/\/www.tvnovelas.com.br\/tvnews\/wp-json\/wp\/v2\/posts"}],"about":[{"href":"https:\/\/www.tvnovelas.com.br\/tvnews\/wp-json\/wp\/v2\/types\/post"}],"author":[{"embeddable":true,"href":"https:\/\/www.tvnovelas.com.br\/tvnews\/wp-json\/wp\/v2\/users\/1"}],"replies":[{"embeddable":true,"href":"https:\/\/www.tvnovelas.com.br\/tvnews\/wp-json\/wp\/v2\/comments?post=59555"}],"version-history":[{"count":1,"href":"https:\/\/www.tvnovelas.com.br\/tvnews\/wp-json\/wp\/v2\/posts\/59555\/revisions"}],"predecessor-version":[{"id":59559,"href":"https:\/\/www.tvnovelas.com.br\/tvnews\/wp-json\/wp\/v2\/posts\/59555\/revisions\/59559"}],"wp:featuredmedia":[{"embeddable":true,"href":"https:\/\/www.tvnovelas.com.br\/tvnews\/wp-json\/wp\/v2\/media\/59556"}],"wp:attachment":[{"href":"https:\/\/www.tvnovelas.com.br\/tvnews\/wp-json\/wp\/v2\/media?parent=59555"}],"wp:term":[{"taxonomy":"category","embeddable":true,"href":"https:\/\/www.tvnovelas.com.br\/tvnews\/wp-json\/wp\/v2\/categories?post=59555"},{"taxonomy":"post_tag","embeddable":true,"href":"https:\/\/www.tvnovelas.com.br\/tvnews\/wp-json\/wp\/v2\/tags?post=59555"}],"curies":[{"name":"wp","href":"https:\/\/api.w.org\/{rel}","templated":true}]}}