{"id":59563,"date":"2023-11-25T11:51:22","date_gmt":"2023-11-25T14:51:22","guid":{"rendered":"https:\/\/www.tvnovelas.com.br\/tvnews\/?p=59563"},"modified":"2023-11-25T11:51:22","modified_gmt":"2023-11-25T14:51:22","slug":"fuzue-carro-forte-explode-durante-roubo-do-tesouro","status":"publish","type":"post","link":"https:\/\/www.tvnovelas.com.br\/tvnews\/fuzue-carro-forte-explode-durante-roubo-do-tesouro\/","title":{"rendered":"Fuzu\u00ea: carro-forte explode durante roubo do tesouro"},"content":{"rendered":"<p><em>Em Fuzu\u00ea: carro-forte explode<\/em><br \/>\n<img data-recalc-dims=\"1\" decoding=\"async\" class=\"alignnone wp-image-59564 size-full\" title=\"(Foto: TV Globo\/Fuzu\u00ea)\" src=\"https:\/\/i0.wp.com\/www.tvnovelas.com.br\/tvnews\/wp-content\/uploads\/2023\/11\/38813.jpg?resize=728%2C410&#038;ssl=1\" alt=\"Foto em Fuzu\u00ea: carro-forte explode\" width=\"728\" height=\"410\" srcset=\"https:\/\/i0.wp.com\/www.tvnovelas.com.br\/tvnews\/wp-content\/uploads\/2023\/11\/38813.jpg?w=728&amp;ssl=1 728w, https:\/\/i0.wp.com\/www.tvnovelas.com.br\/tvnews\/wp-content\/uploads\/2023\/11\/38813.jpg?resize=678%2C381&amp;ssl=1 678w\" sizes=\"(max-width: 728px) 100vw, 728px\" \/><br \/>\nEm Fuzu\u00ea, o tesouro da Dama de Ouro ir\u00e1 pelos ares ap\u00f3s uma explos\u00e3o que vai agitar os pr\u00f3ximos cap\u00edtulos. No entanto, a fortuna n\u00e3o ficar\u00e1 perdida. Depois de o carro-forte, que transportava as rel\u00edquias do museu para o banco, ser explodido durante um roubo, populares n\u00e3o v\u00e3o perder tempo e ir\u00e3o saquear todo o tesouro do ve\u00edculo &#8211; ou pelo menos o que acreditamos ser tudo.<\/p>\n<p>O carro-forte explodir\u00e1, e as joias voar\u00e3o para todos os lados ap\u00f3s um plano arquitetado por Pascoal (Juliano Cazarr\u00e9) junto a Calango, bandido de uma quadrilha especializada em roubo de carga. O aliado de Preciosa (Marina Ruy Barbosa) montar\u00e1 a a\u00e7\u00e3o de roubo em uma via expressa para conseguir pegar o tesouro que iria para um banco.<\/p>\n<p>No entanto, ele n\u00e3o poder\u00e1 imaginar que os populares fossem se aproximar correndo, ap\u00f3s serem atra\u00eddos pelo barulho da explos\u00e3o. &#8220;Espalhou tudo, olha a\u00ed! Foi forte demais!&#8221;, diz Pascoal. &#8220;N\u00e3o torra, p\u00f4! Tinha de ser assim!&#8221;, afirma Calango. Com a chegada dos populares, Pascoal pedir\u00e1 que o bandido tome uma atitude dr\u00e1stica.<\/p>\n<p>&#8216;&#8221;Olha o avan\u00e7o! Atira nessa gente! Ningu\u00e9m vai pegar o que \u00e9 meu!&#8221;, diz Pascoal, enquanto pega a sua arma.<\/p>\n<p>O bandido n\u00e3o concordar\u00e1 com Pascoal e explicar\u00e1 o que deve ser feito durante a a\u00e7\u00e3o do roubo do carro-forte.<\/p>\n<p>&#8220;Quer banho de sangue? N\u00e3o! Pra cima! Atira para o alto&#8221;, indica Calango.<\/p>\n<p>&#8220;N\u00e3o deixa levar nada! Ningu\u00e9m pega nada!&#8221;, grita Pascoal.<\/p>\n<p>Quem tamb\u00e9m estar\u00e1 por l\u00e1 e acompanhar\u00e1 todo o roubo do carro-forte ser\u00e1 Merreca (Ruan Aguiar), que n\u00e3o ser\u00e1 reconhecido por Pascoal por estar usando uma touca ninja. No mesmo instante, os seguran\u00e7as come\u00e7ar\u00e3o a atirar contra Calango e os demais bandidos. Merreca se proteger\u00e1 dos tiros e, de olho, no aliado de Preciosa, come\u00e7ar\u00e1 a film\u00e1-lo com o celular.<\/p>\n<p>&#8220;Ta a\u00ed o flagrante, figur\u00e3o&#8221;, dispara Merreca.<\/p>\n<p>Durante o tiroteio, Pascoal conseguir\u00e1 chegar at\u00e9 o carro-forte e se abrigar\u00e1 dos disparos por l\u00e1. No ve\u00edculo, ele encontrar\u00e1 um ba\u00fa e decidir\u00e1 abri-lo, mas perceber\u00e1 que est\u00e1 trancado. A sa\u00edda ser\u00e1 arrast\u00e1-lo at\u00e9 o seu carro, o que conseguir\u00e1 com muito esfor\u00e7o. Por\u00e9m, \u00e0 dist\u00e2ncia, Merreca acompanhar\u00e1 Pascoal com a grava\u00e7\u00e3o e reagir\u00e1 \u00e0 tentativa de fuga do rival.<\/p>\n<p>&#8220;Tu n\u00e3o vai escapar mermo!&#8221;, dispara ele.<\/p>\n<p>Merreca, ent\u00e3o, avan\u00e7ar\u00e1 e ir\u00e1 atirar contra Pascoal, que ser\u00e1 atingido no ombro. Ele sentir\u00e1 muita dor e cair\u00e1 na pista. Merreca entrar\u00e1 no carro e sair\u00e1 de forma acelerada, cantando pneus, na dire\u00e7\u00e3o contr\u00e1ria ao tiroteio. No ch\u00e3o, Pascoal ver\u00e1 o ve\u00edculo se afastar e urrar\u00e1 de dor e \u00f3dio. &#8220;Perdeu, figur\u00e3o! Perdeu!&#8221;, comemora Merreca.<\/p>\n<p>Em meio a tanta confus\u00e3o, Pascoal ouvir\u00e1 sirenes de viaturas de pol\u00edcia e juntar\u00e1 todas as suas for\u00e7as para se levantar e correr para o mato. Na chegada dos agentes, o delegado pegar\u00e1 o megafone e gritar\u00e1: &#8220;Ningu\u00e9m se mexe! Parou! Quem pegar qualquer coisa daqui vai ser preso!&#8221;, destaca ele. Bandidos atirar\u00e3o contra os policiais, que revidar\u00e3o, e Calango ser\u00e1 atingido. O delegado, ent\u00e3o, chegar\u00e1 \u00e0 conclus\u00e3o que aquela explos\u00e3o foi armada por Pascoal.<\/p>\n<p>&#8220;O Pascoal armou essa emboscada para pegar o tesouro!&#8221;, afirma ele.<\/p>\n<p>Longe dali, Merreca entrar\u00e1 no esconderijo vibrante pela vit\u00f3ria contra o rival. Por\u00e9m, a felicidade cair\u00e1 por terra no minuto seguinte, quando ele se assustar\u00e1 e perceber\u00e1 que perdeu o celular com a filmagem contra Pascoal.<\/p>\n<p>As not\u00edcias do roubo correr\u00e3o por toda cidade e chegar\u00e3o at\u00e9 a fam\u00edlia Fuzu\u00ea. Nero (Edson Celulari) ser\u00e1 avisado pelo pr\u00f3prio delegado, enquanto Miguel (Nicolas Prattes) correr\u00e1 at\u00e9 Luna (Giovana Cordeiro) para avisar sobre a explos\u00e3o do carro-forte.<br \/>\n<!--THE END--><br \/>\n<a href=\"https:\/\/www.tvnovelas.com.br\/novelas\/resumos-de-fuzue\/\" target=\"_blank\" rel=\"noopener\">Confira os resumos da semana de &#8216;Fuzu\u00ea&#8217;<\/a><br \/>\n<strong style=\"font-size: 120%;\">\u00daltimas not\u00edcias de Fuzu\u00ea:<\/strong><br \/>\n<div class=\"pt-cv-wrapper\"><div class=\"pt-cv-view pt-cv-grid pt-cv-colsys\" id=\"pt-cv-view-f2001fcqsk\"><div data-id=\"pt-cv-page-1\" class=\"pt-cv-page\" data-cvc=\"1\"><div class=\"col-md-12 col-sm-12 col-xs-12 pt-cv-content-item pt-cv-1-col\" ><div class='pt-cv-ifield'><h4 class=\"pt-cv-title\"><a href=\"https:\/\/www.tvnovelas.com.br\/tvnews\/fuzue-cesar-e-preciosa-planejam-novo-roubo-do-tesouro-da-dama-de-ouro\/\" class=\"_blank\" target=\"_blank\" >Fuzu\u00ea: C\u00e9sar e Preciosa planejam novo roubo do tesouro da Dama de Ouro<\/a><\/h4><\/div><\/div>\n<div class=\"col-md-12 col-sm-12 col-xs-12 pt-cv-content-item pt-cv-1-col\" ><div class='pt-cv-ifield'><h4 class=\"pt-cv-title\"><a href=\"https:\/\/www.tvnovelas.com.br\/tvnews\/fuzue-julgado-merreca-pega-6-anos-no-art-121\/\" class=\"_blank\" target=\"_blank\" >Fuzu\u00ea: julgado, Merreca pega 6 anos no art. 121<\/a><\/h4><\/div><\/div>\n<div class=\"col-md-12 col-sm-12 col-xs-12 pt-cv-content-item pt-cv-1-col\" ><div class='pt-cv-ifield'><h4 class=\"pt-cv-title\"><a href=\"https:\/\/www.tvnovelas.com.br\/tvnews\/fuzue-luna-compra-a-conde-de-montebello-e-planeja-torna-la-filial-da-fuzue\/\" class=\"_blank\" target=\"_blank\" >Fuzu\u00ea: Luna compra a Conde de Montebello e planeja torn\u00e1-la filial da Fuzu\u00ea<\/a><\/h4><\/div><\/div>\n<div class=\"col-md-12 col-sm-12 col-xs-12 pt-cv-content-item pt-cv-1-col\" ><div class='pt-cv-ifield'><h4 class=\"pt-cv-title\"><a href=\"https:\/\/www.tvnovelas.com.br\/tvnews\/fuzue-heitor-manda-preciosa-escolher-entre-ele-e-cesar-montebello\/\" class=\"_blank\" target=\"_blank\" >Fuzu\u00ea: Heitor manda Preciosa escolher entre ele e C\u00e9sar Montebello<\/a><\/h4><\/div><\/div>\n<div class=\"col-md-12 col-sm-12 col-xs-12 pt-cv-content-item pt-cv-1-col\" ><div class='pt-cv-ifield'><h4 class=\"pt-cv-title\"><a href=\"https:\/\/www.tvnovelas.com.br\/tvnews\/fuzue-luna-compra-o-apartamento-de-bebel\/\" class=\"_blank\" target=\"_blank\" >Fuzu\u00ea: Luna compra o apartamento de Bebel<\/a><\/h4><\/div><\/div>\n<div class=\"col-md-12 col-sm-12 col-xs-12 pt-cv-content-item pt-cv-1-col\" ><div class='pt-cv-ifield'><h4 class=\"pt-cv-title\"><a href=\"https:\/\/www.tvnovelas.com.br\/tvnews\/fuzue-cesar-arma-e-nero-e-acusado-de-sonegar-impostos\/\" class=\"_blank\" target=\"_blank\" >Fuzu\u00ea: C\u00e9sar arma, e Nero \u00e9 acusado de sonegar impostos<\/a><\/h4><\/div><\/div><\/div><\/div><\/div><br \/>\n<strong style=\"font-size: 120%;\">\u00daltimas not\u00edcias deste site:<\/strong><br \/>\n<div class=\"pt-cv-wrapper\"><div class=\"pt-cv-view pt-cv-grid pt-cv-colsys\" id=\"pt-cv-view-90991035b3\"><div data-id=\"pt-cv-page-1\" class=\"pt-cv-page\" data-cvc=\"1\"><div class=\"col-md-12 col-sm-12 col-xs-12 pt-cv-content-item pt-cv-1-col\" ><div class='pt-cv-ifield'><h4 class=\"pt-cv-title\"><a href=\"https:\/\/www.tvnovelas.com.br\/tvnews\/guerra-das-rosas-omer-chama-gulru-vestida-de-noiva-para-fugir\/\" class=\"_self\" target=\"_self\" >Guerra das Rosas: Omer chama Gulru vestida de noiva para fugir<\/a><\/h4><\/div><\/div>\n<div class=\"col-md-12 col-sm-12 col-xs-12 pt-cv-content-item pt-cv-1-col\" ><div class='pt-cv-ifield'><h4 class=\"pt-cv-title\"><a href=\"https:\/\/www.tvnovelas.com.br\/tvnews\/coracao-de-mae-reha-sai-para-jantar-com-selvi\/\" class=\"_self\" target=\"_self\" >Cora\u00e7\u00e3o de M\u00e3e: Reha sai para jantar com Selvi<\/a><\/h4><\/div><\/div>\n<div class=\"col-md-12 col-sm-12 col-xs-12 pt-cv-content-item pt-cv-1-col\" ><div class='pt-cv-ifield'><h4 class=\"pt-cv-title\"><a href=\"https:\/\/www.tvnovelas.com.br\/tvnews\/coracao-acelerado-zila-se-preocupa-com-sua-situacao-apos-separacao\/\" class=\"_self\" target=\"_self\" >Cora\u00e7\u00e3o Acelerado: Zil\u00e1 se preocupa com sua situa\u00e7\u00e3o ap\u00f3s separa\u00e7\u00e3o<\/a><\/h4><\/div><\/div>\n<div class=\"col-md-12 col-sm-12 col-xs-12 pt-cv-content-item pt-cv-1-col\" ><div class='pt-cv-ifield'><h4 class=\"pt-cv-title\"><a href=\"https:\/\/www.tvnovelas.com.br\/tvnews\/a-nobreza-do-amor-tonho-nao-se-curva-diante-de-mirinho\/\" class=\"_self\" target=\"_self\" >A Nobreza do Amor: Tonho n\u00e3o se curva diante de Mirinho<\/a><\/h4><\/div><\/div>\n<div class=\"col-md-12 col-sm-12 col-xs-12 pt-cv-content-item pt-cv-1-col\" ><div class='pt-cv-ifield'><h4 class=\"pt-cv-title\"><a href=\"https:\/\/www.tvnovelas.com.br\/tvnews\/tres-gracas-arminda-surta-ao-confirmar-que-ferette-e-pai-de-raul\/\" class=\"_self\" target=\"_self\" >Tr\u00eas Gra\u00e7as:  Arminda surta ao confirmar que Ferette \u00e9 pai de Raul<\/a><\/h4><\/div><\/div>\n<div class=\"col-md-12 col-sm-12 col-xs-12 pt-cv-content-item pt-cv-1-col\" ><div class='pt-cv-ifield'><h4 class=\"pt-cv-title\"><a href=\"https:\/\/www.tvnovelas.com.br\/tvnews\/coracao-de-mae-atilla-confronta-hasan-e-exige-o-divorcio-de-lale\/\" class=\"_self\" target=\"_self\" >Cora\u00e7\u00e3o de M\u00e3e: Atilla confronta Hasan e exige o div\u00f3rcio de Lale<\/a><\/h4><\/div><\/div>\n<div class=\"col-md-12 col-sm-12 col-xs-12 pt-cv-content-item pt-cv-1-col\" ><div class='pt-cv-ifield'><h4 class=\"pt-cv-title\"><a href=\"https:\/\/www.tvnovelas.com.br\/tvnews\/guerra-das-rosas-gulfem-coloca-gulru-contra-a-parede\/\" class=\"_self\" target=\"_self\" >Guerra das Rosas: Gulfem coloca Gulru contra a parede<\/a><\/h4><\/div><\/div>\n<div class=\"col-md-12 col-sm-12 col-xs-12 pt-cv-content-item pt-cv-1-col\" ><div class='pt-cv-ifield'><h4 class=\"pt-cv-title\"><a href=\"https:\/\/www.tvnovelas.com.br\/tvnews\/coracao-de-mae-atilla-diz-a-lale-que-quer-o-divorcio\/\" class=\"_self\" target=\"_self\" >Cora\u00e7\u00e3o de M\u00e3e: Atilla diz a Lale que quer o div\u00f3rcio<\/a><\/h4><\/div><\/div>\n<div class=\"col-md-12 col-sm-12 col-xs-12 pt-cv-content-item pt-cv-1-col\" ><div class='pt-cv-ifield'><h4 class=\"pt-cv-title\"><a href=\"https:\/\/www.tvnovelas.com.br\/tvnews\/a-nobreza-do-amor-mirinho-garante-noivado-com-virginia-para-atrair-sogro-a-negocio\/\" class=\"_self\" target=\"_self\" >A Nobreza do Amor: Mirinho garante noivado com Virg\u00ednia para atrair sogro a neg\u00f3cio<\/a><\/h4><\/div><\/div>\n<div class=\"col-md-12 col-sm-12 col-xs-12 pt-cv-content-item pt-cv-1-col\" ><div class='pt-cv-ifield'><h4 class=\"pt-cv-title\"><a href=\"https:\/\/www.tvnovelas.com.br\/tvnews\/tres-gracas-joaquim-propoe-fuga-a-arminda-com-o-dinheiro-das-tres-gracas\/\" class=\"_self\" target=\"_self\" >Tr\u00eas Gra\u00e7as:  Joaquim prop\u00f5e fuga a Arminda com o dinheiro das Tr\u00eas Gra\u00e7as<\/a><\/h4><\/div><\/div><\/div><\/div><\/div><br \/>\n<a href=\"https:\/\/www.tvnovelas.com.br\/novelas\/\"><strong>Confira os resumos da semana de todas novelas<\/strong><\/a><\/p>\n<h3>Confira tamb\u00e9m<\/h3>\n<p><a href=\"https:\/\/www.tvnovelas.com.br\/filmes\/\" target=\"_blank\" rel=\"noopener noreferrer\"><strong>Programa\u00e7\u00e3o de filmes na TV aberta<\/strong><\/a><br \/>\n<a href=\"https:\/\/caetenews.com.br\/semana\/filmes-da-globo-na-sessao-da-tarde-desta-semana\/\" target=\"_blank\" rel=\"noopener\"><strong>Confira os filmes da semana na Sess\u00e3o da Tarde<\/strong><\/a><br \/>\n<a href=\"https:\/\/www.tvnovelas.com.br\/novelas\/\" target=\"_blank\" rel=\"noopener noreferrer\"><strong>Resumos de novelas<\/strong><\/a><\/p>\n","protected":false},"excerpt":{"rendered":"<p>Em Fuzu\u00ea, o tesouro da Dama de Ouro ir\u00e1 pelos ares ap\u00f3s uma explos\u00e3o que vai agitar os pr\u00f3ximos cap\u00edtulos&#8230;.<\/p>\n","protected":false},"author":1,"featured_media":59564,"comment_status":"closed","ping_status":"closed","sticky":false,"template":"","format":"standard","meta":{"_uf_show_specific_survey":0,"_uf_disable_surveys":false,"_jetpack_memberships_contains_paid_content":false,"footnotes":"","_wp_rev_ctl_limit":""},"categories":[396],"tags":[399,5,64],"class_list":["post-59563","post","type-post","status-publish","format-standard","has-post-thumbnail","hentry","category-fuzue","tag-fuzue","tag-globo","tag-novelas","wpcat-396-id"],"aioseo_notices":[],"jetpack_featured_media_url":"https:\/\/i0.wp.com\/www.tvnovelas.com.br\/tvnews\/wp-content\/uploads\/2023\/11\/38813.jpg?fit=728%2C410&ssl=1","jetpack_shortlink":"https:\/\/wp.me\/pdP2BO-fuH","jetpack_sharing_enabled":true,"_links":{"self":[{"href":"https:\/\/www.tvnovelas.com.br\/tvnews\/wp-json\/wp\/v2\/posts\/59563","targetHints":{"allow":["GET"]}}],"collection":[{"href":"https:\/\/www.tvnovelas.com.br\/tvnews\/wp-json\/wp\/v2\/posts"}],"about":[{"href":"https:\/\/www.tvnovelas.com.br\/tvnews\/wp-json\/wp\/v2\/types\/post"}],"author":[{"embeddable":true,"href":"https:\/\/www.tvnovelas.com.br\/tvnews\/wp-json\/wp\/v2\/users\/1"}],"replies":[{"embeddable":true,"href":"https:\/\/www.tvnovelas.com.br\/tvnews\/wp-json\/wp\/v2\/comments?post=59563"}],"version-history":[{"count":1,"href":"https:\/\/www.tvnovelas.com.br\/tvnews\/wp-json\/wp\/v2\/posts\/59563\/revisions"}],"predecessor-version":[{"id":59565,"href":"https:\/\/www.tvnovelas.com.br\/tvnews\/wp-json\/wp\/v2\/posts\/59563\/revisions\/59565"}],"wp:featuredmedia":[{"embeddable":true,"href":"https:\/\/www.tvnovelas.com.br\/tvnews\/wp-json\/wp\/v2\/media\/59564"}],"wp:attachment":[{"href":"https:\/\/www.tvnovelas.com.br\/tvnews\/wp-json\/wp\/v2\/media?parent=59563"}],"wp:term":[{"taxonomy":"category","embeddable":true,"href":"https:\/\/www.tvnovelas.com.br\/tvnews\/wp-json\/wp\/v2\/categories?post=59563"},{"taxonomy":"post_tag","embeddable":true,"href":"https:\/\/www.tvnovelas.com.br\/tvnews\/wp-json\/wp\/v2\/tags?post=59563"}],"curies":[{"name":"wp","href":"https:\/\/api.w.org\/{rel}","templated":true}]}}