{"id":59838,"date":"2023-12-01T14:24:27","date_gmt":"2023-12-01T17:24:27","guid":{"rendered":"https:\/\/www.tvnovelas.com.br\/tvnews\/?p=59838"},"modified":"2023-12-01T14:24:27","modified_gmt":"2023-12-01T17:24:27","slug":"sbt-estreia-novela-inedita-minha-fortuna-e-te-amar","status":"publish","type":"post","link":"https:\/\/www.tvnovelas.com.br\/tvnews\/sbt-estreia-novela-inedita-minha-fortuna-e-te-amar\/","title":{"rendered":"SBT estreia novela in\u00e9dita &#8216;Minha Fortuna \u00e9 Te Amar&#8217;"},"content":{"rendered":"<p><em>Em Minha Fortuna \u00e9 Te Amar:<\/em><br \/>\n<img data-recalc-dims=\"1\" decoding=\"async\" class=\"alignnone wp-image-59840 size-full\" title=\"(Foto: SBT\/Televisa\/Minha Fortuna \u00e9 Te Amar)\" src=\"https:\/\/i0.wp.com\/www.tvnovelas.com.br\/tvnews\/wp-content\/uploads\/2023\/12\/38877.jpg?resize=728%2C450&#038;ssl=1\" alt=\"Foto em Minha Fortuna \u00e9 Te Amar\" width=\"728\" height=\"450\" \/><br \/>\nO SBT exibe a partir desta segunda, dia 4\/12, a novela in\u00e9dita \u201cMinha Fortuna \u00e9 Te Amar\u201d. A novela mexicana ser\u00e1 exibida de segunda-feira a sexta-feira, \u00e0s 18h15. Nos primeiros dias, a novela segue em dobradinha com os \u00faltimos cap\u00edtulos de \u201cUm Ref\u00fagio Para o Amor\u201d.<\/p>\n<p>Protagonizada por Susana Gonz\u00e1lez e David Zepeta, a trama foi produzida por Nicandro D\u00edaz Gonz\u00e1lez para a Televisa e foi transmitida inicialmente pelo canal Las Estrellas entre 2021 e 2022.<\/p>\n<p>\u201cMinha Fortuna \u00e9 Te Amar\u201d conta a hist\u00f3ria de Nat\u00e1lia e Vicente. Eles n\u00e3o se conhecem, mas no mesmo dia cada um passar\u00e1 por uma situa\u00e7\u00e3o que mudar\u00e1 suas vidas drasticamente. Nat\u00e1lia vem de uma fam\u00edlia da alta sociedade e vive feliz ao lado do marido e das filhas. No dia em que ela e Adrian recebem os amigos para comemorar vinte anos de casamento, ela descobre a trai\u00e7\u00e3o do marido, que foge com Ver\u00f3nica, sua melhor amiga. Adri\u00e1n e Ver\u00f3nica tra\u00e7aram um plano para fugir depois de terem enganado os clientes da imobili\u00e1ria onde s\u00e3o s\u00f3cios, juntamente com M\u00e1rio, o namorado de Ver\u00f3nica. A fraude deixa Nat\u00e1lia falida e endividada com os credores que perderam dinheiro. Apesar da situa\u00e7\u00e3o dif\u00edcil que o marido a deixou, Nat\u00e1lia decide seguir em frente para criar suas filhas, Andr\u00e9ia e Regina.<\/p>\n<p>Vicente Ram\u00edrez sofre a perda de sua esposa L\u00facia, que \u00e9 morta em um assalto. Benjamin, o filho do casal, presenciou a morte da m\u00e3e e o trauma o deixou sem fala. No dia seguinte ao sepultamento de L\u00facia, Vicente \u00e9 surpreendido com a descoberta de ter sido v\u00edtima de fraude pela imobili\u00e1ria de Adrian. A vida de Nat\u00e1lia e Vicente se confunde quando ele chega \u00e0 imobili\u00e1ria para reclamar o dinheiro que lhe foi roubado. Nat\u00e1lia, em nome do marido, e de M\u00e1rio, pede tempo para reparar o preju\u00edzo econ\u00f4mico.<\/p>\n<p>Nat\u00e1lia e Vicente enfrentam o drama pessoal e a nova situa\u00e7\u00e3o econ\u00f4mica o que os leva a dividir o mesmo teto. A conviv\u00eancia far\u00e1 com que se aproximem e mesmo no meio da pior experi\u00eancia de suas vidas, o amor sempre pode ser resgatado.<\/p>\n<p><strong style=\"font-size: 120%;\">\u00daltimas not\u00edcias deste canal:<\/strong><br \/>\n<div class=\"pt-cv-wrapper\"><div class=\"pt-cv-view pt-cv-grid pt-cv-colsys\" id=\"pt-cv-view-90991035b3\"><div data-id=\"pt-cv-page-1\" class=\"pt-cv-page\" data-cvc=\"1\"><div class=\"col-md-12 col-sm-12 col-xs-12 pt-cv-content-item pt-cv-1-col\" ><div class='pt-cv-ifield'><h4 class=\"pt-cv-title\"><a href=\"https:\/\/www.tvnovelas.com.br\/tvnews\/guerra-das-rosas-omer-chama-gulru-vestida-de-noiva-para-fugir\/\" class=\"_self\" target=\"_self\" >Guerra das Rosas: Omer chama Gulru vestida de noiva para fugir<\/a><\/h4><\/div><\/div>\n<div class=\"col-md-12 col-sm-12 col-xs-12 pt-cv-content-item pt-cv-1-col\" ><div class='pt-cv-ifield'><h4 class=\"pt-cv-title\"><a href=\"https:\/\/www.tvnovelas.com.br\/tvnews\/coracao-de-mae-reha-sai-para-jantar-com-selvi\/\" class=\"_self\" target=\"_self\" >Cora\u00e7\u00e3o de M\u00e3e: Reha sai para jantar com Selvi<\/a><\/h4><\/div><\/div>\n<div class=\"col-md-12 col-sm-12 col-xs-12 pt-cv-content-item pt-cv-1-col\" ><div class='pt-cv-ifield'><h4 class=\"pt-cv-title\"><a href=\"https:\/\/www.tvnovelas.com.br\/tvnews\/coracao-acelerado-zila-se-preocupa-com-sua-situacao-apos-separacao\/\" class=\"_self\" target=\"_self\" >Cora\u00e7\u00e3o Acelerado: Zil\u00e1 se preocupa com sua situa\u00e7\u00e3o ap\u00f3s separa\u00e7\u00e3o<\/a><\/h4><\/div><\/div>\n<div class=\"col-md-12 col-sm-12 col-xs-12 pt-cv-content-item pt-cv-1-col\" ><div class='pt-cv-ifield'><h4 class=\"pt-cv-title\"><a href=\"https:\/\/www.tvnovelas.com.br\/tvnews\/a-nobreza-do-amor-tonho-nao-se-curva-diante-de-mirinho\/\" class=\"_self\" target=\"_self\" >A Nobreza do Amor: Tonho n\u00e3o se curva diante de Mirinho<\/a><\/h4><\/div><\/div>\n<div class=\"col-md-12 col-sm-12 col-xs-12 pt-cv-content-item pt-cv-1-col\" ><div class='pt-cv-ifield'><h4 class=\"pt-cv-title\"><a href=\"https:\/\/www.tvnovelas.com.br\/tvnews\/tres-gracas-arminda-surta-ao-confirmar-que-ferette-e-pai-de-raul\/\" class=\"_self\" target=\"_self\" >Tr\u00eas Gra\u00e7as:  Arminda surta ao confirmar que Ferette \u00e9 pai de Raul<\/a><\/h4><\/div><\/div>\n<div class=\"col-md-12 col-sm-12 col-xs-12 pt-cv-content-item pt-cv-1-col\" ><div class='pt-cv-ifield'><h4 class=\"pt-cv-title\"><a href=\"https:\/\/www.tvnovelas.com.br\/tvnews\/coracao-de-mae-atilla-confronta-hasan-e-exige-o-divorcio-de-lale\/\" class=\"_self\" target=\"_self\" >Cora\u00e7\u00e3o de M\u00e3e: Atilla confronta Hasan e exige o div\u00f3rcio de Lale<\/a><\/h4><\/div><\/div>\n<div class=\"col-md-12 col-sm-12 col-xs-12 pt-cv-content-item pt-cv-1-col\" ><div class='pt-cv-ifield'><h4 class=\"pt-cv-title\"><a href=\"https:\/\/www.tvnovelas.com.br\/tvnews\/guerra-das-rosas-gulfem-coloca-gulru-contra-a-parede\/\" class=\"_self\" target=\"_self\" >Guerra das Rosas: Gulfem coloca Gulru contra a parede<\/a><\/h4><\/div><\/div>\n<div class=\"col-md-12 col-sm-12 col-xs-12 pt-cv-content-item pt-cv-1-col\" ><div class='pt-cv-ifield'><h4 class=\"pt-cv-title\"><a href=\"https:\/\/www.tvnovelas.com.br\/tvnews\/coracao-de-mae-atilla-diz-a-lale-que-quer-o-divorcio\/\" class=\"_self\" target=\"_self\" >Cora\u00e7\u00e3o de M\u00e3e: Atilla diz a Lale que quer o div\u00f3rcio<\/a><\/h4><\/div><\/div>\n<div class=\"col-md-12 col-sm-12 col-xs-12 pt-cv-content-item pt-cv-1-col\" ><div class='pt-cv-ifield'><h4 class=\"pt-cv-title\"><a href=\"https:\/\/www.tvnovelas.com.br\/tvnews\/a-nobreza-do-amor-mirinho-garante-noivado-com-virginia-para-atrair-sogro-a-negocio\/\" class=\"_self\" target=\"_self\" >A Nobreza do Amor: Mirinho garante noivado com Virg\u00ednia para atrair sogro a neg\u00f3cio<\/a><\/h4><\/div><\/div>\n<div class=\"col-md-12 col-sm-12 col-xs-12 pt-cv-content-item pt-cv-1-col\" ><div class='pt-cv-ifield'><h4 class=\"pt-cv-title\"><a href=\"https:\/\/www.tvnovelas.com.br\/tvnews\/tres-gracas-joaquim-propoe-fuga-a-arminda-com-o-dinheiro-das-tres-gracas\/\" class=\"_self\" target=\"_self\" >Tr\u00eas Gra\u00e7as:  Joaquim prop\u00f5e fuga a Arminda com o dinheiro das Tr\u00eas Gra\u00e7as<\/a><\/h4><\/div><\/div><\/div><\/div><\/div><br \/>\n<a href=\"https:\/\/www.tvnohttps:\/\/www.tvnovelas.com.br\/tvnews\/wp-admin\/nav-menus.phpvelas.com.br\/novelas\/\"><strong>\u2605 Confira os resumos da semana de todas novelas<\/strong><\/a><br \/>\n<a href=\"http:\/\/tvnovelas.com.br\/filmes\" target=\"_blank\" rel=\"noopener\">Veja tamb\u00e9m: Todas as telas: filmes e s\u00e9ries nos streamings<\/a><\/p>\n<h3>Confira tamb\u00e9m<\/h3>\n<p><a href=\"https:\/\/www.tvnovelas.com.br\/filmes\/\" target=\"_blank\" rel=\"noopener noreferrer\"><strong>Programa\u00e7\u00e3o de filmes na TV aberta<\/strong><\/a><br \/>\n<a href=\"https:\/\/tvnovelas.com.br\/filmes\/filmes-e-series-ineditos-em-estreia-na-semana-na-netflix\/\" target=\"_blank\" rel=\"noopener noreferrer\"><strong>Estreias da semana na Netflix<\/strong><\/a><br \/>\n<a href=\"https:\/\/caetenews.com.br\/semana\/filmes-da-globo-na-sessao-da-tarde-desta-semana\/\" target=\"_blank\" rel=\"noopener\"><strong>Confira os filmes da semana na Sess\u00e3o da Tarde<\/strong><\/a><br \/>\n<a href=\"\/\/tvnovelas.com.br\/filmes\/filmes-em-estreia-nos-cinemas\/\" target=\"_blank\" rel=\"noopener noreferrer\"><strong>Estreias e novidades no Cinema<\/strong><\/a><br \/>\n<a href=\"https:\/\/www.tvnovelas.com.br\/novelas\/\" target=\"_blank\" rel=\"noopener noreferrer\"><strong>Resumos de novelas<\/strong><\/a><\/p>\n","protected":false},"excerpt":{"rendered":"<p>O SBT exibe a partir desta segunda, dia 4\/12, a novela in\u00e9dita \u201cMinha Fortuna \u00e9 Te Amar\u201d. A novela mexicana ser\u00e1 exibida&#8230;<\/p>\n","protected":false},"author":1,"featured_media":59840,"comment_status":"closed","ping_status":"closed","sticky":false,"template":"","format":"standard","meta":{"_uf_show_specific_survey":0,"_uf_disable_surveys":false,"_jetpack_memberships_contains_paid_content":false,"footnotes":"","_wp_rev_ctl_limit":""},"categories":[232],"tags":[459,456,64,13,458,457],"class_list":["post-59838","post","type-post","status-publish","format-standard","has-post-thumbnail","hentry","category-sbt","tag-david-zepeta","tag-minha-fortuna-e-te-amar","tag-novelas","tag-sbt","tag-susana-gonzalez","tag-televisa","wpcat-232-id"],"aioseo_notices":[],"jetpack_featured_media_url":"https:\/\/i0.wp.com\/www.tvnovelas.com.br\/tvnews\/wp-content\/uploads\/2023\/12\/38877.jpg?fit=728%2C450&ssl=1","jetpack_shortlink":"https:\/\/wp.me\/pdP2BO-fz8","jetpack_sharing_enabled":true,"_links":{"self":[{"href":"https:\/\/www.tvnovelas.com.br\/tvnews\/wp-json\/wp\/v2\/posts\/59838","targetHints":{"allow":["GET"]}}],"collection":[{"href":"https:\/\/www.tvnovelas.com.br\/tvnews\/wp-json\/wp\/v2\/posts"}],"about":[{"href":"https:\/\/www.tvnovelas.com.br\/tvnews\/wp-json\/wp\/v2\/types\/post"}],"author":[{"embeddable":true,"href":"https:\/\/www.tvnovelas.com.br\/tvnews\/wp-json\/wp\/v2\/users\/1"}],"replies":[{"embeddable":true,"href":"https:\/\/www.tvnovelas.com.br\/tvnews\/wp-json\/wp\/v2\/comments?post=59838"}],"version-history":[{"count":2,"href":"https:\/\/www.tvnovelas.com.br\/tvnews\/wp-json\/wp\/v2\/posts\/59838\/revisions"}],"predecessor-version":[{"id":59841,"href":"https:\/\/www.tvnovelas.com.br\/tvnews\/wp-json\/wp\/v2\/posts\/59838\/revisions\/59841"}],"wp:featuredmedia":[{"embeddable":true,"href":"https:\/\/www.tvnovelas.com.br\/tvnews\/wp-json\/wp\/v2\/media\/59840"}],"wp:attachment":[{"href":"https:\/\/www.tvnovelas.com.br\/tvnews\/wp-json\/wp\/v2\/media?parent=59838"}],"wp:term":[{"taxonomy":"category","embeddable":true,"href":"https:\/\/www.tvnovelas.com.br\/tvnews\/wp-json\/wp\/v2\/categories?post=59838"},{"taxonomy":"post_tag","embeddable":true,"href":"https:\/\/www.tvnovelas.com.br\/tvnews\/wp-json\/wp\/v2\/tags?post=59838"}],"curies":[{"name":"wp","href":"https:\/\/api.w.org\/{rel}","templated":true}]}}