{"id":59856,"date":"2023-12-02T09:29:36","date_gmt":"2023-12-02T12:29:36","guid":{"rendered":"https:\/\/www.tvnovelas.com.br\/tvnews\/?p=59856"},"modified":"2023-12-02T09:29:36","modified_gmt":"2023-12-02T12:29:36","slug":"terra-e-paixao-petra-expulsa-luigi-da-mansao","status":"publish","type":"post","link":"https:\/\/www.tvnovelas.com.br\/tvnews\/terra-e-paixao-petra-expulsa-luigi-da-mansao\/","title":{"rendered":"Terra e Paix\u00e3o: Petra expulsa Luigi da mans\u00e3o"},"content":{"rendered":"<p><em>Em Terra e Paix\u00e3o: Petra expulsa Luigi<\/em><br \/>\n<img data-recalc-dims=\"1\" decoding=\"async\" class=\"alignnone wp-image-59857 size-full\" title=\"(Foto: TV Globo\/Terra e Paix\u00e3o)\" src=\"https:\/\/i0.wp.com\/www.tvnovelas.com.br\/tvnews\/wp-content\/uploads\/2023\/12\/38881.jpg?resize=728%2C410&#038;ssl=1\" alt=\"Foto em Terra e Paix\u00e3o: Petra expulsa Luigi\" width=\"728\" height=\"410\" srcset=\"https:\/\/i0.wp.com\/www.tvnovelas.com.br\/tvnews\/wp-content\/uploads\/2023\/12\/38881.jpg?w=728&amp;ssl=1 728w, https:\/\/i0.wp.com\/www.tvnovelas.com.br\/tvnews\/wp-content\/uploads\/2023\/12\/38881.jpg?resize=678%2C381&amp;ssl=1 678w\" sizes=\"(max-width: 728px) 100vw, 728px\" \/><br \/>\nEm Terra e Paix\u00e3o, Agatha (Eliane Giardini) descobriu que Luigi (Rainer Cadete) est\u00e1 desconfiado de que H\u00e9lio (Rafa Vitti) \u00e9 seu filho.<\/p>\n<p>Certa de que para neutralizar Petra (D\u00e9bora Oz\u00f3rio) ela precisa separ\u00e1-la do italiano, a vil\u00e3 decide entregar o dossi\u00ea que mandou fazer sobre o passado de golpes do malandro para a enteada.<\/p>\n<p>Petra fica chocada ao descobrir tantas mentiras e, furiosa, expulsa o rapaz da mans\u00e3o dos La Selva.<\/p>\n<p>&#8220;Estas s\u00e3o as provas de que o Luigi vem tirando dinheiro das empresas e enganando o seu pai desde que come\u00e7ou a trabalhar no grupo&#8221;.<\/p>\n<p>&#8220;Ele entrou nesta fam\u00edlia com a \u00fanica finalidade de espoliar voc\u00ea e o seu pai, Petra&#8221;.<\/p>\n<p>Ainda sem acreditar nos documentos, Petra pergunta onde Agatha conseguiu essas informa\u00e7\u00f5es sobre seu marido. A vil\u00e3 disse que percebeu de cara que o italiano era um vigarista e explica que contratou um advogado para investigar o malandro:<\/p>\n<p>&#8220;E o que ele fez com voc\u00ea, j\u00e1 tinha feito com outras mo\u00e7as&#8221;.<\/p>\n<p>&#8220;O golpe de mestre seria se tornar o sucessor, \u00e9 claro, e ele estava quase conseguindo. Ainda bem que eu fui at\u00e9 a administra\u00e7\u00e3o investigar os livros cont\u00e1beis&#8221;.<\/p>\n<p>Revoltada, Petra procura Luigi e joga na cara do italiano o dossi\u00ea de Agatha. A jovem afirma ainda que o malandro inventou mentiras sobre H\u00e9lio apenas para assumir os neg\u00f3cios do La Selva.<\/p>\n<p>&#8220;Eu quero que voc\u00ea arrume as malas e suma daqui&#8221;.<br \/>\n<!--END POST--><br \/>\n<a href=\"https:\/\/www.tvnovelas.com.br\/novelas\/resumos-de-terra-e-paixao\/\">Confira os resumos da semana de &#8216;Terra e Paix\u00e3o&#8217;<\/a><br \/>\n<strong style=\"font-size: 120%;\">\u00daltimas not\u00edcias de Terra e Paix\u00e3o:<\/strong><br \/>\n<div class=\"pt-cv-wrapper\"><div class=\"pt-cv-view pt-cv-grid pt-cv-colsys\" id=\"pt-cv-view-9bbc6490w2\"><div data-id=\"pt-cv-page-1\" class=\"pt-cv-page\" data-cvc=\"1\"><div class=\"col-md-12 col-sm-6 col-xs-12 pt-cv-content-item pt-cv-1-col\" ><div class='pt-cv-ifield'><h4 class=\"pt-cv-title\"><a href=\"https:\/\/www.tvnovelas.com.br\/tvnews\/terra-e-paixao-vinicius-choca-aline-com-relatorio-sobre-diamantes-em-suas-terras\/\" class=\"_blank\" target=\"_blank\" >Terra e Paix\u00e3o: Vin\u00edcius choca Aline com relat\u00f3rio sobre diamantes em suas terras<\/a><\/h4><\/div><\/div>\n<div class=\"col-md-12 col-sm-6 col-xs-12 pt-cv-content-item pt-cv-1-col\" ><div class='pt-cv-ifield'><h4 class=\"pt-cv-title\"><a href=\"https:\/\/www.tvnovelas.com.br\/tvnews\/terra-e-paixao-fuga-de-antonio-tem-mortes-e-disfarce\/\" class=\"_blank\" target=\"_blank\" >Terra e Paix\u00e3o: Fuga de Ant\u00f4nio tem mortes e disfarce<\/a><\/h4><\/div><\/div>\n<div class=\"col-md-12 col-sm-6 col-xs-12 pt-cv-content-item pt-cv-1-col\" ><div class='pt-cv-ifield'><h4 class=\"pt-cv-title\"><a href=\"https:\/\/www.tvnovelas.com.br\/tvnews\/terra-e-paixao-antonio-invade-casamento-para-matar-aline-no-altar\/\" class=\"_blank\" target=\"_blank\" >Terra e Paix\u00e3o: Ant\u00f4nio invade casamento para matar Aline no altar<\/a><\/h4><\/div><\/div>\n<div class=\"col-md-12 col-sm-6 col-xs-12 pt-cv-content-item pt-cv-1-col\" ><div class='pt-cv-ifield'><h4 class=\"pt-cv-title\"><a href=\"https:\/\/www.tvnovelas.com.br\/tvnews\/terra-e-paixao-graca-se-junta-a-policia-para-salvar-danielzinho\/\" class=\"_blank\" target=\"_blank\" >Terra e Paix\u00e3o: Gra\u00e7a se junta \u00e0 Pol\u00edcia para salvar Danielzinho<\/a><\/h4><\/div><\/div>\n<div class=\"col-md-12 col-sm-6 col-xs-12 pt-cv-content-item pt-cv-1-col\" ><div class='pt-cv-ifield'><h4 class=\"pt-cv-title\"><a href=\"https:\/\/www.tvnovelas.com.br\/tvnews\/terra-e-paixao-marino-da-voz-de-prisao-a-irene\/\" class=\"_blank\" target=\"_blank\" >Terra e Paix\u00e3o: Marino d\u00e1 voz de pris\u00e3o a Irene<\/a><\/h4><\/div><\/div>\n<div class=\"col-md-12 col-sm-6 col-xs-12 pt-cv-content-item pt-cv-1-col\" ><div class='pt-cv-ifield'><h4 class=\"pt-cv-title\"><a href=\"https:\/\/www.tvnovelas.com.br\/tvnews\/terra-e-paixao-irene-sequestra-danielzinho-e-foge-com-vinicius\/\" class=\"_blank\" target=\"_blank\" >Terra e Paix\u00e3o: Irene sequestra Danielzinho e foge com Vin\u00edcius<\/a><\/h4><\/div><\/div><\/div><\/div><\/div><br \/>\n<strong style=\"font-size: 120%;\">\u00daltimas not\u00edcias deste canal:<\/strong><br \/>\n<div class=\"pt-cv-wrapper\"><div class=\"pt-cv-view pt-cv-grid pt-cv-colsys\" id=\"pt-cv-view-90991035b3\"><div data-id=\"pt-cv-page-1\" class=\"pt-cv-page\" data-cvc=\"1\"><div class=\"col-md-12 col-sm-12 col-xs-12 pt-cv-content-item pt-cv-1-col\" ><div class='pt-cv-ifield'><h4 class=\"pt-cv-title\"><a href=\"https:\/\/www.tvnovelas.com.br\/tvnews\/coracao-acelerado-zila-se-preocupa-com-sua-situacao-apos-separacao\/\" class=\"_self\" target=\"_self\" >Cora\u00e7\u00e3o Acelerado: Zil\u00e1 se preocupa com sua situa\u00e7\u00e3o ap\u00f3s separa\u00e7\u00e3o<\/a><\/h4><\/div><\/div>\n<div class=\"col-md-12 col-sm-12 col-xs-12 pt-cv-content-item pt-cv-1-col\" ><div class='pt-cv-ifield'><h4 class=\"pt-cv-title\"><a href=\"https:\/\/www.tvnovelas.com.br\/tvnews\/a-nobreza-do-amor-tonho-nao-se-curva-diante-de-mirinho\/\" class=\"_self\" target=\"_self\" >A Nobreza do Amor: Tonho n\u00e3o se curva diante de Mirinho<\/a><\/h4><\/div><\/div>\n<div class=\"col-md-12 col-sm-12 col-xs-12 pt-cv-content-item pt-cv-1-col\" ><div class='pt-cv-ifield'><h4 class=\"pt-cv-title\"><a href=\"https:\/\/www.tvnovelas.com.br\/tvnews\/tres-gracas-arminda-surta-ao-confirmar-que-ferette-e-pai-de-raul\/\" class=\"_self\" target=\"_self\" >Tr\u00eas Gra\u00e7as:  Arminda surta ao confirmar que Ferette \u00e9 pai de Raul<\/a><\/h4><\/div><\/div>\n<div class=\"col-md-12 col-sm-12 col-xs-12 pt-cv-content-item pt-cv-1-col\" ><div class='pt-cv-ifield'><h4 class=\"pt-cv-title\"><a href=\"https:\/\/www.tvnovelas.com.br\/tvnews\/coracao-de-mae-atilla-confronta-hasan-e-exige-o-divorcio-de-lale\/\" class=\"_self\" target=\"_self\" >Cora\u00e7\u00e3o de M\u00e3e: Atilla confronta Hasan e exige o div\u00f3rcio de Lale<\/a><\/h4><\/div><\/div>\n<div class=\"col-md-12 col-sm-12 col-xs-12 pt-cv-content-item pt-cv-1-col\" ><div class='pt-cv-ifield'><h4 class=\"pt-cv-title\"><a href=\"https:\/\/www.tvnovelas.com.br\/tvnews\/guerra-das-rosas-gulfem-coloca-gulru-contra-a-parede\/\" class=\"_self\" target=\"_self\" >Guerra das Rosas: Gulfem coloca Gulru contra a parede<\/a><\/h4><\/div><\/div>\n<div class=\"col-md-12 col-sm-12 col-xs-12 pt-cv-content-item pt-cv-1-col\" ><div class='pt-cv-ifield'><h4 class=\"pt-cv-title\"><a href=\"https:\/\/www.tvnovelas.com.br\/tvnews\/coracao-de-mae-atilla-diz-a-lale-que-quer-o-divorcio\/\" class=\"_self\" target=\"_self\" >Cora\u00e7\u00e3o de M\u00e3e: Atilla diz a Lale que quer o div\u00f3rcio<\/a><\/h4><\/div><\/div>\n<div class=\"col-md-12 col-sm-12 col-xs-12 pt-cv-content-item pt-cv-1-col\" ><div class='pt-cv-ifield'><h4 class=\"pt-cv-title\"><a href=\"https:\/\/www.tvnovelas.com.br\/tvnews\/a-nobreza-do-amor-mirinho-garante-noivado-com-virginia-para-atrair-sogro-a-negocio\/\" class=\"_self\" target=\"_self\" >A Nobreza do Amor: Mirinho garante noivado com Virg\u00ednia para atrair sogro a neg\u00f3cio<\/a><\/h4><\/div><\/div>\n<div class=\"col-md-12 col-sm-12 col-xs-12 pt-cv-content-item pt-cv-1-col\" ><div class='pt-cv-ifield'><h4 class=\"pt-cv-title\"><a href=\"https:\/\/www.tvnovelas.com.br\/tvnews\/tres-gracas-joaquim-propoe-fuga-a-arminda-com-o-dinheiro-das-tres-gracas\/\" class=\"_self\" target=\"_self\" >Tr\u00eas Gra\u00e7as:  Joaquim prop\u00f5e fuga a Arminda com o dinheiro das Tr\u00eas Gra\u00e7as<\/a><\/h4><\/div><\/div>\n<div class=\"col-md-12 col-sm-12 col-xs-12 pt-cv-content-item pt-cv-1-col\" ><div class='pt-cv-ifield'><h4 class=\"pt-cv-title\"><a href=\"https:\/\/www.tvnovelas.com.br\/tvnews\/coracao-de-mae-atilla-decide-abrir-o-jogo-com-karsu\/\" class=\"_self\" target=\"_self\" >Cora\u00e7\u00e3o de M\u00e3e: Atilla decide abrir o jogo com Karsu<\/a><\/h4><\/div><\/div>\n<div class=\"col-md-12 col-sm-12 col-xs-12 pt-cv-content-item pt-cv-1-col\" ><div class='pt-cv-ifield'><h4 class=\"pt-cv-title\"><a href=\"https:\/\/www.tvnovelas.com.br\/tvnews\/coracao-de-mae-adnan-e-preso-apos-denuncia-de-irmak\/\" class=\"_self\" target=\"_self\" >Em Cora\u00e7\u00e3o de M\u00e3e: Adnan \u00e9 preso ap\u00f3s denuncia de Irmak<\/a><\/h4><\/div><\/div><\/div><\/div><\/div><br \/>\n<a href=\"https:\/\/www.tvnovelas.com.br\/novelas\/\"><strong>Confira os resumos da semana de todas novelas<\/strong><\/a><\/p>\n<h3>Confira tamb\u00e9m<\/h3>\n<p><a href=\"https:\/\/www.tvnovelas.com.br\/filmes\/\" target=\"_blank\" rel=\"noopener noreferrer\"><strong>Programa\u00e7\u00e3o de filmes na TV aberta<\/strong><\/a><br \/>\n<a href=\"https:\/\/caetenews.com.br\/semana\/filmes-da-globo-na-sessao-da-tarde-desta-semana\/\" target=\"_blank\" rel=\"noopener\"><strong>Confira os filmes da semana na Sess\u00e3o da Tarde<\/strong><\/a><br \/>\n<a href=\"https:\/\/www.tvnovelas.com.br\/novelas\/\" target=\"_blank\" rel=\"noopener noreferrer\"><strong>Resumos de novelas<\/strong><\/a><\/p>\n","protected":false},"excerpt":{"rendered":"<p>Em Terra e Paix\u00e3o, Agatha (Eliane Giardini) descobriu que Luigi (Rainer Cadete) est\u00e1 desconfiado de que H\u00e9lio&#8230;<\/p>\n","protected":false},"author":1,"featured_media":59857,"comment_status":"closed","ping_status":"closed","sticky":false,"template":"","format":"standard","meta":{"_uf_show_specific_survey":0,"_uf_disable_surveys":false,"_jetpack_memberships_contains_paid_content":false,"footnotes":"","_wp_rev_ctl_limit":""},"categories":[382],"tags":[5,64,383],"class_list":["post-59856","post","type-post","status-publish","format-standard","has-post-thumbnail","hentry","category-terra-e-paixao","tag-globo","tag-novelas","tag-terra-e-paixao","wpcat-382-id"],"aioseo_notices":[],"jetpack_featured_media_url":"https:\/\/i0.wp.com\/www.tvnovelas.com.br\/tvnews\/wp-content\/uploads\/2023\/12\/38881.jpg?fit=728%2C410&ssl=1","jetpack_shortlink":"https:\/\/wp.me\/pdP2BO-fzq","jetpack_sharing_enabled":true,"_links":{"self":[{"href":"https:\/\/www.tvnovelas.com.br\/tvnews\/wp-json\/wp\/v2\/posts\/59856","targetHints":{"allow":["GET"]}}],"collection":[{"href":"https:\/\/www.tvnovelas.com.br\/tvnews\/wp-json\/wp\/v2\/posts"}],"about":[{"href":"https:\/\/www.tvnovelas.com.br\/tvnews\/wp-json\/wp\/v2\/types\/post"}],"author":[{"embeddable":true,"href":"https:\/\/www.tvnovelas.com.br\/tvnews\/wp-json\/wp\/v2\/users\/1"}],"replies":[{"embeddable":true,"href":"https:\/\/www.tvnovelas.com.br\/tvnews\/wp-json\/wp\/v2\/comments?post=59856"}],"version-history":[{"count":1,"href":"https:\/\/www.tvnovelas.com.br\/tvnews\/wp-json\/wp\/v2\/posts\/59856\/revisions"}],"predecessor-version":[{"id":59858,"href":"https:\/\/www.tvnovelas.com.br\/tvnews\/wp-json\/wp\/v2\/posts\/59856\/revisions\/59858"}],"wp:featuredmedia":[{"embeddable":true,"href":"https:\/\/www.tvnovelas.com.br\/tvnews\/wp-json\/wp\/v2\/media\/59857"}],"wp:attachment":[{"href":"https:\/\/www.tvnovelas.com.br\/tvnews\/wp-json\/wp\/v2\/media?parent=59856"}],"wp:term":[{"taxonomy":"category","embeddable":true,"href":"https:\/\/www.tvnovelas.com.br\/tvnews\/wp-json\/wp\/v2\/categories?post=59856"},{"taxonomy":"post_tag","embeddable":true,"href":"https:\/\/www.tvnovelas.com.br\/tvnews\/wp-json\/wp\/v2\/tags?post=59856"}],"curies":[{"name":"wp","href":"https:\/\/api.w.org\/{rel}","templated":true}]}}