{"id":59859,"date":"2023-12-02T13:59:36","date_gmt":"2023-12-02T16:59:36","guid":{"rendered":"https:\/\/www.tvnovelas.com.br\/tvnews\/?p=59859"},"modified":"2023-12-02T11:27:35","modified_gmt":"2023-12-02T14:27:35","slug":"o-que-se-passa-em-elas-por-elas-na-semana-04-a-09-de-dezembro","status":"publish","type":"post","link":"https:\/\/www.tvnovelas.com.br\/tvnews\/o-que-se-passa-em-elas-por-elas-na-semana-04-a-09-de-dezembro\/","title":{"rendered":"O que se passa em Elas por Elas na semana 04 a 09 de dezembro"},"content":{"rendered":"<p><em>Resumos de Elas por Elas na semana 04 a 09<\/em><br \/>\n<img data-recalc-dims=\"1\" decoding=\"async\" class=\"alignnone wp-image-59860 size-full\" title=\"(Foto: TV Globo\/Elas por Elas)\" src=\"https:\/\/i0.wp.com\/www.tvnovelas.com.br\/tvnews\/wp-content\/uploads\/2023\/12\/38882b.jpg?resize=728%2C405&#038;ssl=1\" alt=\"Foto em Resumos de Elas por Elas na semana 04 a 09\" width=\"728\" height=\"405\" \/><\/p>\n<blockquote><p>Nat\u00e1lia apresenta Marcos como filho de Bruno; M\u00e1rcia se sensibiliza ao ver Ren\u00e9e com Vic; Nat\u00e1lia anuncia que Marcos ir\u00e1 morar com ela e Pedro&#8230;<\/p><\/blockquote>\n<p><strong>Resumo de segunda-feira, 04 de dezembro<\/strong><br \/>\nLara se desculpa com Ta\u00eds pela perda do processo. Roberto e Vilma pagam ao assistente do juiz pela senten\u00e7a. S\u00e9rgio aconselha Helena a dar um passo atr\u00e1s para preservar sua rela\u00e7\u00e3o com Giovanni. M\u00e1rcia implora para que Ren\u00e9e a ajude com Vic e Tony. Giovanni conversa com Jonas. S\u00e9rgio briga com M\u00edriam, e Maninha percebe. Tony se preocupa com sua d\u00edvida no banco, e disfar\u00e7a para Cris. Helena se surpreende ao ver que Giovanni desconfia dela. Chega o dia da exposi\u00e7\u00e3o de Nat\u00e1lia, e todos comemoram. Nat\u00e1lia apresenta Marcos como filho de Bruno.<\/p>\n<p><strong>Resumo de ter\u00e7a-feira, 05 de dezembro<\/strong><br \/>\nTodos ficam surpresos com a semelhan\u00e7a entre Marcos e Bruno. Ulisses se irrita com Carol. Tony desabafa com Cris sobre a volta de M\u00e1rcia. S\u00e9rgio se alarma ao saber da exist\u00eancia de Marcos. Aramis garante a Jonas que conseguir\u00e1 descobrir quem adulterou suas negocia\u00e7\u00f5es. Cris ouve Tony falando sobre sua d\u00edvida. Ta\u00eds nota o interesse de Lara por M\u00e1rio. Marcos visita a fazenda de Pedro e Nat\u00e1lia. Carol convida Carlinhos para ser volunt\u00e1rio em uma pesquisa da universidade. M\u00e1rcia se sensibiliza ao ver Ren\u00e9e com Vic. \u00c9rica desperta, e Edu e M\u00e1rio comemoram.<br \/>\n<img data-recalc-dims=\"1\" decoding=\"async\" class=\"alignnone wp-image-59862 size-full\" title=\"(Foto: TV Globo\/Elas por Elas)\" src=\"https:\/\/i0.wp.com\/www.tvnovelas.com.br\/tvnews\/wp-content\/uploads\/2023\/12\/38882a.jpg?resize=728%2C410&#038;ssl=1\" alt=\"Foto em Resumos de Elas por Elas na semana 04 a 09\" width=\"728\" height=\"410\" srcset=\"https:\/\/i0.wp.com\/www.tvnovelas.com.br\/tvnews\/wp-content\/uploads\/2023\/12\/38882a.jpg?w=728&amp;ssl=1 728w, https:\/\/i0.wp.com\/www.tvnovelas.com.br\/tvnews\/wp-content\/uploads\/2023\/12\/38882a.jpg?resize=678%2C381&amp;ssl=1 678w\" sizes=\"(max-width: 728px) 100vw, 728px\" \/><\/p>\n<p><strong>Resumo de quarta-feira, 06 de dezembro<\/strong><br \/>\n\u00c9rica descobre que foi atropelada. Pedro decide investigar Marcos. Roberto diz a Helena que eles n\u00e3o correm riscos, a n\u00e3o ser que Jonas tenha um \u00e1libi. Jonas comenta com Adriana que usou o celular no mesmo hor\u00e1rio em que fizeram a transfer\u00eancia na sua conta na Hel\u00e0ne. Adriana comemora com Jonas o \u00e1libi que pode comprovar que Helena mentiu. Pedro fica preocupado ao saber por Marcos que Nat\u00e1lia bebeu. Giovanni pede desculpas por ter desconfiado de Jonas e conclui que a m\u00e3e mentiu. Tony impede M\u00e1rcia de falar com Vic. Giovanni diz a \u00cdsis que n\u00e3o confia mais em Helena. Ta\u00eds revela a Pedro que o pai de seu filho \u00e9 \u00c1tila.<\/p>\n<p><strong>Resumo de quinta-feira, 07 de dezembro<\/strong><br \/>\nPedro recomenda que Ta\u00eds conte a Lara que namorou \u00c1tila. Aramis orienta Jonas sobre o que fazer com a conta do exterior. Edu comenta com Yeda que teme que \u00c9rica n\u00e3o o perdoe. L\u00edgia alerta Nat\u00e1lia para n\u00e3o projetar Bruno em Marcos. Helena concorda em retomar o projeto das gestantes. Ta\u00eds mostra a Raquel o celular secreto de \u00c1tila. M\u00edriam esvazia os pneus do carro de Fagundes. M\u00edriam conta a Danilo seu plano. Giovanni pergunta a Helena se foi ela quem vendeu o apartamento e depositou o dinheiro na conta de Jonas, a fim de incrimin\u00e1-lo.<br \/>\n<img data-recalc-dims=\"1\" decoding=\"async\" class=\"alignnone wp-image-59861 size-full\" title=\"(Foto: TV Globo\/Elas por Elas)\" src=\"https:\/\/i0.wp.com\/www.tvnovelas.com.br\/tvnews\/wp-content\/uploads\/2023\/12\/38882.jpg?resize=728%2C410&#038;ssl=1\" alt=\"Foto em Resumos de Elas por Elas na semana 04 a 09\" width=\"728\" height=\"410\" srcset=\"https:\/\/i0.wp.com\/www.tvnovelas.com.br\/tvnews\/wp-content\/uploads\/2023\/12\/38882.jpg?w=728&amp;ssl=1 728w, https:\/\/i0.wp.com\/www.tvnovelas.com.br\/tvnews\/wp-content\/uploads\/2023\/12\/38882.jpg?resize=678%2C381&amp;ssl=1 678w\" sizes=\"(max-width: 728px) 100vw, 728px\" \/><\/p>\n<p><strong>Resumo de sexta-feira, 08 de dezembro<\/strong><br \/>\nHelena nega para Giovanni que tenha agido contra Jonas. Cris decide quitar a d\u00edvida de Tony. \u00c9rica se surpreende com a mudan\u00e7a de comportamento de Edu. Pedro descobre que Marcos est\u00e1 morando em um abrigo. S\u00e9rgio pede que Fagundes descubra a identidade do comparsa de M\u00edriam. Aramis amea\u00e7a Roberto. Jonas se prepara para o novo emprego. Cris conhece M\u00e1rcia. \u00cdsis questiona S\u00e9rgio sobre os filhotes resgatados. M\u00edriam conta a Helena que Jonas cantar\u00e1 em um bar. M\u00e1rio convida Lara para jantar em sua casa. Tony deduz que Cris quitou sua d\u00edvida. Helena chega ao bar onde Jonas se apresentar\u00e1.<\/p>\n<p><strong>Resumo de s\u00e1bado, 09 de dezembro<\/strong><br \/>\nAdriana confronta Helena. Tony reclama de Cris ter invadido sua privacidade, e termina o relacionamento com ela. Pedro confidencia a Ta\u00eds que Marcos est\u00e1 morando em um abrigo. Lara acredita que M\u00e1rio ir\u00e1 se declarar para ela. \u00c9rica garante a Edu que n\u00e3o se lembra de nada do dia do acidente. Nat\u00e1lia descobre que Pedro deu dinheiro para Marcos. Cris avisa a Ta\u00eds que Helena retomou o projeto dos cosm\u00e9ticos para gestantes. Yeda convence Edu a conversar com \u00c9rica sobre o dia do acidente. Lara fica constrangida ao perceber que M\u00e1rio se esqueceu do convite para jantar. Nat\u00e1lia anuncia que Marcos ir\u00e1 morar com ela e Pedro. \u00c9rica se lembra do dia do acidente.<br \/>\n<!--END POST--><br \/>\n<a href=\"https:\/\/www.tvnovelas.com.br\/novelas\/resumos-de-elas-por-elas-2\/\" target=\"_blank\" rel=\"noopener\">Confira os resumos de &#8216;Elas por Elas&#8217;  da semana 11 a 16 de dezembro<\/a><br \/>\n<strong style=\"font-size: 120%;\">\u00daltimas not\u00edcias de Elas por Elas:<\/strong><br \/>\n<div class=\"pt-cv-wrapper\"><div class=\"pt-cv-view pt-cv-grid pt-cv-colsys\" id=\"pt-cv-view-23f2f2esxk\"><div data-id=\"pt-cv-page-1\" class=\"pt-cv-page\" data-cvc=\"1\"><div class=\"col-md-12 col-sm-12 col-xs-12 pt-cv-content-item pt-cv-1-col\" ><div class='pt-cv-ifield'><h4 class=\"pt-cv-title\"><a href=\"https:\/\/www.tvnovelas.com.br\/tvnews\/elas-por-elas-sergio-entrega-helena-para-salvar-isis\/\" class=\"_blank\" target=\"_blank\" >Elas por Elas: S\u00e9rgio entrega Helena para salvar Isis<\/a><\/h4><\/div><\/div>\n<div class=\"col-md-12 col-sm-12 col-xs-12 pt-cv-content-item pt-cv-1-col\" ><div class='pt-cv-ifield'><h4 class=\"pt-cv-title\"><a href=\"https:\/\/www.tvnovelas.com.br\/tvnews\/elas-por-elas-tais-sai-do-tribunal-para-a-maternidade\/\" class=\"_blank\" target=\"_blank\" >Elas por Elas:  Ta\u00eds sai do tribunal para a maternidade<\/a><\/h4><\/div><\/div>\n<div class=\"col-md-12 col-sm-12 col-xs-12 pt-cv-content-item pt-cv-1-col\" ><div class='pt-cv-ifield'><h4 class=\"pt-cv-title\"><a href=\"https:\/\/www.tvnovelas.com.br\/tvnews\/elas-por-elas-vilma-depoe-roberto-e-preso\/\" class=\"_blank\" target=\"_blank\" >Elas por Elas: Vilma dep\u00f5e;  Roberto \u00e9 preso<\/a><\/h4><\/div><\/div>\n<div class=\"col-md-12 col-sm-12 col-xs-12 pt-cv-content-item pt-cv-1-col\" ><div class='pt-cv-ifield'><h4 class=\"pt-cv-title\"><a href=\"https:\/\/www.tvnovelas.com.br\/tvnews\/elas-por-elas-vilma-depoe-e-derruba-o-alibi-de-roberto\/\" class=\"_blank\" target=\"_blank\" >Elas por Elas: Vilma dep\u00f5e e derruba o \u00e1libi de Roberto<\/a><\/h4><\/div><\/div>\n<div class=\"col-md-12 col-sm-12 col-xs-12 pt-cv-content-item pt-cv-1-col\" ><div class='pt-cv-ifield'><h4 class=\"pt-cv-title\"><a href=\"https:\/\/www.tvnovelas.com.br\/tvnews\/elas-por-elas-isis-sofre-outro-golpe-o-juiz-nega-habeas-corpus\/\" class=\"_blank\" target=\"_blank\" >Elas por Elas: \u00cdsis sofre outro golpe; o juiz nega habeas corpus<\/a><\/h4><\/div><\/div>\n<div class=\"col-md-12 col-sm-12 col-xs-12 pt-cv-content-item pt-cv-1-col\" ><div class='pt-cv-ifield'><h4 class=\"pt-cv-title\"><a href=\"https:\/\/www.tvnovelas.com.br\/tvnews\/elas-por-elas-juiz-mantem-prisao-de-isis-pelo-suposto-assassinato-de-helena\/\" class=\"_blank\" target=\"_blank\" >Elas por Elas: Juiz mant\u00e9m pris\u00e3o de \u00cdsis pelo suposto assassinato de Helena<\/a><\/h4><\/div><\/div><\/div><\/div><\/div><br \/>\n<strong style=\"font-size: 120%;\">\u00daltimas not\u00edcias deste site:<\/strong><br \/>\n<div class=\"pt-cv-wrapper\"><div class=\"pt-cv-view pt-cv-grid pt-cv-colsys\" id=\"pt-cv-view-90991035b3\"><div data-id=\"pt-cv-page-1\" class=\"pt-cv-page\" data-cvc=\"1\"><div class=\"col-md-12 col-sm-12 col-xs-12 pt-cv-content-item pt-cv-1-col\" ><div class='pt-cv-ifield'><h4 class=\"pt-cv-title\"><a href=\"https:\/\/www.tvnovelas.com.br\/tvnews\/tres-gracas-arminda-surta-ao-confirmar-que-ferette-e-pai-de-raul\/\" class=\"_self\" target=\"_self\" >Tr\u00eas Gra\u00e7as:  Arminda surta ao confirmar que Ferette \u00e9 pai de Raul<\/a><\/h4><\/div><\/div>\n<div class=\"col-md-12 col-sm-12 col-xs-12 pt-cv-content-item pt-cv-1-col\" ><div class='pt-cv-ifield'><h4 class=\"pt-cv-title\"><a href=\"https:\/\/www.tvnovelas.com.br\/tvnews\/coracao-de-mae-atilla-confronta-hasan-e-exige-o-divorcio-de-lale\/\" class=\"_self\" target=\"_self\" >Cora\u00e7\u00e3o de M\u00e3e: Atilla confronta Hasan e exige o div\u00f3rcio de Lale<\/a><\/h4><\/div><\/div>\n<div class=\"col-md-12 col-sm-12 col-xs-12 pt-cv-content-item pt-cv-1-col\" ><div class='pt-cv-ifield'><h4 class=\"pt-cv-title\"><a href=\"https:\/\/www.tvnovelas.com.br\/tvnews\/guerra-das-rosas-gulfem-coloca-gulru-contra-a-parede\/\" class=\"_self\" target=\"_self\" >Guerra das Rosas: Gulfem coloca Gulru contra a parede<\/a><\/h4><\/div><\/div>\n<div class=\"col-md-12 col-sm-12 col-xs-12 pt-cv-content-item pt-cv-1-col\" ><div class='pt-cv-ifield'><h4 class=\"pt-cv-title\"><a href=\"https:\/\/www.tvnovelas.com.br\/tvnews\/coracao-de-mae-atilla-diz-a-lale-que-quer-o-divorcio\/\" class=\"_self\" target=\"_self\" >Cora\u00e7\u00e3o de M\u00e3e: Atilla diz a Lale que quer o div\u00f3rcio<\/a><\/h4><\/div><\/div>\n<div class=\"col-md-12 col-sm-12 col-xs-12 pt-cv-content-item pt-cv-1-col\" ><div class='pt-cv-ifield'><h4 class=\"pt-cv-title\"><a href=\"https:\/\/www.tvnovelas.com.br\/tvnews\/a-nobreza-do-amor-mirinho-garante-noivado-com-virginia-para-atrair-sogro-a-negocio\/\" class=\"_self\" target=\"_self\" >A Nobreza do Amor: Mirinho garante noivado com Virg\u00ednia para atrair sogro a neg\u00f3cio<\/a><\/h4><\/div><\/div>\n<div class=\"col-md-12 col-sm-12 col-xs-12 pt-cv-content-item pt-cv-1-col\" ><div class='pt-cv-ifield'><h4 class=\"pt-cv-title\"><a href=\"https:\/\/www.tvnovelas.com.br\/tvnews\/tres-gracas-joaquim-propoe-fuga-a-arminda-com-o-dinheiro-das-tres-gracas\/\" class=\"_self\" target=\"_self\" >Tr\u00eas Gra\u00e7as:  Joaquim prop\u00f5e fuga a Arminda com o dinheiro das Tr\u00eas Gra\u00e7as<\/a><\/h4><\/div><\/div>\n<div class=\"col-md-12 col-sm-12 col-xs-12 pt-cv-content-item pt-cv-1-col\" ><div class='pt-cv-ifield'><h4 class=\"pt-cv-title\"><a href=\"https:\/\/www.tvnovelas.com.br\/tvnews\/coracao-de-mae-atilla-decide-abrir-o-jogo-com-karsu\/\" class=\"_self\" target=\"_self\" >Cora\u00e7\u00e3o de M\u00e3e: Atilla decide abrir o jogo com Karsu<\/a><\/h4><\/div><\/div>\n<div class=\"col-md-12 col-sm-12 col-xs-12 pt-cv-content-item pt-cv-1-col\" ><div class='pt-cv-ifield'><h4 class=\"pt-cv-title\"><a href=\"https:\/\/www.tvnovelas.com.br\/tvnews\/coracao-de-mae-adnan-e-preso-apos-denuncia-de-irmak\/\" class=\"_self\" target=\"_self\" >Em Cora\u00e7\u00e3o de M\u00e3e: Adnan \u00e9 preso ap\u00f3s denuncia de Irmak<\/a><\/h4><\/div><\/div>\n<div class=\"col-md-12 col-sm-12 col-xs-12 pt-cv-content-item pt-cv-1-col\" ><div class='pt-cv-ifield'><h4 class=\"pt-cv-title\"><a href=\"https:\/\/www.tvnovelas.com.br\/tvnews\/coracao-de-mae-atilla-forca-karsu-a-ouvir-suas-explicacoes\/\" class=\"_self\" target=\"_self\" >Cora\u00e7\u00e3o de M\u00e3e: Atilla for\u00e7a Karsu a ouvir suas explica\u00e7\u00f5es<\/a><\/h4><\/div><\/div>\n<div class=\"col-md-12 col-sm-12 col-xs-12 pt-cv-content-item pt-cv-1-col\" ><div class='pt-cv-ifield'><h4 class=\"pt-cv-title\"><a href=\"https:\/\/www.tvnovelas.com.br\/tvnews\/coracao-acelerado-mulher-choca-janete-ao-se-apresentar-como-amante-do-palhares\/\" class=\"_self\" target=\"_self\" >Cora\u00e7\u00e3o Acelerado: Mulher choca Janete ao se apresentar como amante do Palhares<\/a><\/h4><\/div><\/div><\/div><\/div><\/div><br \/>\n<a href=\"https:\/\/www.tvnovelas.com.br\/novelas\/\"><strong>Confira os resumos da semana de todas novelas<\/strong><\/a><\/p>\n<h3>Confira tamb\u00e9m<\/h3>\n<p><a href=\"https:\/\/www.tvnovelas.com.br\/filmes\/\" target=\"_blank\" rel=\"noopener noreferrer\"><strong>Programa\u00e7\u00e3o de filmes na TV aberta<\/strong><\/a><br \/>\n<a href=\"https:\/\/caetenews.com.br\/semana\/filmes-da-globo-na-sessao-da-tarde-desta-semana\/\" target=\"_blank\" rel=\"noopener\"><strong>Confira os filmes da semana na Sess\u00e3o da Tarde<\/strong><\/a><br \/>\n<a href=\"https:\/\/www.tvnovelas.com.br\/novelas\/\" target=\"_blank\" rel=\"noopener noreferrer\"><strong>Resumos de novelas<\/strong><\/a><\/p>\n","protected":false},"excerpt":{"rendered":"<p>Em Elas por Elas na semana 04 a 09 de dezembro, Nat\u00e1lia apresenta Marcos como filho de Bruno; M\u00e1rcia se sensibiliza ao ver Ren\u00e9e com Vic; Nat\u00e1lia anuncia que Marcos ir\u00e1 morar com ela e Pedro&#8230;<\/p>\n","protected":false},"author":1,"featured_media":59860,"comment_status":"closed","ping_status":"closed","sticky":false,"template":"","format":"standard","meta":{"_uf_show_specific_survey":0,"_uf_disable_surveys":false,"_jetpack_memberships_contains_paid_content":false,"footnotes":"","_wp_rev_ctl_limit":""},"categories":[401],"tags":[402,5,64],"class_list":["post-59859","post","type-post","status-publish","format-standard","has-post-thumbnail","hentry","category-elas-por-elas","tag-elas-por-elas","tag-globo","tag-novelas","wpcat-401-id"],"aioseo_notices":[],"jetpack_featured_media_url":"https:\/\/i0.wp.com\/www.tvnovelas.com.br\/tvnews\/wp-content\/uploads\/2023\/12\/38882b.jpg?fit=728%2C405&ssl=1","jetpack_shortlink":"https:\/\/wp.me\/pdP2BO-fzt","jetpack_sharing_enabled":true,"_links":{"self":[{"href":"https:\/\/www.tvnovelas.com.br\/tvnews\/wp-json\/wp\/v2\/posts\/59859","targetHints":{"allow":["GET"]}}],"collection":[{"href":"https:\/\/www.tvnovelas.com.br\/tvnews\/wp-json\/wp\/v2\/posts"}],"about":[{"href":"https:\/\/www.tvnovelas.com.br\/tvnews\/wp-json\/wp\/v2\/types\/post"}],"author":[{"embeddable":true,"href":"https:\/\/www.tvnovelas.com.br\/tvnews\/wp-json\/wp\/v2\/users\/1"}],"replies":[{"embeddable":true,"href":"https:\/\/www.tvnovelas.com.br\/tvnews\/wp-json\/wp\/v2\/comments?post=59859"}],"version-history":[{"count":1,"href":"https:\/\/www.tvnovelas.com.br\/tvnews\/wp-json\/wp\/v2\/posts\/59859\/revisions"}],"predecessor-version":[{"id":59863,"href":"https:\/\/www.tvnovelas.com.br\/tvnews\/wp-json\/wp\/v2\/posts\/59859\/revisions\/59863"}],"wp:featuredmedia":[{"embeddable":true,"href":"https:\/\/www.tvnovelas.com.br\/tvnews\/wp-json\/wp\/v2\/media\/59860"}],"wp:attachment":[{"href":"https:\/\/www.tvnovelas.com.br\/tvnews\/wp-json\/wp\/v2\/media?parent=59859"}],"wp:term":[{"taxonomy":"category","embeddable":true,"href":"https:\/\/www.tvnovelas.com.br\/tvnews\/wp-json\/wp\/v2\/categories?post=59859"},{"taxonomy":"post_tag","embeddable":true,"href":"https:\/\/www.tvnovelas.com.br\/tvnews\/wp-json\/wp\/v2\/tags?post=59859"}],"curies":[{"name":"wp","href":"https:\/\/api.w.org\/{rel}","templated":true}]}}