{"id":60116,"date":"2023-12-08T09:36:36","date_gmt":"2023-12-08T12:36:36","guid":{"rendered":"https:\/\/www.tvnovelas.com.br\/tvnews\/?p=60116"},"modified":"2023-12-08T09:36:36","modified_gmt":"2023-12-08T12:36:36","slug":"fuzue-cesar-ve-joia-do-tesouro-e-recupera-a-memoria","status":"publish","type":"post","link":"https:\/\/www.tvnovelas.com.br\/tvnews\/fuzue-cesar-ve-joia-do-tesouro-e-recupera-a-memoria\/","title":{"rendered":"Fuzu\u00ea: C\u00e9sar v\u00ea joia do tesouro e recupera a mem\u00f3ria"},"content":{"rendered":"<p><em>Em Fuzu\u00ea: C\u00e9sar v\u00ea joia do tesouro<\/em><br \/>\n<img data-recalc-dims=\"1\" decoding=\"async\" class=\"alignnone wp-image-60117 size-full\" title=\"(Foto: TV Globo\/Fuzu\u00ea)\" src=\"https:\/\/i0.wp.com\/www.tvnovelas.com.br\/tvnews\/wp-content\/uploads\/2023\/12\/38942.jpg?resize=728%2C410&#038;ssl=1\" alt=\"Foto em Fuzu\u00ea: C\u00e9sar v\u00ea joia do tesouro\" width=\"728\" height=\"410\" srcset=\"https:\/\/i0.wp.com\/www.tvnovelas.com.br\/tvnews\/wp-content\/uploads\/2023\/12\/38942.jpg?w=728&amp;ssl=1 728w, https:\/\/i0.wp.com\/www.tvnovelas.com.br\/tvnews\/wp-content\/uploads\/2023\/12\/38942.jpg?resize=678%2C381&amp;ssl=1 678w\" sizes=\"(max-width: 728px) 100vw, 728px\" \/><br \/>\nEm Fuzu\u00ea, uma grande surpresa. Ap\u00f3s C\u00e9sar Montebello (Leopoldo Pacheco) reaparecer, quando ningu\u00e9m imaginava que o pesquisador estava vivo e bem longe da fam\u00edlia, ele ressurgiu um pouco diferente do que estavam acostumados. Mas nada do que algumas joias para relembrar o passado. Isso mesmo! Ao ficar cara a cara com algumas pe\u00e7as do tesouro da Dama de Ouro, o homem ir\u00e1 recuperar a mem\u00f3ria.<\/p>\n<p>O pesquisador que, ap\u00f3s perder a mem\u00f3ria passou a se chamar Carlos, vai relembrar o seu passado de uma forma bem caracter\u00edstica com a sua trajet\u00f3ria. Em uma pesquisa de joias, justamente parte do tesouro da Dama de Ouro, ele se dar\u00e1 conta que, na verdade, \u00e9 C\u00e9sar Montebello. C\u00e9sar ficar\u00e1 fascinado ao observar uma joia e ser\u00e1 questionado pelo amigo. &#8220;Essa joia est\u00e1 fazendo voc\u00ea se lembrar de alguma coisa do seu passado?&#8221;, perguntar\u00e1 Juli\u00e3o.<\/p>\n<p>&#8220;Acho que eu j\u00e1 vi antes. S\u00f3 n\u00e3o lembro onde&#8230;Desgra\u00e7a de falta de mem\u00f3ria! Quem mandou?&#8221;, questionar\u00e1 C\u00e9sar.<\/p>\n<p>&#8220;Foi o coronel. Ele pediu para voc\u00ea analisar. Disse que recebeu essa joia a\u00ed como pagamento de uma d\u00edvida e quer saber se \u00e9 verdadeira&#8221;, afirmar\u00e1 Juli\u00e3o. &#8220;Deixa ela comigo, Juli\u00e3o&#8230; Eu vou avaliar&#8221;, falar\u00e1 o pesquisador.<\/p>\n<p>Ap\u00f3s algum tempo, Juli\u00e3o voltar\u00e1 e vai perguntar se C\u00e9sar\/Carlos avaliou a pe\u00e7a e se achou algo de valor. &#8220;\u00c9 uma joia muito antiga, rara&#8221;, explicar\u00e1 C\u00e9sar. &#8220;Diz ao coronel que ele pode aceitar a joia como pagamento da tal d\u00edvida. A pe\u00e7a \u00e9 mesmo original e cobre o valor que ele indicou&#8221;, continuar\u00e1 o pesquisador.<\/p>\n<p>Embora C\u00e9sar termine de fazer a pesquisa, ele continuar\u00e1 atordoado com a lembran\u00e7a e vai chegar a se desequilibrar diante das vis\u00f5es que anda tendo com o seu passado, sem ter ideia do que se trata. &#8220;Voc\u00ea est\u00e1 tendo aquelas visagens de novo?&#8221;, perguntar\u00e1 Juli\u00e3o.<\/p>\n<p>&#8220;\u00c9 diferente, n\u00e3o sei explicar&#8230; Essa joia, \u00e9 como se ela tivesse aberto alguma porta na minha mem\u00f3ria, finalmente! Eu lembrei de uma mo\u00e7a&#8230; Uma mo\u00e7a com cara de anjo&#8221;, indicar\u00e1 o pesquisador.<\/p>\n<p>Ent\u00e3o, Juli\u00e3o voltar\u00e1 com mais joias e dir\u00e1 a C\u00e9sar\/Carlos que tamb\u00e9m foram roubadas no Rio de Janeiro, junto a outra pe\u00e7a que ele havia avaliado. &#8220;O sujeito quer vender para ele, mas o coronel mandou voc\u00ea ver se s\u00e3o t\u00e3o valiosas como a outra&#8221;, afirmar\u00e1 o amigo. &#8220;Mas que preciosidades n\u00f3s temos aqui, rapaz. S\u00e3o joias de primeira! Muito antigas! Foram roubadas de onde, Juli\u00e3o?&#8221;, perguntar\u00e1 C\u00e9sar.<\/p>\n<p>Juli\u00e3o explicar\u00e1 que s\u00e3o pe\u00e7as de um cat\u00e1logo do patrim\u00f4nio e que pertenceu a uma mulher que morreu faz muito tempo, indicando a Dama de Ouro. Nesse momento, C\u00e9sar ter\u00e1 mais uma lembran\u00e7a do seu passado e uma mem\u00f3ria passar\u00e1 pela sua cabe\u00e7a.<\/p>\n<p>Ele se recordar\u00e1 de um momento em que conta para Preciosa (Marina Ruy Barbosa) sobre os relatos e pistas deixadas em livros sobre o tesouro da Dama de Ouro. \u00c9 ent\u00e3o que C\u00e9sar reagir\u00e1 chocado e se assustar\u00e1 com a mem\u00f3ria do passado.<\/p>\n<p>&#8220;Seu Carlos, estou mais preocupado! Que foi que eu disse? Do que \u00e9 que voc\u00ea se lembrou agora?&#8221;, questionar\u00e1 Juli\u00e3o.<\/p>\n<p>&#8220;Dama de Ouro, as joias dela&#8230; (emotivo) Isso \u00e9 da minha vida anterior&#8230; Eu n\u00e3o sou Carlos, n\u00e3o. Me veio como se fosse um rel\u00e2mpago! Meu nome \u00e9 C\u00e9sar&#8230; C\u00e9sar Montebello. E eu tenho que voltar para a minha vida de antes&#8221;, declarar\u00e1 C\u00e9sar.<br \/>\n<!--THE END--><br \/>\n<a href=\"https:\/\/www.tvnovelas.com.br\/novelas\/resumos-de-fuzue\/\" target=\"_blank\" rel=\"noopener\">Confira os resumos da semana de &#8216;Fuzu\u00ea&#8217;<\/a><br \/>\n<strong style=\"font-size: 120%;\">\u00daltimas not\u00edcias de Fuzu\u00ea:<\/strong><br \/>\n<div class=\"pt-cv-wrapper\"><div class=\"pt-cv-view pt-cv-grid pt-cv-colsys\" id=\"pt-cv-view-f2001fcqsk\"><div data-id=\"pt-cv-page-1\" class=\"pt-cv-page\" data-cvc=\"1\"><div class=\"col-md-12 col-sm-12 col-xs-12 pt-cv-content-item pt-cv-1-col\" ><div class='pt-cv-ifield'><h4 class=\"pt-cv-title\"><a href=\"https:\/\/www.tvnovelas.com.br\/tvnews\/fuzue-cesar-e-preciosa-planejam-novo-roubo-do-tesouro-da-dama-de-ouro\/\" class=\"_blank\" target=\"_blank\" >Fuzu\u00ea: C\u00e9sar e Preciosa planejam novo roubo do tesouro da Dama de Ouro<\/a><\/h4><\/div><\/div>\n<div class=\"col-md-12 col-sm-12 col-xs-12 pt-cv-content-item pt-cv-1-col\" ><div class='pt-cv-ifield'><h4 class=\"pt-cv-title\"><a href=\"https:\/\/www.tvnovelas.com.br\/tvnews\/fuzue-julgado-merreca-pega-6-anos-no-art-121\/\" class=\"_blank\" target=\"_blank\" >Fuzu\u00ea: julgado, Merreca pega 6 anos no art. 121<\/a><\/h4><\/div><\/div>\n<div class=\"col-md-12 col-sm-12 col-xs-12 pt-cv-content-item pt-cv-1-col\" ><div class='pt-cv-ifield'><h4 class=\"pt-cv-title\"><a href=\"https:\/\/www.tvnovelas.com.br\/tvnews\/fuzue-luna-compra-a-conde-de-montebello-e-planeja-torna-la-filial-da-fuzue\/\" class=\"_blank\" target=\"_blank\" >Fuzu\u00ea: Luna compra a Conde de Montebello e planeja torn\u00e1-la filial da Fuzu\u00ea<\/a><\/h4><\/div><\/div>\n<div class=\"col-md-12 col-sm-12 col-xs-12 pt-cv-content-item pt-cv-1-col\" ><div class='pt-cv-ifield'><h4 class=\"pt-cv-title\"><a href=\"https:\/\/www.tvnovelas.com.br\/tvnews\/fuzue-heitor-manda-preciosa-escolher-entre-ele-e-cesar-montebello\/\" class=\"_blank\" target=\"_blank\" >Fuzu\u00ea: Heitor manda Preciosa escolher entre ele e C\u00e9sar Montebello<\/a><\/h4><\/div><\/div>\n<div class=\"col-md-12 col-sm-12 col-xs-12 pt-cv-content-item pt-cv-1-col\" ><div class='pt-cv-ifield'><h4 class=\"pt-cv-title\"><a href=\"https:\/\/www.tvnovelas.com.br\/tvnews\/fuzue-luna-compra-o-apartamento-de-bebel\/\" class=\"_blank\" target=\"_blank\" >Fuzu\u00ea: Luna compra o apartamento de Bebel<\/a><\/h4><\/div><\/div>\n<div class=\"col-md-12 col-sm-12 col-xs-12 pt-cv-content-item pt-cv-1-col\" ><div class='pt-cv-ifield'><h4 class=\"pt-cv-title\"><a href=\"https:\/\/www.tvnovelas.com.br\/tvnews\/fuzue-cesar-arma-e-nero-e-acusado-de-sonegar-impostos\/\" class=\"_blank\" target=\"_blank\" >Fuzu\u00ea: C\u00e9sar arma, e Nero \u00e9 acusado de sonegar impostos<\/a><\/h4><\/div><\/div><\/div><\/div><\/div><br \/>\n<strong style=\"font-size: 120%;\">\u00daltimas not\u00edcias deste site:<\/strong><br \/>\n<div class=\"pt-cv-wrapper\"><div class=\"pt-cv-view pt-cv-grid pt-cv-colsys\" id=\"pt-cv-view-90991035b3\"><div data-id=\"pt-cv-page-1\" class=\"pt-cv-page\" data-cvc=\"1\"><div class=\"col-md-12 col-sm-12 col-xs-12 pt-cv-content-item pt-cv-1-col\" ><div class='pt-cv-ifield'><h4 class=\"pt-cv-title\"><a href=\"https:\/\/www.tvnovelas.com.br\/tvnews\/coracao-de-mae-irmak-inicia-jogo-arriscado-contra-adnan\/\" class=\"_self\" target=\"_self\" >Cora\u00e7\u00e3o de M\u00e3e: Irmak inicia jogo arriscado contra Adnan<\/a><\/h4><\/div><\/div>\n<div class=\"col-md-12 col-sm-12 col-xs-12 pt-cv-content-item pt-cv-1-col\" ><div class='pt-cv-ifield'><h4 class=\"pt-cv-title\"><a href=\"https:\/\/www.tvnovelas.com.br\/tvnews\/guerra-das-rosas-omer-chama-gulru-vestida-de-noiva-para-fugir\/\" class=\"_self\" target=\"_self\" >Guerra das Rosas: Omer chama Gulru vestida de noiva para fugir<\/a><\/h4><\/div><\/div>\n<div class=\"col-md-12 col-sm-12 col-xs-12 pt-cv-content-item pt-cv-1-col\" ><div class='pt-cv-ifield'><h4 class=\"pt-cv-title\"><a href=\"https:\/\/www.tvnovelas.com.br\/tvnews\/coracao-de-mae-reha-sai-para-jantar-com-selvi\/\" class=\"_self\" target=\"_self\" >Cora\u00e7\u00e3o de M\u00e3e: Reha sai para jantar com Selvi<\/a><\/h4><\/div><\/div>\n<div class=\"col-md-12 col-sm-12 col-xs-12 pt-cv-content-item pt-cv-1-col\" ><div class='pt-cv-ifield'><h4 class=\"pt-cv-title\"><a href=\"https:\/\/www.tvnovelas.com.br\/tvnews\/coracao-acelerado-zila-se-preocupa-com-sua-situacao-apos-separacao\/\" class=\"_self\" target=\"_self\" >Cora\u00e7\u00e3o Acelerado: Zil\u00e1 se preocupa com sua situa\u00e7\u00e3o ap\u00f3s separa\u00e7\u00e3o<\/a><\/h4><\/div><\/div>\n<div class=\"col-md-12 col-sm-12 col-xs-12 pt-cv-content-item pt-cv-1-col\" ><div class='pt-cv-ifield'><h4 class=\"pt-cv-title\"><a href=\"https:\/\/www.tvnovelas.com.br\/tvnews\/a-nobreza-do-amor-tonho-nao-se-curva-diante-de-mirinho\/\" class=\"_self\" target=\"_self\" >A Nobreza do Amor: Tonho n\u00e3o se curva diante de Mirinho<\/a><\/h4><\/div><\/div>\n<div class=\"col-md-12 col-sm-12 col-xs-12 pt-cv-content-item pt-cv-1-col\" ><div class='pt-cv-ifield'><h4 class=\"pt-cv-title\"><a href=\"https:\/\/www.tvnovelas.com.br\/tvnews\/tres-gracas-arminda-surta-ao-confirmar-que-ferette-e-pai-de-raul\/\" class=\"_self\" target=\"_self\" >Tr\u00eas Gra\u00e7as:  Arminda surta ao confirmar que Ferette \u00e9 pai de Raul<\/a><\/h4><\/div><\/div>\n<div class=\"col-md-12 col-sm-12 col-xs-12 pt-cv-content-item pt-cv-1-col\" ><div class='pt-cv-ifield'><h4 class=\"pt-cv-title\"><a href=\"https:\/\/www.tvnovelas.com.br\/tvnews\/coracao-de-mae-atilla-confronta-hasan-e-exige-o-divorcio-de-lale\/\" class=\"_self\" target=\"_self\" >Cora\u00e7\u00e3o de M\u00e3e: Atilla confronta Hasan e exige o div\u00f3rcio de Lale<\/a><\/h4><\/div><\/div>\n<div class=\"col-md-12 col-sm-12 col-xs-12 pt-cv-content-item pt-cv-1-col\" ><div class='pt-cv-ifield'><h4 class=\"pt-cv-title\"><a href=\"https:\/\/www.tvnovelas.com.br\/tvnews\/guerra-das-rosas-gulfem-coloca-gulru-contra-a-parede\/\" class=\"_self\" target=\"_self\" >Guerra das Rosas: Gulfem coloca Gulru contra a parede<\/a><\/h4><\/div><\/div>\n<div class=\"col-md-12 col-sm-12 col-xs-12 pt-cv-content-item pt-cv-1-col\" ><div class='pt-cv-ifield'><h4 class=\"pt-cv-title\"><a href=\"https:\/\/www.tvnovelas.com.br\/tvnews\/coracao-de-mae-atilla-diz-a-lale-que-quer-o-divorcio\/\" class=\"_self\" target=\"_self\" >Cora\u00e7\u00e3o de M\u00e3e: Atilla diz a Lale que quer o div\u00f3rcio<\/a><\/h4><\/div><\/div>\n<div class=\"col-md-12 col-sm-12 col-xs-12 pt-cv-content-item pt-cv-1-col\" ><div class='pt-cv-ifield'><h4 class=\"pt-cv-title\"><a href=\"https:\/\/www.tvnovelas.com.br\/tvnews\/a-nobreza-do-amor-mirinho-garante-noivado-com-virginia-para-atrair-sogro-a-negocio\/\" class=\"_self\" target=\"_self\" >A Nobreza do Amor: Mirinho garante noivado com Virg\u00ednia para atrair sogro a neg\u00f3cio<\/a><\/h4><\/div><\/div><\/div><\/div><\/div><br \/>\n<a href=\"https:\/\/www.tvnovelas.com.br\/novelas\/\"><strong>Confira os resumos da semana de todas novelas<\/strong><\/a><\/p>\n<h3>Confira tamb\u00e9m<\/h3>\n<p><a href=\"https:\/\/www.tvnovelas.com.br\/filmes\/\" target=\"_blank\" rel=\"noopener noreferrer\"><strong>Programa\u00e7\u00e3o de filmes na TV aberta<\/strong><\/a><br \/>\n<a href=\"https:\/\/caetenews.com.br\/semana\/filmes-da-globo-na-sessao-da-tarde-desta-semana\/\" target=\"_blank\" rel=\"noopener\"><strong>Confira os filmes da semana na Sess\u00e3o da Tarde<\/strong><\/a><br \/>\n<a href=\"https:\/\/www.tvnovelas.com.br\/novelas\/\" target=\"_blank\" rel=\"noopener noreferrer\"><strong>Resumos de novelas<\/strong><\/a><\/p>\n","protected":false},"excerpt":{"rendered":"<p>Em Fuzu\u00ea, uma grande surpresa. Ap\u00f3s C\u00e9sar Montebello (Leopoldo Pacheco) reaparecer, quando ningu\u00e9m&#8230;<\/p>\n","protected":false},"author":1,"featured_media":60117,"comment_status":"closed","ping_status":"closed","sticky":false,"template":"","format":"standard","meta":{"_uf_show_specific_survey":0,"_uf_disable_surveys":false,"_jetpack_memberships_contains_paid_content":false,"footnotes":"","_wp_rev_ctl_limit":""},"categories":[396],"tags":[399,5,64],"class_list":["post-60116","post","type-post","status-publish","format-standard","has-post-thumbnail","hentry","category-fuzue","tag-fuzue","tag-globo","tag-novelas","wpcat-396-id"],"aioseo_notices":[],"jetpack_featured_media_url":"https:\/\/i0.wp.com\/www.tvnovelas.com.br\/tvnews\/wp-content\/uploads\/2023\/12\/38942.jpg?fit=728%2C410&ssl=1","jetpack_shortlink":"https:\/\/wp.me\/pdP2BO-fDC","jetpack_sharing_enabled":true,"_links":{"self":[{"href":"https:\/\/www.tvnovelas.com.br\/tvnews\/wp-json\/wp\/v2\/posts\/60116","targetHints":{"allow":["GET"]}}],"collection":[{"href":"https:\/\/www.tvnovelas.com.br\/tvnews\/wp-json\/wp\/v2\/posts"}],"about":[{"href":"https:\/\/www.tvnovelas.com.br\/tvnews\/wp-json\/wp\/v2\/types\/post"}],"author":[{"embeddable":true,"href":"https:\/\/www.tvnovelas.com.br\/tvnews\/wp-json\/wp\/v2\/users\/1"}],"replies":[{"embeddable":true,"href":"https:\/\/www.tvnovelas.com.br\/tvnews\/wp-json\/wp\/v2\/comments?post=60116"}],"version-history":[{"count":1,"href":"https:\/\/www.tvnovelas.com.br\/tvnews\/wp-json\/wp\/v2\/posts\/60116\/revisions"}],"predecessor-version":[{"id":60118,"href":"https:\/\/www.tvnovelas.com.br\/tvnews\/wp-json\/wp\/v2\/posts\/60116\/revisions\/60118"}],"wp:featuredmedia":[{"embeddable":true,"href":"https:\/\/www.tvnovelas.com.br\/tvnews\/wp-json\/wp\/v2\/media\/60117"}],"wp:attachment":[{"href":"https:\/\/www.tvnovelas.com.br\/tvnews\/wp-json\/wp\/v2\/media?parent=60116"}],"wp:term":[{"taxonomy":"category","embeddable":true,"href":"https:\/\/www.tvnovelas.com.br\/tvnews\/wp-json\/wp\/v2\/categories?post=60116"},{"taxonomy":"post_tag","embeddable":true,"href":"https:\/\/www.tvnovelas.com.br\/tvnews\/wp-json\/wp\/v2\/tags?post=60116"}],"curies":[{"name":"wp","href":"https:\/\/api.w.org\/{rel}","templated":true}]}}