{"id":60219,"date":"2023-12-10T13:33:29","date_gmt":"2023-12-10T16:33:29","guid":{"rendered":"https:\/\/www.tvnovelas.com.br\/tvnews\/?p=60219"},"modified":"2023-12-10T13:33:29","modified_gmt":"2023-12-10T16:33:29","slug":"malhacao-2011-estreia-no-viva-nesta-segunda-dia-11","status":"publish","type":"post","link":"https:\/\/www.tvnovelas.com.br\/tvnews\/malhacao-2011-estreia-no-viva-nesta-segunda-dia-11\/","title":{"rendered":"Malha\u00e7\u00e3o 2011 estreia no Viva nesta segunda, dia 11"},"content":{"rendered":"<p><em>Malha\u00e7\u00e3o 2011 estreia no Viva<\/em><br \/>\n<figure id=\"attachment_60220\" aria-describedby=\"caption-attachment-60220\" style=\"width: 728px\" class=\"wp-caption alignnone\"><img data-recalc-dims=\"1\" decoding=\"async\" class=\"wp-image-60220 size-full\" title=\" (Foto: Jo\u00e3o Cotta\/Globo)\" src=\"https:\/\/i0.wp.com\/www.tvnovelas.com.br\/tvnews\/wp-content\/uploads\/2023\/12\/38968.jpg?resize=728%2C450&#038;ssl=1\" alt=\"Foto em Malha\u00e7\u00e3o 2011 estreia no Viva\" width=\"728\" height=\"450\" \/><figcaption id=\"caption-attachment-60220\" class=\"wp-caption-text\">Felipe Haiut, Marcella Rica, Tha\u00eds Melchior e Caio Paduan em Malha\u00e7\u00e3o 2011<\/figcaption><\/figure><\/p>\n<p>Jovens sonhadores, rebeldes e um universo sobrenatural fazem parte de \u201cMalha\u00e7\u00e3o 2011\u201d, que estreia dia 11 de dezembro no Viva. Escrita por Ingrid Zavarezzi, L\u00facio Manfredi e Ana Maria Moretzohn, a edi\u00e7\u00e3o ficou marcada pelo tema \u201cconex\u00e3o\u201d com tablets, laptops e celulares de \u00faltima gera\u00e7\u00e3o. Na trama, Gabriel (Caio Paduan) tem um blog famoso, o &#8216;Al\u00e9m da Intui\u00e7\u00e3o&#8217;, onde publica suas an\u00e1lises e conclus\u00f5es sobre supostos casos paranormais. Com o tempo, o site come\u00e7a a receber casos misteriosos enviados por internautas e Gabriel decide investig\u00e1-los.<\/p>\n<p>A consequ\u00eancia \u00e9 que, quanto mais ele se dedica aos assuntos dessa natureza, mais agu\u00e7ados ficam seu pressentimento e sua intui\u00e7\u00e3o. O jovem passa a vivenciar diversas coincid\u00eancias e situa\u00e7\u00f5es incompreens\u00edveis. Em muitas delas, est\u00e1 o enigm\u00e1tico n\u00famero 1046.<\/p>\n<p>Com dire\u00e7\u00e3o geral de M\u00e1rio M\u00e1rcio Bandarra, o elenco da temporada \u00e9 formado por Alejandro Claveaux, Bia Arantes, Caio Paduan, Carla Salle, Douglas Sampaio, Edvana Carvalho, Felipe Haiut, Jonathan azevedo, Lucas Cordeiro, Marcella Rica, Pedro Bernardo, Pierre Baitelli, Regina Sampaio e Tha\u00eds Melchior.<\/p>\n<p>A vers\u00e3o original ser\u00e1 exibida no VIVA de segunda a sexta, a partir das 16h15.<br \/>\nHor\u00e1rios alternativos: segunda a sexta, a partir das 3h45 da manh\u00e3 e 10h30.<br \/>\n<div class=\"pt-cv-wrapper\">Erro: visualiza\u00e7\u00e3o <strong>c6a7eef2p9<\/strong> pode n\u00e3o existir<\/div><br \/>\n<!--FIM DO POST--><br \/>\n<strong style=\"font-size: 120%;\">\u00daltimas not\u00edcias deste canal:<\/strong><br \/>\n<div class=\"pt-cv-wrapper\"><div class=\"pt-cv-view pt-cv-grid pt-cv-colsys\" id=\"pt-cv-view-90991035b3\"><div data-id=\"pt-cv-page-1\" class=\"pt-cv-page\" data-cvc=\"1\"><div class=\"col-md-12 col-sm-12 col-xs-12 pt-cv-content-item pt-cv-1-col\" ><div class='pt-cv-ifield'><h4 class=\"pt-cv-title\"><a href=\"https:\/\/www.tvnovelas.com.br\/tvnews\/coracao-de-mae-atilla-confronta-hasan-e-exige-o-divorcio-de-lale\/\" class=\"_self\" target=\"_self\" >Cora\u00e7\u00e3o de M\u00e3e: Atilla confronta Hasan e exige o div\u00f3rcio de Lale<\/a><\/h4><\/div><\/div>\n<div class=\"col-md-12 col-sm-12 col-xs-12 pt-cv-content-item pt-cv-1-col\" ><div class='pt-cv-ifield'><h4 class=\"pt-cv-title\"><a href=\"https:\/\/www.tvnovelas.com.br\/tvnews\/guerra-das-rosas-gulfem-coloca-gulru-contra-a-parede\/\" class=\"_self\" target=\"_self\" >Guerra das Rosas: Gulfem coloca Gulru contra a parede<\/a><\/h4><\/div><\/div>\n<div class=\"col-md-12 col-sm-12 col-xs-12 pt-cv-content-item pt-cv-1-col\" ><div class='pt-cv-ifield'><h4 class=\"pt-cv-title\"><a href=\"https:\/\/www.tvnovelas.com.br\/tvnews\/coracao-de-mae-atilla-diz-a-lale-que-quer-o-divorcio\/\" class=\"_self\" target=\"_self\" >Cora\u00e7\u00e3o de M\u00e3e: Atilla diz a Lale que quer o div\u00f3rcio<\/a><\/h4><\/div><\/div>\n<div class=\"col-md-12 col-sm-12 col-xs-12 pt-cv-content-item pt-cv-1-col\" ><div class='pt-cv-ifield'><h4 class=\"pt-cv-title\"><a href=\"https:\/\/www.tvnovelas.com.br\/tvnews\/a-nobreza-do-amor-mirinho-garante-noivado-com-virginia-para-atrair-sogro-a-negocio\/\" class=\"_self\" target=\"_self\" >A Nobreza do Amor: Mirinho garante noivado com Virg\u00ednia para atrair sogro a neg\u00f3cio<\/a><\/h4><\/div><\/div>\n<div class=\"col-md-12 col-sm-12 col-xs-12 pt-cv-content-item pt-cv-1-col\" ><div class='pt-cv-ifield'><h4 class=\"pt-cv-title\"><a href=\"https:\/\/www.tvnovelas.com.br\/tvnews\/tres-gracas-joaquim-propoe-fuga-a-arminda-com-o-dinheiro-das-tres-gracas\/\" class=\"_self\" target=\"_self\" >Tr\u00eas Gra\u00e7as:  Joaquim prop\u00f5e fuga a Arminda com o dinheiro das Tr\u00eas Gra\u00e7as<\/a><\/h4><\/div><\/div>\n<div class=\"col-md-12 col-sm-12 col-xs-12 pt-cv-content-item pt-cv-1-col\" ><div class='pt-cv-ifield'><h4 class=\"pt-cv-title\"><a href=\"https:\/\/www.tvnovelas.com.br\/tvnews\/coracao-de-mae-atilla-decide-abrir-o-jogo-com-karsu\/\" class=\"_self\" target=\"_self\" >Cora\u00e7\u00e3o de M\u00e3e: Atilla decide abrir o jogo com Karsu<\/a><\/h4><\/div><\/div>\n<div class=\"col-md-12 col-sm-12 col-xs-12 pt-cv-content-item pt-cv-1-col\" ><div class='pt-cv-ifield'><h4 class=\"pt-cv-title\"><a href=\"https:\/\/www.tvnovelas.com.br\/tvnews\/coracao-de-mae-adnan-e-preso-apos-denuncia-de-irmak\/\" class=\"_self\" target=\"_self\" >Em Cora\u00e7\u00e3o de M\u00e3e: Adnan \u00e9 preso ap\u00f3s denuncia de Irmak<\/a><\/h4><\/div><\/div>\n<div class=\"col-md-12 col-sm-12 col-xs-12 pt-cv-content-item pt-cv-1-col\" ><div class='pt-cv-ifield'><h4 class=\"pt-cv-title\"><a href=\"https:\/\/www.tvnovelas.com.br\/tvnews\/coracao-de-mae-atilla-forca-karsu-a-ouvir-suas-explicacoes\/\" class=\"_self\" target=\"_self\" >Cora\u00e7\u00e3o de M\u00e3e: Atilla for\u00e7a Karsu a ouvir suas explica\u00e7\u00f5es<\/a><\/h4><\/div><\/div>\n<div class=\"col-md-12 col-sm-12 col-xs-12 pt-cv-content-item pt-cv-1-col\" ><div class='pt-cv-ifield'><h4 class=\"pt-cv-title\"><a href=\"https:\/\/www.tvnovelas.com.br\/tvnews\/coracao-acelerado-mulher-choca-janete-ao-se-apresentar-como-amante-do-palhares\/\" class=\"_self\" target=\"_self\" >Cora\u00e7\u00e3o Acelerado: Mulher choca Janete ao se apresentar como amante do Palhares<\/a><\/h4><\/div><\/div>\n<div class=\"col-md-12 col-sm-12 col-xs-12 pt-cv-content-item pt-cv-1-col\" ><div class='pt-cv-ifield'><h4 class=\"pt-cv-title\"><a href=\"https:\/\/www.tvnovelas.com.br\/tvnews\/a-nobreza-do-amor-jendal-dobra-a-recompensa-por-alika\/\" class=\"_self\" target=\"_self\" >A Nobreza do Amor: Jendal dobra a recompensa por Alika<\/a><\/h4><\/div><\/div><\/div><\/div><\/div><\/p>\n<h3>Confira tamb\u00e9m<\/h3>\n<p><a href=\"https:\/\/www.tvnovelas.com.br\/novelas\/\"><strong>Confira os resumos da semana de todas novelas<\/strong><\/a><br \/>\n<a href=\"https:\/\/www.tvnovelas.com.br\/filmes\/\" target=\"_blank\" rel=\"noopener noreferrer\"><strong>Programa\u00e7\u00e3o de filmes na TV aberta<\/strong><\/a><br \/>\n<a href=\"https:\/\/caetenews.com.br\/semana\/filmes-da-globo-na-sessao-da-tarde-desta-semana\/\" target=\"_blank\" rel=\"noopener\"><strong>Confira os filmes da semana na Sess\u00e3o da Tarde<\/strong><\/a><\/p>\n","protected":false},"excerpt":{"rendered":"<p>Malha\u00e7\u00e3o 2011 estreia no Viva, nesta segunda, dia 11. A temporada ficou marcada pelo tema \u201cconex\u00e3o\u201d com tablets, laptops e celulares de \u00faltima gera\u00e7\u00e3o&#8230;.<\/p>\n","protected":false},"author":1,"featured_media":60220,"comment_status":"closed","ping_status":"closed","sticky":false,"template":"","format":"standard","meta":{"_uf_show_specific_survey":0,"_uf_disable_surveys":false,"_jetpack_memberships_contains_paid_content":false,"footnotes":"","_wp_rev_ctl_limit":""},"categories":[419,416],"tags":[5,11,64],"class_list":["post-60219","post","type-post","status-publish","format-standard","has-post-thumbnail","hentry","category-novelas","category-novela","tag-globo","tag-malhacao","tag-novelas","wpcat-419-id","wpcat-416-id"],"aioseo_notices":[],"jetpack_featured_media_url":"https:\/\/i0.wp.com\/www.tvnovelas.com.br\/tvnews\/wp-content\/uploads\/2023\/12\/38968.jpg?fit=728%2C450&ssl=1","jetpack_shortlink":"https:\/\/wp.me\/pdP2BO-fFh","jetpack_sharing_enabled":true,"_links":{"self":[{"href":"https:\/\/www.tvnovelas.com.br\/tvnews\/wp-json\/wp\/v2\/posts\/60219","targetHints":{"allow":["GET"]}}],"collection":[{"href":"https:\/\/www.tvnovelas.com.br\/tvnews\/wp-json\/wp\/v2\/posts"}],"about":[{"href":"https:\/\/www.tvnovelas.com.br\/tvnews\/wp-json\/wp\/v2\/types\/post"}],"author":[{"embeddable":true,"href":"https:\/\/www.tvnovelas.com.br\/tvnews\/wp-json\/wp\/v2\/users\/1"}],"replies":[{"embeddable":true,"href":"https:\/\/www.tvnovelas.com.br\/tvnews\/wp-json\/wp\/v2\/comments?post=60219"}],"version-history":[{"count":1,"href":"https:\/\/www.tvnovelas.com.br\/tvnews\/wp-json\/wp\/v2\/posts\/60219\/revisions"}],"predecessor-version":[{"id":60221,"href":"https:\/\/www.tvnovelas.com.br\/tvnews\/wp-json\/wp\/v2\/posts\/60219\/revisions\/60221"}],"wp:featuredmedia":[{"embeddable":true,"href":"https:\/\/www.tvnovelas.com.br\/tvnews\/wp-json\/wp\/v2\/media\/60220"}],"wp:attachment":[{"href":"https:\/\/www.tvnovelas.com.br\/tvnews\/wp-json\/wp\/v2\/media?parent=60219"}],"wp:term":[{"taxonomy":"category","embeddable":true,"href":"https:\/\/www.tvnovelas.com.br\/tvnews\/wp-json\/wp\/v2\/categories?post=60219"},{"taxonomy":"post_tag","embeddable":true,"href":"https:\/\/www.tvnovelas.com.br\/tvnews\/wp-json\/wp\/v2\/tags?post=60219"}],"curies":[{"name":"wp","href":"https:\/\/api.w.org\/{rel}","templated":true}]}}