{"id":60413,"date":"2023-12-15T09:23:00","date_gmt":"2023-12-15T12:23:00","guid":{"rendered":"https:\/\/www.tvnovelas.com.br\/tvnews\/?p=60413"},"modified":"2023-12-15T09:24:40","modified_gmt":"2023-12-15T12:24:40","slug":"fuzue-luna-procura-o-pai-cesar-montebello-e-fica-mexida","status":"publish","type":"post","link":"https:\/\/www.tvnovelas.com.br\/tvnews\/fuzue-luna-procura-o-pai-cesar-montebello-e-fica-mexida\/","title":{"rendered":"Fuzu\u00ea: Luna procura o pai, C\u00e9sar Montebello, e fica mexida"},"content":{"rendered":"<p><em>Em Fuzu\u00ea: Luna procura o pai<\/em><br \/>\n<img data-recalc-dims=\"1\" decoding=\"async\" class=\"alignnone wp-image-60414 size-full\" title=\"(Foto: TV Globo\/Fuzu\u00ea)\" src=\"https:\/\/i0.wp.com\/www.tvnovelas.com.br\/tvnews\/wp-content\/uploads\/2023\/12\/39008.jpg?resize=728%2C409&#038;ssl=1\" alt=\"Foto em Fuzu\u00ea: Luna procura o pai\" width=\"728\" height=\"409\" srcset=\"https:\/\/i0.wp.com\/www.tvnovelas.com.br\/tvnews\/wp-content\/uploads\/2023\/12\/39008.jpg?w=728&amp;ssl=1 728w, https:\/\/i0.wp.com\/www.tvnovelas.com.br\/tvnews\/wp-content\/uploads\/2023\/12\/39008.jpg?resize=678%2C381&amp;ssl=1 678w\" sizes=\"(max-width: 728px) 100vw, 728px\" \/><br \/>\nA volta de C\u00e9sar Montebello (Leopoldo Pacheco) em Fuzu\u00ea tem agitado a trama das 7. O explorador tem se encontrado com algumas pessoas para acertar as contas do passado e explicar a sua aus\u00eancia durante esses cinco anos. A pr\u00f3xima conversa ser\u00e1 com Luna (Giovana Cordeiro), que andar\u00e1 aflita desde que descobriu que ele n\u00e3o est\u00e1 morto. A vendedora de biojoias ir\u00e1 procur\u00e1-lo e ficar\u00e1 mexida com o papo com o pai.<\/p>\n<p>A vendedora de biojoias aparecer\u00e1 de surpresa na casa do explorador. &#8220;Eu n\u00e3o vou demorar. S\u00f3 queria perguntar uma coisa, olhando nos seus olhos: o que significa tudo isso? Por que voc\u00ea voltou?&#8221;, questionar\u00e1 ela.<\/p>\n<p>&#8220;Luna, vamos aos poucos?&#8230; Eu estou feliz de te ver! Que bom que a gente tem a chance de se conhecer! E sem intermedi\u00e1rios. N\u00f3s dois, um olhando para o outro, quebrando o gelo. Fica \u00e0 vontade&#8230; Aceita beber alguma coisa?&#8221;, perguntar\u00e1 C\u00e9sar.<\/p>\n<p>Ap\u00f3s Luna recusar, C\u00e9sar continuar\u00e1 a conversa e vai afirmar que a situa\u00e7\u00e3o entre os dois n\u00e3o \u00e9 f\u00e1cil, al\u00e9m de contar do tempo que esteve longe, quando todos acharam que ele estava morto. &#8220;Eu sei que essa primeira conversa n\u00e3o \u00e9 f\u00e1cil. Mas n\u00f3s podemos tentar. Juntos. Eu fiquei fora porque estava desmemoriado, talvez devido ao acidente de avi\u00e3o, n\u00e3o lembro. Eu morava na mata, num lugar ermo, nem sei como eu dei l\u00e1. Falaram que eu estava ferido, desnutrido, a popula\u00e7\u00e3o local cuidou de mim. At\u00e9 do meu nome eu esqueci!&#8221;, dir\u00e1 ele.<\/p>\n<p>Ele acrescentar\u00e1 que, de repente, h\u00e1 pouco tempo, sem explica\u00e7\u00e3o, as recorda\u00e7\u00f5es surgiram em sua mente. &#8220;Enevoadas. Lembrei da Bebel, da Preciosa, do Rio, das joias que eu criava&#8230; e de uma foto sua, crian\u00e7a, os olhinhos brilhando de vivacidade. N\u00f3s temos tempo para falar de detalhes&#8230; Mas foi por isso que eu sumi e por isso que eu voltei. Pra recuperar minha vida, meu trabalho, minha fam\u00edlia&#8230; Minhas filhas&#8221;, afirmar\u00e1 o explorador.<\/p>\n<p>Luna assimilar\u00e1 tudo que o pai dir\u00e1, mas n\u00e3o vai conseguir deixar de perguntar o motivo dele ter aberto m\u00e3o da paternidade. &#8220;Quando minha m\u00e3e te disse que estava gr\u00e1vida, voc\u00ea duvidou que fosse meu pai. Voc\u00ea apagou isso da mem\u00f3ria? Seria conveniente. Voc\u00ea me rejeitou quando eu nasci. Anos depois, foi atr\u00e1s da minha m\u00e3e e roubou essa foto minha que voc\u00ea falou. E nunca mais me procurou. A\u00ed, do nada, voc\u00ea deixou uma carta pedindo para Preciosa dividir tudo com a irm\u00e3. Deu um n\u00f3 na minha cabe\u00e7a!&#8230; Por que voc\u00ea fez isso comigo?&#8221;, questionar\u00e1 a vendedora de biojoias.<\/p>\n<p>C\u00e9sar explicar\u00e1 que s\u00f3 lembrou de tudo quando viu a filha na igreja e vai assumir o erro. &#8220;Fiquei mortificado&#8230; Eu tenho lapsos, de repente vem um choque, uma revela\u00e7\u00e3o&#8230; sinceramente, quase sempre de lembran\u00e7as dos meus erros. Eu tinha esquecido de como fui incorreto com tanta gente. Olha, n\u00e3o \u00e9 agrad\u00e1vel me deparar com esse lado meu&#8230; E eu tive uma reca\u00edda do antigo C\u00e9sar, eu nunca poderia ter invadido o casamento da Bebel e do Nero! Com sua m\u00e3e, com voc\u00ea, eu errei demais! Eu te pe\u00e7o perd\u00e3o, minha filha&#8230; Mas eu sei que posso passar o resto da vida me desculpando, arrependido, que n\u00e3o vai desfazer a injusti\u00e7a, a dor que eu causei a voc\u00eas&#8230; S\u00f3 tem uma coisa. Eu tentei, sim, uma aproxima\u00e7\u00e3o quando voc\u00ea ainda era crian\u00e7a, mas a Maria nunca permitiu&#8221;, ressaltar\u00e1 ele.<\/p>\n<p>&#8220;Talvez porque o seu arrependimento tenha vindo tarde demais. Voc\u00ea magoou duas fam\u00edlias. Duas m\u00e3es, duas filhas. O seu abandono deixou marcas profundas nas vidas da gente&#8221;, indicar\u00e1 Luna.<\/p>\n<p>&#8220;Agora eu sei. Eu precisei &#8216;morrer&#8217; para ter consci\u00eancia. Claro que nada apaga meus erros, mas minha vida anterior se apagou pra mim. O C\u00e9sar de antes morreu. E eu espero que um dia voc\u00eas consigam me perdoar. Que meus erros fiquem no passado, que a partir dessa volta eu possa come\u00e7ar uma vida nova&#8221;, afirmar\u00e1 C\u00e9sar.<\/p>\n<p>Os dois continuar\u00e3o a longa conversa entre pai e filha, quando o assunto girar em torno do tesouro da Dama de Ouro. C\u00e9sar vai mentir e dir\u00e1 que isso foi em outra \u00e9poca, e que n\u00e3o existe mais espa\u00e7o para isso em sua vida. &#8220;Eu tenho problemas concretos para lidar&#8230; O que importa agora \u00e9 o homem que eu sou hoje, o pai que eu quero ser para voc\u00ea, minha filha&#8221;, declarar\u00e1 ele.<\/p>\n<p>O explorador afirmar\u00e1 que quer conhecer e conviver com a filha. Ao ouvir tudo aquilo, Luna n\u00e3o esconder\u00e1 e vai ficar mexida com o pai, por\u00e9m recusar\u00e1 um abra\u00e7o do pai. C\u00e9sar aceitar\u00e1 e dir\u00e1 que tudo tem o seu tempo.<br \/>\n<!--THE END--><br \/>\n<a href=\"https:\/\/www.tvnovelas.com.br\/novelas\/resumos-de-fuzue\/\" target=\"_blank\" rel=\"noopener\">Confira os resumos da semana de &#8216;Fuzu\u00ea&#8217;<\/a><br \/>\n<strong style=\"font-size: 120%;\">\u00daltimas not\u00edcias de Fuzu\u00ea:<\/strong><br \/>\n<div class=\"pt-cv-wrapper\"><div class=\"pt-cv-view pt-cv-grid pt-cv-colsys\" id=\"pt-cv-view-f2001fcqsk\"><div data-id=\"pt-cv-page-1\" class=\"pt-cv-page\" data-cvc=\"1\"><div class=\"col-md-12 col-sm-12 col-xs-12 pt-cv-content-item pt-cv-1-col\" ><div class='pt-cv-ifield'><h4 class=\"pt-cv-title\"><a href=\"https:\/\/www.tvnovelas.com.br\/tvnews\/fuzue-cesar-e-preciosa-planejam-novo-roubo-do-tesouro-da-dama-de-ouro\/\" class=\"_blank\" target=\"_blank\" >Fuzu\u00ea: C\u00e9sar e Preciosa planejam novo roubo do tesouro da Dama de Ouro<\/a><\/h4><\/div><\/div>\n<div class=\"col-md-12 col-sm-12 col-xs-12 pt-cv-content-item pt-cv-1-col\" ><div class='pt-cv-ifield'><h4 class=\"pt-cv-title\"><a href=\"https:\/\/www.tvnovelas.com.br\/tvnews\/fuzue-julgado-merreca-pega-6-anos-no-art-121\/\" class=\"_blank\" target=\"_blank\" >Fuzu\u00ea: julgado, Merreca pega 6 anos no art. 121<\/a><\/h4><\/div><\/div>\n<div class=\"col-md-12 col-sm-12 col-xs-12 pt-cv-content-item pt-cv-1-col\" ><div class='pt-cv-ifield'><h4 class=\"pt-cv-title\"><a href=\"https:\/\/www.tvnovelas.com.br\/tvnews\/fuzue-luna-compra-a-conde-de-montebello-e-planeja-torna-la-filial-da-fuzue\/\" class=\"_blank\" target=\"_blank\" >Fuzu\u00ea: Luna compra a Conde de Montebello e planeja torn\u00e1-la filial da Fuzu\u00ea<\/a><\/h4><\/div><\/div>\n<div class=\"col-md-12 col-sm-12 col-xs-12 pt-cv-content-item pt-cv-1-col\" ><div class='pt-cv-ifield'><h4 class=\"pt-cv-title\"><a href=\"https:\/\/www.tvnovelas.com.br\/tvnews\/fuzue-heitor-manda-preciosa-escolher-entre-ele-e-cesar-montebello\/\" class=\"_blank\" target=\"_blank\" >Fuzu\u00ea: Heitor manda Preciosa escolher entre ele e C\u00e9sar Montebello<\/a><\/h4><\/div><\/div>\n<div class=\"col-md-12 col-sm-12 col-xs-12 pt-cv-content-item pt-cv-1-col\" ><div class='pt-cv-ifield'><h4 class=\"pt-cv-title\"><a href=\"https:\/\/www.tvnovelas.com.br\/tvnews\/fuzue-luna-compra-o-apartamento-de-bebel\/\" class=\"_blank\" target=\"_blank\" >Fuzu\u00ea: Luna compra o apartamento de Bebel<\/a><\/h4><\/div><\/div>\n<div class=\"col-md-12 col-sm-12 col-xs-12 pt-cv-content-item pt-cv-1-col\" ><div class='pt-cv-ifield'><h4 class=\"pt-cv-title\"><a href=\"https:\/\/www.tvnovelas.com.br\/tvnews\/fuzue-cesar-arma-e-nero-e-acusado-de-sonegar-impostos\/\" class=\"_blank\" target=\"_blank\" >Fuzu\u00ea: C\u00e9sar arma, e Nero \u00e9 acusado de sonegar impostos<\/a><\/h4><\/div><\/div><\/div><\/div><\/div><br \/>\n<strong style=\"font-size: 120%;\">\u00daltimas not\u00edcias deste site:<\/strong><br \/>\n<div class=\"pt-cv-wrapper\"><div class=\"pt-cv-view pt-cv-grid pt-cv-colsys\" id=\"pt-cv-view-90991035b3\"><div data-id=\"pt-cv-page-1\" class=\"pt-cv-page\" data-cvc=\"1\"><div class=\"col-md-12 col-sm-12 col-xs-12 pt-cv-content-item pt-cv-1-col\" ><div class='pt-cv-ifield'><h4 class=\"pt-cv-title\"><a href=\"https:\/\/www.tvnovelas.com.br\/tvnews\/em-coracao-de-mae-nos-proximos-capitulos-04-a-08-5\/\" class=\"_self\" target=\"_self\" >Em Cora\u00e7\u00e3o de M\u00e3e nos pr\u00f3ximos cap\u00edtulos (04 a 08\/5)<\/a><\/h4><\/div><\/div>\n<div class=\"col-md-12 col-sm-12 col-xs-12 pt-cv-content-item pt-cv-1-col\" ><div class='pt-cv-ifield'><h4 class=\"pt-cv-title\"><a href=\"https:\/\/www.tvnovelas.com.br\/tvnews\/coracao-de-mae-hasan-e-filiz-em-piquenique-romantico\/\" class=\"_self\" target=\"_self\" >Cora\u00e7\u00e3o de M\u00e3e: Hasan e Filiz em piquenique rom\u00e2ntico<\/a><\/h4><\/div><\/div>\n<div class=\"col-md-12 col-sm-12 col-xs-12 pt-cv-content-item pt-cv-1-col\" ><div class='pt-cv-ifield'><h4 class=\"pt-cv-title\"><a href=\"https:\/\/www.tvnovelas.com.br\/tvnews\/guerra-das-rosas-cihan-vibra-com-desistencia-de-gulru-de-casar-com-mert\/\" class=\"_self\" target=\"_self\" >Guerra das Rosas: Cihan vibra com desist\u00eancia de Gulru de casar com Mert<\/a><\/h4><\/div><\/div>\n<div class=\"col-md-12 col-sm-12 col-xs-12 pt-cv-content-item pt-cv-1-col\" ><div class='pt-cv-ifield'><h4 class=\"pt-cv-title\"><a href=\"https:\/\/www.tvnovelas.com.br\/tvnews\/coracao-de-mae-irmak-denuncia-adnan\/\" class=\"_self\" target=\"_self\" >Cora\u00e7\u00e3o de M\u00e3e: Irmak denuncia Adnan<\/a><\/h4><\/div><\/div>\n<div class=\"col-md-12 col-sm-12 col-xs-12 pt-cv-content-item pt-cv-1-col\" ><div class='pt-cv-ifield'><h4 class=\"pt-cv-title\"><a href=\"https:\/\/www.tvnovelas.com.br\/tvnews\/a-nobreza-do-amor-mirinho-e-obrigado-a-resgatar-tonho\/\" class=\"_self\" target=\"_self\" >A Nobreza do Amor: Mirinho \u00e9 obrigado a resgatar Tonho<\/a><\/h4><\/div><\/div>\n<div class=\"col-md-12 col-sm-12 col-xs-12 pt-cv-content-item pt-cv-1-col\" ><div class='pt-cv-ifield'><h4 class=\"pt-cv-title\"><a href=\"https:\/\/www.tvnovelas.com.br\/tvnews\/tres-gracas-paulinho-e-afastado-da-policia-por-causa-de-gerluce\/\" class=\"_self\" target=\"_self\" >Tr\u00eas Gra\u00e7as: Paulinho \u00e9 afastado da pol\u00edcia por causa de Gerluce<\/a><\/h4><\/div><\/div>\n<div class=\"col-md-12 col-sm-12 col-xs-12 pt-cv-content-item pt-cv-1-col\" ><div class='pt-cv-ifield'><h4 class=\"pt-cv-title\"><a href=\"https:\/\/www.tvnovelas.com.br\/tvnews\/coracao-de-mae-irmak-inicia-jogo-arriscado-contra-adnan\/\" class=\"_self\" target=\"_self\" >Cora\u00e7\u00e3o de M\u00e3e: Irmak inicia jogo arriscado contra Adnan<\/a><\/h4><\/div><\/div>\n<div class=\"col-md-12 col-sm-12 col-xs-12 pt-cv-content-item pt-cv-1-col\" ><div class='pt-cv-ifield'><h4 class=\"pt-cv-title\"><a href=\"https:\/\/www.tvnovelas.com.br\/tvnews\/guerra-das-rosas-omer-chama-gulru-vestida-de-noiva-para-fugir\/\" class=\"_self\" target=\"_self\" >Guerra das Rosas: Omer chama Gulru vestida de noiva para fugir<\/a><\/h4><\/div><\/div>\n<div class=\"col-md-12 col-sm-12 col-xs-12 pt-cv-content-item pt-cv-1-col\" ><div class='pt-cv-ifield'><h4 class=\"pt-cv-title\"><a href=\"https:\/\/www.tvnovelas.com.br\/tvnews\/coracao-de-mae-reha-sai-para-jantar-com-selvi\/\" class=\"_self\" target=\"_self\" >Cora\u00e7\u00e3o de M\u00e3e: Reha sai para jantar com Selvi<\/a><\/h4><\/div><\/div>\n<div class=\"col-md-12 col-sm-12 col-xs-12 pt-cv-content-item pt-cv-1-col\" ><div class='pt-cv-ifield'><h4 class=\"pt-cv-title\"><a href=\"https:\/\/www.tvnovelas.com.br\/tvnews\/coracao-acelerado-zila-se-preocupa-com-sua-situacao-apos-separacao\/\" class=\"_self\" target=\"_self\" >Cora\u00e7\u00e3o Acelerado: Zil\u00e1 se preocupa com sua situa\u00e7\u00e3o ap\u00f3s separa\u00e7\u00e3o<\/a><\/h4><\/div><\/div><\/div><\/div><\/div><br \/>\n<a href=\"https:\/\/www.tvnovelas.com.br\/novelas\/\"><strong>Confira os resumos da semana de todas novelas<\/strong><\/a><\/p>\n<h3>Confira tamb\u00e9m<\/h3>\n<p><a href=\"https:\/\/www.tvnovelas.com.br\/filmes\/\" target=\"_blank\" rel=\"noopener noreferrer\"><strong>Programa\u00e7\u00e3o de filmes na TV aberta<\/strong><\/a><br \/>\n<a href=\"https:\/\/caetenews.com.br\/semana\/filmes-da-globo-na-sessao-da-tarde-desta-semana\/\" target=\"_blank\" rel=\"noopener\"><strong>Confira os filmes da semana na Sess\u00e3o da Tarde<\/strong><\/a><br \/>\n<a href=\"https:\/\/www.tvnovelas.com.br\/novelas\/\" target=\"_blank\" rel=\"noopener noreferrer\"><strong>Resumos de novelas<\/strong><\/a><\/p>\n","protected":false},"excerpt":{"rendered":"<p>A volta de C\u00e9sar Montebello (Leopoldo Pacheco) em Fuzu\u00ea tem agitado a trama das 7. O explorador tem se encontrado&#8230;<\/p>\n","protected":false},"author":1,"featured_media":60414,"comment_status":"closed","ping_status":"closed","sticky":false,"template":"","format":"standard","meta":{"_uf_show_specific_survey":0,"_uf_disable_surveys":false,"_jetpack_memberships_contains_paid_content":false,"footnotes":"","_wp_rev_ctl_limit":""},"categories":[353,396],"tags":[399,5,64],"class_list":["post-60413","post","type-post","status-publish","format-standard","has-post-thumbnail","hentry","category-resumos-de-novelas","category-fuzue","tag-fuzue","tag-globo","tag-novelas","wpcat-353-id","wpcat-396-id"],"aioseo_notices":[],"jetpack_featured_media_url":"https:\/\/i0.wp.com\/www.tvnovelas.com.br\/tvnews\/wp-content\/uploads\/2023\/12\/39008.jpg?fit=728%2C409&ssl=1","jetpack_shortlink":"https:\/\/wp.me\/pdP2BO-fIp","jetpack_sharing_enabled":true,"_links":{"self":[{"href":"https:\/\/www.tvnovelas.com.br\/tvnews\/wp-json\/wp\/v2\/posts\/60413","targetHints":{"allow":["GET"]}}],"collection":[{"href":"https:\/\/www.tvnovelas.com.br\/tvnews\/wp-json\/wp\/v2\/posts"}],"about":[{"href":"https:\/\/www.tvnovelas.com.br\/tvnews\/wp-json\/wp\/v2\/types\/post"}],"author":[{"embeddable":true,"href":"https:\/\/www.tvnovelas.com.br\/tvnews\/wp-json\/wp\/v2\/users\/1"}],"replies":[{"embeddable":true,"href":"https:\/\/www.tvnovelas.com.br\/tvnews\/wp-json\/wp\/v2\/comments?post=60413"}],"version-history":[{"count":3,"href":"https:\/\/www.tvnovelas.com.br\/tvnews\/wp-json\/wp\/v2\/posts\/60413\/revisions"}],"predecessor-version":[{"id":60417,"href":"https:\/\/www.tvnovelas.com.br\/tvnews\/wp-json\/wp\/v2\/posts\/60413\/revisions\/60417"}],"wp:featuredmedia":[{"embeddable":true,"href":"https:\/\/www.tvnovelas.com.br\/tvnews\/wp-json\/wp\/v2\/media\/60414"}],"wp:attachment":[{"href":"https:\/\/www.tvnovelas.com.br\/tvnews\/wp-json\/wp\/v2\/media?parent=60413"}],"wp:term":[{"taxonomy":"category","embeddable":true,"href":"https:\/\/www.tvnovelas.com.br\/tvnews\/wp-json\/wp\/v2\/categories?post=60413"},{"taxonomy":"post_tag","embeddable":true,"href":"https:\/\/www.tvnovelas.com.br\/tvnews\/wp-json\/wp\/v2\/tags?post=60413"}],"curies":[{"name":"wp","href":"https:\/\/api.w.org\/{rel}","templated":true}]}}