{"id":60442,"date":"2023-12-16T08:55:06","date_gmt":"2023-12-16T11:55:06","guid":{"rendered":"https:\/\/www.tvnovelas.com.br\/tvnews\/?p=60442"},"modified":"2023-12-16T08:55:06","modified_gmt":"2023-12-16T11:55:06","slug":"elas-por-elas-lara-consegue-tirar-renee-da-cadeia-mas-situacao-de-vic-ganha-novo-contorno","status":"publish","type":"post","link":"https:\/\/www.tvnovelas.com.br\/tvnews\/elas-por-elas-lara-consegue-tirar-renee-da-cadeia-mas-situacao-de-vic-ganha-novo-contorno\/","title":{"rendered":"Elas por Elas: Lara consegue tirar Ren\u00e9e da cadeia, mas situa\u00e7\u00e3o de Vic ganha novo contorno"},"content":{"rendered":"<p><em>Em Elas por Elas: Lara consegue<\/em><br \/>\n<img data-recalc-dims=\"1\" decoding=\"async\" class=\"alignnone wp-image-60443 size-full\" title=\"(Foto: TV Globo\/Elas por Elas)\" src=\"https:\/\/i0.wp.com\/www.tvnovelas.com.br\/tvnews\/wp-content\/uploads\/2023\/12\/39017.jpg?resize=728%2C405&#038;ssl=1\" alt=\"Foto em Elas por Elas: Lara consegue\" width=\"728\" height=\"405\" \/><br \/>\nEm Elas por Elas, enquanto embarcava com a filha, Vic (Bia Santana), para a Bahia, Ren\u00e9e (Maria Clara Spinelli) estava vivendo a primeira conquista ap\u00f3s uma s\u00e9rie de momento dif\u00edceis. Mas a chance de um novo emprego teve que ser adiada, ap\u00f3s a confeiteira ter sido presa no aeroporto. Ao saber da viagem, M\u00e1rcia (Mary Sheila), m\u00e3e biol\u00f3gica da menina e de Tony (Richard Abelha), se desesperou, achando que iria perder qualquer chance de reconquistar os filhos, ent\u00e3o, procurou a Justi\u00e7a.<\/p>\n<p>H\u00e1 pouco tempo, a perfumista explicou o motivo de ter abandonado os dois quando pequenos: foi v\u00edtima de uma severa depress\u00e3o p\u00f3s-parto. Mesmo assim, eles n\u00e3o aceitaram. Agora, depois de terem visto a m\u00e3e de cria\u00e7\u00e3o ser presa, v\u00e3o rejeitar M\u00e1rcia ainda mais. Principalmente Vic, que, por ser menor de idade, ser\u00e1 obrigado a morar ela.<\/p>\n<p>Enquanto isso, \u00c9rica (Monique Alfradique) e Tony v\u00e3o correr para tirar Ren\u00e9e da cadeia; para isso, ir\u00e3o acionar Lara (Deborah Secco), que, n\u00e3o faz muito tempo, retomou a carreira. A advogada se colocar\u00e1 para ajudar a velha amiga na mesma hora.<\/p>\n<p>\u201c\u00c9 um pesadelo, Lara. Eu sempre fiz tudo certo, meu nome t\u00e1 limpo, n\u00e3o tenho nem uma multa de tr\u00e2nsito!\u201d, lamentar\u00e1 Ren\u00e9e, na delegacia. \u201cNunca pensei que ia acabar presa!\u201d<\/p>\n<p>\u201cPor pouco tempo. J\u00e1 pedi seu alvar\u00e1 de soltura\u201d, dir\u00e1 ela. \u201cMas quando seu alvar\u00e1 sair, o juiz deve ouvir voc\u00ea e a Vic tamb\u00e9m. O depoimento dela vai ser fundamental pro seu caso\u201d, explicar\u00e1.<\/p>\n<p>\u201cEu n\u00e3o mere\u00e7o isso, Lara! Tudo que eu fiz foi dar amor pra duas crian\u00e7as abandonadas\u201d, vai dizer a confeiteira, entre l\u00e1grimas. \u201cA M\u00e1rcia se aproveitou da situa\u00e7\u00e3o pra roubar minha filha de mim!\u201d<\/p>\n<p>\u201cEu sinto muito, querida. Mas perante a Lei, a M\u00e1rcia ainda \u00e9 a m\u00e3e da Vic\u201d, explicar\u00e1 Lara.<\/p>\n<p>\u201cN\u00e3o \u00e9 justo! A M\u00e1rcia abandonou a Vic pequena! Eu que cuidei dela e do Tony, eu que abri m\u00e3o dos meus sonhos pra criar os dois! Eu t\u00f4 t\u00e3o desnorteada, parece que me tiraram o ch\u00e3o!\u201d<\/p>\n<p>Se Lara j\u00e1 tinha se disposto a tir\u00e1-la da cadeia, ao ver Ren\u00e9e sofrer tanto na sua frente, ela ter\u00e1 certeza de que vai reverter a situa\u00e7\u00e3o da amiga. A advogada dir\u00e1 que, ap\u00f3s ela ser solta, ir\u00e1 entrar com uma a\u00e7\u00e3o de maternidade socioafetiva para requerer a guarda da Vic.<\/p>\n<p><strong>O dia da audi\u00eancia<\/strong><br \/>\nNo dia da audi\u00eancia de Ren\u00e9e, Vic e o irm\u00e3o ir\u00e3o se colocar a favor da m\u00e3e da cria\u00e7\u00e3o, inclusive, assim que as duas colocarem o olho numa na outra na vara de fam\u00edlia, v\u00e3o correr para um abra\u00e7o emocionado. Tony, por sua vez, ir\u00e1 culpar M\u00e1rcia por toda aquela situa\u00e7\u00e3o.<\/p>\n<p>\u201cN\u00e3o bastou ter abandonado a gente, voc\u00ea ainda volta pra ferrar a nossa vida?\u201d, dir\u00e1 o jovem \u00e0 m\u00e3e biol\u00f3gica.<\/p>\n<p>\u201cEu sinto muito, Tony, mas eu preciso de uma chance pra corrigir meus erros com voc\u00eas\u201d, responder\u00e1 M\u00e1rcia, que ainda vai pedir perd\u00e3o \u00e0 m\u00e3e de cria\u00e7\u00e3o dos filhos.<\/p>\n<p>\u201cDesculpa, Ren\u00e9e. Eu n\u00e3o queria essa pris\u00e3o. Isso foi longe demais. Eu s\u00f3 queria minha filha. Voc\u00ea estava levando ela embora. Tenta me entender. Eu sou m\u00e3e. No meu lugar, voc\u00ea faria o mesmo\u201d, continuar\u00e1 a perfumista.<\/p>\n<p>\u201cEu sou m\u00e3e! E vou fazer! Pode esperar! Eu n\u00e3o vou desistir da Vic. Ela \u00e9 minha filha. Minha!\u201d, responder\u00e1 Ren\u00e9e.<\/p>\n<p>Quando a audi\u00eancia come\u00e7ar, no depoimento, Vic ir\u00e1 reiterar que ela e o irm\u00e3o consideram a confeiteira como m\u00e3e biol\u00f3gica; Ren\u00e9e, por sua vez, contar\u00e1 sua hist\u00f3ria com Wagner (C\u00e9sar Mello), pai dos dois, que, recentemente, abandonou a fam\u00edlia, deixando os tr\u00eas numa situa\u00e7\u00e3o financeira complicada. Inclusive, dir\u00e1 que esse era o motivo da mudan\u00e7a.<\/p>\n<p>\u201cEu n\u00e3o estava fugindo. Eu ia me mudar pra Bahia, pra trabalhar num resort, na tentativa de conseguir uma qualidade de vida melhor pra minha fam\u00edlia.\u201d<\/p>\n<p>O juiz conceder\u00e1 liberdade a Ren\u00e9e, que vai sair emocionada da audi\u00eancia, agradecendo a Lara por toda ajuda. Por\u00e9m, a situa\u00e7\u00e3o de Vic ser\u00e1 diferente.<\/p>\n<p>\u201cS\u00f3 n\u00e3o entendi ainda por que o juiz n\u00e3o libertou a minha irm\u00e3 tamb\u00e9m!\u201d, questionar\u00e1 Tony. \u201cA Vic agora \u00e9 prisioneira daquela mulher, por acaso?\u201d<\/p>\n<p>\u201cSua irm\u00e3 \u00e9 de menor e a M\u00e1rcia \u00e9 oficialmente a m\u00e3e dela\u201d, explicar\u00e1 a advogada. \u201cMas n\u00f3s vamos pedir o reconhecimento de maternidade da Ren\u00e9e e a guarda da Vic. E se Deus quiser, vamos ganhar isso tamb\u00e9m!\u201d<br \/>\n<!--END POST--><br \/>\n<a href=\"https:\/\/www.tvnovelas.com.br\/novelas\/resumos-de-elas-por-elas\/\" target=\"_blank\" rel=\"noopener\">Confira os resumos da semana de &#8216;Elas por Elas&#8217;<\/a><br \/>\n<strong style=\"font-size: 120%;\">\u00daltimas not\u00edcias de Elas por Elas:<\/strong><br \/>\n<div class=\"pt-cv-wrapper\"><div class=\"pt-cv-view pt-cv-grid pt-cv-colsys\" id=\"pt-cv-view-23f2f2esxk\"><div data-id=\"pt-cv-page-1\" class=\"pt-cv-page\" data-cvc=\"1\"><div class=\"col-md-12 col-sm-12 col-xs-12 pt-cv-content-item pt-cv-1-col\" ><div class='pt-cv-ifield'><h4 class=\"pt-cv-title\"><a href=\"https:\/\/www.tvnovelas.com.br\/tvnews\/elas-por-elas-sergio-entrega-helena-para-salvar-isis\/\" class=\"_blank\" target=\"_blank\" >Elas por Elas: S\u00e9rgio entrega Helena para salvar Isis<\/a><\/h4><\/div><\/div>\n<div class=\"col-md-12 col-sm-12 col-xs-12 pt-cv-content-item pt-cv-1-col\" ><div class='pt-cv-ifield'><h4 class=\"pt-cv-title\"><a href=\"https:\/\/www.tvnovelas.com.br\/tvnews\/elas-por-elas-tais-sai-do-tribunal-para-a-maternidade\/\" class=\"_blank\" target=\"_blank\" >Elas por Elas:  Ta\u00eds sai do tribunal para a maternidade<\/a><\/h4><\/div><\/div>\n<div class=\"col-md-12 col-sm-12 col-xs-12 pt-cv-content-item pt-cv-1-col\" ><div class='pt-cv-ifield'><h4 class=\"pt-cv-title\"><a href=\"https:\/\/www.tvnovelas.com.br\/tvnews\/elas-por-elas-vilma-depoe-roberto-e-preso\/\" class=\"_blank\" target=\"_blank\" >Elas por Elas: Vilma dep\u00f5e;  Roberto \u00e9 preso<\/a><\/h4><\/div><\/div>\n<div class=\"col-md-12 col-sm-12 col-xs-12 pt-cv-content-item pt-cv-1-col\" ><div class='pt-cv-ifield'><h4 class=\"pt-cv-title\"><a href=\"https:\/\/www.tvnovelas.com.br\/tvnews\/elas-por-elas-vilma-depoe-e-derruba-o-alibi-de-roberto\/\" class=\"_blank\" target=\"_blank\" >Elas por Elas: Vilma dep\u00f5e e derruba o \u00e1libi de Roberto<\/a><\/h4><\/div><\/div>\n<div class=\"col-md-12 col-sm-12 col-xs-12 pt-cv-content-item pt-cv-1-col\" ><div class='pt-cv-ifield'><h4 class=\"pt-cv-title\"><a href=\"https:\/\/www.tvnovelas.com.br\/tvnews\/elas-por-elas-isis-sofre-outro-golpe-o-juiz-nega-habeas-corpus\/\" class=\"_blank\" target=\"_blank\" >Elas por Elas: \u00cdsis sofre outro golpe; o juiz nega habeas corpus<\/a><\/h4><\/div><\/div>\n<div class=\"col-md-12 col-sm-12 col-xs-12 pt-cv-content-item pt-cv-1-col\" ><div class='pt-cv-ifield'><h4 class=\"pt-cv-title\"><a href=\"https:\/\/www.tvnovelas.com.br\/tvnews\/elas-por-elas-juiz-mantem-prisao-de-isis-pelo-suposto-assassinato-de-helena\/\" class=\"_blank\" target=\"_blank\" >Elas por Elas: Juiz mant\u00e9m pris\u00e3o de \u00cdsis pelo suposto assassinato de Helena<\/a><\/h4><\/div><\/div><\/div><\/div><\/div><br \/>\n<strong style=\"font-size: 120%;\">\u00daltimas not\u00edcias deste site:<\/strong><br \/>\n<div class=\"pt-cv-wrapper\"><div class=\"pt-cv-view pt-cv-grid pt-cv-colsys\" id=\"pt-cv-view-90991035b3\"><div data-id=\"pt-cv-page-1\" class=\"pt-cv-page\" data-cvc=\"1\"><div class=\"col-md-12 col-sm-12 col-xs-12 pt-cv-content-item pt-cv-1-col\" ><div class='pt-cv-ifield'><h4 class=\"pt-cv-title\"><a href=\"https:\/\/www.tvnovelas.com.br\/tvnews\/em-coracao-de-mae-nos-proximos-capitulos-04-a-08-5\/\" class=\"_self\" target=\"_self\" >Em Cora\u00e7\u00e3o de M\u00e3e nos pr\u00f3ximos cap\u00edtulos (04 a 08\/5)<\/a><\/h4><\/div><\/div>\n<div class=\"col-md-12 col-sm-12 col-xs-12 pt-cv-content-item pt-cv-1-col\" ><div class='pt-cv-ifield'><h4 class=\"pt-cv-title\"><a href=\"https:\/\/www.tvnovelas.com.br\/tvnews\/coracao-de-mae-hasan-e-filiz-em-piquenique-romantico\/\" class=\"_self\" target=\"_self\" >Cora\u00e7\u00e3o de M\u00e3e: Hasan e Filiz em piquenique rom\u00e2ntico<\/a><\/h4><\/div><\/div>\n<div class=\"col-md-12 col-sm-12 col-xs-12 pt-cv-content-item pt-cv-1-col\" ><div class='pt-cv-ifield'><h4 class=\"pt-cv-title\"><a href=\"https:\/\/www.tvnovelas.com.br\/tvnews\/guerra-das-rosas-cihan-vibra-com-desistencia-de-gulru-de-casar-com-mert\/\" class=\"_self\" target=\"_self\" >Guerra das Rosas: Cihan vibra com desist\u00eancia de Gulru de casar com Mert<\/a><\/h4><\/div><\/div>\n<div class=\"col-md-12 col-sm-12 col-xs-12 pt-cv-content-item pt-cv-1-col\" ><div class='pt-cv-ifield'><h4 class=\"pt-cv-title\"><a href=\"https:\/\/www.tvnovelas.com.br\/tvnews\/coracao-de-mae-irmak-denuncia-adnan\/\" class=\"_self\" target=\"_self\" >Cora\u00e7\u00e3o de M\u00e3e: Irmak denuncia Adnan<\/a><\/h4><\/div><\/div>\n<div class=\"col-md-12 col-sm-12 col-xs-12 pt-cv-content-item pt-cv-1-col\" ><div class='pt-cv-ifield'><h4 class=\"pt-cv-title\"><a href=\"https:\/\/www.tvnovelas.com.br\/tvnews\/a-nobreza-do-amor-mirinho-e-obrigado-a-resgatar-tonho\/\" class=\"_self\" target=\"_self\" >A Nobreza do Amor: Mirinho \u00e9 obrigado a resgatar Tonho<\/a><\/h4><\/div><\/div>\n<div class=\"col-md-12 col-sm-12 col-xs-12 pt-cv-content-item pt-cv-1-col\" ><div class='pt-cv-ifield'><h4 class=\"pt-cv-title\"><a href=\"https:\/\/www.tvnovelas.com.br\/tvnews\/tres-gracas-paulinho-e-afastado-da-policia-por-causa-de-gerluce\/\" class=\"_self\" target=\"_self\" >Tr\u00eas Gra\u00e7as: Paulinho \u00e9 afastado da pol\u00edcia por causa de Gerluce<\/a><\/h4><\/div><\/div>\n<div class=\"col-md-12 col-sm-12 col-xs-12 pt-cv-content-item pt-cv-1-col\" ><div class='pt-cv-ifield'><h4 class=\"pt-cv-title\"><a href=\"https:\/\/www.tvnovelas.com.br\/tvnews\/coracao-de-mae-irmak-inicia-jogo-arriscado-contra-adnan\/\" class=\"_self\" target=\"_self\" >Cora\u00e7\u00e3o de M\u00e3e: Irmak inicia jogo arriscado contra Adnan<\/a><\/h4><\/div><\/div>\n<div class=\"col-md-12 col-sm-12 col-xs-12 pt-cv-content-item pt-cv-1-col\" ><div class='pt-cv-ifield'><h4 class=\"pt-cv-title\"><a href=\"https:\/\/www.tvnovelas.com.br\/tvnews\/guerra-das-rosas-omer-chama-gulru-vestida-de-noiva-para-fugir\/\" class=\"_self\" target=\"_self\" >Guerra das Rosas: Omer chama Gulru vestida de noiva para fugir<\/a><\/h4><\/div><\/div>\n<div class=\"col-md-12 col-sm-12 col-xs-12 pt-cv-content-item pt-cv-1-col\" ><div class='pt-cv-ifield'><h4 class=\"pt-cv-title\"><a href=\"https:\/\/www.tvnovelas.com.br\/tvnews\/coracao-de-mae-reha-sai-para-jantar-com-selvi\/\" class=\"_self\" target=\"_self\" >Cora\u00e7\u00e3o de M\u00e3e: Reha sai para jantar com Selvi<\/a><\/h4><\/div><\/div>\n<div class=\"col-md-12 col-sm-12 col-xs-12 pt-cv-content-item pt-cv-1-col\" ><div class='pt-cv-ifield'><h4 class=\"pt-cv-title\"><a href=\"https:\/\/www.tvnovelas.com.br\/tvnews\/coracao-acelerado-zila-se-preocupa-com-sua-situacao-apos-separacao\/\" class=\"_self\" target=\"_self\" >Cora\u00e7\u00e3o Acelerado: Zil\u00e1 se preocupa com sua situa\u00e7\u00e3o ap\u00f3s separa\u00e7\u00e3o<\/a><\/h4><\/div><\/div><\/div><\/div><\/div><br \/>\n<a href=\"https:\/\/www.tvnovelas.com.br\/novelas\/\"><strong>Confira os resumos da semana de todas novelas<\/strong><\/a><\/p>\n<h3>Confira tamb\u00e9m<\/h3>\n<p><a href=\"https:\/\/www.tvnovelas.com.br\/filmes\/\" target=\"_blank\" rel=\"noopener noreferrer\"><strong>Programa\u00e7\u00e3o de filmes na TV aberta<\/strong><\/a><br \/>\n<a href=\"https:\/\/caetenews.com.br\/semana\/filmes-da-globo-na-sessao-da-tarde-desta-semana\/\" target=\"_blank\" rel=\"noopener\"><strong>Confira os filmes da semana na Sess\u00e3o da Tarde<\/strong><\/a><br \/>\n<a href=\"https:\/\/www.tvnovelas.com.br\/novelas\/\" target=\"_blank\" rel=\"noopener noreferrer\"><strong>Resumos de novelas<\/strong><\/a><\/p>\n","protected":false},"excerpt":{"rendered":"<p>Em Elas por Elas, enquanto embarcava com a filha, Vic (Bia Santana), para a Bahia, Ren\u00e9e (Maria Clara Spinelli) estava&#8230;<\/p>\n","protected":false},"author":1,"featured_media":60443,"comment_status":"closed","ping_status":"closed","sticky":false,"template":"","format":"standard","meta":{"_uf_show_specific_survey":0,"_uf_disable_surveys":false,"_jetpack_memberships_contains_paid_content":false,"footnotes":"","_wp_rev_ctl_limit":""},"categories":[401],"tags":[5,64],"class_list":["post-60442","post","type-post","status-publish","format-standard","has-post-thumbnail","hentry","category-elas-por-elas","tag-globo","tag-novelas","wpcat-401-id"],"aioseo_notices":[],"jetpack_featured_media_url":"https:\/\/i0.wp.com\/www.tvnovelas.com.br\/tvnews\/wp-content\/uploads\/2023\/12\/39017.jpg?fit=728%2C405&ssl=1","jetpack_shortlink":"https:\/\/wp.me\/pdP2BO-fIS","jetpack_sharing_enabled":true,"_links":{"self":[{"href":"https:\/\/www.tvnovelas.com.br\/tvnews\/wp-json\/wp\/v2\/posts\/60442","targetHints":{"allow":["GET"]}}],"collection":[{"href":"https:\/\/www.tvnovelas.com.br\/tvnews\/wp-json\/wp\/v2\/posts"}],"about":[{"href":"https:\/\/www.tvnovelas.com.br\/tvnews\/wp-json\/wp\/v2\/types\/post"}],"author":[{"embeddable":true,"href":"https:\/\/www.tvnovelas.com.br\/tvnews\/wp-json\/wp\/v2\/users\/1"}],"replies":[{"embeddable":true,"href":"https:\/\/www.tvnovelas.com.br\/tvnews\/wp-json\/wp\/v2\/comments?post=60442"}],"version-history":[{"count":1,"href":"https:\/\/www.tvnovelas.com.br\/tvnews\/wp-json\/wp\/v2\/posts\/60442\/revisions"}],"predecessor-version":[{"id":60444,"href":"https:\/\/www.tvnovelas.com.br\/tvnews\/wp-json\/wp\/v2\/posts\/60442\/revisions\/60444"}],"wp:featuredmedia":[{"embeddable":true,"href":"https:\/\/www.tvnovelas.com.br\/tvnews\/wp-json\/wp\/v2\/media\/60443"}],"wp:attachment":[{"href":"https:\/\/www.tvnovelas.com.br\/tvnews\/wp-json\/wp\/v2\/media?parent=60442"}],"wp:term":[{"taxonomy":"category","embeddable":true,"href":"https:\/\/www.tvnovelas.com.br\/tvnews\/wp-json\/wp\/v2\/categories?post=60442"},{"taxonomy":"post_tag","embeddable":true,"href":"https:\/\/www.tvnovelas.com.br\/tvnews\/wp-json\/wp\/v2\/tags?post=60442"}],"curies":[{"name":"wp","href":"https:\/\/api.w.org\/{rel}","templated":true}]}}