{"id":60540,"date":"2023-12-19T09:46:47","date_gmt":"2023-12-19T12:46:47","guid":{"rendered":"https:\/\/www.tvnovelas.com.br\/tvnews\/?p=60540"},"modified":"2023-12-19T09:46:47","modified_gmt":"2023-12-19T12:46:47","slug":"fuzue-miguel-encontra-documento-falso-de-cesar-montebello","status":"publish","type":"post","link":"https:\/\/www.tvnovelas.com.br\/tvnews\/fuzue-miguel-encontra-documento-falso-de-cesar-montebello\/","title":{"rendered":"Fuzu\u00ea: Miguel encontra documento falso de C\u00e9sar Montebello"},"content":{"rendered":"<p><em>Em Fuzu\u00ea: Miguel encontra<\/em><br \/>\n<img data-recalc-dims=\"1\" decoding=\"async\" class=\"alignnone wp-image-60541 size-full\" title=\"(Foto: TV Globo\/Fuzu\u00ea)\" src=\"https:\/\/i0.wp.com\/www.tvnovelas.com.br\/tvnews\/wp-content\/uploads\/2023\/12\/39047.jpg?resize=728%2C410&#038;ssl=1\" alt=\"Foto em Fuzu\u00ea: Miguel encontra\" width=\"728\" height=\"410\" srcset=\"https:\/\/i0.wp.com\/www.tvnovelas.com.br\/tvnews\/wp-content\/uploads\/2023\/12\/39047.jpg?w=728&amp;ssl=1 728w, https:\/\/i0.wp.com\/www.tvnovelas.com.br\/tvnews\/wp-content\/uploads\/2023\/12\/39047.jpg?resize=678%2C381&amp;ssl=1 678w\" sizes=\"(max-width: 728px) 100vw, 728px\" \/><br \/>\nO retorno de C\u00e9sar Montebello (Leopoldo Pacheco) veio como um furac\u00e3o na vida de v\u00e1rios personagens de Fuzu\u00ea. Passado o susto, agora o explorador quer acertar algumas quest\u00f5es e voltar a ter sua antiga vida. Para isso, ele pedir\u00e1 que Miguel (Nicolas Prattes) seja seu advogado. No entanto, o mocinho acabar\u00e1 encontrando documentos que n\u00e3o esperava e ver\u00e1 que o sogro tem uma outra identidade.<\/p>\n<p>Na Fuzu\u00ea, C\u00e9sar vai conversar com Miguel sobre todo o trauma que viveu. &#8220;N\u00e3o se lembrar do passado \u00e9 uma sensa\u00e7\u00e3o terr\u00edvel. Apagar peda\u00e7os da sua pr\u00f3pria hist\u00f3ria, das mem\u00f3rias da fam\u00edlia&#8230;&#8221;, dir\u00e1 o explorador. &#8220;Eu posso imaginar, C\u00e9sar&#8230;&#8221;, afirmar\u00e1 o advogado. Ser\u00e1 nesse momento que o pai de Luna (Giovanna Cordeiro) e Preciosa (Marina Ruy Barbosa) pedir\u00e1 ajuda com os servi\u00e7os do rapaz.<\/p>\n<p>&#8220;Mas eu estou me esfor\u00e7ando para retomar minha vida. E preciso de um advogado de confian\u00e7a que me entenda, para regularizar minha situa\u00e7\u00e3o civil. Imagina ter de provar que eu n\u00e3o estou morto! E pela refer\u00eancia que eu tive, ningu\u00e9m melhor do que voc\u00ea para me ajudar, Miguel&#8221;, destacar\u00e1 C\u00e9sar.<\/p>\n<p>Miguel questionar\u00e1 se o explorador quer um advogado que seja filho do desafeto dele. Por sua vez, C\u00e9sar rebater\u00e1 e dir\u00e1, na verdade, que quer o servi\u00e7o do namorado da sua filha e talvez futuro genro. O explorador ressaltar\u00e1 que a rela\u00e7\u00e3o com a designer de biojoias ainda est\u00e1 fria, mas acredita que os dois ir\u00e3o se acertar.<\/p>\n<p>Ent\u00e3o, o filho de Nero (Edson Celulari) concordar\u00e1 e vai aceitar ajudar o explorador, por\u00e9m, at\u00e9 um certo ponto.<\/p>\n<p>&#8220;Eu posso te ajudar na regulariza\u00e7\u00e3o dos seus documentos. Mas, quando voc\u00ea for tratar do seu patrim\u00f4nio, eu indico colegas advogados. Para n\u00e3o cair em conflito de interesse, justamente por eu ser namorado da sua filha&#8221;, afirmar\u00e1 Miguel.<\/p>\n<p>&#8220;Est\u00e1 certo. Agora, o que eu mais preciso \u00e9 ter meus documentos, provar que eu estou vivo&#8221;, dir\u00e1 o explorador.<\/p>\n<p>Em seguida, Miguel dir\u00e1 que, para come\u00e7ar a resolver as quest\u00f5es burocr\u00e1ticas, ele precisar\u00e1 entrar com um pedido de anula\u00e7\u00e3o da senten\u00e7a que decretou a morte presumida do explorador. &#8220;\u00d3timo! E o que acontece depois disso?&#8221;, questionar\u00e1 C\u00e9sar. &#8220;O juiz vai anular essa senten\u00e7a. E a decis\u00e3o tem efeito retroativo. Sua vida civil vai ser restabelecida automaticamente&#8221;, explicar\u00e1 o advogado.<\/p>\n<p>&#8220;E pra ter novos documentos?&#8221;, perguntar\u00e1 o explorador. &#8220;A\u00ed n\u00f3s solicitamos novas vias aos \u00f3rg\u00e3os competentes. Voc\u00ea ainda tem algum documento?&#8221;, questionar\u00e1 Miguel. &#8220;Nada, nenhum. Perdi tudo no acidente de avi\u00e3o. Diz o que voc\u00ea precisa, que eu forne\u00e7o&#8221;, destacar\u00e1 C\u00e9sar.<\/p>\n<p>&#8220;Preciso da verdade. Sempre da verdade, C\u00e9sar. Onde voc\u00ea estava antes de voltar para c\u00e1?&#8221;, questionar\u00e1 Miguel.<br \/>\nAp\u00f3s C\u00e9sar afirmar que estava no Mato Grosso, Miguel perguntar\u00e1 qual lugar especificamente e o que o explorador fez l\u00e1 durante cinco anos. &#8220;Sua amn\u00e9sia \u00e9 relativa ao passado, certo? Mas voc\u00ea se lembra da sua vida nesse lugar, n\u00e3o lembra?&#8221;, perguntar\u00e1 o rapaz.<\/p>\n<p>C\u00e9sar dir\u00e1 que vai responder tudo, sem esconder nada ao advogado. No entanto, Miguel continuar\u00e1 cismado com o explorador. Nesse momento, Gilmar (Eber In\u00e1cio), que estar\u00e1 por ali, encontrar\u00e1 uma carteira no ch\u00e3o. &#8220;Acho que seu amigo deixou cair a carteira&#8221;, afirmar\u00e1 ele.<\/p>\n<p>Miguel agradecer\u00e1 e pegar\u00e1 a carteira. Ao ver uma identidade meio para fora, o advogado notar\u00e1 que \u00e9 um documento com a foto de C\u00e9sar, mas com um nome diferente. &#8220;Carlos Novaes da Luz&#8221;, falar\u00e1 ele em voz alta.<\/p>\n<p>Dessa forma, Miguel acabar\u00e1 encontrando documento falso do explorador e vai perceber que ele mentiu minutos atr\u00e1s.<br \/>\n<!--THE END--><br \/>\n<a href=\"https:\/\/www.tvnovelas.com.br\/novelas\/resumos-de-fuzue\/\" target=\"_blank\" rel=\"noopener\">Confira os resumos da semana de &#8216;Fuzu\u00ea&#8217;<\/a><br \/>\n<strong style=\"font-size: 120%;\">\u00daltimas not\u00edcias de Fuzu\u00ea:<\/strong><br \/>\n<div class=\"pt-cv-wrapper\"><div class=\"pt-cv-view pt-cv-grid pt-cv-colsys\" id=\"pt-cv-view-f2001fcqsk\"><div data-id=\"pt-cv-page-1\" class=\"pt-cv-page\" data-cvc=\"1\"><div class=\"col-md-12 col-sm-12 col-xs-12 pt-cv-content-item pt-cv-1-col\" ><div class='pt-cv-ifield'><h4 class=\"pt-cv-title\"><a href=\"https:\/\/www.tvnovelas.com.br\/tvnews\/fuzue-cesar-e-preciosa-planejam-novo-roubo-do-tesouro-da-dama-de-ouro\/\" class=\"_blank\" target=\"_blank\" >Fuzu\u00ea: C\u00e9sar e Preciosa planejam novo roubo do tesouro da Dama de Ouro<\/a><\/h4><\/div><\/div>\n<div class=\"col-md-12 col-sm-12 col-xs-12 pt-cv-content-item pt-cv-1-col\" ><div class='pt-cv-ifield'><h4 class=\"pt-cv-title\"><a href=\"https:\/\/www.tvnovelas.com.br\/tvnews\/fuzue-julgado-merreca-pega-6-anos-no-art-121\/\" class=\"_blank\" target=\"_blank\" >Fuzu\u00ea: julgado, Merreca pega 6 anos no art. 121<\/a><\/h4><\/div><\/div>\n<div class=\"col-md-12 col-sm-12 col-xs-12 pt-cv-content-item pt-cv-1-col\" ><div class='pt-cv-ifield'><h4 class=\"pt-cv-title\"><a href=\"https:\/\/www.tvnovelas.com.br\/tvnews\/fuzue-luna-compra-a-conde-de-montebello-e-planeja-torna-la-filial-da-fuzue\/\" class=\"_blank\" target=\"_blank\" >Fuzu\u00ea: Luna compra a Conde de Montebello e planeja torn\u00e1-la filial da Fuzu\u00ea<\/a><\/h4><\/div><\/div>\n<div class=\"col-md-12 col-sm-12 col-xs-12 pt-cv-content-item pt-cv-1-col\" ><div class='pt-cv-ifield'><h4 class=\"pt-cv-title\"><a href=\"https:\/\/www.tvnovelas.com.br\/tvnews\/fuzue-heitor-manda-preciosa-escolher-entre-ele-e-cesar-montebello\/\" class=\"_blank\" target=\"_blank\" >Fuzu\u00ea: Heitor manda Preciosa escolher entre ele e C\u00e9sar Montebello<\/a><\/h4><\/div><\/div>\n<div class=\"col-md-12 col-sm-12 col-xs-12 pt-cv-content-item pt-cv-1-col\" ><div class='pt-cv-ifield'><h4 class=\"pt-cv-title\"><a href=\"https:\/\/www.tvnovelas.com.br\/tvnews\/fuzue-luna-compra-o-apartamento-de-bebel\/\" class=\"_blank\" target=\"_blank\" >Fuzu\u00ea: Luna compra o apartamento de Bebel<\/a><\/h4><\/div><\/div>\n<div class=\"col-md-12 col-sm-12 col-xs-12 pt-cv-content-item pt-cv-1-col\" ><div class='pt-cv-ifield'><h4 class=\"pt-cv-title\"><a href=\"https:\/\/www.tvnovelas.com.br\/tvnews\/fuzue-cesar-arma-e-nero-e-acusado-de-sonegar-impostos\/\" class=\"_blank\" target=\"_blank\" >Fuzu\u00ea: C\u00e9sar arma, e Nero \u00e9 acusado de sonegar impostos<\/a><\/h4><\/div><\/div><\/div><\/div><\/div><br \/>\n<strong style=\"font-size: 120%;\">\u00daltimas not\u00edcias deste site:<\/strong><br \/>\n<div class=\"pt-cv-wrapper\"><div class=\"pt-cv-view pt-cv-grid pt-cv-colsys\" id=\"pt-cv-view-90991035b3\"><div data-id=\"pt-cv-page-1\" class=\"pt-cv-page\" data-cvc=\"1\"><div class=\"col-md-12 col-sm-12 col-xs-12 pt-cv-content-item pt-cv-1-col\" ><div class='pt-cv-ifield'><h4 class=\"pt-cv-title\"><a href=\"https:\/\/www.tvnovelas.com.br\/tvnews\/coracao-de-mae-atilla-confronta-hasan-e-exige-o-divorcio-de-lale\/\" class=\"_self\" target=\"_self\" >Cora\u00e7\u00e3o de M\u00e3e: Atilla confronta Hasan e exige o div\u00f3rcio de Lale<\/a><\/h4><\/div><\/div>\n<div class=\"col-md-12 col-sm-12 col-xs-12 pt-cv-content-item pt-cv-1-col\" ><div class='pt-cv-ifield'><h4 class=\"pt-cv-title\"><a href=\"https:\/\/www.tvnovelas.com.br\/tvnews\/guerra-das-rosas-gulfem-coloca-gulru-contra-a-parede\/\" class=\"_self\" target=\"_self\" >Guerra das Rosas: Gulfem coloca Gulru contra a parede<\/a><\/h4><\/div><\/div>\n<div class=\"col-md-12 col-sm-12 col-xs-12 pt-cv-content-item pt-cv-1-col\" ><div class='pt-cv-ifield'><h4 class=\"pt-cv-title\"><a href=\"https:\/\/www.tvnovelas.com.br\/tvnews\/coracao-de-mae-atilla-diz-a-lale-que-quer-o-divorcio\/\" class=\"_self\" target=\"_self\" >Cora\u00e7\u00e3o de M\u00e3e: Atilla diz a Lale que quer o div\u00f3rcio<\/a><\/h4><\/div><\/div>\n<div class=\"col-md-12 col-sm-12 col-xs-12 pt-cv-content-item pt-cv-1-col\" ><div class='pt-cv-ifield'><h4 class=\"pt-cv-title\"><a href=\"https:\/\/www.tvnovelas.com.br\/tvnews\/a-nobreza-do-amor-mirinho-garante-noivado-com-virginia-para-atrair-sogro-a-negocio\/\" class=\"_self\" target=\"_self\" >A Nobreza do Amor: Mirinho garante noivado com Virg\u00ednia para atrair sogro a neg\u00f3cio<\/a><\/h4><\/div><\/div>\n<div class=\"col-md-12 col-sm-12 col-xs-12 pt-cv-content-item pt-cv-1-col\" ><div class='pt-cv-ifield'><h4 class=\"pt-cv-title\"><a href=\"https:\/\/www.tvnovelas.com.br\/tvnews\/tres-gracas-joaquim-propoe-fuga-a-arminda-com-o-dinheiro-das-tres-gracas\/\" class=\"_self\" target=\"_self\" >Tr\u00eas Gra\u00e7as:  Joaquim prop\u00f5e fuga a Arminda com o dinheiro das Tr\u00eas Gra\u00e7as<\/a><\/h4><\/div><\/div>\n<div class=\"col-md-12 col-sm-12 col-xs-12 pt-cv-content-item pt-cv-1-col\" ><div class='pt-cv-ifield'><h4 class=\"pt-cv-title\"><a href=\"https:\/\/www.tvnovelas.com.br\/tvnews\/coracao-de-mae-atilla-decide-abrir-o-jogo-com-karsu\/\" class=\"_self\" target=\"_self\" >Cora\u00e7\u00e3o de M\u00e3e: Atilla decide abrir o jogo com Karsu<\/a><\/h4><\/div><\/div>\n<div class=\"col-md-12 col-sm-12 col-xs-12 pt-cv-content-item pt-cv-1-col\" ><div class='pt-cv-ifield'><h4 class=\"pt-cv-title\"><a href=\"https:\/\/www.tvnovelas.com.br\/tvnews\/coracao-de-mae-adnan-e-preso-apos-denuncia-de-irmak\/\" class=\"_self\" target=\"_self\" >Em Cora\u00e7\u00e3o de M\u00e3e: Adnan \u00e9 preso ap\u00f3s denuncia de Irmak<\/a><\/h4><\/div><\/div>\n<div class=\"col-md-12 col-sm-12 col-xs-12 pt-cv-content-item pt-cv-1-col\" ><div class='pt-cv-ifield'><h4 class=\"pt-cv-title\"><a href=\"https:\/\/www.tvnovelas.com.br\/tvnews\/coracao-de-mae-atilla-forca-karsu-a-ouvir-suas-explicacoes\/\" class=\"_self\" target=\"_self\" >Cora\u00e7\u00e3o de M\u00e3e: Atilla for\u00e7a Karsu a ouvir suas explica\u00e7\u00f5es<\/a><\/h4><\/div><\/div>\n<div class=\"col-md-12 col-sm-12 col-xs-12 pt-cv-content-item pt-cv-1-col\" ><div class='pt-cv-ifield'><h4 class=\"pt-cv-title\"><a href=\"https:\/\/www.tvnovelas.com.br\/tvnews\/coracao-acelerado-mulher-choca-janete-ao-se-apresentar-como-amante-do-palhares\/\" class=\"_self\" target=\"_self\" >Cora\u00e7\u00e3o Acelerado: Mulher choca Janete ao se apresentar como amante do Palhares<\/a><\/h4><\/div><\/div>\n<div class=\"col-md-12 col-sm-12 col-xs-12 pt-cv-content-item pt-cv-1-col\" ><div class='pt-cv-ifield'><h4 class=\"pt-cv-title\"><a href=\"https:\/\/www.tvnovelas.com.br\/tvnews\/a-nobreza-do-amor-jendal-dobra-a-recompensa-por-alika\/\" class=\"_self\" target=\"_self\" >A Nobreza do Amor: Jendal dobra a recompensa por Alika<\/a><\/h4><\/div><\/div><\/div><\/div><\/div><br \/>\n<a href=\"https:\/\/www.tvnovelas.com.br\/novelas\/\"><strong>Confira os resumos da semana de todas novelas<\/strong><\/a><\/p>\n<h3>Confira tamb\u00e9m<\/h3>\n<p><a href=\"https:\/\/www.tvnovelas.com.br\/filmes\/\" target=\"_blank\" rel=\"noopener noreferrer\"><strong>Programa\u00e7\u00e3o de filmes na TV aberta<\/strong><\/a><br \/>\n<a href=\"https:\/\/caetenews.com.br\/semana\/filmes-da-globo-na-sessao-da-tarde-desta-semana\/\" target=\"_blank\" rel=\"noopener\"><strong>Confira os filmes da semana na Sess\u00e3o da Tarde<\/strong><\/a><br \/>\n<a href=\"https:\/\/www.tvnovelas.com.br\/novelas\/\" target=\"_blank\" rel=\"noopener noreferrer\"><strong>Resumos de novelas<\/strong><\/a><\/p>\n","protected":false},"excerpt":{"rendered":"<p>O retorno de C\u00e9sar Montebello (Leopoldo Pacheco) veio como um furac\u00e3o na vida de v\u00e1rios personagens de Fuzu\u00ea&#8230;<\/p>\n","protected":false},"author":1,"featured_media":60541,"comment_status":"closed","ping_status":"closed","sticky":false,"template":"","format":"standard","meta":{"_uf_show_specific_survey":0,"_uf_disable_surveys":false,"_jetpack_memberships_contains_paid_content":false,"footnotes":"","_wp_rev_ctl_limit":""},"categories":[396],"tags":[399,5,64],"class_list":["post-60540","post","type-post","status-publish","format-standard","has-post-thumbnail","hentry","category-fuzue","tag-fuzue","tag-globo","tag-novelas","wpcat-396-id"],"aioseo_notices":[],"jetpack_featured_media_url":"https:\/\/i0.wp.com\/www.tvnovelas.com.br\/tvnews\/wp-content\/uploads\/2023\/12\/39047.jpg?fit=728%2C410&ssl=1","jetpack_shortlink":"https:\/\/wp.me\/pdP2BO-fKs","jetpack_sharing_enabled":true,"_links":{"self":[{"href":"https:\/\/www.tvnovelas.com.br\/tvnews\/wp-json\/wp\/v2\/posts\/60540","targetHints":{"allow":["GET"]}}],"collection":[{"href":"https:\/\/www.tvnovelas.com.br\/tvnews\/wp-json\/wp\/v2\/posts"}],"about":[{"href":"https:\/\/www.tvnovelas.com.br\/tvnews\/wp-json\/wp\/v2\/types\/post"}],"author":[{"embeddable":true,"href":"https:\/\/www.tvnovelas.com.br\/tvnews\/wp-json\/wp\/v2\/users\/1"}],"replies":[{"embeddable":true,"href":"https:\/\/www.tvnovelas.com.br\/tvnews\/wp-json\/wp\/v2\/comments?post=60540"}],"version-history":[{"count":1,"href":"https:\/\/www.tvnovelas.com.br\/tvnews\/wp-json\/wp\/v2\/posts\/60540\/revisions"}],"predecessor-version":[{"id":60542,"href":"https:\/\/www.tvnovelas.com.br\/tvnews\/wp-json\/wp\/v2\/posts\/60540\/revisions\/60542"}],"wp:featuredmedia":[{"embeddable":true,"href":"https:\/\/www.tvnovelas.com.br\/tvnews\/wp-json\/wp\/v2\/media\/60541"}],"wp:attachment":[{"href":"https:\/\/www.tvnovelas.com.br\/tvnews\/wp-json\/wp\/v2\/media?parent=60540"}],"wp:term":[{"taxonomy":"category","embeddable":true,"href":"https:\/\/www.tvnovelas.com.br\/tvnews\/wp-json\/wp\/v2\/categories?post=60540"},{"taxonomy":"post_tag","embeddable":true,"href":"https:\/\/www.tvnovelas.com.br\/tvnews\/wp-json\/wp\/v2\/tags?post=60540"}],"curies":[{"name":"wp","href":"https:\/\/api.w.org\/{rel}","templated":true}]}}