{"id":60610,"date":"2023-12-21T09:37:36","date_gmt":"2023-12-21T12:37:36","guid":{"rendered":"https:\/\/www.tvnovelas.com.br\/tvnews\/?p=60610"},"modified":"2023-12-21T12:07:07","modified_gmt":"2023-12-21T15:07:07","slug":"fuzue-a-mando-de-cesar-preciosa-propoe-tregua-a-luna","status":"publish","type":"post","link":"https:\/\/www.tvnovelas.com.br\/tvnews\/fuzue-a-mando-de-cesar-preciosa-propoe-tregua-a-luna\/","title":{"rendered":"Fuzu\u00ea: A mando de C\u00e9sar, Preciosa prop\u00f5e tr\u00e9gua a Luna"},"content":{"rendered":"<p><em>Em Fuzu\u00ea: A mando de C\u00e9sar<\/em><br \/>\n<img data-recalc-dims=\"1\" decoding=\"async\" class=\"alignnone wp-image-60611 size-full\" title=\"(Foto: TV Globo\/Fuzu\u00ea)\" src=\"https:\/\/i0.wp.com\/www.tvnovelas.com.br\/tvnews\/wp-content\/uploads\/2023\/12\/39063.jpg?resize=728%2C410&#038;ssl=1\" alt=\"Foto em Fuzu\u00ea: A mando de C\u00e9sar\" width=\"728\" height=\"410\" srcset=\"https:\/\/i0.wp.com\/www.tvnovelas.com.br\/tvnews\/wp-content\/uploads\/2023\/12\/39063.jpg?w=728&amp;ssl=1 728w, https:\/\/i0.wp.com\/www.tvnovelas.com.br\/tvnews\/wp-content\/uploads\/2023\/12\/39063.jpg?resize=678%2C381&amp;ssl=1 678w\" sizes=\"(max-width: 728px) 100vw, 728px\" \/><br \/>\nEm Fuzu\u00ea, depois de descobrir que Luna (Giovana Cordeiro) vai guardar as joias raras da Dama de Ouro, Preciosa (Marina Ruy Barbosa) avisar\u00e1 ao pai. Nos pr\u00f3ximos cap\u00edtulos, disposto a tudo para conseguir colocar as m\u00e3os nas rel\u00edquias, C\u00e9sar Montebello (Leopoldo Pacheco) mandar\u00e1 a filha propor uma tr\u00e9gua com a designer de joias &#8211; ainda que ela n\u00e3o suporte a meia-irm\u00e3. Claro, tudo n\u00e3o passar\u00e1 de uma fachada para os dois conseguirem informa\u00e7\u00f5es valiosas.<\/p>\n<p>Para descobrir onde as joias v\u00e3o ser guardadas pela designer de biojoias, C\u00e9sar dir\u00e1 que a filha precisar\u00e1 ficar de olhos abertos e ouvidos atentos. &#8220;Eu que vou dizer o que fazer, Preciosa. A sua parte agora \u00e9 ficar muito atenta na joalheria, para ouvir tudo o que a Luna falar. Tentar colher o m\u00e1ximo de informa\u00e7\u00f5es&#8221;, dir\u00e1 ele. &#8220;Isso \u00e9 f\u00e1cil pra mim, papai. Estou sempre atenta mesmo aos movimentos dela&#8221;, afirmar\u00e1 a megera.<\/p>\n<p>O explorador vai explicar o que a vil\u00e3 dever\u00e1 fazer &#8211; qual o passo a passo de agora em diante, al\u00e9m de evitar qualquer atrito com a designer de biojoias.<\/p>\n<p>&#8220;Mas tamb\u00e9m preciso que voc\u00ea se dedique ao que, me parece, vai ser mais dif\u00edcil para voc\u00ea. Pe\u00e7o que, a partir de agora, voc\u00ea n\u00e3o entre mais em nenhum atrito com a sua irm\u00e3&#8230;&#8221;, explicar\u00e1 ele.<\/p>\n<p>Ent\u00e3o, Preciosa ressaltar\u00e1 que isso n\u00e3o depende s\u00f3 dela, e vai expor que sempre sair como culpa, e a meia-irm\u00e3 a provoca.<\/p>\n<p>&#8220;Est\u00e1 na hora de crescer, Preciosa. Voc\u00eas v\u00e3o ter que come\u00e7ar essa rela\u00e7\u00e3o de irm\u00e3s no ponto de duas mulheres adultas e resolvidas. N\u00e3o \u00e9 hora de entrar em conflito com a Luna. N\u00f3s temos que nos manter unidos. Manter os amigos pr\u00f3ximos&#8230;&#8221;, afirmar\u00e1 o explorador.<\/p>\n<p>&#8220;E os inimigos mais pr\u00f3ximos ainda. J\u00e1 sei! Voc\u00ea me fala isso desde que eu tinha a idade do Bernardo. Vou me esfor\u00e7ar. Mas me esfor\u00e7ar muito! Aguentar a Luna \u00e9 a miss\u00e3o mais dif\u00edcil que voc\u00ea podia ter me dado na vida&#8221;, destacar\u00e1 ela.<\/p>\n<p><strong>Falsa tr\u00e9gua<\/strong><br \/>\nPreciosa mentir\u00e1 sobre uma bandeira branca com Luna, em Fuzu\u00ea \u2014 Foto: Globo<\/p>\n<p>A mando de C\u00e9sar, Preciosa seguir\u00e1 o plano para levantar uma falsa bandeira entre ela e a meia-irm\u00e3. &#8220;Quero justamente botar isso em pr\u00e1tica, Luna. Mais delicadeza e gentileza entre n\u00f3s duas. A mam\u00e3e tem raz\u00e3o. A gente precisa se entender&#8221;, dir\u00e1 a megera. A designer de biojoias lembrar\u00e1 que j\u00e1 tentou isso algumas vezes.<\/p>\n<p>&#8220;Eu sei. E reconhe\u00e7o que agora \u00e9 a minha vez de praticar isso. Mas eu queria te pedir pra ser um pouco mais compreensiva, para pensar um pouco mais no meu lado&#8221;, dir\u00e1 a vil\u00e3, que falar\u00e1 de todas as mudan\u00e7as e novidades dos \u00faltimos tempos.<br \/>\nLuna lembrar\u00e1 que ela tamb\u00e9m est\u00e1 passando por isso e que n\u00e3o \u00e9 f\u00e1cil para ningu\u00e9m. No entanto, a irm\u00e3 vem dificultando a rela\u00e7\u00e3o.<\/p>\n<p>&#8220;Eu sou uma pessoa complexa, Luna. E sofro muito por isso. N\u00e3o \u00e9 f\u00e1cil ser quem eu sou, mas eu estou me esfor\u00e7ando. J\u00e1 estou conseguindo colocar a casa em ordem, estou reconstruindo minha fam\u00edlia. E, agora, estou aqui, humildemente, tentando uma tr\u00e9gua com voc\u00ea. \u00c9 um passo, voc\u00ea h\u00e1 de convir&#8221;, afirmar\u00e1 a vil\u00e3.<br \/>\nLuna aceitar\u00e1 a tr\u00e9gua e vai afirmar que valoriza as pessoas que buscam melhorar e que prezam pela paz.<\/p>\n<p>&#8220;Por mais dif\u00edcil que seja, por tudo que j\u00e1 passamos juntas, n\u00e3o temos outra sa\u00edda, sen\u00e3o tentar nos entender&#8230; Pra isso, precisamos recome\u00e7ar do zero. Sem m\u00e1goa, sem vingan\u00e7a, como duas irm\u00e3s que nasceram agora, uma para a outra. Voc\u00ea aceita uma tentativa de paz, Luna?&#8221;, pedir\u00e1 Preciosa.<\/p>\n<p>A designer de biojoias aceitar\u00e1, por\u00e9m mal sabe ela que tudo isso n\u00e3o passa de uma farsa combinada entre a vil\u00e3 e o pai.<br \/>\n<!--THE END--><br \/>\n<a href=\"https:\/\/www.tvnovelas.com.br\/novelas\/resumos-de-fuzue\/\" target=\"_blank\" rel=\"noopener\">Confira os resumos da semana de &#8216;Fuzu\u00ea&#8217;<\/a><br \/>\n<strong style=\"font-size: 120%;\">\u00daltimas not\u00edcias de Fuzu\u00ea:<\/strong><br \/>\n<div class=\"pt-cv-wrapper\"><div class=\"pt-cv-view pt-cv-grid pt-cv-colsys\" id=\"pt-cv-view-f2001fcqsk\"><div data-id=\"pt-cv-page-1\" class=\"pt-cv-page\" data-cvc=\"1\"><div class=\"col-md-12 col-sm-12 col-xs-12 pt-cv-content-item pt-cv-1-col\" ><div class='pt-cv-ifield'><h4 class=\"pt-cv-title\"><a href=\"https:\/\/www.tvnovelas.com.br\/tvnews\/fuzue-cesar-e-preciosa-planejam-novo-roubo-do-tesouro-da-dama-de-ouro\/\" class=\"_blank\" target=\"_blank\" >Fuzu\u00ea: C\u00e9sar e Preciosa planejam novo roubo do tesouro da Dama de Ouro<\/a><\/h4><\/div><\/div>\n<div class=\"col-md-12 col-sm-12 col-xs-12 pt-cv-content-item pt-cv-1-col\" ><div class='pt-cv-ifield'><h4 class=\"pt-cv-title\"><a href=\"https:\/\/www.tvnovelas.com.br\/tvnews\/fuzue-julgado-merreca-pega-6-anos-no-art-121\/\" class=\"_blank\" target=\"_blank\" >Fuzu\u00ea: julgado, Merreca pega 6 anos no art. 121<\/a><\/h4><\/div><\/div>\n<div class=\"col-md-12 col-sm-12 col-xs-12 pt-cv-content-item pt-cv-1-col\" ><div class='pt-cv-ifield'><h4 class=\"pt-cv-title\"><a href=\"https:\/\/www.tvnovelas.com.br\/tvnews\/fuzue-luna-compra-a-conde-de-montebello-e-planeja-torna-la-filial-da-fuzue\/\" class=\"_blank\" target=\"_blank\" >Fuzu\u00ea: Luna compra a Conde de Montebello e planeja torn\u00e1-la filial da Fuzu\u00ea<\/a><\/h4><\/div><\/div>\n<div class=\"col-md-12 col-sm-12 col-xs-12 pt-cv-content-item pt-cv-1-col\" ><div class='pt-cv-ifield'><h4 class=\"pt-cv-title\"><a href=\"https:\/\/www.tvnovelas.com.br\/tvnews\/fuzue-heitor-manda-preciosa-escolher-entre-ele-e-cesar-montebello\/\" class=\"_blank\" target=\"_blank\" >Fuzu\u00ea: Heitor manda Preciosa escolher entre ele e C\u00e9sar Montebello<\/a><\/h4><\/div><\/div>\n<div class=\"col-md-12 col-sm-12 col-xs-12 pt-cv-content-item pt-cv-1-col\" ><div class='pt-cv-ifield'><h4 class=\"pt-cv-title\"><a href=\"https:\/\/www.tvnovelas.com.br\/tvnews\/fuzue-luna-compra-o-apartamento-de-bebel\/\" class=\"_blank\" target=\"_blank\" >Fuzu\u00ea: Luna compra o apartamento de Bebel<\/a><\/h4><\/div><\/div>\n<div class=\"col-md-12 col-sm-12 col-xs-12 pt-cv-content-item pt-cv-1-col\" ><div class='pt-cv-ifield'><h4 class=\"pt-cv-title\"><a href=\"https:\/\/www.tvnovelas.com.br\/tvnews\/fuzue-cesar-arma-e-nero-e-acusado-de-sonegar-impostos\/\" class=\"_blank\" target=\"_blank\" >Fuzu\u00ea: C\u00e9sar arma, e Nero \u00e9 acusado de sonegar impostos<\/a><\/h4><\/div><\/div><\/div><\/div><\/div><br \/>\n<strong style=\"font-size: 120%;\">\u00daltimas not\u00edcias deste site:<\/strong><br \/>\n<div class=\"pt-cv-wrapper\"><div class=\"pt-cv-view pt-cv-grid pt-cv-colsys\" id=\"pt-cv-view-90991035b3\"><div data-id=\"pt-cv-page-1\" class=\"pt-cv-page\" data-cvc=\"1\"><div class=\"col-md-12 col-sm-12 col-xs-12 pt-cv-content-item pt-cv-1-col\" ><div class='pt-cv-ifield'><h4 class=\"pt-cv-title\"><a href=\"https:\/\/www.tvnovelas.com.br\/tvnews\/coracao-de-mae-irmak-inicia-jogo-arriscado-contra-adnan\/\" class=\"_self\" target=\"_self\" >Cora\u00e7\u00e3o de M\u00e3e: Irmak inicia jogo arriscado contra Adnan<\/a><\/h4><\/div><\/div>\n<div class=\"col-md-12 col-sm-12 col-xs-12 pt-cv-content-item pt-cv-1-col\" ><div class='pt-cv-ifield'><h4 class=\"pt-cv-title\"><a href=\"https:\/\/www.tvnovelas.com.br\/tvnews\/guerra-das-rosas-omer-chama-gulru-vestida-de-noiva-para-fugir\/\" class=\"_self\" target=\"_self\" >Guerra das Rosas: Omer chama Gulru vestida de noiva para fugir<\/a><\/h4><\/div><\/div>\n<div class=\"col-md-12 col-sm-12 col-xs-12 pt-cv-content-item pt-cv-1-col\" ><div class='pt-cv-ifield'><h4 class=\"pt-cv-title\"><a href=\"https:\/\/www.tvnovelas.com.br\/tvnews\/coracao-de-mae-reha-sai-para-jantar-com-selvi\/\" class=\"_self\" target=\"_self\" >Cora\u00e7\u00e3o de M\u00e3e: Reha sai para jantar com Selvi<\/a><\/h4><\/div><\/div>\n<div class=\"col-md-12 col-sm-12 col-xs-12 pt-cv-content-item pt-cv-1-col\" ><div class='pt-cv-ifield'><h4 class=\"pt-cv-title\"><a href=\"https:\/\/www.tvnovelas.com.br\/tvnews\/coracao-acelerado-zila-se-preocupa-com-sua-situacao-apos-separacao\/\" class=\"_self\" target=\"_self\" >Cora\u00e7\u00e3o Acelerado: Zil\u00e1 se preocupa com sua situa\u00e7\u00e3o ap\u00f3s separa\u00e7\u00e3o<\/a><\/h4><\/div><\/div>\n<div class=\"col-md-12 col-sm-12 col-xs-12 pt-cv-content-item pt-cv-1-col\" ><div class='pt-cv-ifield'><h4 class=\"pt-cv-title\"><a href=\"https:\/\/www.tvnovelas.com.br\/tvnews\/a-nobreza-do-amor-tonho-nao-se-curva-diante-de-mirinho\/\" class=\"_self\" target=\"_self\" >A Nobreza do Amor: Tonho n\u00e3o se curva diante de Mirinho<\/a><\/h4><\/div><\/div>\n<div class=\"col-md-12 col-sm-12 col-xs-12 pt-cv-content-item pt-cv-1-col\" ><div class='pt-cv-ifield'><h4 class=\"pt-cv-title\"><a href=\"https:\/\/www.tvnovelas.com.br\/tvnews\/tres-gracas-arminda-surta-ao-confirmar-que-ferette-e-pai-de-raul\/\" class=\"_self\" target=\"_self\" >Tr\u00eas Gra\u00e7as:  Arminda surta ao confirmar que Ferette \u00e9 pai de Raul<\/a><\/h4><\/div><\/div>\n<div class=\"col-md-12 col-sm-12 col-xs-12 pt-cv-content-item pt-cv-1-col\" ><div class='pt-cv-ifield'><h4 class=\"pt-cv-title\"><a href=\"https:\/\/www.tvnovelas.com.br\/tvnews\/coracao-de-mae-atilla-confronta-hasan-e-exige-o-divorcio-de-lale\/\" class=\"_self\" target=\"_self\" >Cora\u00e7\u00e3o de M\u00e3e: Atilla confronta Hasan e exige o div\u00f3rcio de Lale<\/a><\/h4><\/div><\/div>\n<div class=\"col-md-12 col-sm-12 col-xs-12 pt-cv-content-item pt-cv-1-col\" ><div class='pt-cv-ifield'><h4 class=\"pt-cv-title\"><a href=\"https:\/\/www.tvnovelas.com.br\/tvnews\/guerra-das-rosas-gulfem-coloca-gulru-contra-a-parede\/\" class=\"_self\" target=\"_self\" >Guerra das Rosas: Gulfem coloca Gulru contra a parede<\/a><\/h4><\/div><\/div>\n<div class=\"col-md-12 col-sm-12 col-xs-12 pt-cv-content-item pt-cv-1-col\" ><div class='pt-cv-ifield'><h4 class=\"pt-cv-title\"><a href=\"https:\/\/www.tvnovelas.com.br\/tvnews\/coracao-de-mae-atilla-diz-a-lale-que-quer-o-divorcio\/\" class=\"_self\" target=\"_self\" >Cora\u00e7\u00e3o de M\u00e3e: Atilla diz a Lale que quer o div\u00f3rcio<\/a><\/h4><\/div><\/div>\n<div class=\"col-md-12 col-sm-12 col-xs-12 pt-cv-content-item pt-cv-1-col\" ><div class='pt-cv-ifield'><h4 class=\"pt-cv-title\"><a href=\"https:\/\/www.tvnovelas.com.br\/tvnews\/a-nobreza-do-amor-mirinho-garante-noivado-com-virginia-para-atrair-sogro-a-negocio\/\" class=\"_self\" target=\"_self\" >A Nobreza do Amor: Mirinho garante noivado com Virg\u00ednia para atrair sogro a neg\u00f3cio<\/a><\/h4><\/div><\/div><\/div><\/div><\/div><br \/>\n<a href=\"https:\/\/www.tvnovelas.com.br\/novelas\/\"><strong>Confira os resumos da semana de todas novelas<\/strong><\/a><\/p>\n<h3>Confira tamb\u00e9m<\/h3>\n<p><a href=\"https:\/\/www.tvnovelas.com.br\/filmes\/\" target=\"_blank\" rel=\"noopener noreferrer\"><strong>Programa\u00e7\u00e3o de filmes na TV aberta<\/strong><\/a><br \/>\n<a href=\"https:\/\/caetenews.com.br\/semana\/filmes-da-globo-na-sessao-da-tarde-desta-semana\/\" target=\"_blank\" rel=\"noopener\"><strong>Confira os filmes da semana na Sess\u00e3o da Tarde<\/strong><\/a><br \/>\n<a href=\"https:\/\/www.tvnovelas.com.br\/novelas\/\" target=\"_blank\" rel=\"noopener noreferrer\"><strong>Resumos de novelas<\/strong><\/a><\/p>\n","protected":false},"excerpt":{"rendered":"<p>Em Fuzu\u00ea, depois de descobrir que Luna (Giovana Cordeiro) vai guardar as joias raras da Dama de Ouro, Preciosa..<\/p>\n","protected":false},"author":1,"featured_media":60611,"comment_status":"closed","ping_status":"closed","sticky":false,"template":"","format":"standard","meta":{"_uf_show_specific_survey":0,"_uf_disable_surveys":false,"_jetpack_memberships_contains_paid_content":false,"footnotes":"","_wp_rev_ctl_limit":""},"categories":[396],"tags":[399,5,64],"class_list":["post-60610","post","type-post","status-publish","format-standard","has-post-thumbnail","hentry","category-fuzue","tag-fuzue","tag-globo","tag-novelas","wpcat-396-id"],"aioseo_notices":[],"jetpack_featured_media_url":"https:\/\/i0.wp.com\/www.tvnovelas.com.br\/tvnews\/wp-content\/uploads\/2023\/12\/39063.jpg?fit=728%2C410&ssl=1","jetpack_shortlink":"https:\/\/wp.me\/pdP2BO-fLA","jetpack_sharing_enabled":true,"_links":{"self":[{"href":"https:\/\/www.tvnovelas.com.br\/tvnews\/wp-json\/wp\/v2\/posts\/60610","targetHints":{"allow":["GET"]}}],"collection":[{"href":"https:\/\/www.tvnovelas.com.br\/tvnews\/wp-json\/wp\/v2\/posts"}],"about":[{"href":"https:\/\/www.tvnovelas.com.br\/tvnews\/wp-json\/wp\/v2\/types\/post"}],"author":[{"embeddable":true,"href":"https:\/\/www.tvnovelas.com.br\/tvnews\/wp-json\/wp\/v2\/users\/1"}],"replies":[{"embeddable":true,"href":"https:\/\/www.tvnovelas.com.br\/tvnews\/wp-json\/wp\/v2\/comments?post=60610"}],"version-history":[{"count":2,"href":"https:\/\/www.tvnovelas.com.br\/tvnews\/wp-json\/wp\/v2\/posts\/60610\/revisions"}],"predecessor-version":[{"id":60629,"href":"https:\/\/www.tvnovelas.com.br\/tvnews\/wp-json\/wp\/v2\/posts\/60610\/revisions\/60629"}],"wp:featuredmedia":[{"embeddable":true,"href":"https:\/\/www.tvnovelas.com.br\/tvnews\/wp-json\/wp\/v2\/media\/60611"}],"wp:attachment":[{"href":"https:\/\/www.tvnovelas.com.br\/tvnews\/wp-json\/wp\/v2\/media?parent=60610"}],"wp:term":[{"taxonomy":"category","embeddable":true,"href":"https:\/\/www.tvnovelas.com.br\/tvnews\/wp-json\/wp\/v2\/categories?post=60610"},{"taxonomy":"post_tag","embeddable":true,"href":"https:\/\/www.tvnovelas.com.br\/tvnews\/wp-json\/wp\/v2\/tags?post=60610"}],"curies":[{"name":"wp","href":"https:\/\/api.w.org\/{rel}","templated":true}]}}