{"id":60682,"date":"2023-12-23T12:15:42","date_gmt":"2023-12-23T15:15:42","guid":{"rendered":"https:\/\/www.tvnovelas.com.br\/tvnews\/?p=60682"},"modified":"2023-12-23T12:02:57","modified_gmt":"2023-12-23T15:02:57","slug":"o-que-rola-em-terra-e-paixao-na-semana-25-a-30-12","status":"publish","type":"post","link":"https:\/\/www.tvnovelas.com.br\/tvnews\/o-que-rola-em-terra-e-paixao-na-semana-25-a-30-12\/","title":{"rendered":"O que rola em Terra e Paix\u00e3o na semana 25 a 30\/12"},"content":{"rendered":"<p><em>Resumo de Terra e Paix\u00e3o na semana 25 a 30\/12<\/em><\/p>\n<p><img data-recalc-dims=\"1\" decoding=\"async\" class=\"\/ alignnone wp-image-60683 size-full\" title=\"(Foto: Reprodu\u00e7\u00e3o TV Globo\/Terra e Paix\u00e3o)\" src=\"https:\/\/i0.wp.com\/www.tvnovelas.com.br\/tvnews\/wp-content\/uploads\/2023\/12\/39079b.jpg?resize=727%2C410&#038;ssl=1\" alt=\"Foto em Resumo de Terra e Paix\u00e3o na semana 25 a 30\" width=\"727\" height=\"410\" srcset=\"https:\/\/i0.wp.com\/www.tvnovelas.com.br\/tvnews\/wp-content\/uploads\/2023\/12\/39079b.jpg?w=727&amp;ssl=1 727w, https:\/\/i0.wp.com\/www.tvnovelas.com.br\/tvnews\/wp-content\/uploads\/2023\/12\/39079b.jpg?resize=678%2C381&amp;ssl=1 678w\" sizes=\"(max-width: 727px) 100vw, 727px\" \/><\/p>\n<blockquote><p>Jonatas pede Gra\u00e7a em casamento; Berenice entrega a Ant\u00f4nio o esconderijo e Aline; Ramiro sequestra Aline e a freira; Caio denuncia Ant\u00f4nio e Ramiro&#8230;<\/p><\/blockquote>\n<p><em>Em Terra e Paix\u00e3o<\/em><br \/>\n<strong>Resumo de segunda-feira, 25 de dezembro<\/strong><br \/>\nCaio explica a Kelvin o plano para visitar Aline. Teresinha consola Aline. Petra revela a Ant\u00f4nio que ir\u00e1 se separar de Luigi. Ramiro cai no plano de Caio e conta a Ant\u00f4nio que a fam\u00edlia de Aline ir\u00e1 visit\u00e1-la na noite de Natal. Luigi flagra Anely e Natercinho juntos e sente ci\u00fames. Ramiro segue o carro de Caio, sem saber que s\u00e3o Rodrigo e Luana que est\u00e3o no ve\u00edculo. Caio, Jussara e Jo\u00e3o v\u00e3o para o convento no carro de Rodrigo, para despistar Ramiro e Ant\u00f4nio. Petra decide passar o Natal com H\u00e9lio. Ant\u00f4nio fica furioso ao saber que foi enganado. Aline se emociona com a chegada da fam\u00edlia ao convento.<\/p>\n<p><strong>Resumo de ter\u00e7a-feira, 26 de dezembro<\/strong><br \/>\nAnt\u00f4nio e Ramiro percebem que foram enganados por Caio. Irene fica furiosa com as aus\u00eancias de Ant\u00f4nio e Petra na ceia de Natal. Jonatas pede Gra\u00e7a em casamento. Kelvin deixa claro a Ramiro que n\u00e3o ficar\u00e1 com o pe\u00e3o, caso ele continue a praticar as maldades impostas por Ant\u00f4nio. Ant\u00f4nio pergunta a Irene se foi a mulher quem matou Agatha. Um homem que prefere n\u00e3o se identificar avisa a Marino que viu Gentil na fazenda no dia da morte de Agatha. Ant\u00f4nio oferece dinheiro para Berenice descobrir o paradeiro de Aline.<br \/>\n<img data-recalc-dims=\"1\" decoding=\"async\" class=\"alignnone wp-image-60685 size-full\" title=\"(Foto: TV Globo\/Terra e Paix\u00e3o)\" src=\"https:\/\/i0.wp.com\/www.tvnovelas.com.br\/tvnews\/wp-content\/uploads\/2023\/12\/39079c.jpg?resize=728%2C410&#038;ssl=1\" alt=\"Foto em Resumo de Terra e Paix\u00e3o na semana 25 a 30\" width=\"728\" height=\"410\" srcset=\"https:\/\/i0.wp.com\/www.tvnovelas.com.br\/tvnews\/wp-content\/uploads\/2023\/12\/39079c.jpg?w=728&amp;ssl=1 728w, https:\/\/i0.wp.com\/www.tvnovelas.com.br\/tvnews\/wp-content\/uploads\/2023\/12\/39079c.jpg?resize=678%2C381&amp;ssl=1 678w\" sizes=\"(max-width: 728px) 100vw, 728px\" \/><\/p>\n<p><strong>Resumo de quarta-feira, 27 de dezembro<\/strong><br \/>\nBerenice aceita a proposta de Ant\u00f4nio. Gentil diz a Marino que foi \u00e0 casa de Ant\u00f4nio cobrar o dinheiro que havia dado a Agatha. Berenice se esconde dentro do arm\u00e1rio de Luana e descobre que Aline est\u00e1 em um convento. Gra\u00e7a deixa escapar para Irene que Gentil esteve na fazenda no dia do assassinato de Agatha. Berenice conta a Ant\u00f4nio onde Aline est\u00e1 escondida. Luigi e Natercinho disputam Anely. Ant\u00f4nio e Ramiro observam Aline.<\/p>\n<p><strong>Resumo de quinta-feira, 28 de dezembro<\/strong><br \/>\nAnt\u00f4nio orienta Ramiro a sequestrar Aline sem que ningu\u00e9m perceba. Caio sugere a Lucinda que a cooperativa invista em novas tecnologias. Jussara oferece apoio a Gentil. Ramiro consegue pegar as chaves com o jardineiro depois de amarr\u00e1-lo. Jurec\u00ea tem uma vis\u00e3o de Aline sendo capturada. Yandara n\u00e3o aceita reatar o relacionamento com Franco. Ramiro sequestra Aline e Teresinha. Caio fica desesperado ao saber que Aline sumiu. Aline pergunta a Ant\u00f4nio o que ele far\u00e1 contra ela e seus beb\u00eas.<br \/>\n<img data-recalc-dims=\"1\" decoding=\"async\" class=\"alignnone wp-image-60684 size-full\" title=\"(Foto: TV Globo\/Terra e Paix\u00e3o)\" src=\"https:\/\/i0.wp.com\/www.tvnovelas.com.br\/tvnews\/wp-content\/uploads\/2023\/12\/39079a.jpg?resize=728%2C410&#038;ssl=1\" alt=\"Foto em Resumo de Terra e Paix\u00e3o na semana 25 a 30\" width=\"728\" height=\"410\" srcset=\"https:\/\/i0.wp.com\/www.tvnovelas.com.br\/tvnews\/wp-content\/uploads\/2023\/12\/39079a.jpg?w=728&amp;ssl=1 728w, https:\/\/i0.wp.com\/www.tvnovelas.com.br\/tvnews\/wp-content\/uploads\/2023\/12\/39079a.jpg?resize=678%2C381&amp;ssl=1 678w\" sizes=\"(max-width: 728px) 100vw, 728px\" \/><\/p>\n<p><strong>Resumo de sexta-feira, 29 de dezembro<\/strong><br \/>\nAnt\u00f4nio revela a Aline que colocar\u00e1 as crian\u00e7as para ado\u00e7\u00e3o. Angelina insinua que a pulseira que a pol\u00edcia encontrou no local do crime de Agatha \u00e9 de Irene. Irene visita Jonatas com o intuito de camuflar algo na casa de Gentil. Kelvin despreza Ramiro e afirma que s\u00f3 acreditar\u00e1 em seu amor se ele trouxer Aline de volta. Kelvin amea\u00e7a demitir a pessoa que contou a Ant\u00f4nio o local do abrigo de Aline. Jussara passa mal. Caio amea\u00e7a denunciar Ant\u00f4nio. Ramiro pede desculpas a Aline e a Teresinha e diz que armar\u00e1 um plano para tir\u00e1-las da tapera.<\/p>\n<p><strong>Resumo de s\u00e1bado, 30 de dezembro<\/strong><br \/>\nLucinda visita Jussara. Ant\u00f4nio evita falar da morte de Agatha com Angelina. Caio denuncia Ant\u00f4nio e Ramiro pela morte de Samuel e pelo atentado contra Aline. Silva pega Fraz\u00e3o no aeroporto a tempo de o advogado n\u00e3o embarcar. Fraz\u00e3o conta a Marino que Agatha iria fazer uma den\u00fancia contra Irene. Irene queima os vestidos de Agatha que estavam com Angelina. Ramiro avisa a Kelvin que trar\u00e1 Aline de volta. Ramiro d\u00e1 bebida aos pe\u00f5es para faz\u00ea-los dormir. Um dos pe\u00f5es acorda e avisa a Ant\u00f4nio que Ramiro tirou Aline e a freira da tapera.<br \/>\n<!--END POST--><br \/>\n<a href=\"https:\/\/www.tvnovelas.com.br\/novelas\/resumos-de-terra-e-paixao\/\">Confira os resumos da semana de &#8216;Terra e Paix\u00e3o&#8217;<\/a><br \/>\n<strong style=\"font-size: 120%;\">\u00daltimas not\u00edcias de Terra e Paix\u00e3o:<\/strong><br \/>\n<div class=\"pt-cv-wrapper\"><div class=\"pt-cv-view pt-cv-grid pt-cv-colsys\" id=\"pt-cv-view-9bbc6490w2\"><div data-id=\"pt-cv-page-1\" class=\"pt-cv-page\" data-cvc=\"1\"><div class=\"col-md-12 col-sm-6 col-xs-12 pt-cv-content-item pt-cv-1-col\" ><div class='pt-cv-ifield'><h4 class=\"pt-cv-title\"><a href=\"https:\/\/www.tvnovelas.com.br\/tvnews\/terra-e-paixao-vinicius-choca-aline-com-relatorio-sobre-diamantes-em-suas-terras\/\" class=\"_blank\" target=\"_blank\" >Terra e Paix\u00e3o: Vin\u00edcius choca Aline com relat\u00f3rio sobre diamantes em suas terras<\/a><\/h4><\/div><\/div>\n<div class=\"col-md-12 col-sm-6 col-xs-12 pt-cv-content-item pt-cv-1-col\" ><div class='pt-cv-ifield'><h4 class=\"pt-cv-title\"><a href=\"https:\/\/www.tvnovelas.com.br\/tvnews\/terra-e-paixao-fuga-de-antonio-tem-mortes-e-disfarce\/\" class=\"_blank\" target=\"_blank\" >Terra e Paix\u00e3o: Fuga de Ant\u00f4nio tem mortes e disfarce<\/a><\/h4><\/div><\/div>\n<div class=\"col-md-12 col-sm-6 col-xs-12 pt-cv-content-item pt-cv-1-col\" ><div class='pt-cv-ifield'><h4 class=\"pt-cv-title\"><a href=\"https:\/\/www.tvnovelas.com.br\/tvnews\/terra-e-paixao-antonio-invade-casamento-para-matar-aline-no-altar\/\" class=\"_blank\" target=\"_blank\" >Terra e Paix\u00e3o: Ant\u00f4nio invade casamento para matar Aline no altar<\/a><\/h4><\/div><\/div>\n<div class=\"col-md-12 col-sm-6 col-xs-12 pt-cv-content-item pt-cv-1-col\" ><div class='pt-cv-ifield'><h4 class=\"pt-cv-title\"><a href=\"https:\/\/www.tvnovelas.com.br\/tvnews\/terra-e-paixao-graca-se-junta-a-policia-para-salvar-danielzinho\/\" class=\"_blank\" target=\"_blank\" >Terra e Paix\u00e3o: Gra\u00e7a se junta \u00e0 Pol\u00edcia para salvar Danielzinho<\/a><\/h4><\/div><\/div>\n<div class=\"col-md-12 col-sm-6 col-xs-12 pt-cv-content-item pt-cv-1-col\" ><div class='pt-cv-ifield'><h4 class=\"pt-cv-title\"><a href=\"https:\/\/www.tvnovelas.com.br\/tvnews\/terra-e-paixao-marino-da-voz-de-prisao-a-irene\/\" class=\"_blank\" target=\"_blank\" >Terra e Paix\u00e3o: Marino d\u00e1 voz de pris\u00e3o a Irene<\/a><\/h4><\/div><\/div>\n<div class=\"col-md-12 col-sm-6 col-xs-12 pt-cv-content-item pt-cv-1-col\" ><div class='pt-cv-ifield'><h4 class=\"pt-cv-title\"><a href=\"https:\/\/www.tvnovelas.com.br\/tvnews\/terra-e-paixao-irene-sequestra-danielzinho-e-foge-com-vinicius\/\" class=\"_blank\" target=\"_blank\" >Terra e Paix\u00e3o: Irene sequestra Danielzinho e foge com Vin\u00edcius<\/a><\/h4><\/div><\/div><\/div><\/div><\/div><br \/>\n<strong style=\"font-size: 120%;\">\u00daltimas not\u00edcias deste canal:<\/strong><br \/>\n<div class=\"pt-cv-wrapper\"><div class=\"pt-cv-view pt-cv-grid pt-cv-colsys\" id=\"pt-cv-view-90991035b3\"><div data-id=\"pt-cv-page-1\" class=\"pt-cv-page\" data-cvc=\"1\"><div class=\"col-md-12 col-sm-12 col-xs-12 pt-cv-content-item pt-cv-1-col\" ><div class='pt-cv-ifield'><h4 class=\"pt-cv-title\"><a href=\"https:\/\/www.tvnovelas.com.br\/tvnews\/coracao-de-mae-irmak-inicia-jogo-arriscado-contra-adnan\/\" class=\"_self\" target=\"_self\" >Cora\u00e7\u00e3o de M\u00e3e: Irmak inicia jogo arriscado contra Adnan<\/a><\/h4><\/div><\/div>\n<div class=\"col-md-12 col-sm-12 col-xs-12 pt-cv-content-item pt-cv-1-col\" ><div class='pt-cv-ifield'><h4 class=\"pt-cv-title\"><a href=\"https:\/\/www.tvnovelas.com.br\/tvnews\/guerra-das-rosas-omer-chama-gulru-vestida-de-noiva-para-fugir\/\" class=\"_self\" target=\"_self\" >Guerra das Rosas: Omer chama Gulru vestida de noiva para fugir<\/a><\/h4><\/div><\/div>\n<div class=\"col-md-12 col-sm-12 col-xs-12 pt-cv-content-item pt-cv-1-col\" ><div class='pt-cv-ifield'><h4 class=\"pt-cv-title\"><a href=\"https:\/\/www.tvnovelas.com.br\/tvnews\/coracao-de-mae-reha-sai-para-jantar-com-selvi\/\" class=\"_self\" target=\"_self\" >Cora\u00e7\u00e3o de M\u00e3e: Reha sai para jantar com Selvi<\/a><\/h4><\/div><\/div>\n<div class=\"col-md-12 col-sm-12 col-xs-12 pt-cv-content-item pt-cv-1-col\" ><div class='pt-cv-ifield'><h4 class=\"pt-cv-title\"><a href=\"https:\/\/www.tvnovelas.com.br\/tvnews\/coracao-acelerado-zila-se-preocupa-com-sua-situacao-apos-separacao\/\" class=\"_self\" target=\"_self\" >Cora\u00e7\u00e3o Acelerado: Zil\u00e1 se preocupa com sua situa\u00e7\u00e3o ap\u00f3s separa\u00e7\u00e3o<\/a><\/h4><\/div><\/div>\n<div class=\"col-md-12 col-sm-12 col-xs-12 pt-cv-content-item pt-cv-1-col\" ><div class='pt-cv-ifield'><h4 class=\"pt-cv-title\"><a href=\"https:\/\/www.tvnovelas.com.br\/tvnews\/a-nobreza-do-amor-tonho-nao-se-curva-diante-de-mirinho\/\" class=\"_self\" target=\"_self\" >A Nobreza do Amor: Tonho n\u00e3o se curva diante de Mirinho<\/a><\/h4><\/div><\/div>\n<div class=\"col-md-12 col-sm-12 col-xs-12 pt-cv-content-item pt-cv-1-col\" ><div class='pt-cv-ifield'><h4 class=\"pt-cv-title\"><a href=\"https:\/\/www.tvnovelas.com.br\/tvnews\/tres-gracas-arminda-surta-ao-confirmar-que-ferette-e-pai-de-raul\/\" class=\"_self\" target=\"_self\" >Tr\u00eas Gra\u00e7as:  Arminda surta ao confirmar que Ferette \u00e9 pai de Raul<\/a><\/h4><\/div><\/div>\n<div class=\"col-md-12 col-sm-12 col-xs-12 pt-cv-content-item pt-cv-1-col\" ><div class='pt-cv-ifield'><h4 class=\"pt-cv-title\"><a href=\"https:\/\/www.tvnovelas.com.br\/tvnews\/coracao-de-mae-atilla-confronta-hasan-e-exige-o-divorcio-de-lale\/\" class=\"_self\" target=\"_self\" >Cora\u00e7\u00e3o de M\u00e3e: Atilla confronta Hasan e exige o div\u00f3rcio de Lale<\/a><\/h4><\/div><\/div>\n<div class=\"col-md-12 col-sm-12 col-xs-12 pt-cv-content-item pt-cv-1-col\" ><div class='pt-cv-ifield'><h4 class=\"pt-cv-title\"><a href=\"https:\/\/www.tvnovelas.com.br\/tvnews\/guerra-das-rosas-gulfem-coloca-gulru-contra-a-parede\/\" class=\"_self\" target=\"_self\" >Guerra das Rosas: Gulfem coloca Gulru contra a parede<\/a><\/h4><\/div><\/div>\n<div class=\"col-md-12 col-sm-12 col-xs-12 pt-cv-content-item pt-cv-1-col\" ><div class='pt-cv-ifield'><h4 class=\"pt-cv-title\"><a href=\"https:\/\/www.tvnovelas.com.br\/tvnews\/coracao-de-mae-atilla-diz-a-lale-que-quer-o-divorcio\/\" class=\"_self\" target=\"_self\" >Cora\u00e7\u00e3o de M\u00e3e: Atilla diz a Lale que quer o div\u00f3rcio<\/a><\/h4><\/div><\/div>\n<div class=\"col-md-12 col-sm-12 col-xs-12 pt-cv-content-item pt-cv-1-col\" ><div class='pt-cv-ifield'><h4 class=\"pt-cv-title\"><a href=\"https:\/\/www.tvnovelas.com.br\/tvnews\/a-nobreza-do-amor-mirinho-garante-noivado-com-virginia-para-atrair-sogro-a-negocio\/\" class=\"_self\" target=\"_self\" >A Nobreza do Amor: Mirinho garante noivado com Virg\u00ednia para atrair sogro a neg\u00f3cio<\/a><\/h4><\/div><\/div><\/div><\/div><\/div><br \/>\n<a href=\"https:\/\/www.tvnovelas.com.br\/novelas\/\"><strong>Confira os resumos da semana de todas novelas<\/strong><\/a><\/p>\n<h3>Confira tamb\u00e9m<\/h3>\n<p><a href=\"https:\/\/www.tvnovelas.com.br\/filmes\/\" target=\"_blank\" rel=\"noopener noreferrer\"><strong>Programa\u00e7\u00e3o de filmes na TV aberta<\/strong><\/a><br \/>\n<a href=\"https:\/\/caetenews.com.br\/semana\/filmes-da-globo-na-sessao-da-tarde-desta-semana\/\" target=\"_blank\" rel=\"noopener\"><strong>Confira os filmes da semana na Sess\u00e3o da Tarde<\/strong><\/a><br \/>\n<a href=\"https:\/\/www.tvnovelas.com.br\/novelas\/\" target=\"_blank\" rel=\"noopener noreferrer\"><strong>Resumos de novelas<\/strong><\/a><\/p>\n","protected":false},"excerpt":{"rendered":"<p>Em Terra e Paix\u00e3o na semana 25 a 30, Jonatas pede Gra\u00e7a em casamento; Berenice entrega a Ant\u00f4nio o esconderijo e Aline; Ramiro sequestra Aline e a freira; Caio denuncia Ant\u00f4nio e Ramiro&#8230;<\/p>\n","protected":false},"author":1,"featured_media":60683,"comment_status":"closed","ping_status":"closed","sticky":false,"template":"","format":"standard","meta":{"_uf_show_specific_survey":0,"_uf_disable_surveys":false,"_jetpack_memberships_contains_paid_content":false,"footnotes":"","_wp_rev_ctl_limit":""},"categories":[382],"tags":[5,64,383],"class_list":["post-60682","post","type-post","status-publish","format-standard","has-post-thumbnail","hentry","category-terra-e-paixao","tag-globo","tag-novelas","tag-terra-e-paixao","wpcat-382-id"],"aioseo_notices":[],"jetpack_featured_media_url":"https:\/\/i0.wp.com\/www.tvnovelas.com.br\/tvnews\/wp-content\/uploads\/2023\/12\/39079b.jpg?fit=727%2C410&ssl=1","jetpack_shortlink":"https:\/\/wp.me\/pdP2BO-fMK","jetpack_sharing_enabled":true,"_links":{"self":[{"href":"https:\/\/www.tvnovelas.com.br\/tvnews\/wp-json\/wp\/v2\/posts\/60682","targetHints":{"allow":["GET"]}}],"collection":[{"href":"https:\/\/www.tvnovelas.com.br\/tvnews\/wp-json\/wp\/v2\/posts"}],"about":[{"href":"https:\/\/www.tvnovelas.com.br\/tvnews\/wp-json\/wp\/v2\/types\/post"}],"author":[{"embeddable":true,"href":"https:\/\/www.tvnovelas.com.br\/tvnews\/wp-json\/wp\/v2\/users\/1"}],"replies":[{"embeddable":true,"href":"https:\/\/www.tvnovelas.com.br\/tvnews\/wp-json\/wp\/v2\/comments?post=60682"}],"version-history":[{"count":3,"href":"https:\/\/www.tvnovelas.com.br\/tvnews\/wp-json\/wp\/v2\/posts\/60682\/revisions"}],"predecessor-version":[{"id":60688,"href":"https:\/\/www.tvnovelas.com.br\/tvnews\/wp-json\/wp\/v2\/posts\/60682\/revisions\/60688"}],"wp:featuredmedia":[{"embeddable":true,"href":"https:\/\/www.tvnovelas.com.br\/tvnews\/wp-json\/wp\/v2\/media\/60683"}],"wp:attachment":[{"href":"https:\/\/www.tvnovelas.com.br\/tvnews\/wp-json\/wp\/v2\/media?parent=60682"}],"wp:term":[{"taxonomy":"category","embeddable":true,"href":"https:\/\/www.tvnovelas.com.br\/tvnews\/wp-json\/wp\/v2\/categories?post=60682"},{"taxonomy":"post_tag","embeddable":true,"href":"https:\/\/www.tvnovelas.com.br\/tvnews\/wp-json\/wp\/v2\/tags?post=60682"}],"curies":[{"name":"wp","href":"https:\/\/api.w.org\/{rel}","templated":true}]}}