{"id":60773,"date":"2023-12-26T18:00:07","date_gmt":"2023-12-26T21:00:07","guid":{"rendered":"https:\/\/www.tvnovelas.com.br\/tvnews\/?p=60773"},"modified":"2023-12-26T15:32:44","modified_gmt":"2023-12-26T18:32:44","slug":"elas-por-elas-vic-retorna-para-casa-com-marcia","status":"publish","type":"post","link":"https:\/\/www.tvnovelas.com.br\/tvnews\/elas-por-elas-vic-retorna-para-casa-com-marcia\/","title":{"rendered":"Elas por Elas: Vic retorna para casa com M\u00e1rcia"},"content":{"rendered":"<p><em>Em Elas por Elas: Vic retorna<\/em><br \/>\n<img data-recalc-dims=\"1\" decoding=\"async\" class=\"alignnone wp-image-60775 size-full\" title=\"(Foto: TV Globo\/Elas por Elas)\" src=\"https:\/\/i0.wp.com\/www.tvnovelas.com.br\/tvnews\/wp-content\/uploads\/2023\/12\/39098.jpg?resize=728%2C408&#038;ssl=1\" alt=\"Foto em Elas por Elas: Vic retorna\" width=\"728\" height=\"408\" srcset=\"https:\/\/i0.wp.com\/www.tvnovelas.com.br\/tvnews\/wp-content\/uploads\/2023\/12\/39098.jpg?w=728&amp;ssl=1 728w, https:\/\/i0.wp.com\/www.tvnovelas.com.br\/tvnews\/wp-content\/uploads\/2023\/12\/39098.jpg?resize=678%2C381&amp;ssl=1 678w\" sizes=\"(max-width: 728px) 100vw, 728px\" \/><br \/>\nNo cap\u00edtulo de Elas por Elas desta quarta-feira, dia 27, Marcos \u00e9 levado ao hospital e recebe atendimento m\u00e9dico, enquanto Nat\u00e1lia e Carol v\u00e3o ao seu encontro para oferecer apoio. Por\u00e9m, S\u00e9rgio n\u00e3o fica satisfeito com o envolvimento de Helena com Danilo, demonstrando seu descontentamento.<\/p>\n<p>Em outro momento, Vic retorna para casa acompanhada por M\u00e1rcia. Essa volta traz uma nova din\u00e2mica para a hist\u00f3ria, despertando a curiosidade dos telespectadores sobre o que isso pode significar para o desenvolvimento dos personagens.<\/p>\n<p>Enquanto isso, Ren\u00e9e solicita a ajuda de Polvilho para encontrarem Wagner. Essa busca promete trazer reviravoltas e emo\u00e7\u00f5es intensas para a trama.<\/p>\n<p>Por sua vez, Giovanni e \u00cdsis decidem acampar juntos, por\u00e9m, durante essa experi\u00eancia, Giovanni enfrenta uma crise de ansiedade. Esse momento revela uma fragilidade do personagem e pode trazer reflex\u00f5es sobre sa\u00fade mental e supera\u00e7\u00e3o.<\/p>\n<p>Em paralelo, Jairinho se aproxima de Marcos, o que faz com que ele tente disfar\u00e7ar a amizade entre eles na frente de Nat\u00e1lia. Essa situa\u00e7\u00e3o cria um clima de tens\u00e3o e intriga na trama.<\/p>\n<p>Al\u00e9m disso, Lara confessa a Yeda e Cris sobre sua paix\u00e3o por M\u00e1rio, revelando um novo conflito emocional que promete movimentar a hist\u00f3ria.<\/p>\n<p>Por fim, S\u00e9rgio decide procurar Adriana, o que pode indicar uma nova reviravolta na trama e novos desdobramentos para os personagens.<br \/>\n<!--END POST--><br \/>\n<a href=\"https:\/\/www.tvnovelas.com.br\/novelas\/resumos-de-elas-por-elas\/\" target=\"_blank\" rel=\"noopener\">Confira os resumos da semana de &#8216;Elas por Elas&#8217;<\/a><br \/>\n<strong style=\"font-size: 120%;\">\u00daltimas not\u00edcias de Elas por Elas:<\/strong><br \/>\n<div class=\"pt-cv-wrapper\"><div class=\"pt-cv-view pt-cv-grid pt-cv-colsys\" id=\"pt-cv-view-23f2f2esxk\"><div data-id=\"pt-cv-page-1\" class=\"pt-cv-page\" data-cvc=\"1\"><div class=\"col-md-12 col-sm-12 col-xs-12 pt-cv-content-item pt-cv-1-col\" ><div class='pt-cv-ifield'><h4 class=\"pt-cv-title\"><a href=\"https:\/\/www.tvnovelas.com.br\/tvnews\/elas-por-elas-sergio-entrega-helena-para-salvar-isis\/\" class=\"_blank\" target=\"_blank\" >Elas por Elas: S\u00e9rgio entrega Helena para salvar Isis<\/a><\/h4><\/div><\/div>\n<div class=\"col-md-12 col-sm-12 col-xs-12 pt-cv-content-item pt-cv-1-col\" ><div class='pt-cv-ifield'><h4 class=\"pt-cv-title\"><a href=\"https:\/\/www.tvnovelas.com.br\/tvnews\/elas-por-elas-tais-sai-do-tribunal-para-a-maternidade\/\" class=\"_blank\" target=\"_blank\" >Elas por Elas:  Ta\u00eds sai do tribunal para a maternidade<\/a><\/h4><\/div><\/div>\n<div class=\"col-md-12 col-sm-12 col-xs-12 pt-cv-content-item pt-cv-1-col\" ><div class='pt-cv-ifield'><h4 class=\"pt-cv-title\"><a href=\"https:\/\/www.tvnovelas.com.br\/tvnews\/elas-por-elas-vilma-depoe-roberto-e-preso\/\" class=\"_blank\" target=\"_blank\" >Elas por Elas: Vilma dep\u00f5e;  Roberto \u00e9 preso<\/a><\/h4><\/div><\/div>\n<div class=\"col-md-12 col-sm-12 col-xs-12 pt-cv-content-item pt-cv-1-col\" ><div class='pt-cv-ifield'><h4 class=\"pt-cv-title\"><a href=\"https:\/\/www.tvnovelas.com.br\/tvnews\/elas-por-elas-vilma-depoe-e-derruba-o-alibi-de-roberto\/\" class=\"_blank\" target=\"_blank\" >Elas por Elas: Vilma dep\u00f5e e derruba o \u00e1libi de Roberto<\/a><\/h4><\/div><\/div>\n<div class=\"col-md-12 col-sm-12 col-xs-12 pt-cv-content-item pt-cv-1-col\" ><div class='pt-cv-ifield'><h4 class=\"pt-cv-title\"><a href=\"https:\/\/www.tvnovelas.com.br\/tvnews\/elas-por-elas-isis-sofre-outro-golpe-o-juiz-nega-habeas-corpus\/\" class=\"_blank\" target=\"_blank\" >Elas por Elas: \u00cdsis sofre outro golpe; o juiz nega habeas corpus<\/a><\/h4><\/div><\/div>\n<div class=\"col-md-12 col-sm-12 col-xs-12 pt-cv-content-item pt-cv-1-col\" ><div class='pt-cv-ifield'><h4 class=\"pt-cv-title\"><a href=\"https:\/\/www.tvnovelas.com.br\/tvnews\/elas-por-elas-juiz-mantem-prisao-de-isis-pelo-suposto-assassinato-de-helena\/\" class=\"_blank\" target=\"_blank\" >Elas por Elas: Juiz mant\u00e9m pris\u00e3o de \u00cdsis pelo suposto assassinato de Helena<\/a><\/h4><\/div><\/div><\/div><\/div><\/div><br \/>\n<strong style=\"font-size: 120%;\">\u00daltimas not\u00edcias deste site:<\/strong><br \/>\n<div class=\"pt-cv-wrapper\"><div class=\"pt-cv-view pt-cv-grid pt-cv-colsys\" id=\"pt-cv-view-90991035b3\"><div data-id=\"pt-cv-page-1\" class=\"pt-cv-page\" data-cvc=\"1\"><div class=\"col-md-12 col-sm-12 col-xs-12 pt-cv-content-item pt-cv-1-col\" ><div class='pt-cv-ifield'><h4 class=\"pt-cv-title\"><a href=\"https:\/\/www.tvnovelas.com.br\/tvnews\/coracao-de-mae-irmak-inicia-jogo-arriscado-contra-adnan\/\" class=\"_self\" target=\"_self\" >Cora\u00e7\u00e3o de M\u00e3e: Irmak inicia jogo arriscado contra Adnan<\/a><\/h4><\/div><\/div>\n<div class=\"col-md-12 col-sm-12 col-xs-12 pt-cv-content-item pt-cv-1-col\" ><div class='pt-cv-ifield'><h4 class=\"pt-cv-title\"><a href=\"https:\/\/www.tvnovelas.com.br\/tvnews\/guerra-das-rosas-omer-chama-gulru-vestida-de-noiva-para-fugir\/\" class=\"_self\" target=\"_self\" >Guerra das Rosas: Omer chama Gulru vestida de noiva para fugir<\/a><\/h4><\/div><\/div>\n<div class=\"col-md-12 col-sm-12 col-xs-12 pt-cv-content-item pt-cv-1-col\" ><div class='pt-cv-ifield'><h4 class=\"pt-cv-title\"><a href=\"https:\/\/www.tvnovelas.com.br\/tvnews\/coracao-de-mae-reha-sai-para-jantar-com-selvi\/\" class=\"_self\" target=\"_self\" >Cora\u00e7\u00e3o de M\u00e3e: Reha sai para jantar com Selvi<\/a><\/h4><\/div><\/div>\n<div class=\"col-md-12 col-sm-12 col-xs-12 pt-cv-content-item pt-cv-1-col\" ><div class='pt-cv-ifield'><h4 class=\"pt-cv-title\"><a href=\"https:\/\/www.tvnovelas.com.br\/tvnews\/coracao-acelerado-zila-se-preocupa-com-sua-situacao-apos-separacao\/\" class=\"_self\" target=\"_self\" >Cora\u00e7\u00e3o Acelerado: Zil\u00e1 se preocupa com sua situa\u00e7\u00e3o ap\u00f3s separa\u00e7\u00e3o<\/a><\/h4><\/div><\/div>\n<div class=\"col-md-12 col-sm-12 col-xs-12 pt-cv-content-item pt-cv-1-col\" ><div class='pt-cv-ifield'><h4 class=\"pt-cv-title\"><a href=\"https:\/\/www.tvnovelas.com.br\/tvnews\/a-nobreza-do-amor-tonho-nao-se-curva-diante-de-mirinho\/\" class=\"_self\" target=\"_self\" >A Nobreza do Amor: Tonho n\u00e3o se curva diante de Mirinho<\/a><\/h4><\/div><\/div>\n<div class=\"col-md-12 col-sm-12 col-xs-12 pt-cv-content-item pt-cv-1-col\" ><div class='pt-cv-ifield'><h4 class=\"pt-cv-title\"><a href=\"https:\/\/www.tvnovelas.com.br\/tvnews\/tres-gracas-arminda-surta-ao-confirmar-que-ferette-e-pai-de-raul\/\" class=\"_self\" target=\"_self\" >Tr\u00eas Gra\u00e7as:  Arminda surta ao confirmar que Ferette \u00e9 pai de Raul<\/a><\/h4><\/div><\/div>\n<div class=\"col-md-12 col-sm-12 col-xs-12 pt-cv-content-item pt-cv-1-col\" ><div class='pt-cv-ifield'><h4 class=\"pt-cv-title\"><a href=\"https:\/\/www.tvnovelas.com.br\/tvnews\/coracao-de-mae-atilla-confronta-hasan-e-exige-o-divorcio-de-lale\/\" class=\"_self\" target=\"_self\" >Cora\u00e7\u00e3o de M\u00e3e: Atilla confronta Hasan e exige o div\u00f3rcio de Lale<\/a><\/h4><\/div><\/div>\n<div class=\"col-md-12 col-sm-12 col-xs-12 pt-cv-content-item pt-cv-1-col\" ><div class='pt-cv-ifield'><h4 class=\"pt-cv-title\"><a href=\"https:\/\/www.tvnovelas.com.br\/tvnews\/guerra-das-rosas-gulfem-coloca-gulru-contra-a-parede\/\" class=\"_self\" target=\"_self\" >Guerra das Rosas: Gulfem coloca Gulru contra a parede<\/a><\/h4><\/div><\/div>\n<div class=\"col-md-12 col-sm-12 col-xs-12 pt-cv-content-item pt-cv-1-col\" ><div class='pt-cv-ifield'><h4 class=\"pt-cv-title\"><a href=\"https:\/\/www.tvnovelas.com.br\/tvnews\/coracao-de-mae-atilla-diz-a-lale-que-quer-o-divorcio\/\" class=\"_self\" target=\"_self\" >Cora\u00e7\u00e3o de M\u00e3e: Atilla diz a Lale que quer o div\u00f3rcio<\/a><\/h4><\/div><\/div>\n<div class=\"col-md-12 col-sm-12 col-xs-12 pt-cv-content-item pt-cv-1-col\" ><div class='pt-cv-ifield'><h4 class=\"pt-cv-title\"><a href=\"https:\/\/www.tvnovelas.com.br\/tvnews\/a-nobreza-do-amor-mirinho-garante-noivado-com-virginia-para-atrair-sogro-a-negocio\/\" class=\"_self\" target=\"_self\" >A Nobreza do Amor: Mirinho garante noivado com Virg\u00ednia para atrair sogro a neg\u00f3cio<\/a><\/h4><\/div><\/div><\/div><\/div><\/div><br \/>\n<a href=\"https:\/\/www.tvnovelas.com.br\/novelas\/\"><strong>Confira os resumos da semana de todas novelas<\/strong><\/a><\/p>\n<h3>Confira tamb\u00e9m<\/h3>\n<p><a href=\"https:\/\/www.tvnovelas.com.br\/filmes\/\" target=\"_blank\" rel=\"noopener noreferrer\"><strong>Programa\u00e7\u00e3o de filmes na TV aberta<\/strong><\/a><br \/>\n<a href=\"https:\/\/caetenews.com.br\/semana\/filmes-da-globo-na-sessao-da-tarde-desta-semana\/\" target=\"_blank\" rel=\"noopener\"><strong>Confira os filmes da semana na Sess\u00e3o da Tarde<\/strong><\/a><br \/>\n<a href=\"https:\/\/www.tvnovelas.com.br\/novelas\/\" target=\"_blank\" rel=\"noopener noreferrer\"><strong>Resumos de novelas<\/strong><\/a><\/p>\n","protected":false},"excerpt":{"rendered":"<p>No cap\u00edtulo de Elas por Elas desta quarta-feira, dia 27, Marcos \u00e9 levado ao hospital e recebe atendimento m\u00e9dico, enquanto&#8230;<\/p>\n","protected":false},"author":1,"featured_media":60775,"comment_status":"closed","ping_status":"closed","sticky":false,"template":"","format":"standard","meta":{"_uf_show_specific_survey":0,"_uf_disable_surveys":false,"_jetpack_memberships_contains_paid_content":false,"footnotes":"","_wp_rev_ctl_limit":""},"categories":[401],"tags":[527,402,5,414,64],"class_list":["post-60773","post","type-post","status-publish","format-standard","has-post-thumbnail","hentry","category-elas-por-elas","tag-drama","tag-elas-por-elas","tag-globo","tag-novela","tag-novelas","wpcat-401-id"],"aioseo_notices":[],"jetpack_featured_media_url":"https:\/\/i0.wp.com\/www.tvnovelas.com.br\/tvnews\/wp-content\/uploads\/2023\/12\/39098.jpg?fit=728%2C408&ssl=1","jetpack_shortlink":"https:\/\/wp.me\/pdP2BO-fOd","jetpack_sharing_enabled":true,"_links":{"self":[{"href":"https:\/\/www.tvnovelas.com.br\/tvnews\/wp-json\/wp\/v2\/posts\/60773","targetHints":{"allow":["GET"]}}],"collection":[{"href":"https:\/\/www.tvnovelas.com.br\/tvnews\/wp-json\/wp\/v2\/posts"}],"about":[{"href":"https:\/\/www.tvnovelas.com.br\/tvnews\/wp-json\/wp\/v2\/types\/post"}],"author":[{"embeddable":true,"href":"https:\/\/www.tvnovelas.com.br\/tvnews\/wp-json\/wp\/v2\/users\/1"}],"replies":[{"embeddable":true,"href":"https:\/\/www.tvnovelas.com.br\/tvnews\/wp-json\/wp\/v2\/comments?post=60773"}],"version-history":[{"count":2,"href":"https:\/\/www.tvnovelas.com.br\/tvnews\/wp-json\/wp\/v2\/posts\/60773\/revisions"}],"predecessor-version":[{"id":60776,"href":"https:\/\/www.tvnovelas.com.br\/tvnews\/wp-json\/wp\/v2\/posts\/60773\/revisions\/60776"}],"wp:featuredmedia":[{"embeddable":true,"href":"https:\/\/www.tvnovelas.com.br\/tvnews\/wp-json\/wp\/v2\/media\/60775"}],"wp:attachment":[{"href":"https:\/\/www.tvnovelas.com.br\/tvnews\/wp-json\/wp\/v2\/media?parent=60773"}],"wp:term":[{"taxonomy":"category","embeddable":true,"href":"https:\/\/www.tvnovelas.com.br\/tvnews\/wp-json\/wp\/v2\/categories?post=60773"},{"taxonomy":"post_tag","embeddable":true,"href":"https:\/\/www.tvnovelas.com.br\/tvnews\/wp-json\/wp\/v2\/tags?post=60773"}],"curies":[{"name":"wp","href":"https:\/\/api.w.org\/{rel}","templated":true}]}}