{"id":60921,"date":"2023-12-30T15:01:08","date_gmt":"2023-12-30T18:01:08","guid":{"rendered":"https:\/\/www.tvnovelas.com.br\/tvnews\/?p=60921"},"modified":"2023-12-30T13:52:19","modified_gmt":"2023-12-30T16:52:19","slug":"o-que-rola-em-terra-e-paixao-na-semana-1o-a-05-de-janeiro","status":"publish","type":"post","link":"https:\/\/www.tvnovelas.com.br\/tvnews\/o-que-rola-em-terra-e-paixao-na-semana-1o-a-05-de-janeiro\/","title":{"rendered":"O que rola em Terra e Paix\u00e3o na semana 1\u00ba a 05 de janeiro"},"content":{"rendered":"<p><em>Resumos de Terra e Paix\u00e3o na semana 1\u00ba a 05 de janeiro<\/em><br \/>\n<img data-recalc-dims=\"1\" decoding=\"async\" class=\"alignnone wp-image-60923 size-full\" title=\"(Foto: TV Globo\/Terra e Paix\u00e3o)\" src=\"https:\/\/i0.wp.com\/www.tvnovelas.com.br\/tvnews\/wp-content\/uploads\/2023\/12\/39133.jpg?resize=728%2C410&#038;ssl=1\" alt=\"Foto em Resumos de Terra e Paix\u00e3o na semana 1\u00ba a 05\" width=\"728\" height=\"410\" srcset=\"https:\/\/i0.wp.com\/www.tvnovelas.com.br\/tvnews\/wp-content\/uploads\/2023\/12\/39133.jpg?w=728&amp;ssl=1 728w, https:\/\/i0.wp.com\/www.tvnovelas.com.br\/tvnews\/wp-content\/uploads\/2023\/12\/39133.jpg?resize=678%2C381&amp;ssl=1 678w\" sizes=\"(max-width: 728px) 100vw, 728px\" \/><\/p>\n<blockquote><p>Ant\u00f4nio ordena os pe\u00f5es a darem &#8216;um trato&#8217; em Ramiro; A pol\u00edcia e os pe\u00f5es de Ant\u00f4nio trocam tiros; Ant\u00f4nio encomenda o assassinato de Lucinda; Gentil jura a Marino que n\u00e3o tem nada a ver com a morte de Agatha&#8230;<\/p><\/blockquote>\n<p><strong>Resumo de segunda-feira, 1\u00ba de janeiro<\/strong><br \/>\nAnt\u00f4nio pede ajuda aos pe\u00f5es de outras fazendas para interceptar Ramiro. Ramiro avisa a Kelvin que deixar\u00e1 Aline e a freira na porta da delegacia. Caio passa a virada de ano na aldeia de Jurec\u00ea. Ramiro enfrenta Ant\u00f4nio de arma em punho, mas acaba fraquejando. Ant\u00f4nio exige que os pe\u00f5es levem Aline e Teresinha de volta para o cativeiro, e os ordena a darem um trato em Ramiro. Natercinho pede Anely em casamento. Ramiro apanha dos pe\u00f5es de Ant\u00f4nio. Kelvin pede ajuda \u00e0 pol\u00edcia para encontrar Ramiro. Kelvin resgata Ramiro, e implora para que ele resista.<\/p>\n<p><strong>Resumo de ter\u00e7a-feira, 02 de janeiro<\/strong><br \/>\nRamiro \u00e9 levado para o hospital. Angelina reage \u00e0s ofensas de Irene, e \u00e9 demitida por Ant\u00f4nio. Ramiro revela a Caio o local do cativeiro de Aline. Petra fica furiosa quando H\u00e9lio lhe pergunta se foi ela quem matou Agatha. H\u00e9lio diz a Lucinda que desconfia de que Petra saiba quem matou Agatha. Irene se recorda do dia em que chegou \u00e0 casa de Ant\u00f4nio com Ramiro. Kelvin enfrenta Irene. H\u00e1 uma troca de tiros entre a pol\u00edcia e os pe\u00f5es de Ant\u00f4nio, e Caio se desespera pela seguran\u00e7a de Aline e Teresinha.<br \/>\n<img data-recalc-dims=\"1\" decoding=\"async\" class=\"alignnone wp-image-60925 size-full\" title=\"(Foto: TV Globo\/Terra e Paix\u00e3o)\" src=\"https:\/\/i0.wp.com\/www.tvnovelas.com.br\/tvnews\/wp-content\/uploads\/2023\/12\/39133a.jpg?resize=728%2C409&#038;ssl=1\" alt=\"Foto em Resumos de Terra e Paix\u00e3o na semana 1\u00ba a 05\" width=\"728\" height=\"409\" srcset=\"https:\/\/i0.wp.com\/www.tvnovelas.com.br\/tvnews\/wp-content\/uploads\/2023\/12\/39133a.jpg?w=728&amp;ssl=1 728w, https:\/\/i0.wp.com\/www.tvnovelas.com.br\/tvnews\/wp-content\/uploads\/2023\/12\/39133a.jpg?resize=678%2C381&amp;ssl=1 678w\" sizes=\"(max-width: 728px) 100vw, 728px\" \/><\/p>\n<p><strong>Resumo de quarta-feira, 03 de janeiro<\/strong><br \/>\nMarino consegue render os pe\u00f5es e resgatar Aline e Teresinha.Lucinda considera precipitado o noivado de Anely com Natercinho. Petra afirma para Luigi que n\u00e3o matou Agatha. Silv\u00e9rio avisa a Ant\u00f4nio que a situa\u00e7\u00e3o do cliente \u00e9 complicada. Marino d\u00e1 voz de pris\u00e3o a Ant\u00f4nio e faz quest\u00e3o de algemar o produtor rural. Anely diz a Luana que desconfia de que Berenice tenha contado a Ant\u00f4nio sobre o paradeiro de Aline. Enzo confessa a Berenice que perdeu o interesse por ela. Caio observa Aline dormir.<\/p>\n<p><strong>Resumo de quinta-feira, 04 de janeiro<\/strong><br \/>\nAnt\u00f4nio fica intimidado quando um dos presos o enfrenta na cela. Luana conta a Kelvin sobre a trai\u00e7\u00e3o de Berenice. Aline pede a Ramiro para denunciar todos os crimes cometidos por Ant\u00f4nio. Luigi e Petra assinam o div\u00f3rcio. Marino recebe uma liga\u00e7\u00e3o an\u00f4nima, informando que a arma que matou Agatha est\u00e1 na casa de Gentil. Kelvin demite Berenice. Caio decide, com a ajuda de Rodrigo, convocar um jornalista para fazer uma mat\u00e9ria sobre os crimes de Ant\u00f4nio. Menah e Mara ficam noivas. Marino encontra uma arma na casa de Gentil, e avisa que ter\u00e1 que levar o pai de Jonatas para a delegacia.<br \/>\n<img data-recalc-dims=\"1\" decoding=\"async\" class=\"alignnone wp-image-60924 size-full\" title=\"(Foto: TV Globo\/Terra e Paix\u00e3o)\" src=\"https:\/\/i0.wp.com\/www.tvnovelas.com.br\/tvnews\/wp-content\/uploads\/2023\/12\/39133b.jpg?resize=728%2C409&#038;ssl=1\" alt=\"Foto em Resumos de Terra e Paix\u00e3o na semana 1\u00ba a 05\" width=\"728\" height=\"409\" srcset=\"https:\/\/i0.wp.com\/www.tvnovelas.com.br\/tvnews\/wp-content\/uploads\/2023\/12\/39133b.jpg?w=728&amp;ssl=1 728w, https:\/\/i0.wp.com\/www.tvnovelas.com.br\/tvnews\/wp-content\/uploads\/2023\/12\/39133b.jpg?resize=678%2C381&amp;ssl=1 678w\" sizes=\"(max-width: 728px) 100vw, 728px\" \/><\/p>\n<p><strong>Resumo de sexta-feira, 05 de janeiro<\/strong><br \/>\nGentil jura a Marino que n\u00e3o tem nada a ver com a morte de Agatha. Nat\u00e9rcio abriga Berenice. Rodrigo apresenta o jornalista Ubaldo e o fot\u00f3grafo Leal para Caio e Aline. Vin\u00edcius diz a Ira\u00ea que deseja se casar com ela. Jurec\u00ea convida Andrade e Gladys para irem at\u00e9 a aldeia. Aline conta sua hist\u00f3ria para Ubaldo. Marino informa a Caio que recebeu uma ordem para tirar Ant\u00f4nio da cadeia. Ant\u00f4nio \u00e9 agressivo com Ubaldo ao sair da cadeia, e o jornalista aproveita para postar o v\u00eddeo na internet. Petra avisa a Ant\u00f4nio que Ubaldo est\u00e1 fazendo uma mat\u00e9ria contra o pai para ser exibida na TV. Ant\u00f4nio encomenda o assassinato de Lucinda para se vingar de Marino.<\/p>\n<p><strong>Resumo de s\u00e1bado, 06 de janeiro<\/strong><br \/>\nA mat\u00e9ria contra Ant\u00f4nio \u00e9 exibida na TV. Kelvin leva Ramiro para o Naitendei. Um grupo de apoiadores encerra a rela\u00e7\u00e3o com Ant\u00f4nio e o Grupo La Selva. Ant\u00f4nio passa mal. Caio e Aline festejam a boa repercuss\u00e3o da mat\u00e9ria. Teresinha volta para o convento. Petra aconselha Luigi a impedir o casamento de Anely. O matador contratado por Ant\u00f4nio segue o carro de Marino e Lucinda. Anely se casa com Natercinho, e Petra consola Luigi. Lucinda \u00e9 atingida pelo matador. Irene tenta convencer Ant\u00f4nio a voltar atr\u00e1s na ordem dada para matarem Lucinda. O matador avisa a Ant\u00f4nio que o servi\u00e7o foi feito.<br \/>\n<!--END POST--><br \/>\n<a href=\"https:\/\/www.tvnovelas.com.br\/novelas\/resumos-de-terra-e-paixao\/\">Confira os resumos da semana de &#8216;Terra e Paix\u00e3o&#8217;<\/a><br \/>\n<strong style=\"font-size: 120%;\">\u00daltimas not\u00edcias de Terra e Paix\u00e3o:<\/strong><br \/>\n<div class=\"pt-cv-wrapper\"><div class=\"pt-cv-view pt-cv-grid pt-cv-colsys\" id=\"pt-cv-view-9bbc6490w2\"><div data-id=\"pt-cv-page-1\" class=\"pt-cv-page\" data-cvc=\"1\"><div class=\"col-md-12 col-sm-6 col-xs-12 pt-cv-content-item pt-cv-1-col\" ><div class='pt-cv-ifield'><h4 class=\"pt-cv-title\"><a href=\"https:\/\/www.tvnovelas.com.br\/tvnews\/terra-e-paixao-vinicius-choca-aline-com-relatorio-sobre-diamantes-em-suas-terras\/\" class=\"_blank\" target=\"_blank\" >Terra e Paix\u00e3o: Vin\u00edcius choca Aline com relat\u00f3rio sobre diamantes em suas terras<\/a><\/h4><\/div><\/div>\n<div class=\"col-md-12 col-sm-6 col-xs-12 pt-cv-content-item pt-cv-1-col\" ><div class='pt-cv-ifield'><h4 class=\"pt-cv-title\"><a href=\"https:\/\/www.tvnovelas.com.br\/tvnews\/terra-e-paixao-fuga-de-antonio-tem-mortes-e-disfarce\/\" class=\"_blank\" target=\"_blank\" >Terra e Paix\u00e3o: Fuga de Ant\u00f4nio tem mortes e disfarce<\/a><\/h4><\/div><\/div>\n<div class=\"col-md-12 col-sm-6 col-xs-12 pt-cv-content-item pt-cv-1-col\" ><div class='pt-cv-ifield'><h4 class=\"pt-cv-title\"><a href=\"https:\/\/www.tvnovelas.com.br\/tvnews\/terra-e-paixao-antonio-invade-casamento-para-matar-aline-no-altar\/\" class=\"_blank\" target=\"_blank\" >Terra e Paix\u00e3o: Ant\u00f4nio invade casamento para matar Aline no altar<\/a><\/h4><\/div><\/div>\n<div class=\"col-md-12 col-sm-6 col-xs-12 pt-cv-content-item pt-cv-1-col\" ><div class='pt-cv-ifield'><h4 class=\"pt-cv-title\"><a href=\"https:\/\/www.tvnovelas.com.br\/tvnews\/terra-e-paixao-graca-se-junta-a-policia-para-salvar-danielzinho\/\" class=\"_blank\" target=\"_blank\" >Terra e Paix\u00e3o: Gra\u00e7a se junta \u00e0 Pol\u00edcia para salvar Danielzinho<\/a><\/h4><\/div><\/div>\n<div class=\"col-md-12 col-sm-6 col-xs-12 pt-cv-content-item pt-cv-1-col\" ><div class='pt-cv-ifield'><h4 class=\"pt-cv-title\"><a href=\"https:\/\/www.tvnovelas.com.br\/tvnews\/terra-e-paixao-marino-da-voz-de-prisao-a-irene\/\" class=\"_blank\" target=\"_blank\" >Terra e Paix\u00e3o: Marino d\u00e1 voz de pris\u00e3o a Irene<\/a><\/h4><\/div><\/div>\n<div class=\"col-md-12 col-sm-6 col-xs-12 pt-cv-content-item pt-cv-1-col\" ><div class='pt-cv-ifield'><h4 class=\"pt-cv-title\"><a href=\"https:\/\/www.tvnovelas.com.br\/tvnews\/terra-e-paixao-irene-sequestra-danielzinho-e-foge-com-vinicius\/\" class=\"_blank\" target=\"_blank\" >Terra e Paix\u00e3o: Irene sequestra Danielzinho e foge com Vin\u00edcius<\/a><\/h4><\/div><\/div><\/div><\/div><\/div><br \/>\n<strong style=\"font-size: 120%;\">\u00daltimas not\u00edcias deste canal:<\/strong><br \/>\n<div class=\"pt-cv-wrapper\"><div class=\"pt-cv-view pt-cv-grid pt-cv-colsys\" id=\"pt-cv-view-90991035b3\"><div data-id=\"pt-cv-page-1\" class=\"pt-cv-page\" data-cvc=\"1\"><div class=\"col-md-12 col-sm-12 col-xs-12 pt-cv-content-item pt-cv-1-col\" ><div class='pt-cv-ifield'><h4 class=\"pt-cv-title\"><a href=\"https:\/\/www.tvnovelas.com.br\/tvnews\/coracao-de-mae-atilla-confronta-hasan-e-exige-o-divorcio-de-lale\/\" class=\"_self\" target=\"_self\" >Cora\u00e7\u00e3o de M\u00e3e: Atilla confronta Hasan e exige o div\u00f3rcio de Lale<\/a><\/h4><\/div><\/div>\n<div class=\"col-md-12 col-sm-12 col-xs-12 pt-cv-content-item pt-cv-1-col\" ><div class='pt-cv-ifield'><h4 class=\"pt-cv-title\"><a href=\"https:\/\/www.tvnovelas.com.br\/tvnews\/guerra-das-rosas-gulfem-coloca-gulru-contra-a-parede\/\" class=\"_self\" target=\"_self\" >Guerra das Rosas: Gulfem coloca Gulru contra a parede<\/a><\/h4><\/div><\/div>\n<div class=\"col-md-12 col-sm-12 col-xs-12 pt-cv-content-item pt-cv-1-col\" ><div class='pt-cv-ifield'><h4 class=\"pt-cv-title\"><a href=\"https:\/\/www.tvnovelas.com.br\/tvnews\/coracao-de-mae-atilla-diz-a-lale-que-quer-o-divorcio\/\" class=\"_self\" target=\"_self\" >Cora\u00e7\u00e3o de M\u00e3e: Atilla diz a Lale que quer o div\u00f3rcio<\/a><\/h4><\/div><\/div>\n<div class=\"col-md-12 col-sm-12 col-xs-12 pt-cv-content-item pt-cv-1-col\" ><div class='pt-cv-ifield'><h4 class=\"pt-cv-title\"><a href=\"https:\/\/www.tvnovelas.com.br\/tvnews\/a-nobreza-do-amor-mirinho-garante-noivado-com-virginia-para-atrair-sogro-a-negocio\/\" class=\"_self\" target=\"_self\" >A Nobreza do Amor: Mirinho garante noivado com Virg\u00ednia para atrair sogro a neg\u00f3cio<\/a><\/h4><\/div><\/div>\n<div class=\"col-md-12 col-sm-12 col-xs-12 pt-cv-content-item pt-cv-1-col\" ><div class='pt-cv-ifield'><h4 class=\"pt-cv-title\"><a href=\"https:\/\/www.tvnovelas.com.br\/tvnews\/tres-gracas-joaquim-propoe-fuga-a-arminda-com-o-dinheiro-das-tres-gracas\/\" class=\"_self\" target=\"_self\" >Tr\u00eas Gra\u00e7as:  Joaquim prop\u00f5e fuga a Arminda com o dinheiro das Tr\u00eas Gra\u00e7as<\/a><\/h4><\/div><\/div>\n<div class=\"col-md-12 col-sm-12 col-xs-12 pt-cv-content-item pt-cv-1-col\" ><div class='pt-cv-ifield'><h4 class=\"pt-cv-title\"><a href=\"https:\/\/www.tvnovelas.com.br\/tvnews\/coracao-de-mae-atilla-decide-abrir-o-jogo-com-karsu\/\" class=\"_self\" target=\"_self\" >Cora\u00e7\u00e3o de M\u00e3e: Atilla decide abrir o jogo com Karsu<\/a><\/h4><\/div><\/div>\n<div class=\"col-md-12 col-sm-12 col-xs-12 pt-cv-content-item pt-cv-1-col\" ><div class='pt-cv-ifield'><h4 class=\"pt-cv-title\"><a href=\"https:\/\/www.tvnovelas.com.br\/tvnews\/coracao-de-mae-adnan-e-preso-apos-denuncia-de-irmak\/\" class=\"_self\" target=\"_self\" >Em Cora\u00e7\u00e3o de M\u00e3e: Adnan \u00e9 preso ap\u00f3s denuncia de Irmak<\/a><\/h4><\/div><\/div>\n<div class=\"col-md-12 col-sm-12 col-xs-12 pt-cv-content-item pt-cv-1-col\" ><div class='pt-cv-ifield'><h4 class=\"pt-cv-title\"><a href=\"https:\/\/www.tvnovelas.com.br\/tvnews\/coracao-de-mae-atilla-forca-karsu-a-ouvir-suas-explicacoes\/\" class=\"_self\" target=\"_self\" >Cora\u00e7\u00e3o de M\u00e3e: Atilla for\u00e7a Karsu a ouvir suas explica\u00e7\u00f5es<\/a><\/h4><\/div><\/div>\n<div class=\"col-md-12 col-sm-12 col-xs-12 pt-cv-content-item pt-cv-1-col\" ><div class='pt-cv-ifield'><h4 class=\"pt-cv-title\"><a href=\"https:\/\/www.tvnovelas.com.br\/tvnews\/coracao-acelerado-mulher-choca-janete-ao-se-apresentar-como-amante-do-palhares\/\" class=\"_self\" target=\"_self\" >Cora\u00e7\u00e3o Acelerado: Mulher choca Janete ao se apresentar como amante do Palhares<\/a><\/h4><\/div><\/div>\n<div class=\"col-md-12 col-sm-12 col-xs-12 pt-cv-content-item pt-cv-1-col\" ><div class='pt-cv-ifield'><h4 class=\"pt-cv-title\"><a href=\"https:\/\/www.tvnovelas.com.br\/tvnews\/a-nobreza-do-amor-jendal-dobra-a-recompensa-por-alika\/\" class=\"_self\" target=\"_self\" >A Nobreza do Amor: Jendal dobra a recompensa por Alika<\/a><\/h4><\/div><\/div><\/div><\/div><\/div><br \/>\n<a href=\"https:\/\/www.tvnovelas.com.br\/novelas\/\"><strong>Confira os resumos da semana de todas novelas<\/strong><\/a><\/p>\n<h3>Confira tamb\u00e9m<\/h3>\n<p><a href=\"https:\/\/www.tvnovelas.com.br\/filmes\/\" target=\"_blank\" rel=\"noopener noreferrer\"><strong>Programa\u00e7\u00e3o de filmes na TV aberta<\/strong><\/a><br \/>\n<a href=\"https:\/\/caetenews.com.br\/semana\/filmes-da-globo-na-sessao-da-tarde-desta-semana\/\" target=\"_blank\" rel=\"noopener\"><strong>Confira os filmes da semana na Sess\u00e3o da Tarde<\/strong><\/a><br \/>\n<a href=\"https:\/\/www.tvnovelas.com.br\/novelas\/\" target=\"_blank\" rel=\"noopener noreferrer\"><strong>Resumos de novelas<\/strong><\/a><\/p>\n","protected":false},"excerpt":{"rendered":"<p>Em Terra e Paix\u00e3o na semana 1\u00ba a 05 de janeiro, Ant\u00f4nio ordena os pe\u00f5es a darem &#8216;um trato&#8217; em Ramiro; A pol\u00edcia e os pe\u00f5es de Ant\u00f4nio trocam tiros; Ant\u00f4nio encomenda o assassinato de Lucinda; Gentil jura a Marino que n\u00e3o tem nada a ver com a morte de Agatha&#8230;<\/p>\n","protected":false},"author":1,"featured_media":60923,"comment_status":"closed","ping_status":"closed","sticky":false,"template":"","format":"standard","meta":{"_uf_show_specific_survey":0,"_uf_disable_surveys":false,"_jetpack_memberships_contains_paid_content":false,"footnotes":"","_wp_rev_ctl_limit":""},"categories":[353,382],"tags":[5,64,383],"class_list":["post-60921","post","type-post","status-publish","format-standard","has-post-thumbnail","hentry","category-resumos-de-novelas","category-terra-e-paixao","tag-globo","tag-novelas","tag-terra-e-paixao","wpcat-353-id","wpcat-382-id"],"aioseo_notices":[],"jetpack_featured_media_url":"https:\/\/i0.wp.com\/www.tvnovelas.com.br\/tvnews\/wp-content\/uploads\/2023\/12\/39133.jpg?fit=728%2C410&ssl=1","jetpack_shortlink":"https:\/\/wp.me\/pdP2BO-fQB","jetpack_sharing_enabled":true,"_links":{"self":[{"href":"https:\/\/www.tvnovelas.com.br\/tvnews\/wp-json\/wp\/v2\/posts\/60921","targetHints":{"allow":["GET"]}}],"collection":[{"href":"https:\/\/www.tvnovelas.com.br\/tvnews\/wp-json\/wp\/v2\/posts"}],"about":[{"href":"https:\/\/www.tvnovelas.com.br\/tvnews\/wp-json\/wp\/v2\/types\/post"}],"author":[{"embeddable":true,"href":"https:\/\/www.tvnovelas.com.br\/tvnews\/wp-json\/wp\/v2\/users\/1"}],"replies":[{"embeddable":true,"href":"https:\/\/www.tvnovelas.com.br\/tvnews\/wp-json\/wp\/v2\/comments?post=60921"}],"version-history":[{"count":2,"href":"https:\/\/www.tvnovelas.com.br\/tvnews\/wp-json\/wp\/v2\/posts\/60921\/revisions"}],"predecessor-version":[{"id":60926,"href":"https:\/\/www.tvnovelas.com.br\/tvnews\/wp-json\/wp\/v2\/posts\/60921\/revisions\/60926"}],"wp:featuredmedia":[{"embeddable":true,"href":"https:\/\/www.tvnovelas.com.br\/tvnews\/wp-json\/wp\/v2\/media\/60923"}],"wp:attachment":[{"href":"https:\/\/www.tvnovelas.com.br\/tvnews\/wp-json\/wp\/v2\/media?parent=60921"}],"wp:term":[{"taxonomy":"category","embeddable":true,"href":"https:\/\/www.tvnovelas.com.br\/tvnews\/wp-json\/wp\/v2\/categories?post=60921"},{"taxonomy":"post_tag","embeddable":true,"href":"https:\/\/www.tvnovelas.com.br\/tvnews\/wp-json\/wp\/v2\/tags?post=60921"}],"curies":[{"name":"wp","href":"https:\/\/api.w.org\/{rel}","templated":true}]}}