{"id":60991,"date":"2024-01-02T09:43:27","date_gmt":"2024-01-02T12:43:27","guid":{"rendered":"https:\/\/www.tvnovelas.com.br\/tvnews\/?p=60991"},"modified":"2024-01-02T09:43:27","modified_gmt":"2024-01-02T12:43:27","slug":"fuzue-sabotagem-de-preciosa-detona-evento-comercial-de-luna","status":"publish","type":"post","link":"https:\/\/www.tvnovelas.com.br\/tvnews\/fuzue-sabotagem-de-preciosa-detona-evento-comercial-de-luna\/","title":{"rendered":"Fuzu\u00ea: sabotagem de Preciosa detona evento comercial de Luna"},"content":{"rendered":"<p><em>Em Fuzu\u00ea: sabotagem de Preciosa<\/em><br \/>\n<img data-recalc-dims=\"1\" decoding=\"async\" class=\"alignnone wp-image-60992 size-full\" title=\"(Foto: TV Globo\/Fuzu\u00ea)\" src=\"https:\/\/i0.wp.com\/www.tvnovelas.com.br\/tvnews\/wp-content\/uploads\/2024\/01\/39151.jpg?resize=728%2C410&#038;ssl=1\" alt=\"Foto em Fuzu\u00ea: sabotagem de Preciosa\" width=\"728\" height=\"410\" srcset=\"https:\/\/i0.wp.com\/www.tvnovelas.com.br\/tvnews\/wp-content\/uploads\/2024\/01\/39151.jpg?w=728&amp;ssl=1 728w, https:\/\/i0.wp.com\/www.tvnovelas.com.br\/tvnews\/wp-content\/uploads\/2024\/01\/39151.jpg?resize=678%2C381&amp;ssl=1 678w\" sizes=\"(max-width: 728px) 100vw, 728px\" \/><br \/>\nEm Fuzu\u00ea, a empolga\u00e7\u00e3o em torno do lan\u00e7amento da cole\u00e7\u00e3o de biojoias ir\u00e1 por \u00e1gua abaixo em Fuzu\u00ea. Nos pr\u00f3ximos cap\u00edtulos, Luna (Giovana Cordeiro) viver\u00e1 um pesadelo ap\u00f3s Preciosa (Marina Ruy Barbosa) detonar o evento da meia-irm\u00e3.<\/p>\n<p>Durante o lan\u00e7amento da cole\u00e7\u00e3o de biojoias, Luna ser\u00e1 surpreendida com a chegada de funcion\u00e1rios da fiscaliza\u00e7\u00e3o. Um deles avisar\u00e1 que o evento est\u00e1 cancelado. \u00c9 claro que todos ficar\u00e3o em choque e um burburinho come\u00e7ar\u00e1 entre os presentes no local.<\/p>\n<p>&#8220;Como assim? Quem s\u00e3o voc\u00eas?&#8221;, questionar\u00e1 a designer de biojoias.<\/p>\n<p>&#8220;Fiscaliza\u00e7\u00e3o! Temos uma den\u00fancia que aponta irregularidades na confec\u00e7\u00e3o dessas pe\u00e7as&#8221;, dir\u00e1 ele.<br \/>\nSurpresa, Luna questionar\u00e1 sobre essas tais irregularidades.<\/p>\n<p>&#8220;Voc\u00eas contrataram uma cooperativa investigada por muitas irregularidades, incluindo a explora\u00e7\u00e3o de trabalho infantil&#8221;, responder\u00e1 ele.<\/p>\n<p>Com a informa\u00e7\u00e3o, todos os convidados ficar\u00e3o espantados, mas em um cantinho Preciosa, discretamente, n\u00e3o esconder\u00e1 a satisfa\u00e7\u00e3o em ver que seu plano com Pascoal (Juliano Cazarr\u00e9) deu certo.<\/p>\n<p>Ap\u00f3s fazer o an\u00fancio das irregularidades, os fiscais come\u00e7ar\u00e3o a recolher alguns itens da cole\u00e7\u00e3o. Perplexa, Luna se colocar\u00e1 na frente deles. &#8220;Trabalho infantil? Que absurdo \u00e9 esse? Eu jamais me associaria com algu\u00e9m que use m\u00e3o de obra de crian\u00e7as!&#8221;, declarar\u00e1 ela. Ao lado da filha, C\u00e9sar (Leopoldo Pacheco) dir\u00e1 que eles n\u00e3o podem chegar desse jeito. Quem tamb\u00e9m se manifestar\u00e1 ser\u00e1 Miguel (Nicolas Prattes). &#8220;Isso \u00e9 uma arbitrariedade! Eu sou advogado dela! Qual \u00e9 a base dessa den\u00fancia?&#8221;, questionar\u00e1.<\/p>\n<p>&#8220;Cooperativa das Ac\u00e1cias, envolvida em v\u00e1rias quest\u00f5es comprometedoras, como a explora\u00e7\u00e3o de trabalho infantil. A c\u00f3pia do contrato que a joalheria firmou com eles&#8221;, responder\u00e1 o fiscal.<\/p>\n<p>Miguel pegar\u00e1 os pap\u00e9is e checar\u00e1 que a den\u00fancia tem fundamento, indicando que h\u00e1 um contrato com uma cooperativa irregular. &#8220;Eu jamais contrataria um parceiro desses, Miguel! Verifiquei pessoalmente todas as cooperativas que me fornecem material. E eram todas limpas, respons\u00e1veis e certificadas&#8221;, garantir\u00e1 Luna.<\/p>\n<p>Preciosa fingir\u00e1 surpresa e choque para tentar consolar a irm\u00e3 e sair em sua defesa. &#8220;Eu mesma vi o esfor\u00e7o de busca da Luna por essas cooperativas. Ela n\u00e3o deixou que ningu\u00e9m sequer ajudasse!&#8221;, afirmar\u00e1.<\/p>\n<p>&#8220;Eu boto a minha m\u00e3o no fogo pela Luna! Eu vou com os senhores, respondo por ela!&#8221;, dir\u00e1 Nero (Edson Celulari).<\/p>\n<p>No mesmo instante, C\u00e9sar rebater\u00e1 o dono da Fuzu\u00ea. &#8220;A Luna tem pai, Nero, eu resolvo o problema&#8221;, dir\u00e1 o explorador.<\/p>\n<p>&#8220;N\u00e3o h\u00e1 nada a ser feito. O nosso trabalho \u00e9 cancelar o evento, recolher as pe\u00e7as e multar a empresa&#8221;, explicar\u00e1 o fiscal.<\/p>\n<p>Mas o desastre do evento e as irregularidades apontadas pelos fiscais n\u00e3o ser\u00e3o surpresas para Bebel (Lilia Cabral). Ela chamar\u00e1 Preciosa para conversar e questionar\u00e1 se foi a filha a culpada por tudo aquilo com a meia-irm\u00e3. &#8220;Foi voc\u00ea que fez isso para a Luna, n\u00e3o foi?&#8221;, questionar\u00e1. E agora?<br \/>\n<!--THE END--><br \/>\n<a href=\"https:\/\/www.tvnovelas.com.br\/novelas\/resumos-de-fuzue\/\" target=\"_blank\" rel=\"noopener\">Confira os resumos da semana de &#8216;Fuzu\u00ea&#8217;<\/a><br \/>\n<strong style=\"font-size: 120%;\">\u00daltimas not\u00edcias de Fuzu\u00ea:<\/strong><br \/>\n<div class=\"pt-cv-wrapper\"><div class=\"pt-cv-view pt-cv-grid pt-cv-colsys\" id=\"pt-cv-view-f2001fcqsk\"><div data-id=\"pt-cv-page-1\" class=\"pt-cv-page\" data-cvc=\"1\"><div class=\"col-md-12 col-sm-12 col-xs-12 pt-cv-content-item pt-cv-1-col\" ><div class='pt-cv-ifield'><h4 class=\"pt-cv-title\"><a href=\"https:\/\/www.tvnovelas.com.br\/tvnews\/fuzue-cesar-e-preciosa-planejam-novo-roubo-do-tesouro-da-dama-de-ouro\/\" class=\"_blank\" target=\"_blank\" >Fuzu\u00ea: C\u00e9sar e Preciosa planejam novo roubo do tesouro da Dama de Ouro<\/a><\/h4><\/div><\/div>\n<div class=\"col-md-12 col-sm-12 col-xs-12 pt-cv-content-item pt-cv-1-col\" ><div class='pt-cv-ifield'><h4 class=\"pt-cv-title\"><a href=\"https:\/\/www.tvnovelas.com.br\/tvnews\/fuzue-julgado-merreca-pega-6-anos-no-art-121\/\" class=\"_blank\" target=\"_blank\" >Fuzu\u00ea: julgado, Merreca pega 6 anos no art. 121<\/a><\/h4><\/div><\/div>\n<div class=\"col-md-12 col-sm-12 col-xs-12 pt-cv-content-item pt-cv-1-col\" ><div class='pt-cv-ifield'><h4 class=\"pt-cv-title\"><a href=\"https:\/\/www.tvnovelas.com.br\/tvnews\/fuzue-luna-compra-a-conde-de-montebello-e-planeja-torna-la-filial-da-fuzue\/\" class=\"_blank\" target=\"_blank\" >Fuzu\u00ea: Luna compra a Conde de Montebello e planeja torn\u00e1-la filial da Fuzu\u00ea<\/a><\/h4><\/div><\/div>\n<div class=\"col-md-12 col-sm-12 col-xs-12 pt-cv-content-item pt-cv-1-col\" ><div class='pt-cv-ifield'><h4 class=\"pt-cv-title\"><a href=\"https:\/\/www.tvnovelas.com.br\/tvnews\/fuzue-heitor-manda-preciosa-escolher-entre-ele-e-cesar-montebello\/\" class=\"_blank\" target=\"_blank\" >Fuzu\u00ea: Heitor manda Preciosa escolher entre ele e C\u00e9sar Montebello<\/a><\/h4><\/div><\/div>\n<div class=\"col-md-12 col-sm-12 col-xs-12 pt-cv-content-item pt-cv-1-col\" ><div class='pt-cv-ifield'><h4 class=\"pt-cv-title\"><a href=\"https:\/\/www.tvnovelas.com.br\/tvnews\/fuzue-luna-compra-o-apartamento-de-bebel\/\" class=\"_blank\" target=\"_blank\" >Fuzu\u00ea: Luna compra o apartamento de Bebel<\/a><\/h4><\/div><\/div>\n<div class=\"col-md-12 col-sm-12 col-xs-12 pt-cv-content-item pt-cv-1-col\" ><div class='pt-cv-ifield'><h4 class=\"pt-cv-title\"><a href=\"https:\/\/www.tvnovelas.com.br\/tvnews\/fuzue-cesar-arma-e-nero-e-acusado-de-sonegar-impostos\/\" class=\"_blank\" target=\"_blank\" >Fuzu\u00ea: C\u00e9sar arma, e Nero \u00e9 acusado de sonegar impostos<\/a><\/h4><\/div><\/div><\/div><\/div><\/div><br \/>\n<strong style=\"font-size: 120%;\">\u00daltimas not\u00edcias deste site:<\/strong><br \/>\n<div class=\"pt-cv-wrapper\"><div class=\"pt-cv-view pt-cv-grid pt-cv-colsys\" id=\"pt-cv-view-90991035b3\"><div data-id=\"pt-cv-page-1\" class=\"pt-cv-page\" data-cvc=\"1\"><div class=\"col-md-12 col-sm-12 col-xs-12 pt-cv-content-item pt-cv-1-col\" ><div class='pt-cv-ifield'><h4 class=\"pt-cv-title\"><a href=\"https:\/\/www.tvnovelas.com.br\/tvnews\/coracao-de-mae-atilla-confronta-hasan-e-exige-o-divorcio-de-lale\/\" class=\"_self\" target=\"_self\" >Cora\u00e7\u00e3o de M\u00e3e: Atilla confronta Hasan e exige o div\u00f3rcio de Lale<\/a><\/h4><\/div><\/div>\n<div class=\"col-md-12 col-sm-12 col-xs-12 pt-cv-content-item pt-cv-1-col\" ><div class='pt-cv-ifield'><h4 class=\"pt-cv-title\"><a href=\"https:\/\/www.tvnovelas.com.br\/tvnews\/guerra-das-rosas-gulfem-coloca-gulru-contra-a-parede\/\" class=\"_self\" target=\"_self\" >Guerra das Rosas: Gulfem coloca Gulru contra a parede<\/a><\/h4><\/div><\/div>\n<div class=\"col-md-12 col-sm-12 col-xs-12 pt-cv-content-item pt-cv-1-col\" ><div class='pt-cv-ifield'><h4 class=\"pt-cv-title\"><a href=\"https:\/\/www.tvnovelas.com.br\/tvnews\/coracao-de-mae-atilla-diz-a-lale-que-quer-o-divorcio\/\" class=\"_self\" target=\"_self\" >Cora\u00e7\u00e3o de M\u00e3e: Atilla diz a Lale que quer o div\u00f3rcio<\/a><\/h4><\/div><\/div>\n<div class=\"col-md-12 col-sm-12 col-xs-12 pt-cv-content-item pt-cv-1-col\" ><div class='pt-cv-ifield'><h4 class=\"pt-cv-title\"><a href=\"https:\/\/www.tvnovelas.com.br\/tvnews\/a-nobreza-do-amor-mirinho-garante-noivado-com-virginia-para-atrair-sogro-a-negocio\/\" class=\"_self\" target=\"_self\" >A Nobreza do Amor: Mirinho garante noivado com Virg\u00ednia para atrair sogro a neg\u00f3cio<\/a><\/h4><\/div><\/div>\n<div class=\"col-md-12 col-sm-12 col-xs-12 pt-cv-content-item pt-cv-1-col\" ><div class='pt-cv-ifield'><h4 class=\"pt-cv-title\"><a href=\"https:\/\/www.tvnovelas.com.br\/tvnews\/tres-gracas-joaquim-propoe-fuga-a-arminda-com-o-dinheiro-das-tres-gracas\/\" class=\"_self\" target=\"_self\" >Tr\u00eas Gra\u00e7as:  Joaquim prop\u00f5e fuga a Arminda com o dinheiro das Tr\u00eas Gra\u00e7as<\/a><\/h4><\/div><\/div>\n<div class=\"col-md-12 col-sm-12 col-xs-12 pt-cv-content-item pt-cv-1-col\" ><div class='pt-cv-ifield'><h4 class=\"pt-cv-title\"><a href=\"https:\/\/www.tvnovelas.com.br\/tvnews\/coracao-de-mae-atilla-decide-abrir-o-jogo-com-karsu\/\" class=\"_self\" target=\"_self\" >Cora\u00e7\u00e3o de M\u00e3e: Atilla decide abrir o jogo com Karsu<\/a><\/h4><\/div><\/div>\n<div class=\"col-md-12 col-sm-12 col-xs-12 pt-cv-content-item pt-cv-1-col\" ><div class='pt-cv-ifield'><h4 class=\"pt-cv-title\"><a href=\"https:\/\/www.tvnovelas.com.br\/tvnews\/coracao-de-mae-adnan-e-preso-apos-denuncia-de-irmak\/\" class=\"_self\" target=\"_self\" >Em Cora\u00e7\u00e3o de M\u00e3e: Adnan \u00e9 preso ap\u00f3s denuncia de Irmak<\/a><\/h4><\/div><\/div>\n<div class=\"col-md-12 col-sm-12 col-xs-12 pt-cv-content-item pt-cv-1-col\" ><div class='pt-cv-ifield'><h4 class=\"pt-cv-title\"><a href=\"https:\/\/www.tvnovelas.com.br\/tvnews\/coracao-de-mae-atilla-forca-karsu-a-ouvir-suas-explicacoes\/\" class=\"_self\" target=\"_self\" >Cora\u00e7\u00e3o de M\u00e3e: Atilla for\u00e7a Karsu a ouvir suas explica\u00e7\u00f5es<\/a><\/h4><\/div><\/div>\n<div class=\"col-md-12 col-sm-12 col-xs-12 pt-cv-content-item pt-cv-1-col\" ><div class='pt-cv-ifield'><h4 class=\"pt-cv-title\"><a href=\"https:\/\/www.tvnovelas.com.br\/tvnews\/coracao-acelerado-mulher-choca-janete-ao-se-apresentar-como-amante-do-palhares\/\" class=\"_self\" target=\"_self\" >Cora\u00e7\u00e3o Acelerado: Mulher choca Janete ao se apresentar como amante do Palhares<\/a><\/h4><\/div><\/div>\n<div class=\"col-md-12 col-sm-12 col-xs-12 pt-cv-content-item pt-cv-1-col\" ><div class='pt-cv-ifield'><h4 class=\"pt-cv-title\"><a href=\"https:\/\/www.tvnovelas.com.br\/tvnews\/a-nobreza-do-amor-jendal-dobra-a-recompensa-por-alika\/\" class=\"_self\" target=\"_self\" >A Nobreza do Amor: Jendal dobra a recompensa por Alika<\/a><\/h4><\/div><\/div><\/div><\/div><\/div><br \/>\n<a href=\"https:\/\/www.tvnovelas.com.br\/novelas\/\"><strong>Confira os resumos da semana de todas novelas<\/strong><\/a><\/p>\n<h3>Confira tamb\u00e9m<\/h3>\n<p><a href=\"https:\/\/www.tvnovelas.com.br\/filmes\/\" target=\"_blank\" rel=\"noopener noreferrer\"><strong>Programa\u00e7\u00e3o de filmes na TV aberta<\/strong><\/a><br \/>\n<a href=\"https:\/\/caetenews.com.br\/semana\/filmes-da-globo-na-sessao-da-tarde-desta-semana\/\" target=\"_blank\" rel=\"noopener\"><strong>Confira os filmes da semana na Sess\u00e3o da Tarde<\/strong><\/a><br \/>\n<a href=\"https:\/\/www.tvnovelas.com.br\/novelas\/\" target=\"_blank\" rel=\"noopener noreferrer\"><strong>Resumos de novelas<\/strong><\/a><\/p>\n","protected":false},"excerpt":{"rendered":"<p>Em Fuzu\u00ea, a empolga\u00e7\u00e3o em torno do lan\u00e7amento da cole\u00e7\u00e3o de biojoias ir\u00e1 por \u00e1gua abaixo em Fuzu\u00ea. Nos pr\u00f3ximos cap\u00edtulos, Luna&#8230;<\/p>\n","protected":false},"author":1,"featured_media":60992,"comment_status":"closed","ping_status":"closed","sticky":false,"template":"","format":"standard","meta":{"_uf_show_specific_survey":0,"_uf_disable_surveys":false,"_jetpack_memberships_contains_paid_content":false,"footnotes":"","_wp_rev_ctl_limit":""},"categories":[396],"tags":[399,5,64],"class_list":["post-60991","post","type-post","status-publish","format-standard","has-post-thumbnail","hentry","category-fuzue","tag-fuzue","tag-globo","tag-novelas","wpcat-396-id"],"aioseo_notices":[],"jetpack_featured_media_url":"https:\/\/i0.wp.com\/www.tvnovelas.com.br\/tvnews\/wp-content\/uploads\/2024\/01\/39151.jpg?fit=728%2C410&ssl=1","jetpack_shortlink":"https:\/\/wp.me\/pdP2BO-fRJ","jetpack_sharing_enabled":true,"_links":{"self":[{"href":"https:\/\/www.tvnovelas.com.br\/tvnews\/wp-json\/wp\/v2\/posts\/60991","targetHints":{"allow":["GET"]}}],"collection":[{"href":"https:\/\/www.tvnovelas.com.br\/tvnews\/wp-json\/wp\/v2\/posts"}],"about":[{"href":"https:\/\/www.tvnovelas.com.br\/tvnews\/wp-json\/wp\/v2\/types\/post"}],"author":[{"embeddable":true,"href":"https:\/\/www.tvnovelas.com.br\/tvnews\/wp-json\/wp\/v2\/users\/1"}],"replies":[{"embeddable":true,"href":"https:\/\/www.tvnovelas.com.br\/tvnews\/wp-json\/wp\/v2\/comments?post=60991"}],"version-history":[{"count":1,"href":"https:\/\/www.tvnovelas.com.br\/tvnews\/wp-json\/wp\/v2\/posts\/60991\/revisions"}],"predecessor-version":[{"id":60993,"href":"https:\/\/www.tvnovelas.com.br\/tvnews\/wp-json\/wp\/v2\/posts\/60991\/revisions\/60993"}],"wp:featuredmedia":[{"embeddable":true,"href":"https:\/\/www.tvnovelas.com.br\/tvnews\/wp-json\/wp\/v2\/media\/60992"}],"wp:attachment":[{"href":"https:\/\/www.tvnovelas.com.br\/tvnews\/wp-json\/wp\/v2\/media?parent=60991"}],"wp:term":[{"taxonomy":"category","embeddable":true,"href":"https:\/\/www.tvnovelas.com.br\/tvnews\/wp-json\/wp\/v2\/categories?post=60991"},{"taxonomy":"post_tag","embeddable":true,"href":"https:\/\/www.tvnovelas.com.br\/tvnews\/wp-json\/wp\/v2\/tags?post=60991"}],"curies":[{"name":"wp","href":"https:\/\/api.w.org\/{rel}","templated":true}]}}