{"id":61154,"date":"2024-01-06T13:02:34","date_gmt":"2024-01-06T16:02:34","guid":{"rendered":"https:\/\/www.tvnovelas.com.br\/tvnews\/?p=61154"},"modified":"2024-01-05T16:54:48","modified_gmt":"2024-01-05T19:54:48","slug":"em-terra-e-paixao-na-semana-08-a-13-de-janeiro","status":"publish","type":"post","link":"https:\/\/www.tvnovelas.com.br\/tvnews\/em-terra-e-paixao-na-semana-08-a-13-de-janeiro\/","title":{"rendered":"Em Terra e Paix\u00e3o na semana 08 a 13 de janeiro"},"content":{"rendered":"<p><em>Resumos de Terra e Paix\u00e3o na semana 08 a 13 de janeiro<\/em><br \/>\n<img data-recalc-dims=\"1\" decoding=\"async\" src=\"https:\/\/i0.wp.com\/www.tvnovelas.com.br\/tvnews\/wp-content\/uploads\/2024\/01\/39190b.jpg?resize=728%2C405&#038;ssl=1\" alt=\"Foto em Resumos de Terra e Paix\u00e3o na semana 08 a 13\" width=\"728\" height=\"405\" class=\"alignnone size-full wp-image-61155\" \/><\/p>\n<blockquote><p>Ramiro fecha acordo com Marino; Vin\u00edcius surge na audi\u00eancia sobre as terras de Aline; Kelvin conta a Petra que Irene provocou a morte de Daniel; Caio e Petra denunciam os crimes cometidos por Irene para a pol\u00edcia&#8230;.<\/p><\/blockquote>\n<p><em>Em Terra e Paix\u00e3o<\/em><br \/>\n(Foto: TV Globo\/Terra e Paix\u00e3o)<br \/>\nV<strong>Resumo de segunda-feira, 08 de janeiro<\/strong><br \/>\nAnt\u00f4nio diz a Irene que n\u00e3o conseguiu cancelar o servi\u00e7o com o matador. Anely pressente algo ruim. Marino sofre ao saber que Lucinda levou um tiro. Petra deduz que foi Ant\u00f4nio quem mandou atirar em Lucinda, e decide depor contra o pai. Angelina conta a Cristian que Lucinda est\u00e1 hospitalizada. Marino amea\u00e7a Ant\u00f4nio, mas Silva e Magalh\u00e3es o desarmam. Uma m\u00e9dica comunica a Anely que o caso de Lucinda \u00e9 grave. Caio convida Petra para ficar em sua casa. Luigi decide ficar com Irene e Ant\u00f4nio. Marino oferece um acordo a Ramiro, caso o capataz revele todos os crimes cometidos por Ant\u00f4nio.<\/p>\n<p><strong>Resumo de ter\u00e7a-feira, 09 de janeiro<\/strong><br \/>\nMarino d\u00e1 um tempo para Ramiro pensar se aceita o acordo. Anely pede ajuda a Luigi. Silva confirma que a arma que estava com Gentil \u00e9 a mesma usada contra Agatha. Silva avisa a Marino que eles ter\u00e3o que prender Gentil. Silva d\u00e1 voz de pris\u00e3o a Gentil. Jonatas confessa a Gra\u00e7a que acha que Gentil pode ter matado Agatha. Caio estranha a rea\u00e7\u00e3o de Petra ao contar \u00e0 irm\u00e3 que Gentil foi preso. Marino manda Silva investigar o ve\u00edculo do matador. Ramiro aceita o acordo ofertado por Marino. Petra declara a Irene que viu a m\u00e3e matar Agatha.<br \/>\n<img data-recalc-dims=\"1\" decoding=\"async\" src=\"https:\/\/i0.wp.com\/www.tvnovelas.com.br\/tvnews\/wp-content\/uploads\/2024\/01\/39190.jpg?resize=728%2C410&#038;ssl=1\" alt=\"Foto em Resumos de Terra e Paix\u00e3o na semana 08 a 13\" width=\"728\" height=\"410\" class=\"alignnone size-full wp-image-61157\" srcset=\"https:\/\/i0.wp.com\/www.tvnovelas.com.br\/tvnews\/wp-content\/uploads\/2024\/01\/39190.jpg?w=728&amp;ssl=1 728w, https:\/\/i0.wp.com\/www.tvnovelas.com.br\/tvnews\/wp-content\/uploads\/2024\/01\/39190.jpg?resize=678%2C381&amp;ssl=1 678w\" sizes=\"(max-width: 728px) 100vw, 728px\" \/><\/p>\n<p><strong>Resumo de quarta-feira, 10 de janeiro<\/strong><br \/>\nIrene se sente acuada diante da firmeza de Petra. O matador vende seu carro para Tadeu. Ramiro dep\u00f5e na delegacia. H\u00e9lio assume interinamente o cargo de presidente da cooperativa at\u00e9 o retorno de Lucinda. Vin\u00edcius avisa a Ira\u00ea que recobrou a mem\u00f3ria. Kelvin conta a Petra sobre todos os crimes cometidos por Irene e afirma que foi a m\u00e3e da agr\u00f4noma quem provocou a morte de Daniel. Irene e Ant\u00f4nio ficam assustados ao verem Vin\u00edcius entrando na audi\u00eancia sobre as terras de Aline.<\/p>\n<p><strong>Resumo de quinta-feira, 11 de janeiro<\/strong><br \/>\nAngelina passa para Marino o endere\u00e7o da loja onde Irene costuma comprar suas joias. Ant\u00f4nio fica descontrolado com a confiss\u00e3o de Vin\u00edcius. Luigi \u00e9 obrigado a contar o que viu na noite da morte de Agatha, depois que Anely n\u00e3o sustenta seu falso \u00e1libi. O joalheiro revela a Silva que a pulseira achada no local do crime de Agatha foi vendida para Irene. O Juiz d\u00e1 ganho de causa a Aline. Jurec\u00ea tem uma vis\u00e3o e diz que a guerra de Aline ainda n\u00e3o terminou. Marino estranha quando Gra\u00e7a lhe conta que Irene esteve na casa de Gentil. Petra revela a Caio que foi Irene quem sabotou o carro e acabou ocasionando a morte de Daniel.<br \/>\n<img data-recalc-dims=\"1\" decoding=\"async\" src=\"https:\/\/i0.wp.com\/www.tvnovelas.com.br\/tvnews\/wp-content\/uploads\/2024\/01\/39190a.jpg?resize=728%2C410&#038;ssl=1\" alt=\"Foto em Resumos de Terra e Paix\u00e3o na semana 08 a 13\" width=\"728\" height=\"410\" class=\"alignnone size-full wp-image-61156\" srcset=\"https:\/\/i0.wp.com\/www.tvnovelas.com.br\/tvnews\/wp-content\/uploads\/2024\/01\/39190a.jpg?w=728&amp;ssl=1 728w, https:\/\/i0.wp.com\/www.tvnovelas.com.br\/tvnews\/wp-content\/uploads\/2024\/01\/39190a.jpg?resize=678%2C381&amp;ssl=1 678w\" sizes=\"(max-width: 728px) 100vw, 728px\" \/><\/p>\n<p><strong>Resumo de sexta-feira, 12 de janeiro<\/strong><br \/>\nCaio fica horrorizado com a revela\u00e7\u00e3o de Petra, que relata ainda todos os crimes da m\u00e3e. A m\u00e9dica avisa a Marino que, mesmo estando em coma, Lucinda ser\u00e1 transferida para um quarto. Marino desconfia de que Irene tenha plantado a arma na casa de Gentil. Ant\u00f4nio fica em choque ao saber dos crimes de Irene contados por Caio e Petra. Ant\u00f4nio expulsa Irene e diz que n\u00e3o quer mais v\u00ea-la. Marino manda fazer um retrato falado do matador. Caio e Petra denunciam os crimes cometidos por Irene para a pol\u00edcia. Luigi escuta Natercinho dizer a Anely que sente que a esposa gosta do italiano. Gra\u00e7a se depara com Irene abra\u00e7ada a Danielzinho.<\/p>\n<p><strong>Resumo de s\u00e1bado, 13 de janeiro<\/strong><br \/>\nGra\u00e7a se apavora com a insist\u00eancia de Irene em levar Danielzinho. Marino liberta Gentil e explica que Irene plantou a arma do crime em sua casa. Jonatas ajuda a namorada a se livrar de Irene e aconselha Gra\u00e7a a ir para sua casa com o filho. Marino lembra a Silva e Magalh\u00e3es que o m\u00e9dico legista detectou uma subst\u00e2ncia letal no corpo de Agatha. Luigi resolve deixar a casa de Ant\u00f4nio e voltar para a pousada. Petra pergunta a H\u00e9lio se o fato de Irene ter tirado a vida de Agatha os impedir\u00e1 de ficarem juntos. Irene se disfar\u00e7a com novas vestimentas e acess\u00f3rios. Irene observa Vin\u00edcius e Ira\u00ea no rio.<br \/>\n<!--END POST--><br \/>\n<a href=\"https:\/\/www.tvnovelas.com.br\/novelas\/resumos-de-terra-e-paixao\/\">Confira os resumos da semana de &#8216;Terra e Paix\u00e3o&#8217;<\/a><br \/>\n<strong style=\"font-size: 120%;\">\u00daltimas not\u00edcias de Terra e Paix\u00e3o:<\/strong><br \/>\n<div class=\"pt-cv-wrapper\"><div class=\"pt-cv-view pt-cv-grid pt-cv-colsys\" id=\"pt-cv-view-9bbc6490w2\"><div data-id=\"pt-cv-page-1\" class=\"pt-cv-page\" data-cvc=\"1\"><div class=\"col-md-12 col-sm-6 col-xs-12 pt-cv-content-item pt-cv-1-col\" ><div class='pt-cv-ifield'><h4 class=\"pt-cv-title\"><a href=\"https:\/\/www.tvnovelas.com.br\/tvnews\/terra-e-paixao-vinicius-choca-aline-com-relatorio-sobre-diamantes-em-suas-terras\/\" class=\"_blank\" target=\"_blank\" >Terra e Paix\u00e3o: Vin\u00edcius choca Aline com relat\u00f3rio sobre diamantes em suas terras<\/a><\/h4><\/div><\/div>\n<div class=\"col-md-12 col-sm-6 col-xs-12 pt-cv-content-item pt-cv-1-col\" ><div class='pt-cv-ifield'><h4 class=\"pt-cv-title\"><a href=\"https:\/\/www.tvnovelas.com.br\/tvnews\/terra-e-paixao-fuga-de-antonio-tem-mortes-e-disfarce\/\" class=\"_blank\" target=\"_blank\" >Terra e Paix\u00e3o: Fuga de Ant\u00f4nio tem mortes e disfarce<\/a><\/h4><\/div><\/div>\n<div class=\"col-md-12 col-sm-6 col-xs-12 pt-cv-content-item pt-cv-1-col\" ><div class='pt-cv-ifield'><h4 class=\"pt-cv-title\"><a href=\"https:\/\/www.tvnovelas.com.br\/tvnews\/terra-e-paixao-antonio-invade-casamento-para-matar-aline-no-altar\/\" class=\"_blank\" target=\"_blank\" >Terra e Paix\u00e3o: Ant\u00f4nio invade casamento para matar Aline no altar<\/a><\/h4><\/div><\/div>\n<div class=\"col-md-12 col-sm-6 col-xs-12 pt-cv-content-item pt-cv-1-col\" ><div class='pt-cv-ifield'><h4 class=\"pt-cv-title\"><a href=\"https:\/\/www.tvnovelas.com.br\/tvnews\/terra-e-paixao-graca-se-junta-a-policia-para-salvar-danielzinho\/\" class=\"_blank\" target=\"_blank\" >Terra e Paix\u00e3o: Gra\u00e7a se junta \u00e0 Pol\u00edcia para salvar Danielzinho<\/a><\/h4><\/div><\/div>\n<div class=\"col-md-12 col-sm-6 col-xs-12 pt-cv-content-item pt-cv-1-col\" ><div class='pt-cv-ifield'><h4 class=\"pt-cv-title\"><a href=\"https:\/\/www.tvnovelas.com.br\/tvnews\/terra-e-paixao-marino-da-voz-de-prisao-a-irene\/\" class=\"_blank\" target=\"_blank\" >Terra e Paix\u00e3o: Marino d\u00e1 voz de pris\u00e3o a Irene<\/a><\/h4><\/div><\/div>\n<div class=\"col-md-12 col-sm-6 col-xs-12 pt-cv-content-item pt-cv-1-col\" ><div class='pt-cv-ifield'><h4 class=\"pt-cv-title\"><a href=\"https:\/\/www.tvnovelas.com.br\/tvnews\/terra-e-paixao-irene-sequestra-danielzinho-e-foge-com-vinicius\/\" class=\"_blank\" target=\"_blank\" >Terra e Paix\u00e3o: Irene sequestra Danielzinho e foge com Vin\u00edcius<\/a><\/h4><\/div><\/div><\/div><\/div><\/div><br \/>\n<strong style=\"font-size: 120%;\">\u00daltimas not\u00edcias deste canal:<\/strong><br \/>\n<div class=\"pt-cv-wrapper\"><div class=\"pt-cv-view pt-cv-grid pt-cv-colsys\" id=\"pt-cv-view-90991035b3\"><div data-id=\"pt-cv-page-1\" class=\"pt-cv-page\" data-cvc=\"1\"><div class=\"col-md-12 col-sm-12 col-xs-12 pt-cv-content-item pt-cv-1-col\" ><div class='pt-cv-ifield'><h4 class=\"pt-cv-title\"><a href=\"https:\/\/www.tvnovelas.com.br\/tvnews\/coracao-de-mae-irmak-inicia-jogo-arriscado-contra-adnan\/\" class=\"_self\" target=\"_self\" >Cora\u00e7\u00e3o de M\u00e3e: Irmak inicia jogo arriscado contra Adnan<\/a><\/h4><\/div><\/div>\n<div class=\"col-md-12 col-sm-12 col-xs-12 pt-cv-content-item pt-cv-1-col\" ><div class='pt-cv-ifield'><h4 class=\"pt-cv-title\"><a href=\"https:\/\/www.tvnovelas.com.br\/tvnews\/guerra-das-rosas-omer-chama-gulru-vestida-de-noiva-para-fugir\/\" class=\"_self\" target=\"_self\" >Guerra das Rosas: Omer chama Gulru vestida de noiva para fugir<\/a><\/h4><\/div><\/div>\n<div class=\"col-md-12 col-sm-12 col-xs-12 pt-cv-content-item pt-cv-1-col\" ><div class='pt-cv-ifield'><h4 class=\"pt-cv-title\"><a href=\"https:\/\/www.tvnovelas.com.br\/tvnews\/coracao-de-mae-reha-sai-para-jantar-com-selvi\/\" class=\"_self\" target=\"_self\" >Cora\u00e7\u00e3o de M\u00e3e: Reha sai para jantar com Selvi<\/a><\/h4><\/div><\/div>\n<div class=\"col-md-12 col-sm-12 col-xs-12 pt-cv-content-item pt-cv-1-col\" ><div class='pt-cv-ifield'><h4 class=\"pt-cv-title\"><a href=\"https:\/\/www.tvnovelas.com.br\/tvnews\/coracao-acelerado-zila-se-preocupa-com-sua-situacao-apos-separacao\/\" class=\"_self\" target=\"_self\" >Cora\u00e7\u00e3o Acelerado: Zil\u00e1 se preocupa com sua situa\u00e7\u00e3o ap\u00f3s separa\u00e7\u00e3o<\/a><\/h4><\/div><\/div>\n<div class=\"col-md-12 col-sm-12 col-xs-12 pt-cv-content-item pt-cv-1-col\" ><div class='pt-cv-ifield'><h4 class=\"pt-cv-title\"><a href=\"https:\/\/www.tvnovelas.com.br\/tvnews\/a-nobreza-do-amor-tonho-nao-se-curva-diante-de-mirinho\/\" class=\"_self\" target=\"_self\" >A Nobreza do Amor: Tonho n\u00e3o se curva diante de Mirinho<\/a><\/h4><\/div><\/div>\n<div class=\"col-md-12 col-sm-12 col-xs-12 pt-cv-content-item pt-cv-1-col\" ><div class='pt-cv-ifield'><h4 class=\"pt-cv-title\"><a href=\"https:\/\/www.tvnovelas.com.br\/tvnews\/tres-gracas-arminda-surta-ao-confirmar-que-ferette-e-pai-de-raul\/\" class=\"_self\" target=\"_self\" >Tr\u00eas Gra\u00e7as:  Arminda surta ao confirmar que Ferette \u00e9 pai de Raul<\/a><\/h4><\/div><\/div>\n<div class=\"col-md-12 col-sm-12 col-xs-12 pt-cv-content-item pt-cv-1-col\" ><div class='pt-cv-ifield'><h4 class=\"pt-cv-title\"><a href=\"https:\/\/www.tvnovelas.com.br\/tvnews\/coracao-de-mae-atilla-confronta-hasan-e-exige-o-divorcio-de-lale\/\" class=\"_self\" target=\"_self\" >Cora\u00e7\u00e3o de M\u00e3e: Atilla confronta Hasan e exige o div\u00f3rcio de Lale<\/a><\/h4><\/div><\/div>\n<div class=\"col-md-12 col-sm-12 col-xs-12 pt-cv-content-item pt-cv-1-col\" ><div class='pt-cv-ifield'><h4 class=\"pt-cv-title\"><a href=\"https:\/\/www.tvnovelas.com.br\/tvnews\/guerra-das-rosas-gulfem-coloca-gulru-contra-a-parede\/\" class=\"_self\" target=\"_self\" >Guerra das Rosas: Gulfem coloca Gulru contra a parede<\/a><\/h4><\/div><\/div>\n<div class=\"col-md-12 col-sm-12 col-xs-12 pt-cv-content-item pt-cv-1-col\" ><div class='pt-cv-ifield'><h4 class=\"pt-cv-title\"><a href=\"https:\/\/www.tvnovelas.com.br\/tvnews\/coracao-de-mae-atilla-diz-a-lale-que-quer-o-divorcio\/\" class=\"_self\" target=\"_self\" >Cora\u00e7\u00e3o de M\u00e3e: Atilla diz a Lale que quer o div\u00f3rcio<\/a><\/h4><\/div><\/div>\n<div class=\"col-md-12 col-sm-12 col-xs-12 pt-cv-content-item pt-cv-1-col\" ><div class='pt-cv-ifield'><h4 class=\"pt-cv-title\"><a href=\"https:\/\/www.tvnovelas.com.br\/tvnews\/a-nobreza-do-amor-mirinho-garante-noivado-com-virginia-para-atrair-sogro-a-negocio\/\" class=\"_self\" target=\"_self\" >A Nobreza do Amor: Mirinho garante noivado com Virg\u00ednia para atrair sogro a neg\u00f3cio<\/a><\/h4><\/div><\/div><\/div><\/div><\/div><br \/>\n<a href=\"https:\/\/www.tvnovelas.com.br\/novelas\/\"><strong>Confira os resumos da semana de todas novelas<\/strong><\/a><\/strong><\/p>\n<h3>Confira tamb\u00e9m<\/h3>\n<p><a href=\"https:\/\/www.tvnovelas.com.br\/filmes\/\" target=\"_blank\" rel=\"noopener noreferrer\"><strong>Programa\u00e7\u00e3o de filmes na TV aberta<\/strong><\/a><br \/>\n<a href=\"https:\/\/caetenews.com.br\/semana\/filmes-da-globo-na-sessao-da-tarde-desta-semana\/\" target=\"_blank\" rel=\"noopener\"><strong>Confira os filmes da semana na Sess\u00e3o da Tarde<\/strong><\/a><br \/>\n<a href=\"https:\/\/www.tvnovelas.com.br\/novelas\/\" target=\"_blank\" rel=\"noopener noreferrer\"><strong>Resumos de novelas<\/strong><\/a><\/p>\n","protected":false},"excerpt":{"rendered":"<p>Em Terra e Paix\u00e3o na semana 08 a 13, Ramiro fecha acordo com Marino; Vin\u00edcius surge na audi\u00eancia sobre as terras de Aline; Kelvin conta a Petra que Irene provocou a morte de Daniel; Caio e Petra denunciam os crimes cometidos por Irene para a pol\u00edcia&#8230;.<\/p>\n","protected":false},"author":1,"featured_media":61155,"comment_status":"closed","ping_status":"closed","sticky":false,"template":"","format":"standard","meta":{"_uf_show_specific_survey":0,"_uf_disable_surveys":false,"_jetpack_memberships_contains_paid_content":false,"footnotes":"","_wp_rev_ctl_limit":""},"categories":[382],"tags":[5,64,383],"class_list":["post-61154","post","type-post","status-publish","format-standard","has-post-thumbnail","hentry","category-terra-e-paixao","tag-globo","tag-novelas","tag-terra-e-paixao","wpcat-382-id"],"aioseo_notices":[],"jetpack_featured_media_url":"https:\/\/i0.wp.com\/www.tvnovelas.com.br\/tvnews\/wp-content\/uploads\/2024\/01\/39190b.jpg?fit=728%2C405&ssl=1","jetpack_shortlink":"https:\/\/wp.me\/pdP2BO-fUm","jetpack_sharing_enabled":true,"_links":{"self":[{"href":"https:\/\/www.tvnovelas.com.br\/tvnews\/wp-json\/wp\/v2\/posts\/61154","targetHints":{"allow":["GET"]}}],"collection":[{"href":"https:\/\/www.tvnovelas.com.br\/tvnews\/wp-json\/wp\/v2\/posts"}],"about":[{"href":"https:\/\/www.tvnovelas.com.br\/tvnews\/wp-json\/wp\/v2\/types\/post"}],"author":[{"embeddable":true,"href":"https:\/\/www.tvnovelas.com.br\/tvnews\/wp-json\/wp\/v2\/users\/1"}],"replies":[{"embeddable":true,"href":"https:\/\/www.tvnovelas.com.br\/tvnews\/wp-json\/wp\/v2\/comments?post=61154"}],"version-history":[{"count":1,"href":"https:\/\/www.tvnovelas.com.br\/tvnews\/wp-json\/wp\/v2\/posts\/61154\/revisions"}],"predecessor-version":[{"id":61158,"href":"https:\/\/www.tvnovelas.com.br\/tvnews\/wp-json\/wp\/v2\/posts\/61154\/revisions\/61158"}],"wp:featuredmedia":[{"embeddable":true,"href":"https:\/\/www.tvnovelas.com.br\/tvnews\/wp-json\/wp\/v2\/media\/61155"}],"wp:attachment":[{"href":"https:\/\/www.tvnovelas.com.br\/tvnews\/wp-json\/wp\/v2\/media?parent=61154"}],"wp:term":[{"taxonomy":"category","embeddable":true,"href":"https:\/\/www.tvnovelas.com.br\/tvnews\/wp-json\/wp\/v2\/categories?post=61154"},{"taxonomy":"post_tag","embeddable":true,"href":"https:\/\/www.tvnovelas.com.br\/tvnews\/wp-json\/wp\/v2\/tags?post=61154"}],"curies":[{"name":"wp","href":"https:\/\/api.w.org\/{rel}","templated":true}]}}