{"id":61159,"date":"2024-01-05T17:40:24","date_gmt":"2024-01-05T20:40:24","guid":{"rendered":"https:\/\/www.tvnovelas.com.br\/tvnews\/?p=61159"},"modified":"2024-01-20T14:22:07","modified_gmt":"2024-01-20T17:22:07","slug":"programacao-da-tv-globo-da-semana-06-a-12-de-janeiro","status":"publish","type":"post","link":"https:\/\/www.tvnovelas.com.br\/tvnews\/programacao-da-tv-globo-da-semana-06-a-12-de-janeiro\/","title":{"rendered":"Programa\u00e7\u00e3o da TV Globo da semana 20 a 26 de janeiro"},"content":{"rendered":"<p><em>Programa\u00e7\u00e3o da TV Globo da semana 06 a 12<\/em><br \/>\n<figure id=\"attachment_61771\" aria-describedby=\"caption-attachment-61771\" style=\"width: 728px\" class=\"wp-caption alignnone\"><img data-recalc-dims=\"1\" decoding=\"async\" src=\"https:\/\/i0.wp.com\/www.tvnovelas.com.br\/tvnews\/wp-content\/uploads\/2024\/01\/39335.jpg?resize=728%2C410&#038;ssl=1\" alt=\"Foto de Renascer, em Programa\u00e7\u00e3o da TV Globo\" width=\"728\" height=\"410\" class=\"size-full wp-image-61771\" srcset=\"https:\/\/i0.wp.com\/www.tvnovelas.com.br\/tvnews\/wp-content\/uploads\/2024\/01\/39335.jpg?w=728&amp;ssl=1 728w, https:\/\/i0.wp.com\/www.tvnovelas.com.br\/tvnews\/wp-content\/uploads\/2024\/01\/39335.jpg?resize=678%2C381&amp;ssl=1 678w\" sizes=\"(max-width: 728px) 100vw, 728px\" \/><figcaption id=\"caption-attachment-61771\" class=\"wp-caption-text\">Renascer, nova novela das 9, entra na semana de estreia<\/figcaption><\/figure><br \/>\n<em>A grade a Programa\u00e7\u00e3o da TV Globo \u00e9 relativa \u00e0 praticada no fuso hor\u00e1rio de Bras\u00edlia<\/em><br \/>\nGRADE DE PROGRAMA\u00c7\u00c3O 20 A 26 JANEIRO DE 2024<br \/>\n<strong>S\u00e1bado, 20\/01\/2024<\/strong><br \/>\n04:10 Coruj\u00e3o II &#8211; O Beijo no Asfalto<br \/>\n06:00 Globo Rep\u00f3rter<br \/>\n06:50 \u00c9 de Casa<br \/>\n11:45 Pra\u00e7a TV &#8211; 1\u00aa Edi\u00e7\u00e3o<br \/>\n12:50 Parab\u00f3licos<br \/>\n13:00 Globo Esporte<br \/>\n13:25 Jornal Hoje<br \/>\n14:10 Sess\u00e3o De S\u00e1bado &#8211; Miss\u00e3o: Marte<br \/>\n15:50 Caldeir\u00e3o Com Mion<br \/>\n18:35 Elas Por Elas<br \/>\n19:20 Pra\u00e7a TV &#8211; 2\u00aa Edi\u00e7\u00e3o<br \/>\n19:45 Fuzu\u00ea<br \/>\n20:30 Jornal Nacional<br \/>\n21:20 Terra e Paix\u00e3o<br \/>\n22:35 Big Brother Brasil 24<br \/>\n23:20 Altas Horas<br \/>\n01:10 Supercine &#8211; Golpe De Idade<br \/>\n02:45 Fuzu\u00ea<br \/>\n03:25 Coruj\u00e3o I \u2013 Domingo<\/p>\n<p><strong>Domingo, 21\/01\/2024<\/strong><br \/>\n04:40 Coruj\u00e3o II &#8211; Um Amor Inesperado<br \/>\n06:00 Santa Missa<br \/>\n06:50 Globo Comunidade<br \/>\n07:20 Pequenas Empresas &amp; Grandes Neg\u00f3cios<br \/>\n08:05 Globo Rural<br \/>\n09:25 Auto Esporte<br \/>\n10:00 Esporte Espetacular<br \/>\n12:45 Magnum P.I<br \/>\n13:40 Temperatura M\u00e1xima &#8211; Velozes &amp; Furiosos 7<br \/>\n15:45 The Masked Singer Brasil<br \/>\n17:30 Doming\u00e3o Com Huck<br \/>\n20:30 Fant\u00e1stico<br \/>\n23:10 Big Brother Brasil 24<br \/>\n00:30 Domingo Maior &#8211; Estocolmo<br \/>\n02:15 Cinema\u00e7o &#8211; Independence Day<\/p>\n<p><strong>Segunda-feira, 22\/01\/2024<\/strong><br \/>\n04:00 Hora Um<br \/>\n06:00 Bom Dia Pra\u00e7a<br \/>\n08:30 Bom Dia Brasil<br \/>\n09:30 Encontro Com Patr\u00edcia Poeta<br \/>\n10:35 Mais Voc\u00ea<br \/>\n11:45 Pra\u00e7a TV &#8211; 1\u00aa Edi\u00e7\u00e3o<br \/>\n13:00 Globo Esporte<br \/>\n13:25 Jornal Hoje<br \/>\n14:45 Mulheres de Areia<br \/>\n15:25 Sess\u00e3o da Tarde &#8211; Como Treinar Seu Drag\u00e3o 3<br \/>\n17:05 Vale a Pena Ver de Novo &#8211; Para\u00edso Tropical<br \/>\n18:25 Elas Por Elas<br \/>\n19:10 Pra\u00e7a TV &#8211; 2\u00aa Edi\u00e7\u00e3o<br \/>\n19:40 Fuzu\u00ea<br \/>\n20:30 Jornal Nacional<br \/>\n21:20 Renascer<br \/>\n22:50 Big Brother Brasil 24<br \/>\n00:00 Jornal da Globo<br \/>\n00:50 Fuzu\u00ea<br \/>\n01:35 Com\u00e9dia Na Madruga I<br \/>\n02:25 Com\u00e9dia Na Madruga II<br \/>\n03:15 Com\u00e9dia Na Madruga III<\/p>\n<p><strong>Ter\u00e7a-feira, 23\/01\/2024<\/strong><br \/>\n04:00 Hora Um<br \/>\n06:00 Bom Dia Pra\u00e7a<br \/>\n08:30 Bom Dia Brasil<br \/>\n09:30 Encontro Com Patr\u00edcia Poeta<br \/>\n10:35 Mais Voc\u00ea<br \/>\n11:45 Pra\u00e7a TV &#8211; 1\u00aa Edi\u00e7\u00e3o<br \/>\n13:00 Globo Esporte<br \/>\n13:25 Jornal Hoje<br \/>\n14:45 Mulheres de Areia<br \/>\n15:25 Sess\u00e3o da Tarde &#8211; Os 33<br \/>\n17:05 Vale a Pena Ver de Novo &#8211; Para\u00edso Tropical<br \/>\n18:25 Elas Por Elas<br \/>\n19:10 Pra\u00e7a TV &#8211; 2\u00aa Edi\u00e7\u00e3o<br \/>\n19:40 Fuzu\u00ea<br \/>\n20:30 Jornal Nacional<br \/>\n21:20 Renascer<br \/>\n22:25 Big Brother Brasil 24<br \/>\n00:00 Jornal da Globo<br \/>\n00:50 Fuzu\u00ea<br \/>\n01:35 Com\u00e9dia Na Madruga I<br \/>\n02:20 Coruj\u00e3o I &#8211; Um Natal Quase Perfeito<\/p>\n<p><strong>Quarta-feira, 24\/01\/2024<\/strong><br \/>\n04:00 Hora Um<br \/>\n06:00 Bom Dia Pra\u00e7a<br \/>\n08:30 Bom Dia Brasil<br \/>\n09:30 Encontro Com Patr\u00edcia Poeta<br \/>\n10:35 Mais Voc\u00ea<br \/>\n11:45 Pra\u00e7a TV &#8211; 1\u00aa Edi\u00e7\u00e3o<br \/>\n13:00 Globo Esporte<br \/>\n13:25 Jornal Hoje<br \/>\n14:45 Mulheres de Areia<br \/>\n15:25 Sess\u00e3o da Tarde &#8211; O Bom Gigante Amigo<br \/>\n17:05 Vale a Pena Ver de Novo &#8211; Para\u00edso Tropical<br \/>\n18:25 Elas Por Elas<br \/>\n19:10 Pra\u00e7a TV &#8211; 2\u00aa Edi\u00e7\u00e3o<br \/>\n19:40 Fuzu\u00ea<br \/>\n20:30 Jornal Nacional<br \/>\n21:20 Renascer<br \/>\n22:25 Big Brother Brasil 24<br \/>\n23:15 Cine BBB<br \/>\n00:50 Jornal da Globo<br \/>\n01:40 Fuzu\u00ea<br \/>\n02:25 Com\u00e9dia Na Madruga I<br \/>\n03:10 Com\u00e9dia Na Madruga II<\/p>\n<p><strong>Quinta-feira, 25\/01\/2024<\/strong><br \/>\n04:00 Hora Um<br \/>\n06:00 Bom Dia Pra\u00e7a<br \/>\n08:30 Bom Dia Brasil<br \/>\n09:30 Encontro Com Patr\u00edcia Poeta<br \/>\n10:35 Mais Voc\u00ea<br \/>\n11:45 Pra\u00e7a TV &#8211; 1\u00aa Edi\u00e7\u00e3o<br \/>\n13:00 Globo Esporte<br \/>\n13:25 Jornal Hoje<br \/>\n14:45 Mulheres de Areia<br \/>\n15:25 Sess\u00e3o da Tarde &#8211; Paddington 2<br \/>\n17:05 Vale a Pena Ver de Novo &#8211; Para\u00edso Tropical<br \/>\n18:25 Elas Por Elas<br \/>\n19:10 Pra\u00e7a TV &#8211; 2\u00aa Edi\u00e7\u00e3o<br \/>\n19:40 Fuzu\u00ea<br \/>\n20:30 Jornal Nacional<br \/>\n21:20 Renascer<br \/>\n22:25 Big Brother Brasil 24<br \/>\n23:55 This Is Us<br \/>\n00:45 Jornal da Globo<br \/>\n01:35 Fuzu\u00ea<br \/>\n02:20 Com\u00e9dia Na Madruga I<br \/>\n03:10 Com\u00e9dia Na Madruga II<\/p>\n<p><strong>Sexta-feira, 26\/01\/2024<\/strong><br \/>\n04:00 Hora Um<br \/>\n06:00 Bom Dia Pra\u00e7a<br \/>\n08:30 Bom Dia Brasil<br \/>\n09:30 Encontro Com Patr\u00edcia Poeta<br \/>\n10:35 Mais Voc\u00ea<br \/>\n11:45 Pra\u00e7a TV &#8211; 1\u00aa Edi\u00e7\u00e3o<br \/>\n13:00 Globo Esporte<br \/>\n13:25 Jornal Hoje<br \/>\n14:45 Mulheres de Areia<br \/>\n15:45 Sess\u00e3o da Tarde &#8211; Escola De Quebrada<br \/>\n17:05 Vale a Pena Ver de Novo &#8211; Para\u00edso Tropical<br \/>\n18:25 Elas Por Elas<br \/>\n19:10 Pra\u00e7a TV &#8211; 2\u00aa Edi\u00e7\u00e3o<br \/>\n19:40 Fuzu\u00ea<br \/>\n20:30 Jornal Nacional<br \/>\n21:20 Renascer<br \/>\n22:25 Big Brother Brasil 24<br \/>\n23:15 Golpista do Amor<br \/>\n00:05 Jornal da Globo<br \/>\n00:55 Fuzu\u00ea<br \/>\n01:40 Com\u00e9dia Na Madruga I<br \/>\n02:30 Coruj\u00e3o I &#8211; Thelma &amp; Louise<br \/>\n<!--END POST--><br \/>\n<strong style=\"font-size: 120%;\">\u00daltimas not\u00edcias deste site:<\/strong><br \/>\n<div class=\"pt-cv-wrapper\"><div class=\"pt-cv-view pt-cv-grid pt-cv-colsys\" id=\"pt-cv-view-90991035b3\"><div data-id=\"pt-cv-page-1\" class=\"pt-cv-page\" data-cvc=\"1\"><div class=\"col-md-12 col-sm-12 col-xs-12 pt-cv-content-item pt-cv-1-col\" ><div class='pt-cv-ifield'><h4 class=\"pt-cv-title\"><a href=\"https:\/\/www.tvnovelas.com.br\/tvnews\/coracao-de-mae-atilla-confronta-hasan-e-exige-o-divorcio-de-lale\/\" class=\"_self\" target=\"_self\" >Cora\u00e7\u00e3o de M\u00e3e: Atilla confronta Hasan e exige o div\u00f3rcio de Lale<\/a><\/h4><\/div><\/div>\n<div class=\"col-md-12 col-sm-12 col-xs-12 pt-cv-content-item pt-cv-1-col\" ><div class='pt-cv-ifield'><h4 class=\"pt-cv-title\"><a href=\"https:\/\/www.tvnovelas.com.br\/tvnews\/guerra-das-rosas-gulfem-coloca-gulru-contra-a-parede\/\" class=\"_self\" target=\"_self\" >Guerra das Rosas: Gulfem coloca Gulru contra a parede<\/a><\/h4><\/div><\/div>\n<div class=\"col-md-12 col-sm-12 col-xs-12 pt-cv-content-item pt-cv-1-col\" ><div class='pt-cv-ifield'><h4 class=\"pt-cv-title\"><a href=\"https:\/\/www.tvnovelas.com.br\/tvnews\/coracao-de-mae-atilla-diz-a-lale-que-quer-o-divorcio\/\" class=\"_self\" target=\"_self\" >Cora\u00e7\u00e3o de M\u00e3e: Atilla diz a Lale que quer o div\u00f3rcio<\/a><\/h4><\/div><\/div>\n<div class=\"col-md-12 col-sm-12 col-xs-12 pt-cv-content-item pt-cv-1-col\" ><div class='pt-cv-ifield'><h4 class=\"pt-cv-title\"><a href=\"https:\/\/www.tvnovelas.com.br\/tvnews\/a-nobreza-do-amor-mirinho-garante-noivado-com-virginia-para-atrair-sogro-a-negocio\/\" class=\"_self\" target=\"_self\" >A Nobreza do Amor: Mirinho garante noivado com Virg\u00ednia para atrair sogro a neg\u00f3cio<\/a><\/h4><\/div><\/div>\n<div class=\"col-md-12 col-sm-12 col-xs-12 pt-cv-content-item pt-cv-1-col\" ><div class='pt-cv-ifield'><h4 class=\"pt-cv-title\"><a href=\"https:\/\/www.tvnovelas.com.br\/tvnews\/tres-gracas-joaquim-propoe-fuga-a-arminda-com-o-dinheiro-das-tres-gracas\/\" class=\"_self\" target=\"_self\" >Tr\u00eas Gra\u00e7as:  Joaquim prop\u00f5e fuga a Arminda com o dinheiro das Tr\u00eas Gra\u00e7as<\/a><\/h4><\/div><\/div>\n<div class=\"col-md-12 col-sm-12 col-xs-12 pt-cv-content-item pt-cv-1-col\" ><div class='pt-cv-ifield'><h4 class=\"pt-cv-title\"><a href=\"https:\/\/www.tvnovelas.com.br\/tvnews\/coracao-de-mae-atilla-decide-abrir-o-jogo-com-karsu\/\" class=\"_self\" target=\"_self\" >Cora\u00e7\u00e3o de M\u00e3e: Atilla decide abrir o jogo com Karsu<\/a><\/h4><\/div><\/div>\n<div class=\"col-md-12 col-sm-12 col-xs-12 pt-cv-content-item pt-cv-1-col\" ><div class='pt-cv-ifield'><h4 class=\"pt-cv-title\"><a href=\"https:\/\/www.tvnovelas.com.br\/tvnews\/coracao-de-mae-adnan-e-preso-apos-denuncia-de-irmak\/\" class=\"_self\" target=\"_self\" >Em Cora\u00e7\u00e3o de M\u00e3e: Adnan \u00e9 preso ap\u00f3s denuncia de Irmak<\/a><\/h4><\/div><\/div>\n<div class=\"col-md-12 col-sm-12 col-xs-12 pt-cv-content-item pt-cv-1-col\" ><div class='pt-cv-ifield'><h4 class=\"pt-cv-title\"><a href=\"https:\/\/www.tvnovelas.com.br\/tvnews\/coracao-de-mae-atilla-forca-karsu-a-ouvir-suas-explicacoes\/\" class=\"_self\" target=\"_self\" >Cora\u00e7\u00e3o de M\u00e3e: Atilla for\u00e7a Karsu a ouvir suas explica\u00e7\u00f5es<\/a><\/h4><\/div><\/div>\n<div class=\"col-md-12 col-sm-12 col-xs-12 pt-cv-content-item pt-cv-1-col\" ><div class='pt-cv-ifield'><h4 class=\"pt-cv-title\"><a href=\"https:\/\/www.tvnovelas.com.br\/tvnews\/coracao-acelerado-mulher-choca-janete-ao-se-apresentar-como-amante-do-palhares\/\" class=\"_self\" target=\"_self\" >Cora\u00e7\u00e3o Acelerado: Mulher choca Janete ao se apresentar como amante do Palhares<\/a><\/h4><\/div><\/div>\n<div class=\"col-md-12 col-sm-12 col-xs-12 pt-cv-content-item pt-cv-1-col\" ><div class='pt-cv-ifield'><h4 class=\"pt-cv-title\"><a href=\"https:\/\/www.tvnovelas.com.br\/tvnews\/a-nobreza-do-amor-jendal-dobra-a-recompensa-por-alika\/\" class=\"_self\" target=\"_self\" >A Nobreza do Amor: Jendal dobra a recompensa por Alika<\/a><\/h4><\/div><\/div><\/div><\/div><\/div><br \/>\n<a href=\"https:\/\/www.tvnovelas.com.br\/novelas\/\"><strong>Confira os resumos da semana de todas novelas<\/strong><\/a><\/p>\n<h3>Confira tamb\u00e9m<\/h3>\n<p><a href=\"https:\/\/www.tvnovelas.com.br\/filmes\/\" target=\"_blank\" rel=\"noopener noreferrer\"><strong>Programa\u00e7\u00e3o de filmes na TV aberta<\/strong><\/a><br \/>\n<a href=\"https:\/\/caetenews.com.br\/semana\/filmes-da-globo-na-sessao-da-tarde-desta-semana\/\" target=\"_blank\" rel=\"noopener\"><strong>Confira os filmes da semana na Sess\u00e3o da Tarde<\/strong><\/a><br \/>\n<a href=\"https:\/\/www.tvnovelas.com.br\/novelas\/\" target=\"_blank\" rel=\"noopener noreferrer\"><strong>Resumos de novelas<\/strong><\/a><\/p>\n","protected":false},"excerpt":{"rendered":"<p>Renascer, nova novela das 9, entra na semana de estreia, com o primeiro cap\u00edtulo nesta segunda, dia 22<\/p>\n","protected":false},"author":1,"featured_media":61771,"comment_status":"closed","ping_status":"closed","sticky":false,"template":"","format":"standard","meta":{"_uf_show_specific_survey":0,"_uf_disable_surveys":false,"_jetpack_memberships_contains_paid_content":false,"footnotes":"","_wp_rev_ctl_limit":""},"categories":[236,539],"tags":[669,5,670,90],"class_list":["post-61159","post","type-post","status-publish","format-standard","has-post-thumbnail","hentry","category-globo","category-televisao","tag-bbb-25","tag-globo","tag-golpista-do-amor","tag-programacao-da-globo","wpcat-236-id","wpcat-539-id"],"aioseo_notices":[],"jetpack_featured_media_url":"https:\/\/i0.wp.com\/www.tvnovelas.com.br\/tvnews\/wp-content\/uploads\/2024\/01\/39335.jpg?fit=728%2C410&ssl=1","jetpack_shortlink":"https:\/\/wp.me\/pdP2BO-fUr","jetpack_sharing_enabled":true,"_links":{"self":[{"href":"https:\/\/www.tvnovelas.com.br\/tvnews\/wp-json\/wp\/v2\/posts\/61159","targetHints":{"allow":["GET"]}}],"collection":[{"href":"https:\/\/www.tvnovelas.com.br\/tvnews\/wp-json\/wp\/v2\/posts"}],"about":[{"href":"https:\/\/www.tvnovelas.com.br\/tvnews\/wp-json\/wp\/v2\/types\/post"}],"author":[{"embeddable":true,"href":"https:\/\/www.tvnovelas.com.br\/tvnews\/wp-json\/wp\/v2\/users\/1"}],"replies":[{"embeddable":true,"href":"https:\/\/www.tvnovelas.com.br\/tvnews\/wp-json\/wp\/v2\/comments?post=61159"}],"version-history":[{"count":4,"href":"https:\/\/www.tvnovelas.com.br\/tvnews\/wp-json\/wp\/v2\/posts\/61159\/revisions"}],"predecessor-version":[{"id":61772,"href":"https:\/\/www.tvnovelas.com.br\/tvnews\/wp-json\/wp\/v2\/posts\/61159\/revisions\/61772"}],"wp:featuredmedia":[{"embeddable":true,"href":"https:\/\/www.tvnovelas.com.br\/tvnews\/wp-json\/wp\/v2\/media\/61771"}],"wp:attachment":[{"href":"https:\/\/www.tvnovelas.com.br\/tvnews\/wp-json\/wp\/v2\/media?parent=61159"}],"wp:term":[{"taxonomy":"category","embeddable":true,"href":"https:\/\/www.tvnovelas.com.br\/tvnews\/wp-json\/wp\/v2\/categories?post=61159"},{"taxonomy":"post_tag","embeddable":true,"href":"https:\/\/www.tvnovelas.com.br\/tvnews\/wp-json\/wp\/v2\/tags?post=61159"}],"curies":[{"name":"wp","href":"https:\/\/api.w.org\/{rel}","templated":true}]}}