{"id":61172,"date":"2024-01-06T09:57:49","date_gmt":"2024-01-06T12:57:49","guid":{"rendered":"https:\/\/www.tvnovelas.com.br\/tvnews\/?p=61172"},"modified":"2024-01-06T09:57:49","modified_gmt":"2024-01-06T12:57:49","slug":"fuzue-luna-descobre-que-preciosa-e-pascoal-armaram-contra-ela","status":"publish","type":"post","link":"https:\/\/www.tvnovelas.com.br\/tvnews\/fuzue-luna-descobre-que-preciosa-e-pascoal-armaram-contra-ela\/","title":{"rendered":"Fuzu\u00ea: Luna descobre que Preciosa e Pascoal armaram contra ela"},"content":{"rendered":"<p><em>Em Fuzu\u00ea: Luna descobre que Preciosa<\/em><br \/>\n<img data-recalc-dims=\"1\" decoding=\"async\" class=\"alignnone wp-image-61173 size-full\" title=\"(Foto: TV Globo\/Fuzu\u00ea)\" src=\"https:\/\/i0.wp.com\/www.tvnovelas.com.br\/tvnews\/wp-content\/uploads\/2024\/01\/39193.jpg?resize=728%2C410&#038;ssl=1\" alt=\"Foto em Fuzu\u00ea: Luna descobre que Preciosa\" width=\"728\" height=\"410\" srcset=\"https:\/\/i0.wp.com\/www.tvnovelas.com.br\/tvnews\/wp-content\/uploads\/2024\/01\/39193.jpg?w=728&amp;ssl=1 728w, https:\/\/i0.wp.com\/www.tvnovelas.com.br\/tvnews\/wp-content\/uploads\/2024\/01\/39193.jpg?resize=678%2C381&amp;ssl=1 678w\" sizes=\"(max-width: 728px) 100vw, 728px\" \/><br \/>\nEm Fuzu\u00ea, Luna (Giovana Cordeiro) caiu na sabotagem feita por Preciosa (Marina Ruy Barbosa) e Pascoal (Juliano Cazarr\u00e9), que associaram a designer de biojoias com trabalho infantil. Desde ent\u00e3o, os amigos da jovem t\u00eam tentado encontrar provas para inocent\u00e1-la do caso. Embora a filha de Maria Navalha (Ol\u00edvia Ara\u00fajo) acredite que a irm\u00e3 \u00e9 a respons\u00e1vel pelo fracasso do lan\u00e7amento da cole\u00e7\u00e3o, ela ainda n\u00e3o conseguiu culpar a vil\u00e3. Entretanto, a designer de biojoias vai receber a confirma\u00e7\u00e3o em uma reuni\u00e3o organizada por quem ela menos imagina.<\/p>\n<p>Em uma reuni\u00e3o na Conde de Montebello, Bebel (Lilia Cabral), C\u00e9sar (Leopoldo Pacheco), Miguel (Nicolas Prattes) e Luna v\u00e3o aguardar a chegada de Pascoal. &#8220;Ent\u00e3o&#8230; Foi o Pascoal que te pediu pra marcar essa reuni\u00e3o, C\u00e9sar? Mas porque voc\u00ea n\u00e3o me disse quando eu perguntei o prop\u00f3sito disso?&#8221;, questionar\u00e1 Bebel. &#8220;Ele n\u00e3o quis adiantar&#8221;, afirmar\u00e1 o explorador.<\/p>\n<p>Em seguida, Luna afirmar\u00e1 que n\u00e3o poder\u00e1 esperar muito mais tempo, pois ela e Miguel ter\u00e3o outro compromisso. Ser\u00e1 o momento que Pascoal entrar\u00e1 na sala com Sabrina, e o advogado e a designer de biojoias ficar\u00e3o surpreendidos.<\/p>\n<p>&#8220;O que voc\u00ea est\u00e1 fazendo aqui com a Sabrina Ratazana?&#8221;, perguntar\u00e1 Miguel.<\/p>\n<p>Pascoal esclarecer\u00e1 que na hora certa todos v\u00e3o saber, mas ser\u00e1 rebatida por Bebel. Nesse momento, Preciosa tamb\u00e9m chegar\u00e1 ao local. &#8220;Desculpem o atraso! Mas para que \u00e9 essa reuni\u00e3o, afinal, papai? Tanta gente!&#8221;, falar\u00e1 Preciosa, que fingir\u00e1 n\u00e3o saber quem \u00e9 Sabrina. &#8220;Quem \u00e9 essa?&#8221;.<\/p>\n<p>&#8220;Essa \u00e9 a coordenadora da cooperativa que causou todo o problema no lan\u00e7amento da cole\u00e7\u00e3o da Luna&#8221;, afirmar\u00e1 Pascoal.<\/p>\n<p>&#8220;Como voc\u00ea tem coragem de explorar trabalho infantil. Isso \u00e9 uma vergonha!&#8221;, se exaltar\u00e1 Bebel.<br \/>\nLogo, Sabrina explicar\u00e1 que j\u00e1 desativou a cooperativa. Na sala, Luna estar\u00e1 impaciente e perguntar\u00e1 a raz\u00e3o daquela reuni\u00e3o a Pascoal. &#8220;Vamos deixar minha convidada falar, por favor&#8221;, dir\u00e1 o vil\u00e3o.<\/p>\n<p>&#8220;O Pascoal me falou de tudo o que aconteceu. Eu n\u00e3o sabia que iam me usar pra sujar o teu nome, mo\u00e7a&#8221;, dir\u00e1 Sabrina.<\/p>\n<p>C\u00e9sar questionar\u00e1 onde Sabrina quer chegar com aquela conversa. &#8220;Eu vim dizer que nunca vi essa mo\u00e7a na vida. Foi o Pascoal que me procurou&#8221;, explicar\u00e1 Sabrina.<\/p>\n<p>Diante da sabotagem de Preciosa e Pascoal, Luna se exaltar\u00e1 e jogar\u00e1 a verdade na reuni\u00e3o.<\/p>\n<p>&#8220;Mentira! N\u00e3o sei o que te ofereceram para participar dessa farsa. Mas esses dois agiram juntos! E destru\u00edram o meu nome!&#8221;, dir\u00e1 ela.<\/p>\n<p>A designer de biojoias vai se emocionar a contar toda a sua trajet\u00f3ria profissional. &#8220;Eu sou uma trabalhadora, que me associo a outros artistas, artes\u00e3os e cooperativados, numa batalha danada pra fazer o nosso nome. E a\u00ed vem voc\u00ea, do alto dos seus luxos e mimos, por raiva, rancor e leva pra lama o trabalho dessa gente toda? Porque n\u00e3o foi s\u00f3 a mim que voc\u00ea derrubou, Preciosa!&#8221;. Por sua vez, a megera rebater\u00e1 e dir\u00e1 que n\u00e3o fez a sabotagem.<\/p>\n<p>&#8220;Fez! Voc\u00ea sabe que fez! Porque estamos falando do seu \u00fanico prop\u00f3sito! Voc\u00ea acorda todos os dias com um \u00fanico objetivo: acabar com essa irm\u00e3 que voc\u00ea n\u00e3o aceita, que voc\u00ea rejeita e despreza, s\u00f3 por existir. Sinto muito se dividimos o mesmo pai, sinto muito se eu e o meu trabalho te incomodamos tanto! Confessa que foi voc\u00ea, Preciosa&#8221;, dir\u00e1 Luna.<\/p>\n<p>Como resposta, Peciosa afirmar\u00e1 que n\u00e3o tem nada para confessar. Ser\u00e1 quando Sabrina n\u00e3o vai se aguentar e adiantar\u00e1 a confiss\u00e3o.<\/p>\n<p>&#8220;Mas eu vou falar a verdade! Foram esses dois a\u00ed, juntos, que me procuraram pra acabar com a tua farra, garota!&#8221;, declarar\u00e1 Sabrina.<br \/>\n<!--THE END--><br \/>\n<a href=\"https:\/\/www.tvnovelas.com.br\/novelas\/resumos-de-fuzue\/\" target=\"_blank\" rel=\"noopener\">Confira os resumos da semana de &#8216;Fuzu\u00ea&#8217;<\/a><br \/>\n<strong style=\"font-size: 120%;\">\u00daltimas not\u00edcias de Fuzu\u00ea:<\/strong><br \/>\n<div class=\"pt-cv-wrapper\"><div class=\"pt-cv-view pt-cv-grid pt-cv-colsys\" id=\"pt-cv-view-f2001fcqsk\"><div data-id=\"pt-cv-page-1\" class=\"pt-cv-page\" data-cvc=\"1\"><div class=\"col-md-12 col-sm-12 col-xs-12 pt-cv-content-item pt-cv-1-col\" ><div class='pt-cv-ifield'><h4 class=\"pt-cv-title\"><a href=\"https:\/\/www.tvnovelas.com.br\/tvnews\/fuzue-cesar-e-preciosa-planejam-novo-roubo-do-tesouro-da-dama-de-ouro\/\" class=\"_blank\" target=\"_blank\" >Fuzu\u00ea: C\u00e9sar e Preciosa planejam novo roubo do tesouro da Dama de Ouro<\/a><\/h4><\/div><\/div>\n<div class=\"col-md-12 col-sm-12 col-xs-12 pt-cv-content-item pt-cv-1-col\" ><div class='pt-cv-ifield'><h4 class=\"pt-cv-title\"><a href=\"https:\/\/www.tvnovelas.com.br\/tvnews\/fuzue-julgado-merreca-pega-6-anos-no-art-121\/\" class=\"_blank\" target=\"_blank\" >Fuzu\u00ea: julgado, Merreca pega 6 anos no art. 121<\/a><\/h4><\/div><\/div>\n<div class=\"col-md-12 col-sm-12 col-xs-12 pt-cv-content-item pt-cv-1-col\" ><div class='pt-cv-ifield'><h4 class=\"pt-cv-title\"><a href=\"https:\/\/www.tvnovelas.com.br\/tvnews\/fuzue-luna-compra-a-conde-de-montebello-e-planeja-torna-la-filial-da-fuzue\/\" class=\"_blank\" target=\"_blank\" >Fuzu\u00ea: Luna compra a Conde de Montebello e planeja torn\u00e1-la filial da Fuzu\u00ea<\/a><\/h4><\/div><\/div>\n<div class=\"col-md-12 col-sm-12 col-xs-12 pt-cv-content-item pt-cv-1-col\" ><div class='pt-cv-ifield'><h4 class=\"pt-cv-title\"><a href=\"https:\/\/www.tvnovelas.com.br\/tvnews\/fuzue-heitor-manda-preciosa-escolher-entre-ele-e-cesar-montebello\/\" class=\"_blank\" target=\"_blank\" >Fuzu\u00ea: Heitor manda Preciosa escolher entre ele e C\u00e9sar Montebello<\/a><\/h4><\/div><\/div>\n<div class=\"col-md-12 col-sm-12 col-xs-12 pt-cv-content-item pt-cv-1-col\" ><div class='pt-cv-ifield'><h4 class=\"pt-cv-title\"><a href=\"https:\/\/www.tvnovelas.com.br\/tvnews\/fuzue-luna-compra-o-apartamento-de-bebel\/\" class=\"_blank\" target=\"_blank\" >Fuzu\u00ea: Luna compra o apartamento de Bebel<\/a><\/h4><\/div><\/div>\n<div class=\"col-md-12 col-sm-12 col-xs-12 pt-cv-content-item pt-cv-1-col\" ><div class='pt-cv-ifield'><h4 class=\"pt-cv-title\"><a href=\"https:\/\/www.tvnovelas.com.br\/tvnews\/fuzue-cesar-arma-e-nero-e-acusado-de-sonegar-impostos\/\" class=\"_blank\" target=\"_blank\" >Fuzu\u00ea: C\u00e9sar arma, e Nero \u00e9 acusado de sonegar impostos<\/a><\/h4><\/div><\/div><\/div><\/div><\/div><br \/>\n<strong style=\"font-size: 120%;\">\u00daltimas not\u00edcias deste site:<\/strong><br \/>\n<div class=\"pt-cv-wrapper\"><div class=\"pt-cv-view pt-cv-grid pt-cv-colsys\" id=\"pt-cv-view-90991035b3\"><div data-id=\"pt-cv-page-1\" class=\"pt-cv-page\" data-cvc=\"1\"><div class=\"col-md-12 col-sm-12 col-xs-12 pt-cv-content-item pt-cv-1-col\" ><div class='pt-cv-ifield'><h4 class=\"pt-cv-title\"><a href=\"https:\/\/www.tvnovelas.com.br\/tvnews\/coracao-de-mae-irmak-inicia-jogo-arriscado-contra-adnan\/\" class=\"_self\" target=\"_self\" >Cora\u00e7\u00e3o de M\u00e3e: Irmak inicia jogo arriscado contra Adnan<\/a><\/h4><\/div><\/div>\n<div class=\"col-md-12 col-sm-12 col-xs-12 pt-cv-content-item pt-cv-1-col\" ><div class='pt-cv-ifield'><h4 class=\"pt-cv-title\"><a href=\"https:\/\/www.tvnovelas.com.br\/tvnews\/guerra-das-rosas-omer-chama-gulru-vestida-de-noiva-para-fugir\/\" class=\"_self\" target=\"_self\" >Guerra das Rosas: Omer chama Gulru vestida de noiva para fugir<\/a><\/h4><\/div><\/div>\n<div class=\"col-md-12 col-sm-12 col-xs-12 pt-cv-content-item pt-cv-1-col\" ><div class='pt-cv-ifield'><h4 class=\"pt-cv-title\"><a href=\"https:\/\/www.tvnovelas.com.br\/tvnews\/coracao-de-mae-reha-sai-para-jantar-com-selvi\/\" class=\"_self\" target=\"_self\" >Cora\u00e7\u00e3o de M\u00e3e: Reha sai para jantar com Selvi<\/a><\/h4><\/div><\/div>\n<div class=\"col-md-12 col-sm-12 col-xs-12 pt-cv-content-item pt-cv-1-col\" ><div class='pt-cv-ifield'><h4 class=\"pt-cv-title\"><a href=\"https:\/\/www.tvnovelas.com.br\/tvnews\/coracao-acelerado-zila-se-preocupa-com-sua-situacao-apos-separacao\/\" class=\"_self\" target=\"_self\" >Cora\u00e7\u00e3o Acelerado: Zil\u00e1 se preocupa com sua situa\u00e7\u00e3o ap\u00f3s separa\u00e7\u00e3o<\/a><\/h4><\/div><\/div>\n<div class=\"col-md-12 col-sm-12 col-xs-12 pt-cv-content-item pt-cv-1-col\" ><div class='pt-cv-ifield'><h4 class=\"pt-cv-title\"><a href=\"https:\/\/www.tvnovelas.com.br\/tvnews\/a-nobreza-do-amor-tonho-nao-se-curva-diante-de-mirinho\/\" class=\"_self\" target=\"_self\" >A Nobreza do Amor: Tonho n\u00e3o se curva diante de Mirinho<\/a><\/h4><\/div><\/div>\n<div class=\"col-md-12 col-sm-12 col-xs-12 pt-cv-content-item pt-cv-1-col\" ><div class='pt-cv-ifield'><h4 class=\"pt-cv-title\"><a href=\"https:\/\/www.tvnovelas.com.br\/tvnews\/tres-gracas-arminda-surta-ao-confirmar-que-ferette-e-pai-de-raul\/\" class=\"_self\" target=\"_self\" >Tr\u00eas Gra\u00e7as:  Arminda surta ao confirmar que Ferette \u00e9 pai de Raul<\/a><\/h4><\/div><\/div>\n<div class=\"col-md-12 col-sm-12 col-xs-12 pt-cv-content-item pt-cv-1-col\" ><div class='pt-cv-ifield'><h4 class=\"pt-cv-title\"><a href=\"https:\/\/www.tvnovelas.com.br\/tvnews\/coracao-de-mae-atilla-confronta-hasan-e-exige-o-divorcio-de-lale\/\" class=\"_self\" target=\"_self\" >Cora\u00e7\u00e3o de M\u00e3e: Atilla confronta Hasan e exige o div\u00f3rcio de Lale<\/a><\/h4><\/div><\/div>\n<div class=\"col-md-12 col-sm-12 col-xs-12 pt-cv-content-item pt-cv-1-col\" ><div class='pt-cv-ifield'><h4 class=\"pt-cv-title\"><a href=\"https:\/\/www.tvnovelas.com.br\/tvnews\/guerra-das-rosas-gulfem-coloca-gulru-contra-a-parede\/\" class=\"_self\" target=\"_self\" >Guerra das Rosas: Gulfem coloca Gulru contra a parede<\/a><\/h4><\/div><\/div>\n<div class=\"col-md-12 col-sm-12 col-xs-12 pt-cv-content-item pt-cv-1-col\" ><div class='pt-cv-ifield'><h4 class=\"pt-cv-title\"><a href=\"https:\/\/www.tvnovelas.com.br\/tvnews\/coracao-de-mae-atilla-diz-a-lale-que-quer-o-divorcio\/\" class=\"_self\" target=\"_self\" >Cora\u00e7\u00e3o de M\u00e3e: Atilla diz a Lale que quer o div\u00f3rcio<\/a><\/h4><\/div><\/div>\n<div class=\"col-md-12 col-sm-12 col-xs-12 pt-cv-content-item pt-cv-1-col\" ><div class='pt-cv-ifield'><h4 class=\"pt-cv-title\"><a href=\"https:\/\/www.tvnovelas.com.br\/tvnews\/a-nobreza-do-amor-mirinho-garante-noivado-com-virginia-para-atrair-sogro-a-negocio\/\" class=\"_self\" target=\"_self\" >A Nobreza do Amor: Mirinho garante noivado com Virg\u00ednia para atrair sogro a neg\u00f3cio<\/a><\/h4><\/div><\/div><\/div><\/div><\/div><br \/>\n<a href=\"https:\/\/www.tvnovelas.com.br\/novelas\/\"><strong>Confira os resumos da semana de todas novelas<\/strong><\/a><\/p>\n<h3>Confira tamb\u00e9m<\/h3>\n<p><a href=\"https:\/\/www.tvnovelas.com.br\/filmes\/\" target=\"_blank\" rel=\"noopener noreferrer\"><strong>Programa\u00e7\u00e3o de filmes na TV aberta<\/strong><\/a><br \/>\n<a href=\"https:\/\/caetenews.com.br\/semana\/filmes-da-globo-na-sessao-da-tarde-desta-semana\/\" target=\"_blank\" rel=\"noopener\"><strong>Confira os filmes da semana na Sess\u00e3o da Tarde<\/strong><\/a><br \/>\n<a href=\"https:\/\/www.tvnovelas.com.br\/novelas\/\" target=\"_blank\" rel=\"noopener noreferrer\"><strong>Resumos de novelas<\/strong><\/a><\/p>\n","protected":false},"excerpt":{"rendered":"<p>Em Fuzu\u00ea, Luna (Giovana Cordeiro) caiu na sabotagem feita por Preciosa (Marina Ruy Barbosa) e Pascoal (Juliano Cazarr\u00e9), que associaram&#8230;<\/p>\n","protected":false},"author":1,"featured_media":61173,"comment_status":"closed","ping_status":"closed","sticky":false,"template":"","format":"standard","meta":{"_uf_show_specific_survey":0,"_uf_disable_surveys":false,"_jetpack_memberships_contains_paid_content":false,"footnotes":"","_wp_rev_ctl_limit":""},"categories":[396],"tags":[643,399,5,64,437],"class_list":["post-61172","post","type-post","status-publish","format-standard","has-post-thumbnail","hentry","category-fuzue","tag-biojoias","tag-fuzue","tag-globo","tag-novelas","tag-sabotagem","wpcat-396-id"],"aioseo_notices":[],"jetpack_featured_media_url":"https:\/\/i0.wp.com\/www.tvnovelas.com.br\/tvnews\/wp-content\/uploads\/2024\/01\/39193.jpg?fit=728%2C410&ssl=1","jetpack_shortlink":"https:\/\/wp.me\/pdP2BO-fUE","jetpack_sharing_enabled":true,"_links":{"self":[{"href":"https:\/\/www.tvnovelas.com.br\/tvnews\/wp-json\/wp\/v2\/posts\/61172","targetHints":{"allow":["GET"]}}],"collection":[{"href":"https:\/\/www.tvnovelas.com.br\/tvnews\/wp-json\/wp\/v2\/posts"}],"about":[{"href":"https:\/\/www.tvnovelas.com.br\/tvnews\/wp-json\/wp\/v2\/types\/post"}],"author":[{"embeddable":true,"href":"https:\/\/www.tvnovelas.com.br\/tvnews\/wp-json\/wp\/v2\/users\/1"}],"replies":[{"embeddable":true,"href":"https:\/\/www.tvnovelas.com.br\/tvnews\/wp-json\/wp\/v2\/comments?post=61172"}],"version-history":[{"count":1,"href":"https:\/\/www.tvnovelas.com.br\/tvnews\/wp-json\/wp\/v2\/posts\/61172\/revisions"}],"predecessor-version":[{"id":61174,"href":"https:\/\/www.tvnovelas.com.br\/tvnews\/wp-json\/wp\/v2\/posts\/61172\/revisions\/61174"}],"wp:featuredmedia":[{"embeddable":true,"href":"https:\/\/www.tvnovelas.com.br\/tvnews\/wp-json\/wp\/v2\/media\/61173"}],"wp:attachment":[{"href":"https:\/\/www.tvnovelas.com.br\/tvnews\/wp-json\/wp\/v2\/media?parent=61172"}],"wp:term":[{"taxonomy":"category","embeddable":true,"href":"https:\/\/www.tvnovelas.com.br\/tvnews\/wp-json\/wp\/v2\/categories?post=61172"},{"taxonomy":"post_tag","embeddable":true,"href":"https:\/\/www.tvnovelas.com.br\/tvnews\/wp-json\/wp\/v2\/tags?post=61172"}],"curies":[{"name":"wp","href":"https:\/\/api.w.org\/{rel}","templated":true}]}}