{"id":61254,"date":"2024-01-08T14:55:39","date_gmt":"2024-01-08T17:55:39","guid":{"rendered":"https:\/\/www.tvnovelas.com.br\/tvnews\/?p=61254"},"modified":"2024-01-23T10:02:39","modified_gmt":"2024-01-23T13:02:39","slug":"familia-e-tudo-e-a-proxima-novela-das-7","status":"publish","type":"post","link":"https:\/\/www.tvnovelas.com.br\/tvnews\/familia-e-tudo-e-a-proxima-novela-das-7\/","title":{"rendered":"Fam\u00edlia \u00e9 Tudo \u00e9 a pr\u00f3xima novela das 7"},"content":{"rendered":"<p><em>Fam\u00edlia \u00e9 Tudo \u00e9 a pr\u00f3xima novela das 7<\/em><br \/>\n<img data-recalc-dims=\"1\" decoding=\"async\" class=\"alignnone wp-image-61255 size-full\" title=\"(Foto: Globo\/Manoella Mello)\" src=\"https:\/\/i0.wp.com\/www.tvnovelas.com.br\/tvnews\/wp-content\/uploads\/2024\/01\/39213.jpg?resize=728%2C410&#038;ssl=1\" alt=\"Foto em Fam\u00edlia \u00e9 Tudo \u00e9 a pr\u00f3xima novela das 7\" width=\"728\" height=\"410\" srcset=\"https:\/\/i0.wp.com\/www.tvnovelas.com.br\/tvnews\/wp-content\/uploads\/2024\/01\/39213.jpg?w=728&amp;ssl=1 728w, https:\/\/i0.wp.com\/www.tvnovelas.com.br\/tvnews\/wp-content\/uploads\/2024\/01\/39213.jpg?resize=678%2C381&amp;ssl=1 678w\" sizes=\"(max-width: 728px) 100vw, 728px\" \/><br \/>\nA com\u00e9dia rom\u00e2ntica &#8216;Fam\u00edlia \u00e9 Tudo&#8217; ser\u00e1 a nova novela das sete. Criada e escrita por Daniel Ortiz com dire\u00e7\u00e3o art\u00edstica de Fred Mayrink, vai orbitar pelas alegrias, aventuras e conflitos que marcam as rela\u00e7\u00f5es familiares. A estreia est\u00e1 prevista para mar\u00e7o.<\/p>\n<p>Em Fam\u00edlia \u00e9 Tudo, a av\u00f3, Frida Mancini (Arlete Salles), sonha reunir seus cinco netos \u2013 V\u00eanus (Nathalia Dill), J\u00fapiter (Thiago Martins), Andr\u00f4meda (Ramille), Electra (Juliana Paiva) e Plut\u00e3o (Isacque Lopes) \u2013, que est\u00e3o h\u00e1 anos sem se ver. Mais do que isso, ela deseja \u2013 e far\u00e1 qualquer coisa \u2013 para ter sua fam\u00edlia unida novamente. Por ironia ou n\u00e3o do destino, \u00e9 seu desaparecimento que promove a uni\u00e3o do cl\u00e3. Mas ser\u00e1 que apenas o desejo de uma matriarca \u00e9 capaz de superar as diferen\u00e7as de personalidade, o tempo e a dist\u00e2ncia f\u00edsica que separaram a fam\u00edlia?<\/p>\n<p>Para a obstinada Frida, dona da gravadora Mancini Music, sim. Confiante na reuni\u00e3o da fam\u00edlia, a av\u00f3 organiza um cruzeiro para celebrar seu anivers\u00e1rio e o de sua irm\u00e3 g\u00eamea, Catarina (Arlete Salles). Por\u00e9m, em meio a rusgas e arma\u00e7\u00f5es, os netos n\u00e3o comparecem e ela embarca apenas com a irm\u00e3 e o sobrinho Hans (Raphael Logam). Mas um acidente em pleno alto mar resulta em um misterioso sumi\u00e7o.<\/p>\n<p>Ao ser dada como morta, Frida surpreende a todos com seu testamento. Com diferentes motiva\u00e7\u00f5es e liderados por V\u00eanus, os irm\u00e3os Mancini v\u00e3o encarar uma miss\u00e3o que transformar\u00e1 suas vidas: al\u00e9m de morar juntos, a despeito das diferen\u00e7as entre si, ter\u00e3o que trabalhar para reconstruir o lugar que marcou o in\u00edcio da gravadora da fam\u00edlia, criada por sua av\u00f3. A meta \u00e9 clara: ao final de um ano, se o desempenho dos irm\u00e3os n\u00e3o for satisfat\u00f3rio eles n\u00e3o ganham nada e a heran\u00e7a a que teriam direito ser\u00e1 entregue ao sobrinho ambicioso que, junto com a m\u00e3e, Catarina, nunca mediu esfor\u00e7os para atrapalhar a rela\u00e7\u00e3o entre av\u00f3 e netos.<br \/>\n<!--FIM DO POST--><br \/>\n<strong style=\"font-size: 120%;\">\u00daltimas not\u00edcias deste canal:<\/strong><br \/>\n<div class=\"pt-cv-wrapper\"><div class=\"pt-cv-view pt-cv-grid pt-cv-colsys\" id=\"pt-cv-view-90991035b3\"><div data-id=\"pt-cv-page-1\" class=\"pt-cv-page\" data-cvc=\"1\"><div class=\"col-md-12 col-sm-12 col-xs-12 pt-cv-content-item pt-cv-1-col\" ><div class='pt-cv-ifield'><h4 class=\"pt-cv-title\"><a href=\"https:\/\/www.tvnovelas.com.br\/tvnews\/coracao-de-mae-atilla-confronta-hasan-e-exige-o-divorcio-de-lale\/\" class=\"_self\" target=\"_self\" >Cora\u00e7\u00e3o de M\u00e3e: Atilla confronta Hasan e exige o div\u00f3rcio de Lale<\/a><\/h4><\/div><\/div>\n<div class=\"col-md-12 col-sm-12 col-xs-12 pt-cv-content-item pt-cv-1-col\" ><div class='pt-cv-ifield'><h4 class=\"pt-cv-title\"><a href=\"https:\/\/www.tvnovelas.com.br\/tvnews\/guerra-das-rosas-gulfem-coloca-gulru-contra-a-parede\/\" class=\"_self\" target=\"_self\" >Guerra das Rosas: Gulfem coloca Gulru contra a parede<\/a><\/h4><\/div><\/div>\n<div class=\"col-md-12 col-sm-12 col-xs-12 pt-cv-content-item pt-cv-1-col\" ><div class='pt-cv-ifield'><h4 class=\"pt-cv-title\"><a href=\"https:\/\/www.tvnovelas.com.br\/tvnews\/coracao-de-mae-atilla-diz-a-lale-que-quer-o-divorcio\/\" class=\"_self\" target=\"_self\" >Cora\u00e7\u00e3o de M\u00e3e: Atilla diz a Lale que quer o div\u00f3rcio<\/a><\/h4><\/div><\/div>\n<div class=\"col-md-12 col-sm-12 col-xs-12 pt-cv-content-item pt-cv-1-col\" ><div class='pt-cv-ifield'><h4 class=\"pt-cv-title\"><a href=\"https:\/\/www.tvnovelas.com.br\/tvnews\/a-nobreza-do-amor-mirinho-garante-noivado-com-virginia-para-atrair-sogro-a-negocio\/\" class=\"_self\" target=\"_self\" >A Nobreza do Amor: Mirinho garante noivado com Virg\u00ednia para atrair sogro a neg\u00f3cio<\/a><\/h4><\/div><\/div>\n<div class=\"col-md-12 col-sm-12 col-xs-12 pt-cv-content-item pt-cv-1-col\" ><div class='pt-cv-ifield'><h4 class=\"pt-cv-title\"><a href=\"https:\/\/www.tvnovelas.com.br\/tvnews\/tres-gracas-joaquim-propoe-fuga-a-arminda-com-o-dinheiro-das-tres-gracas\/\" class=\"_self\" target=\"_self\" >Tr\u00eas Gra\u00e7as:  Joaquim prop\u00f5e fuga a Arminda com o dinheiro das Tr\u00eas Gra\u00e7as<\/a><\/h4><\/div><\/div>\n<div class=\"col-md-12 col-sm-12 col-xs-12 pt-cv-content-item pt-cv-1-col\" ><div class='pt-cv-ifield'><h4 class=\"pt-cv-title\"><a href=\"https:\/\/www.tvnovelas.com.br\/tvnews\/coracao-de-mae-atilla-decide-abrir-o-jogo-com-karsu\/\" class=\"_self\" target=\"_self\" >Cora\u00e7\u00e3o de M\u00e3e: Atilla decide abrir o jogo com Karsu<\/a><\/h4><\/div><\/div>\n<div class=\"col-md-12 col-sm-12 col-xs-12 pt-cv-content-item pt-cv-1-col\" ><div class='pt-cv-ifield'><h4 class=\"pt-cv-title\"><a href=\"https:\/\/www.tvnovelas.com.br\/tvnews\/coracao-de-mae-adnan-e-preso-apos-denuncia-de-irmak\/\" class=\"_self\" target=\"_self\" >Em Cora\u00e7\u00e3o de M\u00e3e: Adnan \u00e9 preso ap\u00f3s denuncia de Irmak<\/a><\/h4><\/div><\/div>\n<div class=\"col-md-12 col-sm-12 col-xs-12 pt-cv-content-item pt-cv-1-col\" ><div class='pt-cv-ifield'><h4 class=\"pt-cv-title\"><a href=\"https:\/\/www.tvnovelas.com.br\/tvnews\/coracao-de-mae-atilla-forca-karsu-a-ouvir-suas-explicacoes\/\" class=\"_self\" target=\"_self\" >Cora\u00e7\u00e3o de M\u00e3e: Atilla for\u00e7a Karsu a ouvir suas explica\u00e7\u00f5es<\/a><\/h4><\/div><\/div>\n<div class=\"col-md-12 col-sm-12 col-xs-12 pt-cv-content-item pt-cv-1-col\" ><div class='pt-cv-ifield'><h4 class=\"pt-cv-title\"><a href=\"https:\/\/www.tvnovelas.com.br\/tvnews\/coracao-acelerado-mulher-choca-janete-ao-se-apresentar-como-amante-do-palhares\/\" class=\"_self\" target=\"_self\" >Cora\u00e7\u00e3o Acelerado: Mulher choca Janete ao se apresentar como amante do Palhares<\/a><\/h4><\/div><\/div>\n<div class=\"col-md-12 col-sm-12 col-xs-12 pt-cv-content-item pt-cv-1-col\" ><div class='pt-cv-ifield'><h4 class=\"pt-cv-title\"><a href=\"https:\/\/www.tvnovelas.com.br\/tvnews\/a-nobreza-do-amor-jendal-dobra-a-recompensa-por-alika\/\" class=\"_self\" target=\"_self\" >A Nobreza do Amor: Jendal dobra a recompensa por Alika<\/a><\/h4><\/div><\/div><\/div><\/div><\/div><\/p>\n<h3>Confira tamb\u00e9m<\/h3>\n<p><a href=\"https:\/\/www.tvnovelas.com.br\/novelas\/\"><strong>Confira os resumos da semana de todas novelas<\/strong><\/a><br \/>\n<a href=\"https:\/\/www.tvnovelas.com.br\/filmes\/\" target=\"_blank\" rel=\"noopener noreferrer\"><strong>Programa\u00e7\u00e3o de filmes na TV aberta<\/strong><\/a><br \/>\n<a href=\"https:\/\/caetenews.com.br\/semana\/filmes-da-globo-na-sessao-da-tarde-desta-semana\/\" target=\"_blank\" rel=\"noopener\"><strong>Confira os filmes da semana na Sess\u00e3o da Tarde<\/strong><\/a><\/p>\n<p>Arlete Salles, V\u00eanus, Nathalia Dill, J\u00fapiter, Thiago Martins, Andr\u00f4meda (Ramille, Electra, Juliana Paiva Plut\u00e3o, Isacque Lopes<\/p>\n","protected":false},"excerpt":{"rendered":"<p>A com\u00e9dia rom\u00e2ntica \ud835\udc05\ud835\udc1a\ud835\udc26\u00ed\ud835\udc25\ud835\udc22\ud835\udc1a \u00e9 \ud835\udc13\ud835\udc2e\ud835\udc1d\ud835\udc28 ser\u00e1 a nova novela das sete. Criada e escrita por Daniel Ortiz com dire\u00e7\u00e3o art\u00edstica de Fred Mayrink, vai orbitar pelas alegrias&#8230;<\/p>\n","protected":false},"author":1,"featured_media":61255,"comment_status":"closed","ping_status":"closed","sticky":false,"template":"","format":"standard","meta":{"_uf_show_specific_survey":0,"_uf_disable_surveys":false,"_jetpack_memberships_contains_paid_content":false,"footnotes":"","_wp_rev_ctl_limit":""},"categories":[689],"tags":[695,691,696,690,5,698,697,693,49,64,694,692],"class_list":["post-61254","post","type-post","status-publish","format-standard","has-post-thumbnail","hentry","category-familia-e-tudo","tag-andromeda-ramille","tag-arlete-salles","tag-electra","tag-familia-e-tudo","tag-globo","tag-isacque-lopes","tag-juliana-paiva-plutao","tag-jupiter","tag-nathalia-dill","tag-novelas","tag-thiago-martins","tag-venus","wpcat-689-id"],"aioseo_notices":[],"jetpack_featured_media_url":"https:\/\/i0.wp.com\/www.tvnovelas.com.br\/tvnews\/wp-content\/uploads\/2024\/01\/39213.jpg?fit=728%2C410&ssl=1","jetpack_shortlink":"https:\/\/wp.me\/pdP2BO-fVY","jetpack_sharing_enabled":true,"_links":{"self":[{"href":"https:\/\/www.tvnovelas.com.br\/tvnews\/wp-json\/wp\/v2\/posts\/61254","targetHints":{"allow":["GET"]}}],"collection":[{"href":"https:\/\/www.tvnovelas.com.br\/tvnews\/wp-json\/wp\/v2\/posts"}],"about":[{"href":"https:\/\/www.tvnovelas.com.br\/tvnews\/wp-json\/wp\/v2\/types\/post"}],"author":[{"embeddable":true,"href":"https:\/\/www.tvnovelas.com.br\/tvnews\/wp-json\/wp\/v2\/users\/1"}],"replies":[{"embeddable":true,"href":"https:\/\/www.tvnovelas.com.br\/tvnews\/wp-json\/wp\/v2\/comments?post=61254"}],"version-history":[{"count":2,"href":"https:\/\/www.tvnovelas.com.br\/tvnews\/wp-json\/wp\/v2\/posts\/61254\/revisions"}],"predecessor-version":[{"id":61876,"href":"https:\/\/www.tvnovelas.com.br\/tvnews\/wp-json\/wp\/v2\/posts\/61254\/revisions\/61876"}],"wp:featuredmedia":[{"embeddable":true,"href":"https:\/\/www.tvnovelas.com.br\/tvnews\/wp-json\/wp\/v2\/media\/61255"}],"wp:attachment":[{"href":"https:\/\/www.tvnovelas.com.br\/tvnews\/wp-json\/wp\/v2\/media?parent=61254"}],"wp:term":[{"taxonomy":"category","embeddable":true,"href":"https:\/\/www.tvnovelas.com.br\/tvnews\/wp-json\/wp\/v2\/categories?post=61254"},{"taxonomy":"post_tag","embeddable":true,"href":"https:\/\/www.tvnovelas.com.br\/tvnews\/wp-json\/wp\/v2\/tags?post=61254"}],"curies":[{"name":"wp","href":"https:\/\/api.w.org\/{rel}","templated":true}]}}