{"id":61609,"date":"2024-01-16T13:53:33","date_gmt":"2024-01-16T16:53:33","guid":{"rendered":"https:\/\/www.tvnovelas.com.br\/tvnews\/?p=61609"},"modified":"2024-01-16T13:53:33","modified_gmt":"2024-01-16T16:53:33","slug":"globoplay-estreia-nova-temporada-de-vicky-e-a-musa-dia-24","status":"publish","type":"post","link":"https:\/\/www.tvnovelas.com.br\/tvnews\/globoplay-estreia-nova-temporada-de-vicky-e-a-musa-dia-24\/","title":{"rendered":"Globoplay estreia Nova temporada de \u2018Vicky e a Musa\u2019 dia 24"},"content":{"rendered":"<p><em>Vicky e a Musa<\/em><br \/>\n<img data-recalc-dims=\"1\" decoding=\"async\" class=\"alignnone wp-image-61610 size-full\" title=\"(Foto: Globo\/Estevam Avellar)\" src=\"https:\/\/i0.wp.com\/www.tvnovelas.com.br\/tvnews\/wp-content\/uploads\/2024\/01\/39255.jpg?resize=728%2C410&#038;ssl=1\" alt=\"Foto em Vicky e a Musa\" width=\"728\" height=\"410\" srcset=\"https:\/\/i0.wp.com\/www.tvnovelas.com.br\/tvnews\/wp-content\/uploads\/2024\/01\/39255.jpg?w=728&amp;ssl=1 728w, https:\/\/i0.wp.com\/www.tvnovelas.com.br\/tvnews\/wp-content\/uploads\/2024\/01\/39255.jpg?resize=678%2C381&amp;ssl=1 678w\" sizes=\"(max-width: 728px) 100vw, 728px\" \/><br \/>\nEmbalada por essa atmosfera, no dia 24 estreia a segunda temporada da s\u00e9rie \u2018Vicky e a Musa\u2019, original Globoplay, com 13 epis\u00f3dios in\u00e9ditos que continuam a hist\u00f3ria do primeiro musical dos Est\u00fadios Globo e misturam hits contempor\u00e2neos e sucessos atemporais na trilha sonora. Entre as novidades, a forma\u00e7\u00e3o de outros pares rom\u00e2nticos, refletindo como o in\u00edcio da juventude mexe com os personagens, que passam a lidar com diferentes descobertas, sentimentos, responsabilidades e desejos. Os novos cap\u00edtulos chegam juntos ao streaming da Globo e o p\u00fablico vai poder maratonar \u00e0 vontade a obra infantojuvenil, criada e escrita por Rosane Svartman.<\/p>\n<p>\u201cNa segunda temporada de \u2018Vicky e a Musa\u2019, alguns dos conflitos dos personagens se adensam no que diz respeito \u00e0 amizade, aos tri\u00e2ngulos amorosos, \u00e0 supera\u00e7\u00e3o de diversos obst\u00e1culos em suas vidas e \u00e0s rela\u00e7\u00f5es em fam\u00edlia\u201d, antecipa a autora, que ainda exalta qual a principal mensagem da s\u00e9rie. \u201cA arte \u00e9 importante, n\u00e3o s\u00f3 para quem faz arte, mas para todo mundo que sempre tem uma m\u00fasica predileta, um filme favorito, um livro ou uma pe\u00e7a que nunca esqueceu. A arte faz parte da nossa cultura. Pode ser uma forma de escaparmos da realidade e, tamb\u00e9m, de refletirmos sobre a realidade e sobre quem somos\u201d, avalia Rosane.<\/p>\n<p>Depois de a chegada dos deuses Euterpe (Bel Lima) e Dion\u00edsio (T\u00falio Starling) provocar uma transforma\u00e7\u00e3o na vida de Vicky (Cec\u00edlia Chancez), Luara (Tabatha Almeida) e toda a turma de Canto Belo atrav\u00e9s da arte, \u00e9 a vez do p\u00fablico acompanhar as reviravoltas do quarteto principal de adolescentes, que fica completo com Michel (Jean Paulo Campos) e Nico (Jo\u00e3o Guilherme). \u201cOs epis\u00f3dios est\u00e3o cheios de emo\u00e7\u00e3o! Para quem est\u00e1 com saudade, pode esperar por muita m\u00fasica, dan\u00e7a e mist\u00e9rio\u201d, conta Cec\u00edlia, a int\u00e9rprete de Vicky. Tabatha Almeida tamb\u00e9m n\u00e3o esconde a felicidade no reencontro com sua personagem, a Luara: \u201cEssa temporada tem um lugar especial no meu cora\u00e7\u00e3o. Acho que os f\u00e3s v\u00e3o perceber um amadurecimento de todos os personagens, tem muita trama nova e participa\u00e7\u00f5es especiais\u201d.<\/p>\n<p>Turbul\u00eancias nas vidas amorosas tamb\u00e9m v\u00e3o movimentar o n\u00facleo jovem adulto, que ganha mais espa\u00e7o com as tramas individuais de personagens como Isa (Malu Rodrigues), J\u00ea (Dan Ferreira) e Davi (Nicolas Prattes), o trio de amigos da \u2018Nossa Banda\u2019, sendo aprofundadas. Enquanto o namoro \u00e0 dist\u00e2ncia de Isa e J\u00ea esfria, depois da mudan\u00e7a da cantora e professora para Ventura, o romance entre Euterpe e Davi \u2013 que nem desconfia da origem mitol\u00f3gica da parceira \u2013 tem tudo para fazer quem est\u00e1 do outro lado da tela suspirar. \u201cPodem esperar por uma musa apaixonada, tentando decifrar os compromissos e as regras dos humanos\u201d, avisa a atriz Bel Lima sobre o desenrolar da trama de Euterpe.<\/p>\n<p>No \u00faltimo epis\u00f3dio da primeira temporada, ela, seu irm\u00e3o Dion\u00edsio e a trupe de novos artistas que querem manter viva a arte no bairro s\u00e3o surpreendidos com a volta de Orlando (Hilton Cobra), dono do Teatro Parnasus. \u201cLogo agora que estavam todos mobilizados para a montagem de uma pe\u00e7a teatral, teremos um grande conflito do grupo com o Orlando, que quer a todo custo vender o espa\u00e7o. E o amor pela arte ser\u00e1 decisivo no andamento da narrativa\u201d, revela o diretor art\u00edstico da s\u00e9rie Marcus Figueiredo. Em forma de m\u00fasica, a arte tamb\u00e9m promete transformar ainda mais as rotinas de Isa, J\u00ea e Davi, enchendo os cap\u00edtulos in\u00e9ditos com surpresas para quem virou f\u00e3 do fict\u00edcio grupo \u2018Nossa Banda\u2019.<br \/>\n<!--FIM DO POST--><br \/>\n<strong style=\"font-size: 120%;\">\u00daltimas not\u00edcias deste canal:<\/strong><br \/>\n<div class=\"pt-cv-wrapper\"><div class=\"pt-cv-view pt-cv-grid pt-cv-colsys\" id=\"pt-cv-view-90991035b3\"><div data-id=\"pt-cv-page-1\" class=\"pt-cv-page\" data-cvc=\"1\"><div class=\"col-md-12 col-sm-12 col-xs-12 pt-cv-content-item pt-cv-1-col\" ><div class='pt-cv-ifield'><h4 class=\"pt-cv-title\"><a href=\"https:\/\/www.tvnovelas.com.br\/tvnews\/em-a-nobreza-do-amor-na-semana-04-a-09-de-maio\/\" class=\"_self\" target=\"_self\" >Em A Nobreza do Amor na semana 04 a 09 de maio<\/a><\/h4><\/div><\/div>\n<div class=\"col-md-12 col-sm-12 col-xs-12 pt-cv-content-item pt-cv-1-col\" ><div class='pt-cv-ifield'><h4 class=\"pt-cv-title\"><a href=\"https:\/\/www.tvnovelas.com.br\/tvnews\/o-que-acontece-em-tres-gracas-na-semana-04-a-09-de-maio\/\" class=\"_self\" target=\"_self\" >O que acontece em Tr\u00eas Gra\u00e7as na semana 04 a 09 de maio<\/a><\/h4><\/div><\/div>\n<div class=\"col-md-12 col-sm-12 col-xs-12 pt-cv-content-item pt-cv-1-col\" ><div class='pt-cv-ifield'><h4 class=\"pt-cv-title\"><a href=\"https:\/\/www.tvnovelas.com.br\/tvnews\/coracao-de-mae-reha-entra-em-panico-com-a-prisao-de-adnan\/\" class=\"_self\" target=\"_self\" >Cora\u00e7\u00e3o de M\u00e3e: Reha entra em p\u00e2nico com a pris\u00e3o de Adnan<\/a><\/h4><\/div><\/div>\n<div class=\"col-md-12 col-sm-12 col-xs-12 pt-cv-content-item pt-cv-1-col\" ><div class='pt-cv-ifield'><h4 class=\"pt-cv-title\"><a href=\"https:\/\/www.tvnovelas.com.br\/tvnews\/guerra-das-rosas-mert-sequestra-gulru\/\" class=\"_self\" target=\"_self\" >Guerra das Rosas: Mert sequestra Gulru<\/a><\/h4><\/div><\/div>\n<div class=\"col-md-12 col-sm-12 col-xs-12 pt-cv-content-item pt-cv-1-col\" ><div class='pt-cv-ifield'><h4 class=\"pt-cv-title\"><a href=\"https:\/\/www.tvnovelas.com.br\/tvnews\/a-nobreza-do-amor-resistencia-sequestra-noivo-de-kenia-e-o-despacha-de-batanga\/\" class=\"_self\" target=\"_self\" >A Nobreza do Amor: Resist\u00eancia sequestra noivo de K\u00eania e o despacha de Batanga<\/a><\/h4><\/div><\/div>\n<div class=\"col-md-12 col-sm-12 col-xs-12 pt-cv-content-item pt-cv-1-col\" ><div class='pt-cv-ifield'><h4 class=\"pt-cv-title\"><a href=\"https:\/\/www.tvnovelas.com.br\/tvnews\/tres-gracas-joelly-e-gerluce-descobrem-que-filha-de-lena-e-a-bebe-roubada\/\" class=\"_self\" target=\"_self\" >Tr\u00eas Gra\u00e7as: Jo\u00e9lly e Gerluce descobrem que filha de Lena \u00e9 a beb\u00ea roubada<\/a><\/h4><\/div><\/div>\n<div class=\"col-md-12 col-sm-12 col-xs-12 pt-cv-content-item pt-cv-1-col\" ><div class='pt-cv-ifield'><h4 class=\"pt-cv-title\"><a href=\"https:\/\/www.tvnovelas.com.br\/tvnews\/em-coracao-de-mae-nos-proximos-capitulos-04-a-08-5\/\" class=\"_self\" target=\"_self\" >Em Cora\u00e7\u00e3o de M\u00e3e nos pr\u00f3ximos cap\u00edtulos (04 a 08\/5)<\/a><\/h4><\/div><\/div>\n<div class=\"col-md-12 col-sm-12 col-xs-12 pt-cv-content-item pt-cv-1-col\" ><div class='pt-cv-ifield'><h4 class=\"pt-cv-title\"><a href=\"https:\/\/www.tvnovelas.com.br\/tvnews\/coracao-de-mae-hasan-e-filiz-em-piquenique-romantico\/\" class=\"_self\" target=\"_self\" >Cora\u00e7\u00e3o de M\u00e3e: Hasan e Filiz em piquenique rom\u00e2ntico<\/a><\/h4><\/div><\/div>\n<div class=\"col-md-12 col-sm-12 col-xs-12 pt-cv-content-item pt-cv-1-col\" ><div class='pt-cv-ifield'><h4 class=\"pt-cv-title\"><a href=\"https:\/\/www.tvnovelas.com.br\/tvnews\/guerra-das-rosas-cihan-vibra-com-desistencia-de-gulru-de-casar-com-mert\/\" class=\"_self\" target=\"_self\" >Guerra das Rosas: Cihan vibra com desist\u00eancia de Gulru de casar com Mert<\/a><\/h4><\/div><\/div>\n<div class=\"col-md-12 col-sm-12 col-xs-12 pt-cv-content-item pt-cv-1-col\" ><div class='pt-cv-ifield'><h4 class=\"pt-cv-title\"><a href=\"https:\/\/www.tvnovelas.com.br\/tvnews\/coracao-de-mae-irmak-denuncia-adnan\/\" class=\"_self\" target=\"_self\" >Cora\u00e7\u00e3o de M\u00e3e: Irmak denuncia Adnan<\/a><\/h4><\/div><\/div><\/div><\/div><\/div><\/p>\n<h3>Confira tamb\u00e9m<\/h3>\n<p><a href=\"https:\/\/www.tvnovelas.com.br\/novelas\/\"><strong>Confira os resumos da semana de todas novelas<\/strong><\/a><br \/>\n<a href=\"https:\/\/www.tvnovelas.com.br\/filmes\/\" target=\"_blank\" rel=\"noopener noreferrer\"><strong>Programa\u00e7\u00e3o de filmes na TV aberta<\/strong><\/a><br \/>\n<a href=\"https:\/\/caetenews.com.br\/semana\/filmes-da-globo-na-sessao-da-tarde-desta-semana\/\" target=\"_blank\" rel=\"noopener\"><strong>Confira os filmes da semana na Sess\u00e3o da Tarde<\/strong><\/a><\/p>\n","protected":false},"excerpt":{"rendered":"<p>Embalada por essa atmosfera, no dia 24 estreia a segunda temporada da s\u00e9rie \u2018Vicky e a Musa\u2019, original Globoplay, com 13 epis\u00f3dios in\u00e9ditos que continuam a hist\u00f3ria&#8230;.<\/p>\n","protected":false},"author":1,"featured_media":61610,"comment_status":"closed","ping_status":"closed","sticky":false,"template":"","format":"standard","meta":{"_uf_show_specific_survey":0,"_uf_disable_surveys":false,"_jetpack_memberships_contains_paid_content":false,"footnotes":"","_wp_rev_ctl_limit":""},"categories":[286],"tags":[249,722],"class_list":["post-61609","post","type-post","status-publish","format-standard","has-post-thumbnail","hentry","category-globoplay","tag-globoplay","tag-vicky-e-a-musa","wpcat-286-id"],"aioseo_notices":[],"jetpack_featured_media_url":"https:\/\/i0.wp.com\/www.tvnovelas.com.br\/tvnews\/wp-content\/uploads\/2024\/01\/39255.jpg?fit=728%2C410&ssl=1","jetpack_shortlink":"https:\/\/wp.me\/pdP2BO-g1H","jetpack_sharing_enabled":true,"_links":{"self":[{"href":"https:\/\/www.tvnovelas.com.br\/tvnews\/wp-json\/wp\/v2\/posts\/61609","targetHints":{"allow":["GET"]}}],"collection":[{"href":"https:\/\/www.tvnovelas.com.br\/tvnews\/wp-json\/wp\/v2\/posts"}],"about":[{"href":"https:\/\/www.tvnovelas.com.br\/tvnews\/wp-json\/wp\/v2\/types\/post"}],"author":[{"embeddable":true,"href":"https:\/\/www.tvnovelas.com.br\/tvnews\/wp-json\/wp\/v2\/users\/1"}],"replies":[{"embeddable":true,"href":"https:\/\/www.tvnovelas.com.br\/tvnews\/wp-json\/wp\/v2\/comments?post=61609"}],"version-history":[{"count":1,"href":"https:\/\/www.tvnovelas.com.br\/tvnews\/wp-json\/wp\/v2\/posts\/61609\/revisions"}],"predecessor-version":[{"id":61611,"href":"https:\/\/www.tvnovelas.com.br\/tvnews\/wp-json\/wp\/v2\/posts\/61609\/revisions\/61611"}],"wp:featuredmedia":[{"embeddable":true,"href":"https:\/\/www.tvnovelas.com.br\/tvnews\/wp-json\/wp\/v2\/media\/61610"}],"wp:attachment":[{"href":"https:\/\/www.tvnovelas.com.br\/tvnews\/wp-json\/wp\/v2\/media?parent=61609"}],"wp:term":[{"taxonomy":"category","embeddable":true,"href":"https:\/\/www.tvnovelas.com.br\/tvnews\/wp-json\/wp\/v2\/categories?post=61609"},{"taxonomy":"post_tag","embeddable":true,"href":"https:\/\/www.tvnovelas.com.br\/tvnews\/wp-json\/wp\/v2\/tags?post=61609"}],"curies":[{"name":"wp","href":"https:\/\/api.w.org\/{rel}","templated":true}]}}