{"id":62061,"date":"2024-01-27T12:02:46","date_gmt":"2024-01-27T15:02:46","guid":{"rendered":"https:\/\/www.tvnovelas.com.br\/tvnews\/?p=62061"},"modified":"2024-01-26T16:42:55","modified_gmt":"2024-01-26T19:42:55","slug":"o-que-acontece-em-renascer-na-semana-29-01-a-03-02","status":"publish","type":"post","link":"https:\/\/www.tvnovelas.com.br\/tvnews\/o-que-acontece-em-renascer-na-semana-29-01-a-03-02\/","title":{"rendered":"O que acontece em Renascer na semana 29\/01 a 03\/02"},"content":{"rendered":"<p><em>Resumos de Renascer na semana 29\/01 a 03\/02<\/em><br \/>\n<img data-recalc-dims=\"1\" decoding=\"async\" class=\"alignnone wp-image-62064 size-full\" title=\"(Foto: Reprodu\u00e7\u00e3o\/ TV Globo\/Renascer)\" src=\"https:\/\/i0.wp.com\/www.tvnovelas.com.br\/tvnews\/wp-content\/uploads\/2024\/01\/39398.jpg?resize=728%2C410&#038;ssl=1\" alt=\"Foto em Renascer na semana 29\/01 a 03\/02\" width=\"728\" height=\"410\" srcset=\"https:\/\/i0.wp.com\/www.tvnovelas.com.br\/tvnews\/wp-content\/uploads\/2024\/01\/39398.jpg?w=728&amp;ssl=1 728w, https:\/\/i0.wp.com\/www.tvnovelas.com.br\/tvnews\/wp-content\/uploads\/2024\/01\/39398.jpg?resize=678%2C381&amp;ssl=1 678w\" sizes=\"(max-width: 728px) 100vw, 728px\" \/><\/p>\n<blockquote><p>Belarmino \u00e9 assassinado em uma emboscada; Jos\u00e9 Inoc\u00eancio e Maria Santa se casam; Maria Santa conta a Jos\u00e9 Inoc\u00eancio que est\u00e1 gr\u00e1vida; Maria Santa chega ao quarto parto: o beb\u00ea nasce, mas ela morre&#8230;<\/p><\/blockquote>\n<p><strong>Resumo de segunda-feira, 29 de janeiro<\/strong><br \/>\nIn\u00e1cia cuida dos ferimentos de Jos\u00e9 Inoc\u00eancio. Deocleciano e Jupar\u00e1 fingem a morte de Jos\u00e9 Inoc\u00eancio e convidam Belarmino e Firmino para o suposto vel\u00f3rio. Belarmino mente para Deocleciano afirmando que comprou a fazenda de Jos\u00e9 Inoc\u00eancio antes da \u2018morte\u2019 do fazendeiro. Firmino desconfia de Belarmino. No falso vel\u00f3rio, Belarmino se sente vitorioso e confessa ter atirado em Jos\u00e9 Inoc\u00eancio, que escuta a confiss\u00e3o. Jos\u00e9 Inoc\u00eancio se levanta e assusta Belarmino ao aparecer vivo. Ele obriga o coronel a vender sua fazenda para ele. Enfurecido e humilhado, Belarmino se vinga tamb\u00e9m de Firmino. Ao voltar para casa, Belarmino \u00e9 assassinado em uma emboscada.<\/p>\n<p><strong>Resumo de ter\u00e7a-feira, 30 de janeiro<\/strong><br \/>\nJos\u00e9 Inoc\u00eancio surpreende a todos ao aparecer vivo na casa de Jacutinga. Maria Santa emocionada com a revela\u00e7\u00e3o do fazendeiro comemora o \u2018milagre\u2019. Nena se desespera ao ver os corpos de Belarmino e Firmino. Jacutinga avisa a Jos\u00e9 Inoc\u00eancio que Maria Santa s\u00f3 deixar\u00e1 seu estabelecimento na condi\u00e7\u00e3o de casada. Jos\u00e9 Inoc\u00eancio garante aos funcion\u00e1rios de sua fazenda que n\u00e3o matou Belarmino. Jos\u00e9 Inoc\u00eancio convence Nena a vender a fazenda de Belarmino para ele. A vi\u00fava acaba aceitando a proposta. Jacutinga orienta Maria Santa sobre a vida de casal. Padre Santo avisa a Jos\u00e9 Inoc\u00eancio que s\u00f3 celebrar\u00e1 seu casamento com Maria Santa na casa de Jacutinga se n\u00e3o houver convidados. Norberto comenta com Deocleciano e Jupar\u00e1 que Eg\u00eddio largar\u00e1 os estudos para ficar na fazenda que era do pai. Padre Santo chega para celebrar o casamento e estranha ao ver a vila deserta.<br \/>\n<img data-recalc-dims=\"1\" decoding=\"async\" class=\"alignnone wp-image-62066 size-full\" title=\"(Foto: Reprodu\u00e7\u00e3o\/ TV Globo\/Renascer)\" src=\"https:\/\/i0.wp.com\/www.tvnovelas.com.br\/tvnews\/wp-content\/uploads\/2024\/01\/39398a.jpg?resize=728%2C409&#038;ssl=1\" alt=\"Foto em Renascer na semana 29\/01 a 03\/02\" width=\"728\" height=\"409\" srcset=\"https:\/\/i0.wp.com\/www.tvnovelas.com.br\/tvnews\/wp-content\/uploads\/2024\/01\/39398a.jpg?w=728&amp;ssl=1 728w, https:\/\/i0.wp.com\/www.tvnovelas.com.br\/tvnews\/wp-content\/uploads\/2024\/01\/39398a.jpg?resize=678%2C381&amp;ssl=1 678w\" sizes=\"(max-width: 728px) 100vw, 728px\" \/><\/p>\n<p><strong>Resumo de quarta-feira, 31 de janeiro<\/strong><br \/>\nPadre Santo aceita fazer o casamento de Jos\u00e9 Inoc\u00eancio e Maria Santa com a participa\u00e7\u00e3o dos convidados e todos celebram a decis\u00e3o. Jos\u00e9 Inoc\u00eancio leva Maria Santa at\u00e9 o Jequitib\u00e1 para pedir sua ben\u00e7\u00e3o, e mostra o fac\u00e3o enterrado. Maria Santa e Jos\u00e9 Inoc\u00eancio passam a noite juntos. Deocleciano e Jupar\u00e1 pedem a m\u00e3o de Morena e Flor em casamento, respectivamente, e a ben\u00e7\u00e3o ao Padre Santo para cas\u00e1-los. In\u00e1cia e Maria Santa se estranham. J\u00e1 casados, Deocleciano e Jupar\u00e1 levam Morena e Flor para a antiga casa que era de Belarmino, presente dado aos empregados por Jos\u00e9 Inoc\u00eancio. Morena d\u00e1 conselhos a Flor. Maria Santa e In\u00e1cia come\u00e7am a se entender e est\u00e3o mais pr\u00f3ximas. Padre Santo diz a Maria Santa que deseja conversar com ela.<\/p>\n<p><strong>Resumo de quinta-feira, 1\u00ba de fevereiro<\/strong><br \/>\nJos\u00e9 In\u00e1cio traz de Ilh\u00e9us uma imagem de Nossa Senhora para Maria Santa. Maria Santa conta a Jos\u00e9 Inoc\u00eancio que est\u00e1 gr\u00e1vida e pede ao marido que Jacutinga esteja com ela na hora do parto. Deocleciano percebe que Morena est\u00e1 gr\u00e1vida. Maria Santa e Morena intensificam a amizade. Passam-se nove meses. Jupar\u00e1 traz Jacutinga a mando de Maria Santa para auxili\u00e1-la no parto. Jos\u00e9 Inoc\u00eancio fica aflito com os gritos de dor da mulher. Ele contraria os conselhos de Jacutinga, preferindo ficar ao lado de Maria Santa. Morena passa mal e perde o beb\u00ea. Deocleciano d\u00e1 total apoio \u00e0 mulher. O primeiro filho de Maria Santa e Jos\u00e9 Inoc\u00eancio nasce, e o pai lhe d\u00e1 o nome de Jos\u00e9 Augusto. Jacutinga acolhe Morena.<br \/>\n<img data-recalc-dims=\"1\" decoding=\"async\" class=\"alignnone wp-image-62065 size-full\" title=\"(Foto: Reprodu\u00e7\u00e3o\/ TV Globo\/Renascer)\" src=\"https:\/\/i0.wp.com\/www.tvnovelas.com.br\/tvnews\/wp-content\/uploads\/2024\/01\/39398b.jpg?resize=728%2C406&#038;ssl=1\" alt=\"Foto em Renascer na semana 29\/01 a 03\/02\" width=\"728\" height=\"406\" \/><\/p>\n<p><strong>Resumo de sexta-feira, 02 de fevereiro<\/strong><br \/>\nPassam-se seis anos. Al\u00e9m de Jos\u00e9 Augusto, Maria Santa deu \u00e0 luz mais dois filhos, Jos\u00e9 Bento e Jos\u00e9 Ven\u00e2ncio. Gr\u00e1vida do quarto filho, Maria Santa se apavora com a intensa dor que sente. Jos\u00e9 Inoc\u00eancio tem um mau pressentimento, e pede a Jacutinga para salvar sua esposa. Com dificuldades no parto, Maria Santa pede a Jacutinga que salve seu filho. Maria Santa sente a presen\u00e7a de Nossa Senhora a seu lado e consegue dar \u00e0 luz, mas n\u00e3o resiste. Jos\u00e9 Inoc\u00eancio se desespera com a morte da mulher. Jacutinga se sente culpada por n\u00e3o ter conseguido salv\u00e1-la. Jos\u00e9 Inoc\u00eancio culpa o beb\u00ea pela morte de Maria Santa. Deocleciano sugere a Morena que o casal cuide do filho rejeitado por Jos\u00e9 Inoc\u00eancio.<\/p>\n<p><strong>Resumo de s\u00e1bado, 03 de fevereiro<\/strong><br \/>\nMorena fica feliz de cuidar do filho de Maria Santa e sente a presen\u00e7a da amiga. Morena se emociona ao notar que est\u00e1 amamentando a crian\u00e7a. Jos\u00e9 Ven\u00e2ncio comunica a Morena que levar\u00e1 Jo\u00e3o Pedro para casa depois do desmame, e a convida, junto a Deocleciano, para serem padrinhos de Jo\u00e3o Pedro. Passam-se 10 anos, e Jo\u00e3o Pedro segue sendo rejeitado pelo pai. Numa discuss\u00e3o de irm\u00e3os, Bento acusa Jo\u00e3o Pedro de ter matado a m\u00e3e. Jo\u00e3o Pedro reclama de Jos\u00e9 Inoc\u00eancio para o padrinho, Deocleciano. Jo\u00e3o Pedro diz a Zinha que a considera como irm\u00e3. Diante da imagem da santa, Jos\u00e9 Inoc\u00eancio diz que, quando conseguir esquecer Maria Santa, talvez seja capaz de perdoar Jo\u00e3o Pedro. Jo\u00e3o Pedro corre triste pela mata e encontra o fac\u00e3o que o pai fincou no p\u00e9 do Jequitib\u00e1.<br \/>\n<!--END POST--><br \/>\n<a href=\"https:\/\/tvnovelas.com.br\/novelas\/resumos-de-renascer\/\">Confira os resumos da semana de &#8216;Renascer&#8217;<\/a><br \/>\n<strong style=\"font-size: 120%;\">\u00daltimas not\u00edcias de Renascer:<\/strong><br \/>\n<div class=\"pt-cv-wrapper\"><div class=\"pt-cv-view pt-cv-grid pt-cv-colsys\" id=\"pt-cv-view-76e11f7eis\"><div data-id=\"pt-cv-page-1\" class=\"pt-cv-page\" data-cvc=\"1\"><div class=\"col-md-12 col-sm-12 col-xs-12 pt-cv-content-item pt-cv-1-col\" ><div class='pt-cv-ifield'><h4 class=\"pt-cv-title\"><a href=\"https:\/\/www.tvnovelas.com.br\/tvnews\/renascer-jose-inocencio-agoniza-antes-de-morrer\/\" class=\"_blank\" target=\"_blank\" >Renascer: Jos\u00e9 Inoc\u00eancio agoniza antes de morrer<\/a><\/h4><\/div><\/div>\n<div class=\"col-md-12 col-sm-12 col-xs-12 pt-cv-content-item pt-cv-1-col\" ><div class='pt-cv-ifield'><h4 class=\"pt-cv-title\"><a href=\"https:\/\/www.tvnovelas.com.br\/tvnews\/renascer-seducao-e-vinganca-a-morte-de-egidio\/\" class=\"_blank\" target=\"_blank\" >Renascer: Sedu\u00e7\u00e3o e vingan\u00e7a. A morte de Eg\u00eddio<\/a><\/h4><\/div><\/div>\n<div class=\"col-md-12 col-sm-12 col-xs-12 pt-cv-content-item pt-cv-1-col\" ><div class='pt-cv-ifield'><h4 class=\"pt-cv-title\"><a href=\"https:\/\/www.tvnovelas.com.br\/tvnews\/renascer-mariana-se-comove-ao-ver-jose-inocencio-na-cadeira-de-rodas\/\" class=\"_blank\" target=\"_blank\" >Renascer: Mariana se comove ao ver Jos\u00e9 Inoc\u00eancio na cadeira de rodas<\/a><\/h4><\/div><\/div>\n<div class=\"col-md-12 col-sm-12 col-xs-12 pt-cv-content-item pt-cv-1-col\" ><div class='pt-cv-ifield'><h4 class=\"pt-cv-title\"><a href=\"https:\/\/www.tvnovelas.com.br\/tvnews\/renascer-inocencio-promete-que-vai-sair-da-cadeira-e-se-vingar\/\" class=\"_blank\" target=\"_blank\" >Renascer: Inoc\u00eancio promete que vai sair da cadeira e se vingar<\/a><\/h4><\/div><\/div>\n<div class=\"col-md-12 col-sm-12 col-xs-12 pt-cv-content-item pt-cv-1-col\" ><div class='pt-cv-ifield'><h4 class=\"pt-cv-title\"><a href=\"https:\/\/www.tvnovelas.com.br\/tvnews\/renascer-inocencio-dispensa-visita-de-aurora\/\" class=\"_blank\" target=\"_blank\" >Renascer: Inoc\u00eancio dispensa visita de Aurora<\/a><\/h4><\/div><\/div>\n<div class=\"col-md-12 col-sm-12 col-xs-12 pt-cv-content-item pt-cv-1-col\" ><div class='pt-cv-ifield'><h4 class=\"pt-cv-title\"><a href=\"https:\/\/www.tvnovelas.com.br\/tvnews\/renascer-eliana-comeca-a-suspeitar-de-egidio\/\" class=\"_blank\" target=\"_blank\" >Renascer: Eliana come\u00e7a a suspeitar de Eg\u00eddio<\/a><\/h4><\/div><\/div>\n<div class=\"col-md-12 col-sm-12 col-xs-12 pt-cv-content-item pt-cv-1-col\" ><div class='pt-cv-ifield'><h4 class=\"pt-cv-title\"><a href=\"https:\/\/www.tvnovelas.com.br\/tvnews\/renascer-inocencio-leva-varios-tiros-a-queima-roupa\/\" class=\"_blank\" target=\"_blank\" >Renascer: Inoc\u00eancio leva v\u00e1rios tiros \u00e0 queima roupa<\/a><\/h4><\/div><\/div>\n<div class=\"col-md-12 col-sm-12 col-xs-12 pt-cv-content-item pt-cv-1-col\" ><div class='pt-cv-ifield'><h4 class=\"pt-cv-title\"><a href=\"https:\/\/www.tvnovelas.com.br\/tvnews\/renascer-teca-em-transe-e-tem-encontro-espiritual-com-quiteria\/\" class=\"_blank\" target=\"_blank\" >Renascer: Teca em transe e tem encontro espiritual com Quit\u00e9ria<\/a><\/h4><\/div><\/div>\n<div class=\"col-md-12 col-sm-12 col-xs-12 pt-cv-content-item pt-cv-1-col\" ><div class='pt-cv-ifield'><h4 class=\"pt-cv-title\"><a href=\"https:\/\/www.tvnovelas.com.br\/tvnews\/renascer-ze-inocencio-desvenda-misterio-da-carta-da-marianinha\/\" class=\"_blank\" target=\"_blank\" >Renascer: Z\u00e9 Inoc\u00eancio desvenda mist\u00e9rio da carta da Marianinha<\/a><\/h4><\/div><\/div>\n<div class=\"col-md-12 col-sm-12 col-xs-12 pt-cv-content-item pt-cv-1-col\" ><div class='pt-cv-ifield'><h4 class=\"pt-cv-title\"><a href=\"https:\/\/www.tvnovelas.com.br\/tvnews\/renascer-eliana-e-egidio-se-casam\/\" class=\"_blank\" target=\"_blank\" >Renascer: Eliana e Eg\u00eddio se casam<\/a><\/h4><\/div><\/div><\/div><\/div><\/div><br \/>\n<strong style=\"font-size: 120%;\">\u00daltimas not\u00edcias deste canal:<\/strong><br \/>\n<div class=\"pt-cv-wrapper\"><div class=\"pt-cv-view pt-cv-grid pt-cv-colsys\" id=\"pt-cv-view-90991035b3\"><div data-id=\"pt-cv-page-1\" class=\"pt-cv-page\" data-cvc=\"1\"><div class=\"col-md-12 col-sm-12 col-xs-12 pt-cv-content-item pt-cv-1-col\" ><div class='pt-cv-ifield'><h4 class=\"pt-cv-title\"><a href=\"https:\/\/www.tvnovelas.com.br\/tvnews\/coracao-de-mae-atilla-confronta-hasan-e-exige-o-divorcio-de-lale\/\" class=\"_self\" target=\"_self\" >Cora\u00e7\u00e3o de M\u00e3e: Atilla confronta Hasan e exige o div\u00f3rcio de Lale<\/a><\/h4><\/div><\/div>\n<div class=\"col-md-12 col-sm-12 col-xs-12 pt-cv-content-item pt-cv-1-col\" ><div class='pt-cv-ifield'><h4 class=\"pt-cv-title\"><a href=\"https:\/\/www.tvnovelas.com.br\/tvnews\/guerra-das-rosas-gulfem-coloca-gulru-contra-a-parede\/\" class=\"_self\" target=\"_self\" >Guerra das Rosas: Gulfem coloca Gulru contra a parede<\/a><\/h4><\/div><\/div>\n<div class=\"col-md-12 col-sm-12 col-xs-12 pt-cv-content-item pt-cv-1-col\" ><div class='pt-cv-ifield'><h4 class=\"pt-cv-title\"><a href=\"https:\/\/www.tvnovelas.com.br\/tvnews\/coracao-de-mae-atilla-diz-a-lale-que-quer-o-divorcio\/\" class=\"_self\" target=\"_self\" >Cora\u00e7\u00e3o de M\u00e3e: Atilla diz a Lale que quer o div\u00f3rcio<\/a><\/h4><\/div><\/div>\n<div class=\"col-md-12 col-sm-12 col-xs-12 pt-cv-content-item pt-cv-1-col\" ><div class='pt-cv-ifield'><h4 class=\"pt-cv-title\"><a href=\"https:\/\/www.tvnovelas.com.br\/tvnews\/a-nobreza-do-amor-mirinho-garante-noivado-com-virginia-para-atrair-sogro-a-negocio\/\" class=\"_self\" target=\"_self\" >A Nobreza do Amor: Mirinho garante noivado com Virg\u00ednia para atrair sogro a neg\u00f3cio<\/a><\/h4><\/div><\/div>\n<div class=\"col-md-12 col-sm-12 col-xs-12 pt-cv-content-item pt-cv-1-col\" ><div class='pt-cv-ifield'><h4 class=\"pt-cv-title\"><a href=\"https:\/\/www.tvnovelas.com.br\/tvnews\/tres-gracas-joaquim-propoe-fuga-a-arminda-com-o-dinheiro-das-tres-gracas\/\" class=\"_self\" target=\"_self\" >Tr\u00eas Gra\u00e7as:  Joaquim prop\u00f5e fuga a Arminda com o dinheiro das Tr\u00eas Gra\u00e7as<\/a><\/h4><\/div><\/div>\n<div class=\"col-md-12 col-sm-12 col-xs-12 pt-cv-content-item pt-cv-1-col\" ><div class='pt-cv-ifield'><h4 class=\"pt-cv-title\"><a href=\"https:\/\/www.tvnovelas.com.br\/tvnews\/coracao-de-mae-atilla-decide-abrir-o-jogo-com-karsu\/\" class=\"_self\" target=\"_self\" >Cora\u00e7\u00e3o de M\u00e3e: Atilla decide abrir o jogo com Karsu<\/a><\/h4><\/div><\/div>\n<div class=\"col-md-12 col-sm-12 col-xs-12 pt-cv-content-item pt-cv-1-col\" ><div class='pt-cv-ifield'><h4 class=\"pt-cv-title\"><a href=\"https:\/\/www.tvnovelas.com.br\/tvnews\/coracao-de-mae-adnan-e-preso-apos-denuncia-de-irmak\/\" class=\"_self\" target=\"_self\" >Em Cora\u00e7\u00e3o de M\u00e3e: Adnan \u00e9 preso ap\u00f3s denuncia de Irmak<\/a><\/h4><\/div><\/div>\n<div class=\"col-md-12 col-sm-12 col-xs-12 pt-cv-content-item pt-cv-1-col\" ><div class='pt-cv-ifield'><h4 class=\"pt-cv-title\"><a href=\"https:\/\/www.tvnovelas.com.br\/tvnews\/coracao-de-mae-atilla-forca-karsu-a-ouvir-suas-explicacoes\/\" class=\"_self\" target=\"_self\" >Cora\u00e7\u00e3o de M\u00e3e: Atilla for\u00e7a Karsu a ouvir suas explica\u00e7\u00f5es<\/a><\/h4><\/div><\/div>\n<div class=\"col-md-12 col-sm-12 col-xs-12 pt-cv-content-item pt-cv-1-col\" ><div class='pt-cv-ifield'><h4 class=\"pt-cv-title\"><a href=\"https:\/\/www.tvnovelas.com.br\/tvnews\/coracao-acelerado-mulher-choca-janete-ao-se-apresentar-como-amante-do-palhares\/\" class=\"_self\" target=\"_self\" >Cora\u00e7\u00e3o Acelerado: Mulher choca Janete ao se apresentar como amante do Palhares<\/a><\/h4><\/div><\/div>\n<div class=\"col-md-12 col-sm-12 col-xs-12 pt-cv-content-item pt-cv-1-col\" ><div class='pt-cv-ifield'><h4 class=\"pt-cv-title\"><a href=\"https:\/\/www.tvnovelas.com.br\/tvnews\/a-nobreza-do-amor-jendal-dobra-a-recompensa-por-alika\/\" class=\"_self\" target=\"_self\" >A Nobreza do Amor: Jendal dobra a recompensa por Alika<\/a><\/h4><\/div><\/div><\/div><\/div><\/div><br \/>\n<a href=\"https:\/\/www.tvnovelas.com.br\/novelas\/\"><strong>Confira os resumos da semana de todas novelas<\/strong><\/a><\/p>\n<h3>Confira tamb\u00e9m<\/h3>\n<p><a href=\"https:\/\/www.tvnovelas.com.br\/filmes\/\" target=\"_blank\" rel=\"noopener noreferrer\"><strong>Programa\u00e7\u00e3o de filmes na TV aberta<\/strong><\/a><br \/>\n<a href=\"https:\/\/caetenews.com.br\/semana\/filmes-da-globo-na-sessao-da-tarde-desta-semana\/\" target=\"_blank\" rel=\"noopener\"><strong>Confira os filmes da semana na Sess\u00e3o da Tarde<\/strong><\/a><br \/>\n<a href=\"https:\/\/www.tvnovelas.com.br\/novelas\/\" target=\"_blank\" rel=\"noopener noreferrer\"><strong>Resumos de novelas<\/strong><\/a><\/p>\n","protected":false},"excerpt":{"rendered":"<p>Em Renascer na semana 29\/01 a 03\/02, Belarmino \u00e9 assassinado em uma emboscada; Jos\u00e9 Inoc\u00eancio e Maria Santa se casam; Passagens de tempo, Maria Santa chega ao quarto parto: o beb\u00ea nasce, mas ela morre&#8230;<\/p>\n","protected":false},"author":1,"featured_media":62064,"comment_status":"closed","ping_status":"closed","sticky":false,"template":"","format":"standard","meta":{"_uf_show_specific_survey":0,"_uf_disable_surveys":false,"_jetpack_memberships_contains_paid_content":false,"footnotes":"","_wp_rev_ctl_limit":""},"categories":[574],"tags":[5,64,285],"class_list":["post-62061","post","type-post","status-publish","format-standard","has-post-thumbnail","hentry","category-renascer","tag-globo","tag-novelas","tag-renascer","wpcat-574-id"],"aioseo_notices":[],"jetpack_featured_media_url":"https:\/\/i0.wp.com\/www.tvnovelas.com.br\/tvnews\/wp-content\/uploads\/2024\/01\/39398.jpg?fit=728%2C410&ssl=1","jetpack_shortlink":"https:\/\/wp.me\/pdP2BO-g8Z","jetpack_sharing_enabled":true,"_links":{"self":[{"href":"https:\/\/www.tvnovelas.com.br\/tvnews\/wp-json\/wp\/v2\/posts\/62061","targetHints":{"allow":["GET"]}}],"collection":[{"href":"https:\/\/www.tvnovelas.com.br\/tvnews\/wp-json\/wp\/v2\/posts"}],"about":[{"href":"https:\/\/www.tvnovelas.com.br\/tvnews\/wp-json\/wp\/v2\/types\/post"}],"author":[{"embeddable":true,"href":"https:\/\/www.tvnovelas.com.br\/tvnews\/wp-json\/wp\/v2\/users\/1"}],"replies":[{"embeddable":true,"href":"https:\/\/www.tvnovelas.com.br\/tvnews\/wp-json\/wp\/v2\/comments?post=62061"}],"version-history":[{"count":3,"href":"https:\/\/www.tvnovelas.com.br\/tvnews\/wp-json\/wp\/v2\/posts\/62061\/revisions"}],"predecessor-version":[{"id":62067,"href":"https:\/\/www.tvnovelas.com.br\/tvnews\/wp-json\/wp\/v2\/posts\/62061\/revisions\/62067"}],"wp:featuredmedia":[{"embeddable":true,"href":"https:\/\/www.tvnovelas.com.br\/tvnews\/wp-json\/wp\/v2\/media\/62064"}],"wp:attachment":[{"href":"https:\/\/www.tvnovelas.com.br\/tvnews\/wp-json\/wp\/v2\/media?parent=62061"}],"wp:term":[{"taxonomy":"category","embeddable":true,"href":"https:\/\/www.tvnovelas.com.br\/tvnews\/wp-json\/wp\/v2\/categories?post=62061"},{"taxonomy":"post_tag","embeddable":true,"href":"https:\/\/www.tvnovelas.com.br\/tvnews\/wp-json\/wp\/v2\/tags?post=62061"}],"curies":[{"name":"wp","href":"https:\/\/api.w.org\/{rel}","templated":true}]}}