{"id":62098,"date":"2024-01-28T09:28:42","date_gmt":"2024-01-28T12:28:42","guid":{"rendered":"https:\/\/www.tvnovelas.com.br\/tvnews\/?p=62098"},"modified":"2024-01-28T09:28:42","modified_gmt":"2024-01-28T12:28:42","slug":"fuzue-preciosa-briga-com-selena-por-causa-de-heitor","status":"publish","type":"post","link":"https:\/\/www.tvnovelas.com.br\/tvnews\/fuzue-preciosa-briga-com-selena-por-causa-de-heitor\/","title":{"rendered":"Fuzu\u00ea: Preciosa briga com Selena por causa de Heitor"},"content":{"rendered":"<p><em>Em Fuzu\u00ea: Preciosa briga com Selena<\/em><br \/>\n<img data-recalc-dims=\"1\" decoding=\"async\" class=\"alignnone wp-image-62099 size-full\" title=\"(Foto: TV Globo\/Fuzu\u00ea)\" src=\"https:\/\/i0.wp.com\/www.tvnovelas.com.br\/tvnews\/wp-content\/uploads\/2024\/01\/39406.jpg?resize=728%2C409&#038;ssl=1\" alt=\"Foto em Fuzu\u00ea: Preciosa briga com Selena\" width=\"728\" height=\"409\" srcset=\"https:\/\/i0.wp.com\/www.tvnovelas.com.br\/tvnews\/wp-content\/uploads\/2024\/01\/39406.jpg?w=728&amp;ssl=1 728w, https:\/\/i0.wp.com\/www.tvnovelas.com.br\/tvnews\/wp-content\/uploads\/2024\/01\/39406.jpg?resize=678%2C381&amp;ssl=1 678w\" sizes=\"(max-width: 728px) 100vw, 728px\" \/><br \/>\nEm Fuzu\u00ea, Heitor (Felipe Simas) decidiu colocar um fim ao casamento com Preciosa (Marina Ruy Barbosa). Mas a herdeira dos Montebello, claro, n\u00e3o vai aceitar isso t\u00e3o facilmente. Tanto que, nos pr\u00f3ximos cap\u00edtulos de Fuzu\u00ea, ela vai brigar com Selena Chicote (Talita Younan) por suspeitar que a sertaneja e o marido possam estar tendo um caso.<\/p>\n<p>Selena e Heitor estar\u00e3o conversando sobre um show futuro no gabinete do deputado, quando, de repente, Preciosa vai chegar com tudo!<\/p>\n<p>\u201c\u00c9 por causa dessa vaqueira que voc\u00ea quer terminar nosso casamento?\u201d, questiona Preciosa.<\/p>\n<p>\u201cMelhor ser vaqueira do que ter um chifre nascendo na testa&#8230; At\u00e9 a pr\u00f3xima, deputado\u201d, reage Selena, saindo de cabe\u00e7a erguida.<\/p>\n<p>\u201cVoc\u00ea est\u00e1 me traindo mesmo com ela, Heitor?\u201d, pergunta Preciosa.<\/p>\n<p>\u201cClaro n\u00e3o! Que ideia!\u201d, defende-se Heitor.<\/p>\n<p>Mas Preciosa n\u00e3o vai se dar por vencida. Depois, a perua ir\u00e1 at\u00e9 o est\u00fadio onde Selena estar\u00e1 gravando com Jefinho Sem-Vergonha (Micael Borges) para confrontar a cantora.<\/p>\n<p>\u201cOi, vaqueira fajuta! Est\u00e1 gostoso ficar enrolando esse trouxa a\u00ed enquanto fica se oferecendo para o meu marido?\u201d<\/p>\n<p>\u201cO Heitorzim \u00e9 pol\u00edtico, precisa ser simp\u00e1tico com o eleitorado, se ele tem uma simpatia especial por mim, n\u00e3o tenho culpa\u201d, alfineta Selena.<\/p>\n<p>As duas seguir\u00e3o se ofendendo aos gritos, e Jefinho tentar\u00e1 intervir.<\/p>\n<p>\u201cVoc\u00eas podem parar com isso? Daqui a pouco acaba a hora do est\u00fadio, a gente precisa terminar de ensaiar! \u00d4 Preciosa, voc\u00ea est\u00e1 dando preju\u00edzo.\u201d<\/p>\n<p>Sem sucesso. A briga vai continuar. At\u00e9 que Selena levantar\u00e1 o viol\u00e3o para atingir Preciosa, e Jefinho entrar\u00e1 no meio para tentar salvar o pr\u00f3prio instrumento musical. Mas vai ser atingido em cheio.<\/p>\n<p>\u201cCowboy!!! Por que voc\u00ea entrou no meio?\u201d<\/p>\n<p>\u201cVoc\u00ea que apronta e meu viol\u00e3o que paga o pato?!\u201d, reage Jefinho, indignado.<br \/>\n<!--THE END--><br \/>\n<a href=\"https:\/\/www.tvnovelas.com.br\/novelas\/resumos-de-fuzue\/\" target=\"_blank\" rel=\"noopener\">Confira os resumos da semana de &#8216;Fuzu\u00ea&#8217;<\/a><br \/>\n<strong style=\"font-size: 120%;\">\u00daltimas not\u00edcias de Fuzu\u00ea:<\/strong><br \/>\n<div class=\"pt-cv-wrapper\"><div class=\"pt-cv-view pt-cv-grid pt-cv-colsys\" id=\"pt-cv-view-f2001fcqsk\"><div data-id=\"pt-cv-page-1\" class=\"pt-cv-page\" data-cvc=\"1\"><div class=\"col-md-12 col-sm-12 col-xs-12 pt-cv-content-item pt-cv-1-col\" ><div class='pt-cv-ifield'><h4 class=\"pt-cv-title\"><a href=\"https:\/\/www.tvnovelas.com.br\/tvnews\/fuzue-cesar-e-preciosa-planejam-novo-roubo-do-tesouro-da-dama-de-ouro\/\" class=\"_blank\" target=\"_blank\" >Fuzu\u00ea: C\u00e9sar e Preciosa planejam novo roubo do tesouro da Dama de Ouro<\/a><\/h4><\/div><\/div>\n<div class=\"col-md-12 col-sm-12 col-xs-12 pt-cv-content-item pt-cv-1-col\" ><div class='pt-cv-ifield'><h4 class=\"pt-cv-title\"><a href=\"https:\/\/www.tvnovelas.com.br\/tvnews\/fuzue-julgado-merreca-pega-6-anos-no-art-121\/\" class=\"_blank\" target=\"_blank\" >Fuzu\u00ea: julgado, Merreca pega 6 anos no art. 121<\/a><\/h4><\/div><\/div>\n<div class=\"col-md-12 col-sm-12 col-xs-12 pt-cv-content-item pt-cv-1-col\" ><div class='pt-cv-ifield'><h4 class=\"pt-cv-title\"><a href=\"https:\/\/www.tvnovelas.com.br\/tvnews\/fuzue-luna-compra-a-conde-de-montebello-e-planeja-torna-la-filial-da-fuzue\/\" class=\"_blank\" target=\"_blank\" >Fuzu\u00ea: Luna compra a Conde de Montebello e planeja torn\u00e1-la filial da Fuzu\u00ea<\/a><\/h4><\/div><\/div>\n<div class=\"col-md-12 col-sm-12 col-xs-12 pt-cv-content-item pt-cv-1-col\" ><div class='pt-cv-ifield'><h4 class=\"pt-cv-title\"><a href=\"https:\/\/www.tvnovelas.com.br\/tvnews\/fuzue-heitor-manda-preciosa-escolher-entre-ele-e-cesar-montebello\/\" class=\"_blank\" target=\"_blank\" >Fuzu\u00ea: Heitor manda Preciosa escolher entre ele e C\u00e9sar Montebello<\/a><\/h4><\/div><\/div>\n<div class=\"col-md-12 col-sm-12 col-xs-12 pt-cv-content-item pt-cv-1-col\" ><div class='pt-cv-ifield'><h4 class=\"pt-cv-title\"><a href=\"https:\/\/www.tvnovelas.com.br\/tvnews\/fuzue-luna-compra-o-apartamento-de-bebel\/\" class=\"_blank\" target=\"_blank\" >Fuzu\u00ea: Luna compra o apartamento de Bebel<\/a><\/h4><\/div><\/div>\n<div class=\"col-md-12 col-sm-12 col-xs-12 pt-cv-content-item pt-cv-1-col\" ><div class='pt-cv-ifield'><h4 class=\"pt-cv-title\"><a href=\"https:\/\/www.tvnovelas.com.br\/tvnews\/fuzue-cesar-arma-e-nero-e-acusado-de-sonegar-impostos\/\" class=\"_blank\" target=\"_blank\" >Fuzu\u00ea: C\u00e9sar arma, e Nero \u00e9 acusado de sonegar impostos<\/a><\/h4><\/div><\/div><\/div><\/div><\/div><br \/>\n<strong style=\"font-size: 120%;\">\u00daltimas not\u00edcias deste site:<\/strong><br \/>\n<div class=\"pt-cv-wrapper\"><div class=\"pt-cv-view pt-cv-grid pt-cv-colsys\" id=\"pt-cv-view-90991035b3\"><div data-id=\"pt-cv-page-1\" class=\"pt-cv-page\" data-cvc=\"1\"><div class=\"col-md-12 col-sm-12 col-xs-12 pt-cv-content-item pt-cv-1-col\" ><div class='pt-cv-ifield'><h4 class=\"pt-cv-title\"><a href=\"https:\/\/www.tvnovelas.com.br\/tvnews\/coracao-de-mae-atilla-confronta-hasan-e-exige-o-divorcio-de-lale\/\" class=\"_self\" target=\"_self\" >Cora\u00e7\u00e3o de M\u00e3e: Atilla confronta Hasan e exige o div\u00f3rcio de Lale<\/a><\/h4><\/div><\/div>\n<div class=\"col-md-12 col-sm-12 col-xs-12 pt-cv-content-item pt-cv-1-col\" ><div class='pt-cv-ifield'><h4 class=\"pt-cv-title\"><a href=\"https:\/\/www.tvnovelas.com.br\/tvnews\/guerra-das-rosas-gulfem-coloca-gulru-contra-a-parede\/\" class=\"_self\" target=\"_self\" >Guerra das Rosas: Gulfem coloca Gulru contra a parede<\/a><\/h4><\/div><\/div>\n<div class=\"col-md-12 col-sm-12 col-xs-12 pt-cv-content-item pt-cv-1-col\" ><div class='pt-cv-ifield'><h4 class=\"pt-cv-title\"><a href=\"https:\/\/www.tvnovelas.com.br\/tvnews\/coracao-de-mae-atilla-diz-a-lale-que-quer-o-divorcio\/\" class=\"_self\" target=\"_self\" >Cora\u00e7\u00e3o de M\u00e3e: Atilla diz a Lale que quer o div\u00f3rcio<\/a><\/h4><\/div><\/div>\n<div class=\"col-md-12 col-sm-12 col-xs-12 pt-cv-content-item pt-cv-1-col\" ><div class='pt-cv-ifield'><h4 class=\"pt-cv-title\"><a href=\"https:\/\/www.tvnovelas.com.br\/tvnews\/a-nobreza-do-amor-mirinho-garante-noivado-com-virginia-para-atrair-sogro-a-negocio\/\" class=\"_self\" target=\"_self\" >A Nobreza do Amor: Mirinho garante noivado com Virg\u00ednia para atrair sogro a neg\u00f3cio<\/a><\/h4><\/div><\/div>\n<div class=\"col-md-12 col-sm-12 col-xs-12 pt-cv-content-item pt-cv-1-col\" ><div class='pt-cv-ifield'><h4 class=\"pt-cv-title\"><a href=\"https:\/\/www.tvnovelas.com.br\/tvnews\/tres-gracas-joaquim-propoe-fuga-a-arminda-com-o-dinheiro-das-tres-gracas\/\" class=\"_self\" target=\"_self\" >Tr\u00eas Gra\u00e7as:  Joaquim prop\u00f5e fuga a Arminda com o dinheiro das Tr\u00eas Gra\u00e7as<\/a><\/h4><\/div><\/div>\n<div class=\"col-md-12 col-sm-12 col-xs-12 pt-cv-content-item pt-cv-1-col\" ><div class='pt-cv-ifield'><h4 class=\"pt-cv-title\"><a href=\"https:\/\/www.tvnovelas.com.br\/tvnews\/coracao-de-mae-atilla-decide-abrir-o-jogo-com-karsu\/\" class=\"_self\" target=\"_self\" >Cora\u00e7\u00e3o de M\u00e3e: Atilla decide abrir o jogo com Karsu<\/a><\/h4><\/div><\/div>\n<div class=\"col-md-12 col-sm-12 col-xs-12 pt-cv-content-item pt-cv-1-col\" ><div class='pt-cv-ifield'><h4 class=\"pt-cv-title\"><a href=\"https:\/\/www.tvnovelas.com.br\/tvnews\/coracao-de-mae-adnan-e-preso-apos-denuncia-de-irmak\/\" class=\"_self\" target=\"_self\" >Em Cora\u00e7\u00e3o de M\u00e3e: Adnan \u00e9 preso ap\u00f3s denuncia de Irmak<\/a><\/h4><\/div><\/div>\n<div class=\"col-md-12 col-sm-12 col-xs-12 pt-cv-content-item pt-cv-1-col\" ><div class='pt-cv-ifield'><h4 class=\"pt-cv-title\"><a href=\"https:\/\/www.tvnovelas.com.br\/tvnews\/coracao-de-mae-atilla-forca-karsu-a-ouvir-suas-explicacoes\/\" class=\"_self\" target=\"_self\" >Cora\u00e7\u00e3o de M\u00e3e: Atilla for\u00e7a Karsu a ouvir suas explica\u00e7\u00f5es<\/a><\/h4><\/div><\/div>\n<div class=\"col-md-12 col-sm-12 col-xs-12 pt-cv-content-item pt-cv-1-col\" ><div class='pt-cv-ifield'><h4 class=\"pt-cv-title\"><a href=\"https:\/\/www.tvnovelas.com.br\/tvnews\/coracao-acelerado-mulher-choca-janete-ao-se-apresentar-como-amante-do-palhares\/\" class=\"_self\" target=\"_self\" >Cora\u00e7\u00e3o Acelerado: Mulher choca Janete ao se apresentar como amante do Palhares<\/a><\/h4><\/div><\/div>\n<div class=\"col-md-12 col-sm-12 col-xs-12 pt-cv-content-item pt-cv-1-col\" ><div class='pt-cv-ifield'><h4 class=\"pt-cv-title\"><a href=\"https:\/\/www.tvnovelas.com.br\/tvnews\/a-nobreza-do-amor-jendal-dobra-a-recompensa-por-alika\/\" class=\"_self\" target=\"_self\" >A Nobreza do Amor: Jendal dobra a recompensa por Alika<\/a><\/h4><\/div><\/div><\/div><\/div><\/div><br \/>\n<a href=\"https:\/\/www.tvnovelas.com.br\/novelas\/\"><strong>Confira os resumos da semana de todas novelas<\/strong><\/a><\/p>\n<h3>Confira tamb\u00e9m<\/h3>\n<p><a href=\"https:\/\/www.tvnovelas.com.br\/filmes\/\" target=\"_blank\" rel=\"noopener noreferrer\"><strong>Programa\u00e7\u00e3o de filmes na TV aberta<\/strong><\/a><br \/>\n<a href=\"https:\/\/caetenews.com.br\/semana\/filmes-da-globo-na-sessao-da-tarde-desta-semana\/\" target=\"_blank\" rel=\"noopener\"><strong>Confira os filmes da semana na Sess\u00e3o da Tarde<\/strong><\/a><br \/>\n<a href=\"https:\/\/www.tvnovelas.com.br\/novelas\/\" target=\"_blank\" rel=\"noopener noreferrer\"><strong>Resumos de novelas<\/strong><\/a><\/p>\n","protected":false},"excerpt":{"rendered":"<p>Em Fuzu\u00ea, Heitor (Felipe Simas) decidiu colocar um fim ao casamento com Preciosa (Marina Ruy Barbosa). Mas a herdeira dos Montebello, claro, n\u00e3o vai&#8230;<\/p>\n","protected":false},"author":1,"featured_media":62099,"comment_status":"closed","ping_status":"closed","sticky":false,"template":"","format":"standard","meta":{"_uf_show_specific_survey":0,"_uf_disable_surveys":false,"_jetpack_memberships_contains_paid_content":false,"footnotes":"","_wp_rev_ctl_limit":""},"categories":[396],"tags":[399,5,64],"class_list":["post-62098","post","type-post","status-publish","format-standard","has-post-thumbnail","hentry","category-fuzue","tag-fuzue","tag-globo","tag-novelas","wpcat-396-id"],"aioseo_notices":[],"jetpack_featured_media_url":"https:\/\/i0.wp.com\/www.tvnovelas.com.br\/tvnews\/wp-content\/uploads\/2024\/01\/39406.jpg?fit=728%2C409&ssl=1","jetpack_shortlink":"https:\/\/wp.me\/pdP2BO-g9A","jetpack_sharing_enabled":true,"_links":{"self":[{"href":"https:\/\/www.tvnovelas.com.br\/tvnews\/wp-json\/wp\/v2\/posts\/62098","targetHints":{"allow":["GET"]}}],"collection":[{"href":"https:\/\/www.tvnovelas.com.br\/tvnews\/wp-json\/wp\/v2\/posts"}],"about":[{"href":"https:\/\/www.tvnovelas.com.br\/tvnews\/wp-json\/wp\/v2\/types\/post"}],"author":[{"embeddable":true,"href":"https:\/\/www.tvnovelas.com.br\/tvnews\/wp-json\/wp\/v2\/users\/1"}],"replies":[{"embeddable":true,"href":"https:\/\/www.tvnovelas.com.br\/tvnews\/wp-json\/wp\/v2\/comments?post=62098"}],"version-history":[{"count":1,"href":"https:\/\/www.tvnovelas.com.br\/tvnews\/wp-json\/wp\/v2\/posts\/62098\/revisions"}],"predecessor-version":[{"id":62100,"href":"https:\/\/www.tvnovelas.com.br\/tvnews\/wp-json\/wp\/v2\/posts\/62098\/revisions\/62100"}],"wp:featuredmedia":[{"embeddable":true,"href":"https:\/\/www.tvnovelas.com.br\/tvnews\/wp-json\/wp\/v2\/media\/62099"}],"wp:attachment":[{"href":"https:\/\/www.tvnovelas.com.br\/tvnews\/wp-json\/wp\/v2\/media?parent=62098"}],"wp:term":[{"taxonomy":"category","embeddable":true,"href":"https:\/\/www.tvnovelas.com.br\/tvnews\/wp-json\/wp\/v2\/categories?post=62098"},{"taxonomy":"post_tag","embeddable":true,"href":"https:\/\/www.tvnovelas.com.br\/tvnews\/wp-json\/wp\/v2\/tags?post=62098"}],"curies":[{"name":"wp","href":"https:\/\/api.w.org\/{rel}","templated":true}]}}