{"id":62498,"date":"2024-02-05T15:40:02","date_gmt":"2024-02-05T18:40:02","guid":{"rendered":"https:\/\/www.tvnovelas.com.br\/tvnews\/?p=62498"},"modified":"2024-02-05T15:40:02","modified_gmt":"2024-02-05T18:40:02","slug":"cheias-de-charme-as-empreguetes-substituem-mulheres-de-areia","status":"publish","type":"post","link":"https:\/\/www.tvnovelas.com.br\/tvnews\/cheias-de-charme-as-empreguetes-substituem-mulheres-de-areia\/","title":{"rendered":"Cheias de Charme, as Empreguetes substituem Mulheres de Areia"},"content":{"rendered":"<p><em>Cheias de Charme, as Empreguetes<\/em><br \/>\n<img data-recalc-dims=\"1\" decoding=\"async\" class=\"alignnone wp-image-62499 size-full\" title=\"(Foto: TV Globo\/Cheias de Charme)\" src=\"https:\/\/i0.wp.com\/www.tvnovelas.com.br\/tvnews\/wp-content\/uploads\/2024\/02\/39496.jpg?resize=728%2C410&#038;ssl=1\" alt=\"Foto em Cheias de Charme, as Empreguetes substituem Mulheres de Areia\" width=\"728\" height=\"410\" srcset=\"https:\/\/i0.wp.com\/www.tvnovelas.com.br\/tvnews\/wp-content\/uploads\/2024\/02\/39496.jpg?w=728&amp;ssl=1 728w, https:\/\/i0.wp.com\/www.tvnovelas.com.br\/tvnews\/wp-content\/uploads\/2024\/02\/39496.jpg?resize=678%2C381&amp;ssl=1 678w\" sizes=\"(max-width: 728px) 100vw, 728px\" \/><br \/>\n&#8216;Cheias de Charme&#8217;, sucesso de Filipe Miguez e Izabel de Oliveira, ser\u00e1 reexibida a partir de mar\u00e7o na tarde da TV Globo.<\/p>\n<p>Exibida originalmente em 2012, a novela est\u00e1 de volta a partir de mar\u00e7o no &#8216;Edi\u00e7\u00e3o Especial&#8217;, substituindo &#8216;Mulheres de Areia&#8217;. Tr\u00eas empregadas dom\u00e9sticas \u2013 Maria da Penha (Ta\u00eds Araujo), Maria do Ros\u00e1rio (Leandra Leal) e Maria Aparecida (Isabelle Drummond) \u2013 se conhecem por acaso na delegacia, ao passarem uma noite presas. Atr\u00e1s das grades, lembram o dia ruim que tiveram e Ros\u00e1rio sugere que fa\u00e7am um pacto para somar for\u00e7as e melhorar de vida: \u201cDia de empreguete, v\u00e9spera de madame\u201d, ela diz, e todas topam.<\/p>\n<p>A vida das tr\u00eas mulheres ser\u00e1 infernizada pela cantora Chayene (Cl\u00e1udia Abreu), uma piauiense que conquistou o sucesso em todo o pa\u00eds, sacudindo multid\u00f5es em shows. Atualmente vive uma fase ruim, o que mexe com seu ego inflado .Para levantar a carreira, Chayene viver\u00e1 um namoro com o cantor Fabian (Ricardo Tozzi), mas ter\u00e1 de enfrentar a concorr\u00eancia forte com um novo trio de sucesso: as Empreguetes, que transforma as tr\u00eas marias, Penha, Ros\u00e1rio e Cida, em celebridades da noite para o dia, a partir do sucesso do clipe lan\u00e7ado na internet.<\/p>\n<p>O \u00eaxito das Empreguetes ultrapassou a fic\u00e7\u00e3o e mostrou o poder de comunica\u00e7\u00e3o da internet. O clipe teve mais de 12 milh\u00f5es de acessos quando publicado, antes de ir ao ar na novela. O movimento Empreguetes para Sempre foi criado na trama, e o site de f\u00e3s das cantoras come\u00e7ou a receber v\u00eddeos, mensagens e fotos de apoio para a volta do trio, tendo ultrapassado a marca de tr\u00eas milh\u00f5es de visitas at\u00e9 meados de setembro de 2012. Foi criada tamb\u00e9m uma fan page da novela numa rede social. Para incentivar os internautas a homenagearem suas empregadas, foi realizado o concurso cultural A Minha Estrela do Lar, em que o participante poderia contar uma hist\u00f3ria engra\u00e7ada, revelar manias ou falar de receitas imbat\u00edveis feitas por suas dom\u00e9sticas. As melhores homenagens foram postadas no site oficial de \u2018Cheias de Charme\u2019. As personagens tamb\u00e9m gravaram participa\u00e7\u00f5es em programas da TV Globo. O &#8216;Fant\u00e1stico&#8217; criou uma campanha \u2013 A Empregada Mais Cheia de Charme do Brasil \u2013 em que empregadas dom\u00e9sticas de todo o pa\u00eds poderiam enviar um v\u00eddeo de at\u00e9 um minuto mostrando as suas aptid\u00f5es art\u00edsticas. A mais criativa ganhou a oportunidade de fazer uma participa\u00e7\u00e3o na novela.<\/p>\n<p>&#8216;Cheias de Charme&#8217; recebeu diversos pr\u00eamios, como o de autores-revela\u00e7\u00e3o para Filipe Miguez e Izabel de Oliveira, concedido pela Associa\u00e7\u00e3o Paulista de Cr\u00edticos de Arte (APCA). Al\u00e9m da rela\u00e7\u00e3o entre patroas e empregadas, a trama tamb\u00e9m mostrou os desafios das mulheres contempor\u00e2neas, que precisam conciliar trabalho e fam\u00edlia.<\/p>\n<p>Prevista para estrear em mar\u00e7o no &#8216;Edi\u00e7\u00e3o Especial&#8217;, ap\u00f3s o &#8216;Jornal Hoje, \u2018Cheias de Charme\u2019 tem autoria de Filipe Miguez e Izabel de Oliveira, com a colabora\u00e7\u00e3o de Daisy Chaves, Isabel Muniz, Jo\u00e3o Brand\u00e3o, Lais Mendes Pimentel, Paula Amaral e Sergio Marques, e supervis\u00e3o de texto de Ricardo Linhares. A dire\u00e7\u00e3o geral \u00e9 de Carlos Ara\u00fajo e a dire\u00e7\u00e3o de n\u00facleo de Denise Saraceni. A dire\u00e7\u00e3o \u00e9 de de Allan Fiterman, Maria de M\u00e9dicis, Nat\u00e1lia Grimberg e Denise Saraceni.<\/p>\n<blockquote><p>Confira quem s\u00e3o os personagens da novela em <a href=\"https:\/\/wp.me\/pfspD2-as\" rel=\"noopener\" target=\"_blank\">Cheias de Charme: Quem \u00e9 Quem<\/a><\/p><\/blockquote>\n<p><!--FIM DO POST--><br \/>\n<strong style=\"font-size: 120%;\">\u00daltimas not\u00edcias deste canal:<\/strong><br \/>\n<div class=\"pt-cv-wrapper\"><div class=\"pt-cv-view pt-cv-grid pt-cv-colsys\" id=\"pt-cv-view-90991035b3\"><div data-id=\"pt-cv-page-1\" class=\"pt-cv-page\" data-cvc=\"1\"><div class=\"col-md-12 col-sm-12 col-xs-12 pt-cv-content-item pt-cv-1-col\" ><div class='pt-cv-ifield'><h4 class=\"pt-cv-title\"><a href=\"https:\/\/www.tvnovelas.com.br\/tvnews\/coracao-de-mae-atilla-confronta-hasan-e-exige-o-divorcio-de-lale\/\" class=\"_self\" target=\"_self\" >Cora\u00e7\u00e3o de M\u00e3e: Atilla confronta Hasan e exige o div\u00f3rcio de Lale<\/a><\/h4><\/div><\/div>\n<div class=\"col-md-12 col-sm-12 col-xs-12 pt-cv-content-item pt-cv-1-col\" ><div class='pt-cv-ifield'><h4 class=\"pt-cv-title\"><a href=\"https:\/\/www.tvnovelas.com.br\/tvnews\/guerra-das-rosas-gulfem-coloca-gulru-contra-a-parede\/\" class=\"_self\" target=\"_self\" >Guerra das Rosas: Gulfem coloca Gulru contra a parede<\/a><\/h4><\/div><\/div>\n<div class=\"col-md-12 col-sm-12 col-xs-12 pt-cv-content-item pt-cv-1-col\" ><div class='pt-cv-ifield'><h4 class=\"pt-cv-title\"><a href=\"https:\/\/www.tvnovelas.com.br\/tvnews\/coracao-de-mae-atilla-diz-a-lale-que-quer-o-divorcio\/\" class=\"_self\" target=\"_self\" >Cora\u00e7\u00e3o de M\u00e3e: Atilla diz a Lale que quer o div\u00f3rcio<\/a><\/h4><\/div><\/div>\n<div class=\"col-md-12 col-sm-12 col-xs-12 pt-cv-content-item pt-cv-1-col\" ><div class='pt-cv-ifield'><h4 class=\"pt-cv-title\"><a href=\"https:\/\/www.tvnovelas.com.br\/tvnews\/a-nobreza-do-amor-mirinho-garante-noivado-com-virginia-para-atrair-sogro-a-negocio\/\" class=\"_self\" target=\"_self\" >A Nobreza do Amor: Mirinho garante noivado com Virg\u00ednia para atrair sogro a neg\u00f3cio<\/a><\/h4><\/div><\/div>\n<div class=\"col-md-12 col-sm-12 col-xs-12 pt-cv-content-item pt-cv-1-col\" ><div class='pt-cv-ifield'><h4 class=\"pt-cv-title\"><a href=\"https:\/\/www.tvnovelas.com.br\/tvnews\/tres-gracas-joaquim-propoe-fuga-a-arminda-com-o-dinheiro-das-tres-gracas\/\" class=\"_self\" target=\"_self\" >Tr\u00eas Gra\u00e7as:  Joaquim prop\u00f5e fuga a Arminda com o dinheiro das Tr\u00eas Gra\u00e7as<\/a><\/h4><\/div><\/div>\n<div class=\"col-md-12 col-sm-12 col-xs-12 pt-cv-content-item pt-cv-1-col\" ><div class='pt-cv-ifield'><h4 class=\"pt-cv-title\"><a href=\"https:\/\/www.tvnovelas.com.br\/tvnews\/coracao-de-mae-atilla-decide-abrir-o-jogo-com-karsu\/\" class=\"_self\" target=\"_self\" >Cora\u00e7\u00e3o de M\u00e3e: Atilla decide abrir o jogo com Karsu<\/a><\/h4><\/div><\/div>\n<div class=\"col-md-12 col-sm-12 col-xs-12 pt-cv-content-item pt-cv-1-col\" ><div class='pt-cv-ifield'><h4 class=\"pt-cv-title\"><a href=\"https:\/\/www.tvnovelas.com.br\/tvnews\/coracao-de-mae-adnan-e-preso-apos-denuncia-de-irmak\/\" class=\"_self\" target=\"_self\" >Em Cora\u00e7\u00e3o de M\u00e3e: Adnan \u00e9 preso ap\u00f3s denuncia de Irmak<\/a><\/h4><\/div><\/div>\n<div class=\"col-md-12 col-sm-12 col-xs-12 pt-cv-content-item pt-cv-1-col\" ><div class='pt-cv-ifield'><h4 class=\"pt-cv-title\"><a href=\"https:\/\/www.tvnovelas.com.br\/tvnews\/coracao-de-mae-atilla-forca-karsu-a-ouvir-suas-explicacoes\/\" class=\"_self\" target=\"_self\" >Cora\u00e7\u00e3o de M\u00e3e: Atilla for\u00e7a Karsu a ouvir suas explica\u00e7\u00f5es<\/a><\/h4><\/div><\/div>\n<div class=\"col-md-12 col-sm-12 col-xs-12 pt-cv-content-item pt-cv-1-col\" ><div class='pt-cv-ifield'><h4 class=\"pt-cv-title\"><a href=\"https:\/\/www.tvnovelas.com.br\/tvnews\/coracao-acelerado-mulher-choca-janete-ao-se-apresentar-como-amante-do-palhares\/\" class=\"_self\" target=\"_self\" >Cora\u00e7\u00e3o Acelerado: Mulher choca Janete ao se apresentar como amante do Palhares<\/a><\/h4><\/div><\/div>\n<div class=\"col-md-12 col-sm-12 col-xs-12 pt-cv-content-item pt-cv-1-col\" ><div class='pt-cv-ifield'><h4 class=\"pt-cv-title\"><a href=\"https:\/\/www.tvnovelas.com.br\/tvnews\/a-nobreza-do-amor-jendal-dobra-a-recompensa-por-alika\/\" class=\"_self\" target=\"_self\" >A Nobreza do Amor: Jendal dobra a recompensa por Alika<\/a><\/h4><\/div><\/div><\/div><\/div><\/div><\/p>\n<h3>Confira tamb\u00e9m<\/h3>\n<p><a href=\"https:\/\/www.tvnovelas.com.br\/novelas\/\"><strong>Confira os resumos da semana de todas novelas<\/strong><\/a><br \/>\n<a href=\"https:\/\/www.tvnovelas.com.br\/filmes\/\" target=\"_blank\" rel=\"noopener noreferrer\"><strong>Programa\u00e7\u00e3o de filmes na TV aberta<\/strong><\/a><br \/>\n<a href=\"https:\/\/caetenews.com.br\/semana\/filmes-da-globo-na-sessao-da-tarde-desta-semana\/\" target=\"_blank\" rel=\"noopener\"><strong>Confira os filmes da semana na Sess\u00e3o da Tarde<\/strong><\/a><\/p>\n","protected":false},"excerpt":{"rendered":"<p>Exibida originalmente em 2012, a novela est\u00e1 de volta a partir de mar\u00e7o no &#8216;Edi\u00e7\u00e3o Especial&#8217;, substituindo &#8216;Mulheres de Areia&#8217;. Tr\u00eas empregadas dom\u00e9sticas&#8230;<\/p>\n","protected":false},"author":1,"featured_media":62499,"comment_status":"closed","ping_status":"closed","sticky":false,"template":"","format":"standard","meta":{"_uf_show_specific_survey":0,"_uf_disable_surveys":false,"_jetpack_memberships_contains_paid_content":false,"footnotes":"","_wp_rev_ctl_limit":""},"categories":[236],"tags":[759,760,5,387,64],"class_list":["post-62498","post","type-post","status-publish","format-standard","has-post-thumbnail","hentry","category-globo","tag-cheias-de-charme","tag-empreguetes","tag-globo","tag-mulheres-de-areia","tag-novelas","wpcat-236-id"],"aioseo_notices":[],"jetpack_featured_media_url":"https:\/\/i0.wp.com\/www.tvnovelas.com.br\/tvnews\/wp-content\/uploads\/2024\/02\/39496.jpg?fit=728%2C410&ssl=1","jetpack_shortlink":"https:\/\/wp.me\/pdP2BO-gg2","jetpack_sharing_enabled":true,"_links":{"self":[{"href":"https:\/\/www.tvnovelas.com.br\/tvnews\/wp-json\/wp\/v2\/posts\/62498","targetHints":{"allow":["GET"]}}],"collection":[{"href":"https:\/\/www.tvnovelas.com.br\/tvnews\/wp-json\/wp\/v2\/posts"}],"about":[{"href":"https:\/\/www.tvnovelas.com.br\/tvnews\/wp-json\/wp\/v2\/types\/post"}],"author":[{"embeddable":true,"href":"https:\/\/www.tvnovelas.com.br\/tvnews\/wp-json\/wp\/v2\/users\/1"}],"replies":[{"embeddable":true,"href":"https:\/\/www.tvnovelas.com.br\/tvnews\/wp-json\/wp\/v2\/comments?post=62498"}],"version-history":[{"count":1,"href":"https:\/\/www.tvnovelas.com.br\/tvnews\/wp-json\/wp\/v2\/posts\/62498\/revisions"}],"predecessor-version":[{"id":62500,"href":"https:\/\/www.tvnovelas.com.br\/tvnews\/wp-json\/wp\/v2\/posts\/62498\/revisions\/62500"}],"wp:featuredmedia":[{"embeddable":true,"href":"https:\/\/www.tvnovelas.com.br\/tvnews\/wp-json\/wp\/v2\/media\/62499"}],"wp:attachment":[{"href":"https:\/\/www.tvnovelas.com.br\/tvnews\/wp-json\/wp\/v2\/media?parent=62498"}],"wp:term":[{"taxonomy":"category","embeddable":true,"href":"https:\/\/www.tvnovelas.com.br\/tvnews\/wp-json\/wp\/v2\/categories?post=62498"},{"taxonomy":"post_tag","embeddable":true,"href":"https:\/\/www.tvnovelas.com.br\/tvnews\/wp-json\/wp\/v2\/tags?post=62498"}],"curies":[{"name":"wp","href":"https:\/\/api.w.org\/{rel}","templated":true}]}}