{"id":62662,"date":"2024-02-08T15:06:24","date_gmt":"2024-02-08T18:06:24","guid":{"rendered":"https:\/\/www.tvnovelas.com.br\/tvnews\/?p=62662"},"modified":"2024-02-08T15:07:22","modified_gmt":"2024-02-08T18:07:22","slug":"a-infancia-de-romeu-e-julieta-cenas-dos-proximos-capitulos","status":"publish","type":"post","link":"https:\/\/www.tvnovelas.com.br\/tvnews\/a-infancia-de-romeu-e-julieta-cenas-dos-proximos-capitulos\/","title":{"rendered":"A Inf\u00e2ncia de Romeu e Julieta: cenas dos pr\u00f3ximos cap\u00edtulos"},"content":{"rendered":"<p><em>Em A Inf\u00e2ncia de Romeu e Julieta<\/em><br \/>\n[flagallery gid=3 w=100%]<br \/>\n(Fotos: Lourival Ribeiro\/SBT e Divulga\u00e7\u00e3o\/SBT)<br \/>\nNesta sexta-feira, 09 de fevereiro, a novela \u201cA Inf\u00e2ncia de Romeu e Julieta\u201d chega ao ducent\u00e9simo cap\u00edtulo com muitas emo\u00e7\u00f5es e mist\u00e9rios. Confira os spoilers dos pr\u00f3ximos cap\u00edtulos que prometem cenas com grandes revela\u00e7\u00f5es.<\/p>\n<p><strong>Eu sou seu pai!<\/strong><br \/>\nAp\u00f3s T\u00e9o sofrer um grave acidente e precisar de um doador de sangue compat\u00edvel, Amanda decide deixar o passado de lado e conta sobre a paternidade para Bernardo. Ela relembra o filho do Leandro Monteiro que os dois tiveram um caso anos atr\u00e1s e que o fruto desse relacionamento foi T\u00e9o. Bernardo fica chateado por Amanda esconder esse fato por 14 anos e afirma que vai salvar o filho dele. Mais para frente, Bernardo vai revelar para Vera e Leandro que T\u00e9o \u00e9 seu filho, o fato vai abalar a fam\u00edlia Monteiro e o casamento de Bernardo. Falta saber como Romeu vai reagir com a not\u00edcia.<\/p>\n<p>Segredo guardado a sete chaves?<br \/>\nAs paredes t\u00eam ouvidos e a Julieta tamb\u00e9m\u2026 Ela escuta a conversa entre a Amanda e o m\u00e9dico e descobre que T\u00e9o \u00e9 filho do Bernardo. Ela conta ao melhor amigo que descobriu quem \u00e9 o pai dele. T\u00e9o pede para ela n\u00e3o falar para Romeu. Do outro lado est\u00e1 Romeu, irm\u00e3o de T\u00e9o, que tamb\u00e9m merece saber da hist\u00f3ria da sua fam\u00edlia. Ser\u00e1 que Julieta vai cumprir a promessa e n\u00e3o informar Romeu?<\/p>\n<p><strong>Fim de um amor\u2026<\/strong><br \/>\nDomitila confronta Daniel e pergunta se ele est\u00e1 feliz no relacionamento. Cansado de fingir um sentimento profundo por Domitila, Daniel decide colocar um fim no namoro. N\u00e3o era rec\u00edproco! Domitila tenta, mas o cora\u00e7\u00e3o de Daniel ainda bate por Mariana. A ruiva joga na cara do Daniel que ele ainda \u00e9 apaixonado pela m\u00e3e da Julieta. Mas Domitila n\u00e3o para por a\u00ed, a cr\u00edtica gastron\u00f4mica ainda vai cutucar o Chef Daniel depois do t\u00e9rmino e influenciar em avalia\u00e7\u00f5es negativas do restaurante dele na internet.<\/p>\n<p><strong>\u2026Come\u00e7o de outro<\/strong><br \/>\nMauro despertou uma antiga paix\u00e3o que tinha com Mariana. Na despedida de um encontro, os dois acabam dando um selinho sem querer. Mauro acha que Mariana vai se sentir mal com o beijo, mas pelo contr\u00e1rio, Mariana reage muito bem e aceita conhecer melhor o judoca. Borboletas surgem no est\u00f4mago de Mariana, o que deixa Daniel com ci\u00fames, j\u00e1 que o chef de cozinha tinha terminado com Domitila visando uma oportunidade com Mariana. O relacionamento dos dois promete um namoro, o que tamb\u00e9m vai deixar Telma, ex-namorada de Mauro, muito incomodada. Al\u00e9m disso, outra pessoa vai abalar esse namoro de Mauro e Mariana.<\/p>\n<p><strong>Na riqueza e na pobreza<\/strong><br \/>\nP\u00f3rcia e Bass\u00e2nio come\u00e7aram o namoro recentemente e ainda escondem a not\u00edcia de Fausto, pai de P\u00f3rcia, e sem no\u00e7\u00e3o, por sinal. Fausto quer que a filha se envolva com Daren Pr\u00edncipe, um homem elegante, bonito, que domina Libras e rico, \u00e9 claro. O humilde Bass\u00e2nio se sentir\u00e1 afetado com a presen\u00e7a do advers\u00e1rio. Daren vai se aproximar de P\u00f3rcia e mostrar seu universo encantador e at\u00e9 far\u00e1 uma proposta irrecus\u00e1vel para a mo\u00e7a. Quem P\u00f3rcia ir\u00e1 escolher?<\/p>\n<p><strong>Dupla din\u00e2mica <\/strong><br \/>\nVitor sabe que Glaucia j\u00e1 contratou o servi\u00e7o de um hacker para prejudicar a pr\u00f3pria fam\u00edlia Monteiro e ele usa esse segredo para manipular Glaucia. Ardiloso, Vitor pede \u00e0 Glaucia para ser gerente da lanchonete do CEC (Centro Esportivo Castanheiras), amea\u00e7ando expor o mist\u00e9rio dela. Glaucia aceita o novo cargo do Vitor e v\u00ea nele uma oportunidade para elaborar seus planos mal\u00e9volos. Juntos, eles formam uma dupla gananciosa em busca de interesses pr\u00f3prios. Glaucia solicita que Vitor sabote a cunhada Vera e at\u00e9 o pr\u00f3prio irm\u00e3o Bernardo, em troca, ele ganha pontos para conquistar seu t\u00e3o aguardado sonho: um apartamento no Residencial Verona. Ser\u00e1 que ele vai conseguir?<br \/>\n\u201cA Inf\u00e2ncia de Romeu e Julieta\u201d \u00e9 exibida de segunda a sexta no SBT e cinco cap\u00edtulos dispon\u00edveis toda segunda no Prime Video.<br \/>\n<!--THE END--><br \/>\n<a href=\"https:\/\/www.tvnovelas.com.br\/novelas\/resumos-de-a-infancia-de-romeu-e-julieta\/\">Confira os resumos da semana de &#8216;A Inf\u00e2ncia de Romeu e Julieta&#8217;<\/a><br \/>\n<strong style=\"font-size: 120%;\">\u00daltimas not\u00edcias deste canal:<\/strong><br \/>\n<div class=\"pt-cv-wrapper\"><div class=\"pt-cv-view pt-cv-grid pt-cv-colsys\" id=\"pt-cv-view-90991035b3\"><div data-id=\"pt-cv-page-1\" class=\"pt-cv-page\" data-cvc=\"1\"><div class=\"col-md-12 col-sm-12 col-xs-12 pt-cv-content-item pt-cv-1-col\" ><div class='pt-cv-ifield'><h4 class=\"pt-cv-title\"><a href=\"https:\/\/www.tvnovelas.com.br\/tvnews\/coracao-de-mae-irmak-inicia-jogo-arriscado-contra-adnan\/\" class=\"_self\" target=\"_self\" >Cora\u00e7\u00e3o de M\u00e3e: Irmak inicia jogo arriscado contra Adnan<\/a><\/h4><\/div><\/div>\n<div class=\"col-md-12 col-sm-12 col-xs-12 pt-cv-content-item pt-cv-1-col\" ><div class='pt-cv-ifield'><h4 class=\"pt-cv-title\"><a href=\"https:\/\/www.tvnovelas.com.br\/tvnews\/guerra-das-rosas-omer-chama-gulru-vestida-de-noiva-para-fugir\/\" class=\"_self\" target=\"_self\" >Guerra das Rosas: Omer chama Gulru vestida de noiva para fugir<\/a><\/h4><\/div><\/div>\n<div class=\"col-md-12 col-sm-12 col-xs-12 pt-cv-content-item pt-cv-1-col\" ><div class='pt-cv-ifield'><h4 class=\"pt-cv-title\"><a href=\"https:\/\/www.tvnovelas.com.br\/tvnews\/coracao-de-mae-reha-sai-para-jantar-com-selvi\/\" class=\"_self\" target=\"_self\" >Cora\u00e7\u00e3o de M\u00e3e: Reha sai para jantar com Selvi<\/a><\/h4><\/div><\/div>\n<div class=\"col-md-12 col-sm-12 col-xs-12 pt-cv-content-item pt-cv-1-col\" ><div class='pt-cv-ifield'><h4 class=\"pt-cv-title\"><a href=\"https:\/\/www.tvnovelas.com.br\/tvnews\/coracao-acelerado-zila-se-preocupa-com-sua-situacao-apos-separacao\/\" class=\"_self\" target=\"_self\" >Cora\u00e7\u00e3o Acelerado: Zil\u00e1 se preocupa com sua situa\u00e7\u00e3o ap\u00f3s separa\u00e7\u00e3o<\/a><\/h4><\/div><\/div>\n<div class=\"col-md-12 col-sm-12 col-xs-12 pt-cv-content-item pt-cv-1-col\" ><div class='pt-cv-ifield'><h4 class=\"pt-cv-title\"><a href=\"https:\/\/www.tvnovelas.com.br\/tvnews\/a-nobreza-do-amor-tonho-nao-se-curva-diante-de-mirinho\/\" class=\"_self\" target=\"_self\" >A Nobreza do Amor: Tonho n\u00e3o se curva diante de Mirinho<\/a><\/h4><\/div><\/div>\n<div class=\"col-md-12 col-sm-12 col-xs-12 pt-cv-content-item pt-cv-1-col\" ><div class='pt-cv-ifield'><h4 class=\"pt-cv-title\"><a href=\"https:\/\/www.tvnovelas.com.br\/tvnews\/tres-gracas-arminda-surta-ao-confirmar-que-ferette-e-pai-de-raul\/\" class=\"_self\" target=\"_self\" >Tr\u00eas Gra\u00e7as:  Arminda surta ao confirmar que Ferette \u00e9 pai de Raul<\/a><\/h4><\/div><\/div>\n<div class=\"col-md-12 col-sm-12 col-xs-12 pt-cv-content-item pt-cv-1-col\" ><div class='pt-cv-ifield'><h4 class=\"pt-cv-title\"><a href=\"https:\/\/www.tvnovelas.com.br\/tvnews\/coracao-de-mae-atilla-confronta-hasan-e-exige-o-divorcio-de-lale\/\" class=\"_self\" target=\"_self\" >Cora\u00e7\u00e3o de M\u00e3e: Atilla confronta Hasan e exige o div\u00f3rcio de Lale<\/a><\/h4><\/div><\/div>\n<div class=\"col-md-12 col-sm-12 col-xs-12 pt-cv-content-item pt-cv-1-col\" ><div class='pt-cv-ifield'><h4 class=\"pt-cv-title\"><a href=\"https:\/\/www.tvnovelas.com.br\/tvnews\/guerra-das-rosas-gulfem-coloca-gulru-contra-a-parede\/\" class=\"_self\" target=\"_self\" >Guerra das Rosas: Gulfem coloca Gulru contra a parede<\/a><\/h4><\/div><\/div>\n<div class=\"col-md-12 col-sm-12 col-xs-12 pt-cv-content-item pt-cv-1-col\" ><div class='pt-cv-ifield'><h4 class=\"pt-cv-title\"><a href=\"https:\/\/www.tvnovelas.com.br\/tvnews\/coracao-de-mae-atilla-diz-a-lale-que-quer-o-divorcio\/\" class=\"_self\" target=\"_self\" >Cora\u00e7\u00e3o de M\u00e3e: Atilla diz a Lale que quer o div\u00f3rcio<\/a><\/h4><\/div><\/div>\n<div class=\"col-md-12 col-sm-12 col-xs-12 pt-cv-content-item pt-cv-1-col\" ><div class='pt-cv-ifield'><h4 class=\"pt-cv-title\"><a href=\"https:\/\/www.tvnovelas.com.br\/tvnews\/a-nobreza-do-amor-mirinho-garante-noivado-com-virginia-para-atrair-sogro-a-negocio\/\" class=\"_self\" target=\"_self\" >A Nobreza do Amor: Mirinho garante noivado com Virg\u00ednia para atrair sogro a neg\u00f3cio<\/a><\/h4><\/div><\/div><\/div><\/div><\/div><br \/>\n<a href=\"https:\/\/www.tvnovelas.com.br\/novelas\/\"><strong>Confira os resumos da semana de todas novelas<\/strong><\/a><br \/>\n<a href=\"http:\/\/tvnovelas.com.br\/filmes\" target=\"_blank\" rel=\"noopener\">Veja tamb\u00e9m: Todas as telas: filmes e s\u00e9ries nos streamings<\/a><\/p>\n<h3>Confira tamb\u00e9m<\/h3>\n<p><a href=\"https:\/\/www.tvnovelas.com.br\/filmes\/\" target=\"_blank\" rel=\"noopener noreferrer\"><strong>Programa\u00e7\u00e3o de filmes na TV aberta<\/strong><\/a><br \/>\n<a href=\"https:\/\/tvnovelas.com.br\/filmes\/filmes-e-series-ineditos-em-estreia-na-semana-na-netflix\/\" target=\"_blank\" rel=\"noopener noreferrer\"><strong>Estreias da semana na Netflix<\/strong><\/a><br \/>\n<a href=\"https:\/\/caetenews.com.br\/semana\/filmes-da-globo-na-sessao-da-tarde-desta-semana\/\" target=\"_blank\" rel=\"noopener\"><strong>Confira os filmes da semana na Sess\u00e3o da Tarde<\/strong><\/a><br \/>\n<a href=\"\/\/tvnovelas.com.br\/filmes\/filmes-em-estreia-nos-cinemas\/\" target=\"_blank\" rel=\"noopener noreferrer\"><strong>Estreias e novidades no Cinema<\/strong><\/a><br \/>\n<a href=\"https:\/\/www.tvnovelas.com.br\/novelas\/\" target=\"_blank\" rel=\"noopener noreferrer\"><strong>Resumos de novelas<\/strong><\/a><\/p>\n","protected":false},"excerpt":{"rendered":"<p>Nesta sexta-feira, 09 de fevereiro, a novela \u201cA Inf\u00e2ncia de Romeu e Julieta\u201d chega ao ducent\u00e9simo cap\u00edtulo com muitas emo\u00e7\u00f5es e mist\u00e9rios&#8230;<\/p>\n","protected":false},"author":1,"featured_media":62667,"comment_status":"closed","ping_status":"closed","sticky":false,"template":"","format":"standard","meta":{"_uf_show_specific_survey":0,"_uf_disable_surveys":false,"_jetpack_memberships_contains_paid_content":false,"footnotes":"","_wp_rev_ctl_limit":""},"categories":[388],"tags":[354,64,13],"class_list":["post-62662","post","type-post","status-publish","format-standard","has-post-thumbnail","hentry","category-a-infancia-de-romeu-e-julieta","tag-a-infancia-de-romeu-e-julieta","tag-novelas","tag-sbt","wpcat-388-id"],"aioseo_notices":[],"jetpack_featured_media_url":"https:\/\/i0.wp.com\/www.tvnovelas.com.br\/tvnews\/wp-content\/uploads\/2024\/02\/39954.jpg?fit=728%2C410&ssl=1","jetpack_shortlink":"https:\/\/wp.me\/pdP2BO-giG","jetpack_sharing_enabled":true,"_links":{"self":[{"href":"https:\/\/www.tvnovelas.com.br\/tvnews\/wp-json\/wp\/v2\/posts\/62662","targetHints":{"allow":["GET"]}}],"collection":[{"href":"https:\/\/www.tvnovelas.com.br\/tvnews\/wp-json\/wp\/v2\/posts"}],"about":[{"href":"https:\/\/www.tvnovelas.com.br\/tvnews\/wp-json\/wp\/v2\/types\/post"}],"author":[{"embeddable":true,"href":"https:\/\/www.tvnovelas.com.br\/tvnews\/wp-json\/wp\/v2\/users\/1"}],"replies":[{"embeddable":true,"href":"https:\/\/www.tvnovelas.com.br\/tvnews\/wp-json\/wp\/v2\/comments?post=62662"}],"version-history":[{"count":4,"href":"https:\/\/www.tvnovelas.com.br\/tvnews\/wp-json\/wp\/v2\/posts\/62662\/revisions"}],"predecessor-version":[{"id":62668,"href":"https:\/\/www.tvnovelas.com.br\/tvnews\/wp-json\/wp\/v2\/posts\/62662\/revisions\/62668"}],"wp:featuredmedia":[{"embeddable":true,"href":"https:\/\/www.tvnovelas.com.br\/tvnews\/wp-json\/wp\/v2\/media\/62667"}],"wp:attachment":[{"href":"https:\/\/www.tvnovelas.com.br\/tvnews\/wp-json\/wp\/v2\/media?parent=62662"}],"wp:term":[{"taxonomy":"category","embeddable":true,"href":"https:\/\/www.tvnovelas.com.br\/tvnews\/wp-json\/wp\/v2\/categories?post=62662"},{"taxonomy":"post_tag","embeddable":true,"href":"https:\/\/www.tvnovelas.com.br\/tvnews\/wp-json\/wp\/v2\/tags?post=62662"}],"curies":[{"name":"wp","href":"https:\/\/api.w.org\/{rel}","templated":true}]}}