{"id":62715,"date":"2024-02-10T09:15:12","date_gmt":"2024-02-10T12:15:12","guid":{"rendered":"https:\/\/www.tvnovelas.com.br\/tvnews\/?p=62715"},"modified":"2024-02-10T09:15:41","modified_gmt":"2024-02-10T12:15:41","slug":"fuzue-luna-descobre-envolvimento-de-juliao-com-preciosa","status":"publish","type":"post","link":"https:\/\/www.tvnovelas.com.br\/tvnews\/fuzue-luna-descobre-envolvimento-de-juliao-com-preciosa\/","title":{"rendered":"Fuzu\u00ea: Luna descobre envolvimento de Juli\u00e3o com Preciosa"},"content":{"rendered":"<p><em>Em Fuzu\u00ea: Luna descobre envolvimento<\/em><br \/>\n<img data-recalc-dims=\"1\" decoding=\"async\" class=\"alignnone wp-image-62716 size-full\" title=\"(Foto: TV Globo\/Fuzu\u00ea)\" src=\"https:\/\/i0.wp.com\/www.tvnovelas.com.br\/tvnews\/wp-content\/uploads\/2024\/02\/39965.jpg?resize=728%2C410&#038;ssl=1\" alt=\"Foto em Fuzu\u00ea: Luna descobre envolvimento\" width=\"728\" height=\"410\" srcset=\"https:\/\/i0.wp.com\/www.tvnovelas.com.br\/tvnews\/wp-content\/uploads\/2024\/02\/39965.jpg?w=728&amp;ssl=1 728w, https:\/\/i0.wp.com\/www.tvnovelas.com.br\/tvnews\/wp-content\/uploads\/2024\/02\/39965.jpg?resize=678%2C381&amp;ssl=1 678w\" sizes=\"(max-width: 728px) 100vw, 728px\" \/><br \/>\n<!--INICIO DO POST--><br \/>\nEm Fuzu\u00ea, Juli\u00e3o (Romulo Arantes Neto) pode ser mesmo apaixonado por Luna (Giovana Cordeiro). Mas, nos pr\u00f3ximos cap\u00edtulos de Fuzu\u00ea, vai ficar ainda mais dif\u00edcil para o paraense conquistar o cora\u00e7\u00e3o da protagonista da trama. Isso porque Luna vai descobrir a liga\u00e7\u00e3o dele com Preciosa (Marina Ruy Barbosa) e colocar seu funcion\u00e1rio contra a parede.<\/p>\n<p>Primeiro, quando os dois estiverem tendo uma conversa franca no ateli\u00ea de biojoias na Fuzu\u00ea, Juli\u00e3o vai tentar contar para Luna quem ele realmente \u00e9.<\/p>\n<p>\u201cLuna&#8230; Eu tenho uma coisa pra te falar\u201d, diz ele.<\/p>\n<p>Mas ela vai se antecipar e fazer com que ele perca a coragem.<\/p>\n<p>\u201cPode falar! J\u00e1 sei. Vai dizer o que voc\u00ea pensa da Preciosa tamb\u00e9m? Nem precisa ficar constrangido. O nosso parentesco \u00e9 um desses erros inexplic\u00e1veis da vida\u201d, brinca ela.<\/p>\n<p>S\u00f3 que depois Luna encontrar\u00e1 Miguel (Nicolas Prattes), que lhe contar\u00e1 que Juli\u00e3o estava justamente com Preciosa na casa de Pascoal (Juliano Cazarr\u00e9).<\/p>\n<p>\u201cO Barreto foi cumprir mandado de busca e apreens\u00e3o na casa do Pascoal. E sabe quem ele encontrou l\u00e1?! A Preciosa. Tinham dois homens com ela. Um era o Rui&#8230; E o outro era o Julio.\u201d<\/p>\n<p>\u201cO Julio? Meu funcion\u00e1rio? Tem certeza?\u201d<\/p>\n<p>E, ent\u00e3o, Luna sair\u00e1 em disparada a procura de Juli\u00e3o &#8211; ou Julio &#8211; para interpel\u00e1-lo.<\/p>\n<p>\u201cO que voc\u00ea estava fazendo com a Preciosa na casa do Pascoal? E nem tenta me enrolar. Voc\u00ea est\u00e1 fazendo jogo duplo, Juli\u00e3o?\u201d<br \/>\n<!--FIM DO POST--><br \/>\n<a href=\"https:\/\/www.tvnovelas.com.br\/novelas\/resumos-de-fuzue\/\" target=\"_blank\" rel=\"noopener\">Confira os resumos da semana de &#8216;Fuzu\u00ea&#8217;<\/a><br \/>\n<strong style=\"font-size: 120%;\">\u00daltimas not\u00edcias de Fuzu\u00ea:<\/strong><br \/>\n<div class=\"pt-cv-wrapper\"><div class=\"pt-cv-view pt-cv-grid pt-cv-colsys\" id=\"pt-cv-view-f2001fcqsk\"><div data-id=\"pt-cv-page-1\" class=\"pt-cv-page\" data-cvc=\"1\"><div class=\"col-md-12 col-sm-12 col-xs-12 pt-cv-content-item pt-cv-1-col\" ><div class='pt-cv-ifield'><h4 class=\"pt-cv-title\"><a href=\"https:\/\/www.tvnovelas.com.br\/tvnews\/fuzue-cesar-e-preciosa-planejam-novo-roubo-do-tesouro-da-dama-de-ouro\/\" class=\"_blank\" target=\"_blank\" >Fuzu\u00ea: C\u00e9sar e Preciosa planejam novo roubo do tesouro da Dama de Ouro<\/a><\/h4><\/div><\/div>\n<div class=\"col-md-12 col-sm-12 col-xs-12 pt-cv-content-item pt-cv-1-col\" ><div class='pt-cv-ifield'><h4 class=\"pt-cv-title\"><a href=\"https:\/\/www.tvnovelas.com.br\/tvnews\/fuzue-julgado-merreca-pega-6-anos-no-art-121\/\" class=\"_blank\" target=\"_blank\" >Fuzu\u00ea: julgado, Merreca pega 6 anos no art. 121<\/a><\/h4><\/div><\/div>\n<div class=\"col-md-12 col-sm-12 col-xs-12 pt-cv-content-item pt-cv-1-col\" ><div class='pt-cv-ifield'><h4 class=\"pt-cv-title\"><a href=\"https:\/\/www.tvnovelas.com.br\/tvnews\/fuzue-luna-compra-a-conde-de-montebello-e-planeja-torna-la-filial-da-fuzue\/\" class=\"_blank\" target=\"_blank\" >Fuzu\u00ea: Luna compra a Conde de Montebello e planeja torn\u00e1-la filial da Fuzu\u00ea<\/a><\/h4><\/div><\/div>\n<div class=\"col-md-12 col-sm-12 col-xs-12 pt-cv-content-item pt-cv-1-col\" ><div class='pt-cv-ifield'><h4 class=\"pt-cv-title\"><a href=\"https:\/\/www.tvnovelas.com.br\/tvnews\/fuzue-heitor-manda-preciosa-escolher-entre-ele-e-cesar-montebello\/\" class=\"_blank\" target=\"_blank\" >Fuzu\u00ea: Heitor manda Preciosa escolher entre ele e C\u00e9sar Montebello<\/a><\/h4><\/div><\/div>\n<div class=\"col-md-12 col-sm-12 col-xs-12 pt-cv-content-item pt-cv-1-col\" ><div class='pt-cv-ifield'><h4 class=\"pt-cv-title\"><a href=\"https:\/\/www.tvnovelas.com.br\/tvnews\/fuzue-luna-compra-o-apartamento-de-bebel\/\" class=\"_blank\" target=\"_blank\" >Fuzu\u00ea: Luna compra o apartamento de Bebel<\/a><\/h4><\/div><\/div>\n<div class=\"col-md-12 col-sm-12 col-xs-12 pt-cv-content-item pt-cv-1-col\" ><div class='pt-cv-ifield'><h4 class=\"pt-cv-title\"><a href=\"https:\/\/www.tvnovelas.com.br\/tvnews\/fuzue-cesar-arma-e-nero-e-acusado-de-sonegar-impostos\/\" class=\"_blank\" target=\"_blank\" >Fuzu\u00ea: C\u00e9sar arma, e Nero \u00e9 acusado de sonegar impostos<\/a><\/h4><\/div><\/div><\/div><\/div><\/div><br \/>\n<strong style=\"font-size: 120%;\">\u00daltimas not\u00edcias deste site:<\/strong><br \/>\n<div class=\"pt-cv-wrapper\"><div class=\"pt-cv-view pt-cv-grid pt-cv-colsys\" id=\"pt-cv-view-90991035b3\"><div data-id=\"pt-cv-page-1\" class=\"pt-cv-page\" data-cvc=\"1\"><div class=\"col-md-12 col-sm-12 col-xs-12 pt-cv-content-item pt-cv-1-col\" ><div class='pt-cv-ifield'><h4 class=\"pt-cv-title\"><a href=\"https:\/\/www.tvnovelas.com.br\/tvnews\/coracao-de-mae-atilla-confronta-hasan-e-exige-o-divorcio-de-lale\/\" class=\"_self\" target=\"_self\" >Cora\u00e7\u00e3o de M\u00e3e: Atilla confronta Hasan e exige o div\u00f3rcio de Lale<\/a><\/h4><\/div><\/div>\n<div class=\"col-md-12 col-sm-12 col-xs-12 pt-cv-content-item pt-cv-1-col\" ><div class='pt-cv-ifield'><h4 class=\"pt-cv-title\"><a href=\"https:\/\/www.tvnovelas.com.br\/tvnews\/guerra-das-rosas-gulfem-coloca-gulru-contra-a-parede\/\" class=\"_self\" target=\"_self\" >Guerra das Rosas: Gulfem coloca Gulru contra a parede<\/a><\/h4><\/div><\/div>\n<div class=\"col-md-12 col-sm-12 col-xs-12 pt-cv-content-item pt-cv-1-col\" ><div class='pt-cv-ifield'><h4 class=\"pt-cv-title\"><a href=\"https:\/\/www.tvnovelas.com.br\/tvnews\/coracao-de-mae-atilla-diz-a-lale-que-quer-o-divorcio\/\" class=\"_self\" target=\"_self\" >Cora\u00e7\u00e3o de M\u00e3e: Atilla diz a Lale que quer o div\u00f3rcio<\/a><\/h4><\/div><\/div>\n<div class=\"col-md-12 col-sm-12 col-xs-12 pt-cv-content-item pt-cv-1-col\" ><div class='pt-cv-ifield'><h4 class=\"pt-cv-title\"><a href=\"https:\/\/www.tvnovelas.com.br\/tvnews\/a-nobreza-do-amor-mirinho-garante-noivado-com-virginia-para-atrair-sogro-a-negocio\/\" class=\"_self\" target=\"_self\" >A Nobreza do Amor: Mirinho garante noivado com Virg\u00ednia para atrair sogro a neg\u00f3cio<\/a><\/h4><\/div><\/div>\n<div class=\"col-md-12 col-sm-12 col-xs-12 pt-cv-content-item pt-cv-1-col\" ><div class='pt-cv-ifield'><h4 class=\"pt-cv-title\"><a href=\"https:\/\/www.tvnovelas.com.br\/tvnews\/tres-gracas-joaquim-propoe-fuga-a-arminda-com-o-dinheiro-das-tres-gracas\/\" class=\"_self\" target=\"_self\" >Tr\u00eas Gra\u00e7as:  Joaquim prop\u00f5e fuga a Arminda com o dinheiro das Tr\u00eas Gra\u00e7as<\/a><\/h4><\/div><\/div>\n<div class=\"col-md-12 col-sm-12 col-xs-12 pt-cv-content-item pt-cv-1-col\" ><div class='pt-cv-ifield'><h4 class=\"pt-cv-title\"><a href=\"https:\/\/www.tvnovelas.com.br\/tvnews\/coracao-de-mae-atilla-decide-abrir-o-jogo-com-karsu\/\" class=\"_self\" target=\"_self\" >Cora\u00e7\u00e3o de M\u00e3e: Atilla decide abrir o jogo com Karsu<\/a><\/h4><\/div><\/div>\n<div class=\"col-md-12 col-sm-12 col-xs-12 pt-cv-content-item pt-cv-1-col\" ><div class='pt-cv-ifield'><h4 class=\"pt-cv-title\"><a href=\"https:\/\/www.tvnovelas.com.br\/tvnews\/coracao-de-mae-adnan-e-preso-apos-denuncia-de-irmak\/\" class=\"_self\" target=\"_self\" >Em Cora\u00e7\u00e3o de M\u00e3e: Adnan \u00e9 preso ap\u00f3s denuncia de Irmak<\/a><\/h4><\/div><\/div>\n<div class=\"col-md-12 col-sm-12 col-xs-12 pt-cv-content-item pt-cv-1-col\" ><div class='pt-cv-ifield'><h4 class=\"pt-cv-title\"><a href=\"https:\/\/www.tvnovelas.com.br\/tvnews\/coracao-de-mae-atilla-forca-karsu-a-ouvir-suas-explicacoes\/\" class=\"_self\" target=\"_self\" >Cora\u00e7\u00e3o de M\u00e3e: Atilla for\u00e7a Karsu a ouvir suas explica\u00e7\u00f5es<\/a><\/h4><\/div><\/div>\n<div class=\"col-md-12 col-sm-12 col-xs-12 pt-cv-content-item pt-cv-1-col\" ><div class='pt-cv-ifield'><h4 class=\"pt-cv-title\"><a href=\"https:\/\/www.tvnovelas.com.br\/tvnews\/coracao-acelerado-mulher-choca-janete-ao-se-apresentar-como-amante-do-palhares\/\" class=\"_self\" target=\"_self\" >Cora\u00e7\u00e3o Acelerado: Mulher choca Janete ao se apresentar como amante do Palhares<\/a><\/h4><\/div><\/div>\n<div class=\"col-md-12 col-sm-12 col-xs-12 pt-cv-content-item pt-cv-1-col\" ><div class='pt-cv-ifield'><h4 class=\"pt-cv-title\"><a href=\"https:\/\/www.tvnovelas.com.br\/tvnews\/a-nobreza-do-amor-jendal-dobra-a-recompensa-por-alika\/\" class=\"_self\" target=\"_self\" >A Nobreza do Amor: Jendal dobra a recompensa por Alika<\/a><\/h4><\/div><\/div><\/div><\/div><\/div><br \/>\n<a href=\"https:\/\/www.tvnovelas.com.br\/novelas\/\"><strong>Confira os resumos da semana de todas novelas<\/strong><\/a><\/p>\n<h3>Confira tamb\u00e9m<\/h3>\n<p><a href=\"https:\/\/www.tvnovelas.com.br\/filmes\/\" target=\"_blank\" rel=\"noopener noreferrer\"><strong>Programa\u00e7\u00e3o de filmes na TV aberta<\/strong><\/a><br \/>\n<a href=\"https:\/\/caetenews.com.br\/semana\/filmes-da-globo-na-sessao-da-tarde-desta-semana\/\" target=\"_blank\" rel=\"noopener\"><strong>Confira os filmes da semana na Sess\u00e3o da Tarde<\/strong><\/a><br \/>\n<a href=\"https:\/\/www.tvnovelas.com.br\/novelas\/\" target=\"_blank\" rel=\"noopener noreferrer\"><strong>Resumos de novelas<\/strong><\/a><\/p>\n","protected":false},"excerpt":{"rendered":"<p>Em Fuzu\u00ea, Juli\u00e3o (Romulo Arantes Neto) pode ser mesmo apaixonado por Luna (Giovana Cordeiro). Mas, nos pr\u00f3ximos cap\u00edtulos de Fuzu\u00ea, vai ficar ainda mais&#8230;<\/p>\n","protected":false},"author":1,"featured_media":62716,"comment_status":"closed","ping_status":"closed","sticky":false,"template":"","format":"standard","meta":{"_uf_show_specific_survey":0,"_uf_disable_surveys":false,"_jetpack_memberships_contains_paid_content":false,"footnotes":"","_wp_rev_ctl_limit":""},"categories":[396],"tags":[399,5,64],"class_list":["post-62715","post","type-post","status-publish","format-standard","has-post-thumbnail","hentry","category-fuzue","tag-fuzue","tag-globo","tag-novelas","wpcat-396-id"],"aioseo_notices":[],"jetpack_featured_media_url":"https:\/\/i0.wp.com\/www.tvnovelas.com.br\/tvnews\/wp-content\/uploads\/2024\/02\/39965.jpg?fit=728%2C410&ssl=1","jetpack_shortlink":"https:\/\/wp.me\/pdP2BO-gjx","jetpack_sharing_enabled":true,"_links":{"self":[{"href":"https:\/\/www.tvnovelas.com.br\/tvnews\/wp-json\/wp\/v2\/posts\/62715","targetHints":{"allow":["GET"]}}],"collection":[{"href":"https:\/\/www.tvnovelas.com.br\/tvnews\/wp-json\/wp\/v2\/posts"}],"about":[{"href":"https:\/\/www.tvnovelas.com.br\/tvnews\/wp-json\/wp\/v2\/types\/post"}],"author":[{"embeddable":true,"href":"https:\/\/www.tvnovelas.com.br\/tvnews\/wp-json\/wp\/v2\/users\/1"}],"replies":[{"embeddable":true,"href":"https:\/\/www.tvnovelas.com.br\/tvnews\/wp-json\/wp\/v2\/comments?post=62715"}],"version-history":[{"count":1,"href":"https:\/\/www.tvnovelas.com.br\/tvnews\/wp-json\/wp\/v2\/posts\/62715\/revisions"}],"predecessor-version":[{"id":62717,"href":"https:\/\/www.tvnovelas.com.br\/tvnews\/wp-json\/wp\/v2\/posts\/62715\/revisions\/62717"}],"wp:featuredmedia":[{"embeddable":true,"href":"https:\/\/www.tvnovelas.com.br\/tvnews\/wp-json\/wp\/v2\/media\/62716"}],"wp:attachment":[{"href":"https:\/\/www.tvnovelas.com.br\/tvnews\/wp-json\/wp\/v2\/media?parent=62715"}],"wp:term":[{"taxonomy":"category","embeddable":true,"href":"https:\/\/www.tvnovelas.com.br\/tvnews\/wp-json\/wp\/v2\/categories?post=62715"},{"taxonomy":"post_tag","embeddable":true,"href":"https:\/\/www.tvnovelas.com.br\/tvnews\/wp-json\/wp\/v2\/tags?post=62715"}],"curies":[{"name":"wp","href":"https:\/\/api.w.org\/{rel}","templated":true}]}}